{"id":549514,"date":"2016-09-09T11:52:31","date_gmt":"2016-09-09T09:52:31","guid":{"rendered":"http:\/\/www.varesenews.it\/?p=549514"},"modified":"2016-09-09T11:52:31","modified_gmt":"2016-09-09T09:52:31","slug":"profughi-in-partenza-dalla-palestra-dello-stein","status":"publish","type":"post","link":"https:\/\/staging.varesenews.it\/2016\/09\/profughi-in-partenza-dalla-palestra-dello-stein\/549514\/","title":{"rendered":"Profughi in partenza dalla palestra dello Stein"},"content":{"rendered":"<p><strong>Giornate fra lezioni di italiano e vetri da pulire, due docce al giorno, i pasti, e a letto presto.<\/strong><\/p>\n<p>I <a title=\"Prima notte nella palestra del liceo Stein per 22 rifugiati\" href=\"http:\/\/www.varesenews.it\/2016\/09\/prima-notte-nella-palestra-del-liceo-stein-per-22-rifugiati\/548510\/\" target=\"_blank\"><strong>22 profughi africani arrivati luned\u00ec scorso a Gavirate<\/strong><\/a> e ospitati nelle palestre dell\u2019istituto superiore <strong>Stein<\/strong>, si stanno dando da fare. Gestiti dalla <strong>Croce Rossa Italiana di Gavirate<\/strong>, questi giovani non sono mai usciti dalla struttura, &#8211; se non alcuni e per adempiere a pratiche amministrative &#8211; e all\u2019interno delle scuole hanno avuto diversi momenti formativi.<\/p>\n<p>Lo conferma <strong>Simone Foti, presidente del Comitato locale del Medio Verbano<\/strong> della Cri che sovrintende alle attivit\u00e0 di supporto che in questi giorni sono appunto in capo ai volontari.<\/p>\n<p>\u00ab<strong>Siamo impegnati con una quarantina di volontar<\/strong>i del nostro comitato locale &#8211; spiega Foti &#8211; e siamo riusciti a gestire al meglio la situazione. Ieri mattina \u00e8 stata fatta una prima <strong>lezione di italiano<\/strong> ai richiedenti asilo, che nelle rimanenti ore hanno pulito gli ambienti interni alla scuola, <strong>facendo brillare i vetri della palestra\u00bb.<\/strong><\/p>\n<p>Foti conferma che <strong>il prossimo 11 settembre la scuola sar\u00e0 sgombra<\/strong>: \u00e8 previsto per domenica il trasferimento in altra struttura nella prima mattina, dopo la colazione, cos\u00ec da dare la possibilit\u00e0 di cominciare le lezioni all\u2019Isis il giorno dopo con la totale disponibilit\u00e0 degli spazi.<\/p>\n<p>Il personale Cri del Medio Verbano, sia pur per pochi giorni, ha dato prova di poter gestire una situazione di questo genere: <strong>la nuova e grande sede negli immobili della Ex pretura di Gavirate non potr\u00e0 in futuro diventare uno dei punti dove accogliere un numero limitato di profughi?<\/strong> \u00ab<strong>Direi di no<\/strong> &#8211; conclude Foti &#8211; . Se \u00e8 vero che in futuro potremo fronteggiare una situazione del genere, come abbiamo dimostrato di poter fare, altro discorso \u00e8 quello riguardante gli spazi da impiegare per tale attivit\u00e0 umanitaria. <strong>La nuova sede Cri, operativa da diversi anni, non \u00e8 poi cos\u00ec grande<\/strong> come si pu\u00f2 immaginare guardandola dall\u2019esterno: abbiamo disposizione solo una parte dello stabile. La restante porzione \u00e8 nella disponibilit\u00e0 del Comune che mi risulta abbia gi\u00e0 individuato a quali attivit\u00e0 destinarla\u00bb.<\/p>\n","protected":false},"excerpt":{"rendered":"<p>Come concordato domenica mattina partiranno per altra destinazione. Ieri la prima lezione di italiano. Cri \u201cpromossa\u201d nella gestione \u00abma non destineremo la nostra sede a questa attivit\u00e0\u00bb<\/p>\n","protected":false},"author":34,"featured_media":0,"comment_status":"open","ping_status":"open","sticky":false,"template":"","format":"standard","meta":{"footnotes":""},"categories":[2],"tags":[389,5556],"acf":[],"yoast_head":"<!-- This site is optimized with the Yoast SEO plugin v20.1 - https:\/\/yoast.com\/wordpress\/plugins\/seo\/ -->\n<title>Profughi in partenza dalla palestra dello Stein<\/title>\n<meta name=\"description\" content=\"Come concordato domenica mattina partiranno per altra destinazione. Ieri la prima lezione di italiano. Cri \u201cpromossa\u201d nella gestione \u00abma non destineremo la nostra sede a questa attivit\u00e0\u00bb\" \/>\n<meta name=\"robots\" content=\"noindex, follow, max-snippet:-1, max-image-preview:large, max-video-preview:-1\" \/>\n<meta property=\"og:locale\" content=\"it_IT\" \/>\n<meta property=\"og:type\" content=\"article\" \/>\n<meta property=\"og:title\" content=\"Profughi in partenza dalla palestra dello Stein\" \/>\n<meta property=\"og:description\" content=\"Come concordato domenica mattina partiranno per altra destinazione. Ieri la prima lezione di italiano. Cri \u201cpromossa\u201d nella gestione \u00abma non destineremo la nostra sede a questa attivit\u00e0\u00bb\" \/>\n<meta property=\"og:url\" content=\"https:\/\/staging.varesenews.it\/2016\/09\/profughi-in-partenza-dalla-palestra-dello-stein\/549514\/\" \/>\n<meta property=\"og:site_name\" content=\"VareseNews\" \/>\n<meta property=\"article:publisher\" content=\"https:\/\/www.facebook.com\/varesenews\" \/>\n<meta property=\"article:author\" content=\"https:\/\/www.facebook.com\/andrea.camurani?fref=photo\" \/>\n<meta property=\"article:published_time\" content=\"2016-09-09T09:52:31+00:00\" \/>\n<meta name=\"author\" content=\"Andrea Camurani\" \/>\n<meta name=\"twitter:card\" content=\"summary_large_image\" \/>\n<meta name=\"twitter:creator\" content=\"@AndreaCamurani\" \/>\n<meta name=\"twitter:site\" content=\"@varesenews\" \/>\n<meta name=\"twitter:label1\" content=\"Scritto da\" \/>\n\t<meta name=\"twitter:data1\" content=\"Andrea Camurani\" \/>\n\t<meta name=\"twitter:label2\" content=\"Tempo di lettura stimato\" \/>\n\t<meta name=\"twitter:data2\" content=\"2 minuti\" \/>\n<script type=\"application\/ld+json\" class=\"yoast-schema-graph\">{\"@context\":\"https:\/\/schema.org\",\"@graph\":[{\"@type\":\"WebPage\",\"@id\":\"https:\/\/staging.varesenews.it\/2016\/09\/profughi-in-partenza-dalla-palestra-dello-stein\/549514\/\",\"url\":\"https:\/\/staging.varesenews.it\/2016\/09\/profughi-in-partenza-dalla-palestra-dello-stein\/549514\/\",\"name\":\"Profughi in partenza dalla palestra dello Stein\",\"isPartOf\":{\"@id\":\"https:\/\/staging.varesenews.it\/#website\"},\"datePublished\":\"2016-09-09T09:52:31+00:00\",\"dateModified\":\"2016-09-09T09:52:31+00:00\",\"author\":{\"@id\":\"https:\/\/staging.varesenews.it\/#\/schema\/person\/3eb5832c6beae763de8d9596fdbe8c49\"},\"description\":\"Come concordato domenica mattina partiranno per altra destinazione. Ieri la prima lezione di italiano. Cri \u201cpromossa\u201d nella gestione \u00abma non destineremo la nostra sede a questa attivit\u00e0\u00bb\",\"breadcrumb\":{\"@id\":\"https:\/\/staging.varesenews.it\/2016\/09\/profughi-in-partenza-dalla-palestra-dello-stein\/549514\/#breadcrumb\"},\"inLanguage\":\"it-IT\",\"potentialAction\":[{\"@type\":\"ReadAction\",\"target\":[\"https:\/\/staging.varesenews.it\/2016\/09\/profughi-in-partenza-dalla-palestra-dello-stein\/549514\/\"]}]},{\"@type\":\"BreadcrumbList\",\"@id\":\"https:\/\/staging.varesenews.it\/2016\/09\/profughi-in-partenza-dalla-palestra-dello-stein\/549514\/#breadcrumb\",\"itemListElement\":[{\"@type\":\"ListItem\",\"position\":1,\"name\":\"Home\",\"item\":\"https:\/\/www.varesenews.it\/\"},{\"@type\":\"ListItem\",\"position\":2,\"name\":\"Profughi in partenza dalla palestra dello Stein\"}]},{\"@type\":\"WebSite\",\"@id\":\"https:\/\/staging.varesenews.it\/#website\",\"url\":\"https:\/\/staging.varesenews.it\/\",\"name\":\"VareseNews\",\"description\":\"\",\"potentialAction\":[{\"@type\":\"SearchAction\",\"target\":{\"@type\":\"EntryPoint\",\"urlTemplate\":\"https:\/\/staging.varesenews.it\/?s={search_term_string}\"},\"query-input\":\"required name=search_term_string\"}],\"inLanguage\":\"it-IT\"},{\"@type\":\"Person\",\"@id\":\"https:\/\/staging.varesenews.it\/#\/schema\/person\/3eb5832c6beae763de8d9596fdbe8c49\",\"name\":\"Andrea Camurani\",\"image\":{\"@type\":\"ImageObject\",\"inLanguage\":\"it-IT\",\"@id\":\"https:\/\/staging.varesenews.it\/#\/schema\/person\/image\/\",\"url\":\"https:\/\/staging.varesenews.it\/wp-content\/uploads\/2020\/12\/andrea_camurani_colori_500.jpg\",\"contentUrl\":\"https:\/\/staging.varesenews.it\/wp-content\/uploads\/2020\/12\/andrea_camurani_colori_500.jpg\",\"caption\":\"Andrea Camurani\"},\"description\":\"Sono figlio degli anni Settanta e di Milano, dove ho imparato a riconoscere buoni e cattivi. Laurea in scienze politiche, lavoro a VareseNews dal 2000. Racconto quel che trovo quando incontro chi vuole lasciare al mondo un pezzetto di vita, che si chiama cronaca. &ldquo;...perch&eacute; &egrave; la gente il pi&ugrave; grande spettacolo del mondo. E non si paga il biglietto...&rdquo; (Charles Bukowsky)\",\"sameAs\":[\"https:\/\/www.facebook.com\/andrea.camurani?fref=photo\",\"andreacamurani\",\"https:\/\/www.linkedin.com\/hp\/?dnr=A9a84RfzsLdo9xg4NcGV4dLiMknoc9ms4WM\",\"https:\/\/twitter.com\/AndreaCamurani\"],\"url\":\"https:\/\/staging.varesenews.it\/persona\/andrea_camurani\/\"}]}<\/script>\n<!-- \/ Yoast SEO plugin. -->","yoast_head_json":{"title":"Profughi in partenza dalla palestra dello Stein","description":"Come concordato domenica mattina partiranno per altra destinazione. Ieri la prima lezione di italiano. Cri \u201cpromossa\u201d nella gestione \u00abma non destineremo la nostra sede a questa attivit\u00e0\u00bb","robots":{"index":"noindex","follow":"follow","max-snippet":"max-snippet:-1","max-image-preview":"max-image-preview:large","max-video-preview":"max-video-preview:-1"},"og_locale":"it_IT","og_type":"article","og_title":"Profughi in partenza dalla palestra dello Stein","og_description":"Come concordato domenica mattina partiranno per altra destinazione. Ieri la prima lezione di italiano. Cri \u201cpromossa\u201d nella gestione \u00abma non destineremo la nostra sede a questa attivit\u00e0\u00bb","og_url":"https:\/\/staging.varesenews.it\/2016\/09\/profughi-in-partenza-dalla-palestra-dello-stein\/549514\/","og_site_name":"VareseNews","article_publisher":"https:\/\/www.facebook.com\/varesenews","article_author":"https:\/\/www.facebook.com\/andrea.camurani?fref=photo","article_published_time":"2016-09-09T09:52:31+00:00","author":"Andrea Camurani","twitter_card":"summary_large_image","twitter_creator":"@AndreaCamurani","twitter_site":"@varesenews","twitter_misc":{"Scritto da":"Andrea Camurani","Tempo di lettura stimato":"2 minuti"},"schema":{"@context":"https:\/\/schema.org","@graph":[{"@type":"WebPage","@id":"https:\/\/staging.varesenews.it\/2016\/09\/profughi-in-partenza-dalla-palestra-dello-stein\/549514\/","url":"https:\/\/staging.varesenews.it\/2016\/09\/profughi-in-partenza-dalla-palestra-dello-stein\/549514\/","name":"Profughi in partenza dalla palestra dello Stein","isPartOf":{"@id":"https:\/\/staging.varesenews.it\/#website"},"datePublished":"2016-09-09T09:52:31+00:00","dateModified":"2016-09-09T09:52:31+00:00","author":{"@id":"https:\/\/staging.varesenews.it\/#\/schema\/person\/3eb5832c6beae763de8d9596fdbe8c49"},"description":"Come concordato domenica mattina partiranno per altra destinazione. Ieri la prima lezione di italiano. Cri \u201cpromossa\u201d nella gestione \u00abma non destineremo la nostra sede a questa attivit\u00e0\u00bb","breadcrumb":{"@id":"https:\/\/staging.varesenews.it\/2016\/09\/profughi-in-partenza-dalla-palestra-dello-stein\/549514\/#breadcrumb"},"inLanguage":"it-IT","potentialAction":[{"@type":"ReadAction","target":["https:\/\/staging.varesenews.it\/2016\/09\/profughi-in-partenza-dalla-palestra-dello-stein\/549514\/"]}]},{"@type":"BreadcrumbList","@id":"https:\/\/staging.varesenews.it\/2016\/09\/profughi-in-partenza-dalla-palestra-dello-stein\/549514\/#breadcrumb","itemListElement":[{"@type":"ListItem","position":1,"name":"Home","item":"https:\/\/www.varesenews.it\/"},{"@type":"ListItem","position":2,"name":"Profughi in partenza dalla palestra dello Stein"}]},{"@type":"WebSite","@id":"https:\/\/staging.varesenews.it\/#website","url":"https:\/\/staging.varesenews.it\/","name":"VareseNews","description":"","potentialAction":[{"@type":"SearchAction","target":{"@type":"EntryPoint","urlTemplate":"https:\/\/staging.varesenews.it\/?s={search_term_string}"},"query-input":"required name=search_term_string"}],"inLanguage":"it-IT"},{"@type":"Person","@id":"https:\/\/staging.varesenews.it\/#\/schema\/person\/3eb5832c6beae763de8d9596fdbe8c49","name":"Andrea Camurani","image":{"@type":"ImageObject","inLanguage":"it-IT","@id":"https:\/\/staging.varesenews.it\/#\/schema\/person\/image\/","url":"https:\/\/staging.varesenews.it\/wp-content\/uploads\/2020\/12\/andrea_camurani_colori_500.jpg","contentUrl":"https:\/\/staging.varesenews.it\/wp-content\/uploads\/2020\/12\/andrea_camurani_colori_500.jpg","caption":"Andrea Camurani"},"description":"Sono figlio degli anni Settanta e di Milano, dove ho imparato a riconoscere buoni e cattivi. Laurea in scienze politiche, lavoro a VareseNews dal 2000. Racconto quel che trovo quando incontro chi vuole lasciare al mondo un pezzetto di vita, che si chiama cronaca. &ldquo;...perch&eacute; &egrave; la gente il pi&ugrave; grande spettacolo del mondo. E non si paga il biglietto...&rdquo; (Charles Bukowsky)","sameAs":["https:\/\/www.facebook.com\/andrea.camurani?fref=photo","andreacamurani","https:\/\/www.linkedin.com\/hp\/?dnr=A9a84RfzsLdo9xg4NcGV4dLiMknoc9ms4WM","https:\/\/twitter.com\/AndreaCamurani"],"url":"https:\/\/staging.varesenews.it\/persona\/andrea_camurani\/"}]}},"post_meta":{"_edit_lock":"1473414624:34","_edit_last":"34","ratings_users":"0","ratings_score":"0","ratings_average":"0","_category_permalink":"","wdfb_og_title":"","wdfb_og_type":"","wdfb_og_description":"","wdfb_og_images":"a:1:{i:0;s:0:\"\";}","wdfb_og_custom_name":"a:1:{i:0;s:0:\"\";}","wdfb_og_custom_value":"a:1:{i:0;s:0:\"\";}","id_leggi_anche":"548510,545160,545070,549854,573077","foto":"565129","argomento":"Gavirate","_jd_twitter":"","_jd_tweet_this":"yes","_wpt_short_url":"http:\/\/www.varesenews.it\/2016\/09\/profughi-in-partenza-dalla-palestra-dello-stein\/549514\/","_wp_jd_target":"http:\/\/www.varesenews.it\/2016\/09\/profughi-in-partenza-dalla-palestra-dello-stein\/549514\/","_jd_wp_twitter":"a:1:{i:0;s:146:\"Profughi in partenza dalla palestra dello Stein http:\/\/www.varesenews.it\/2016\/09\/profughi-in-partenza-dalla-palestra-dello-stein\/549514\/ #profughi\";}","_wpt_status_message":"Tweet inviato con successo."},"photos":[{"original":"https:\/\/staging.varesenews.it\/photogallery_new\/images\/2016\/09\/avarie-565129.jpg","full":"https:\/\/staging.varesenews.it\/photogallery_new\/images\/2016\/09\/avarie-565129.1024x768.jpg","large":"https:\/\/staging.varesenews.it\/photogallery_new\/images\/2016\/09\/avarie-565129.610x431.jpg"}],"_links":{"self":[{"href":"https:\/\/staging.varesenews.it\/swgapi\/v1\/wp\/v2\/posts\/549514"}],"collection":[{"href":"https:\/\/staging.varesenews.it\/swgapi\/v1\/wp\/v2\/posts"}],"about":[{"href":"https:\/\/staging.varesenews.it\/swgapi\/v1\/wp\/v2\/types\/post"}],"author":[{"embeddable":true,"href":"https:\/\/staging.varesenews.it\/swgapi\/v1\/wp\/v2\/users\/34"}],"replies":[{"embeddable":true,"href":"https:\/\/staging.varesenews.it\/swgapi\/v1\/wp\/v2\/comments?post=549514"}],"version-history":[{"count":0,"href":"https:\/\/staging.varesenews.it\/swgapi\/v1\/wp\/v2\/posts\/549514\/revisions"}],"wp:attachment":[{"href":"https:\/\/staging.varesenews.it\/swgapi\/v1\/wp\/v2\/media?parent=549514"}],"wp:term":[{"taxonomy":"category","embeddable":true,"href":"https:\/\/staging.varesenews.it\/swgapi\/v1\/wp\/v2\/categories?post=549514"},{"taxonomy":"post_tag","embeddable":true,"href":"https:\/\/staging.varesenews.it\/swgapi\/v1\/wp\/v2\/tags?post=549514"}],"curies":[{"name":"wp","href":"https:\/\/api.w.org\/{rel}","templated":true}]}}