{"id":550157,"date":"2016-09-12T18:02:08","date_gmt":"2016-09-12T16:02:08","guid":{"rendered":"http:\/\/www.varesenews.it\/?p=550157"},"modified":"2016-09-12T18:03:13","modified_gmt":"2016-09-12T16:03:13","slug":"due-giorni-di-celebrazione-per-ricordare-don-angelo-cassani","status":"publish","type":"post","link":"https:\/\/staging.varesenews.it\/2016\/09\/due-giorni-di-celebrazione-per-ricordare-don-angelo-cassani\/550157\/","title":{"rendered":"Due giorni di celebrazione per ricordare don Angelo Cassani"},"content":{"rendered":"<p>Il tema dell&#8217;educazione sar\u00e0 al centro delle <strong>celebrazioni del X Dies Natalis di don Angelo Cassani che si terranno sabato 17 e domenica 18 settembre<\/strong> e vedranno la partecipazione di Mons. Luigi Negri, Arcivescovo di Ferrara e Comacchio e Abate di Pomposa e Mons. Luigi Stucchi, gi\u00e0 Vicario Episcopale a Varese.<\/p>\n<p>Don Angelo Cassani, ordinato sacerdote il 22 settembre 1962, \u00e8 stato parroco a Jerago per 19 anni, dal 1987 fino alla salita alla casa del Padre il 2 dicembre 2006. <strong>In occasione del decimo anniversario<\/strong>, l&#8217;associazione che raccoglie i tanti figli spirituali del sacerdote, Associazione Figli di don Angelo, ha voluto dedicare<strong> due appuntamenti a uno dei temi che gli stavano maggiormente a cuore: l&#8217;educazione intesa come perforare l&#8217;opacit\u00e0 delle cose di tutti i giorni<\/strong>, dallo studio, al lavoro, ai rapporti, per scoprirne il senso che le fa essere.<br \/>\n<strong>L&#8217;emergenza educativa nell&#8217;ambito pubblico<\/strong> \u00e8 al centro del primo evento che si terr\u00e0 sabato 17 settembre alle ore 21.00.<\/p>\n<p>Presso la chiesa restaurata di Jerago in piazza San Giorgio, <strong>Monsignor Luigi Negri<\/strong>, Arcivescovo di Ferrara e Comacchio e abate di Pomposa interverr\u00e0 sul tema &#8220;Chiamati ad educare, il compito del cristiano nel mondo&#8221;.<br \/>\nL&#8217;incontro affronter\u00e0 anzitutto il tema dell&#8217;apporto originale che i cattolici possono dare nella modernit\u00e0, nel contesto pubblico attuale in cui sembra essere venuta meno una ragione aperta al riconoscimento della natura creaturale dell&#8217;uomo e di una verit\u00e0 che lo trascende. Verr\u00e0 poi trattata l&#8217;importanza dell&#8217;educazione come compito per tutti i cattolici impegnati nell&#8217;ambiente in cui sono e come strumento di partecipazione pubblica.<\/p>\n<p><strong>La giornata di domenica 18 settembre sar\u00e0 invece dedicata all&#8217;opera educativa dedicata a don Angelo<\/strong> e nata due anni fa a Jerago: <strong>Spazio Compiti<\/strong>, un dopo-scuola animato da 15 volontari che nell&#8217;ultimo anno ha ospitato 40 studenti delle scuole elementari. Spazio Compiti \u00e8 una vera e propria compagnia al servizio dell&#8217;educazione, disponibile a come il buon Dio vuole far germogliare l&#8217;umanit\u00e0 dei bambini delle scuole elementari attraverso l&#8217;esperienza del gioco e dello studio, secondo uno dei passi di San Paolo tanto cari a don Angelo: &#8220;n\u00e9 chi pianta, n\u00e9 chi irriga \u00e8 qualche cosa, ma Dio che fa crescere&#8221; (1Cor 3,7).<br \/>\nAlle 10.15 si terr\u00e0 la messa presso la chiesa parrocchiale di Jerago con Mons. Luigi Stucchi e, al termine, Sua Eccellenza, assieme al parroco don Remo Ciapparella, inaugurer\u00e0 la sede della Fondazione don Angelo Cassani e le aule di Spazio Compiti presso via Volta 23\/25.<br \/>\n\ufffcSeguir\u00e0 un rinfresco per la cittadinanza accompagnato dai brani eseguiti dal Corpo Musicale S. Cecilia di Jerago.<br \/>\nL&#8217;Associazione Figli di don Angelo ringrazia don Remo Ciapparella, il Gruppo San Rocco e il Corpo Musicale S. Cecilia di Jerago per il supporto ricevuto per l&#8217;organizzazione delle celebrazioni.<br \/>\nIn occasione del X Dies Natalis, verr\u00e0 inoltre pubblicato in formato cartaceo e eBook su Amazon.it il libro dal titolo Maria, che raccoglie gli articoli scritti da don Angelo per le festivit\u00e0 mariane.<\/p>\n","protected":false},"excerpt":{"rendered":"<p>Sabato 17 settembre, presso la chiesa restaurata di Jerago si terr\u00e0 l&#8217;incontro pubblico con il Vescovo di Ferrara e Comacchio e Abate di Pomposa Luigi Negri. Domenica 18 inaugurazione  della sede della Fondazione don Cassani con i locali dedicati a Spazio Compiti<\/p>\n","protected":false},"author":46,"featured_media":0,"comment_status":"open","ping_status":"open","sticky":false,"template":"","format":"standard","meta":{"footnotes":""},"categories":[3],"tags":[6925],"acf":[],"yoast_head":"<!-- This site is optimized with the Yoast SEO plugin v20.1 - https:\/\/yoast.com\/wordpress\/plugins\/seo\/ -->\n<title>Due giorni di celebrazione per ricordare don Angelo Cassani<\/title>\n<meta name=\"description\" content=\"Sabato 17 settembre, presso la chiesa restaurata di Jerago si terr\u00e0 l&#039;incontro pubblico con il Vescovo di Ferrara e Comacchio e Abate di Pomposa Luigi Negri. Domenica 18 inaugurazione della sede della Fondazione don Cassani con i locali dedicati a Spazio Compiti\" \/>\n<meta name=\"robots\" content=\"noindex, follow, max-snippet:-1, max-image-preview:large, max-video-preview:-1\" \/>\n<meta property=\"og:locale\" content=\"it_IT\" \/>\n<meta property=\"og:type\" content=\"article\" \/>\n<meta property=\"og:title\" content=\"Due giorni di celebrazione per ricordare don Angelo Cassani\" \/>\n<meta property=\"og:description\" content=\"Sabato 17 settembre, presso la chiesa restaurata di Jerago si terr\u00e0 l&#039;incontro pubblico con il Vescovo di Ferrara e Comacchio e Abate di Pomposa Luigi Negri. Domenica 18 inaugurazione della sede della Fondazione don Cassani con i locali dedicati a Spazio Compiti\" \/>\n<meta property=\"og:url\" content=\"https:\/\/staging.varesenews.it\/2016\/09\/due-giorni-di-celebrazione-per-ricordare-don-angelo-cassani\/550157\/\" \/>\n<meta property=\"og:site_name\" content=\"VareseNews\" \/>\n<meta property=\"article:publisher\" content=\"https:\/\/www.facebook.com\/varesenews\" \/>\n<meta property=\"article:published_time\" content=\"2016-09-12T16:02:08+00:00\" \/>\n<meta property=\"article:modified_time\" content=\"2016-09-12T16:03:13+00:00\" \/>\n<meta name=\"author\" content=\"Roberto Morandi\" \/>\n<meta name=\"twitter:card\" content=\"summary_large_image\" \/>\n<meta name=\"twitter:creator\" content=\"@ilmorands\" \/>\n<meta name=\"twitter:site\" content=\"@varesenews\" \/>\n<meta name=\"twitter:label1\" content=\"Scritto da\" \/>\n\t<meta name=\"twitter:data1\" content=\"Roberto Morandi\" \/>\n\t<meta name=\"twitter:label2\" content=\"Tempo di lettura stimato\" \/>\n\t<meta name=\"twitter:data2\" content=\"2 minuti\" \/>\n<script type=\"application\/ld+json\" class=\"yoast-schema-graph\">{\"@context\":\"https:\/\/schema.org\",\"@graph\":[{\"@type\":\"WebPage\",\"@id\":\"https:\/\/staging.varesenews.it\/2016\/09\/due-giorni-di-celebrazione-per-ricordare-don-angelo-cassani\/550157\/\",\"url\":\"https:\/\/staging.varesenews.it\/2016\/09\/due-giorni-di-celebrazione-per-ricordare-don-angelo-cassani\/550157\/\",\"name\":\"Due giorni di celebrazione per ricordare don Angelo Cassani\",\"isPartOf\":{\"@id\":\"https:\/\/staging.varesenews.it\/#website\"},\"datePublished\":\"2016-09-12T16:02:08+00:00\",\"dateModified\":\"2016-09-12T16:03:13+00:00\",\"author\":{\"@id\":\"https:\/\/staging.varesenews.it\/#\/schema\/person\/efe592ae4c76536b551f89d8b6674bc3\"},\"description\":\"Sabato 17 settembre, presso la chiesa restaurata di Jerago si terr\u00e0 l'incontro pubblico con il Vescovo di Ferrara e Comacchio e Abate di Pomposa Luigi Negri. Domenica 18 inaugurazione della sede della Fondazione don Cassani con i locali dedicati a Spazio Compiti\",\"breadcrumb\":{\"@id\":\"https:\/\/staging.varesenews.it\/2016\/09\/due-giorni-di-celebrazione-per-ricordare-don-angelo-cassani\/550157\/#breadcrumb\"},\"inLanguage\":\"it-IT\",\"potentialAction\":[{\"@type\":\"ReadAction\",\"target\":[\"https:\/\/staging.varesenews.it\/2016\/09\/due-giorni-di-celebrazione-per-ricordare-don-angelo-cassani\/550157\/\"]}]},{\"@type\":\"BreadcrumbList\",\"@id\":\"https:\/\/staging.varesenews.it\/2016\/09\/due-giorni-di-celebrazione-per-ricordare-don-angelo-cassani\/550157\/#breadcrumb\",\"itemListElement\":[{\"@type\":\"ListItem\",\"position\":1,\"name\":\"Home\",\"item\":\"https:\/\/www.varesenews.it\/\"},{\"@type\":\"ListItem\",\"position\":2,\"name\":\"Due giorni di celebrazione per ricordare don Angelo Cassani\"}]},{\"@type\":\"WebSite\",\"@id\":\"https:\/\/staging.varesenews.it\/#website\",\"url\":\"https:\/\/staging.varesenews.it\/\",\"name\":\"VareseNews\",\"description\":\"\",\"potentialAction\":[{\"@type\":\"SearchAction\",\"target\":{\"@type\":\"EntryPoint\",\"urlTemplate\":\"https:\/\/staging.varesenews.it\/?s={search_term_string}\"},\"query-input\":\"required name=search_term_string\"}],\"inLanguage\":\"it-IT\"},{\"@type\":\"Person\",\"@id\":\"https:\/\/staging.varesenews.it\/#\/schema\/person\/efe592ae4c76536b551f89d8b6674bc3\",\"name\":\"Roberto Morandi\",\"image\":{\"@type\":\"ImageObject\",\"inLanguage\":\"it-IT\",\"@id\":\"https:\/\/staging.varesenews.it\/#\/schema\/person\/image\/\",\"url\":\"https:\/\/staging.varesenews.it\/wp-content\/uploads\/2020\/12\/roberto_morandi_colori_500.jpg\",\"contentUrl\":\"https:\/\/staging.varesenews.it\/wp-content\/uploads\/2020\/12\/roberto_morandi_colori_500.jpg\",\"caption\":\"Roberto Morandi\"},\"description\":\"Classe 1980, laureato in storia, mi occupo dell&rsquo;area di Gallarate e di Malpensa, di trasporti e mobilit&agrave;. Amo molto la dimensione della citt&agrave;, come luogo d&rsquo;incontro di persone diverse e come organismo che si trasforma costantemente. Mi piace anche raccontare le piccole e grandi vicende, anche locali, che compongono la Storia con la S maiuscola. Appassionato di bicicletta: la macchina perfetta per muoversi in citt&agrave; e per viaggiare.\",\"sameAs\":[\"https:\/\/twitter.com\/ilmorands\"],\"url\":\"https:\/\/staging.varesenews.it\/persona\/roberto-morandi1\/\"}]}<\/script>\n<!-- \/ Yoast SEO plugin. -->","yoast_head_json":{"title":"Due giorni di celebrazione per ricordare don Angelo Cassani","description":"Sabato 17 settembre, presso la chiesa restaurata di Jerago si terr\u00e0 l'incontro pubblico con il Vescovo di Ferrara e Comacchio e Abate di Pomposa Luigi Negri. Domenica 18 inaugurazione della sede della Fondazione don Cassani con i locali dedicati a Spazio Compiti","robots":{"index":"noindex","follow":"follow","max-snippet":"max-snippet:-1","max-image-preview":"max-image-preview:large","max-video-preview":"max-video-preview:-1"},"og_locale":"it_IT","og_type":"article","og_title":"Due giorni di celebrazione per ricordare don Angelo Cassani","og_description":"Sabato 17 settembre, presso la chiesa restaurata di Jerago si terr\u00e0 l'incontro pubblico con il Vescovo di Ferrara e Comacchio e Abate di Pomposa Luigi Negri. Domenica 18 inaugurazione della sede della Fondazione don Cassani con i locali dedicati a Spazio Compiti","og_url":"https:\/\/staging.varesenews.it\/2016\/09\/due-giorni-di-celebrazione-per-ricordare-don-angelo-cassani\/550157\/","og_site_name":"VareseNews","article_publisher":"https:\/\/www.facebook.com\/varesenews","article_published_time":"2016-09-12T16:02:08+00:00","article_modified_time":"2016-09-12T16:03:13+00:00","author":"Roberto Morandi","twitter_card":"summary_large_image","twitter_creator":"@ilmorands","twitter_site":"@varesenews","twitter_misc":{"Scritto da":"Roberto Morandi","Tempo di lettura stimato":"2 minuti"},"schema":{"@context":"https:\/\/schema.org","@graph":[{"@type":"WebPage","@id":"https:\/\/staging.varesenews.it\/2016\/09\/due-giorni-di-celebrazione-per-ricordare-don-angelo-cassani\/550157\/","url":"https:\/\/staging.varesenews.it\/2016\/09\/due-giorni-di-celebrazione-per-ricordare-don-angelo-cassani\/550157\/","name":"Due giorni di celebrazione per ricordare don Angelo Cassani","isPartOf":{"@id":"https:\/\/staging.varesenews.it\/#website"},"datePublished":"2016-09-12T16:02:08+00:00","dateModified":"2016-09-12T16:03:13+00:00","author":{"@id":"https:\/\/staging.varesenews.it\/#\/schema\/person\/efe592ae4c76536b551f89d8b6674bc3"},"description":"Sabato 17 settembre, presso la chiesa restaurata di Jerago si terr\u00e0 l'incontro pubblico con il Vescovo di Ferrara e Comacchio e Abate di Pomposa Luigi Negri. Domenica 18 inaugurazione della sede della Fondazione don Cassani con i locali dedicati a Spazio Compiti","breadcrumb":{"@id":"https:\/\/staging.varesenews.it\/2016\/09\/due-giorni-di-celebrazione-per-ricordare-don-angelo-cassani\/550157\/#breadcrumb"},"inLanguage":"it-IT","potentialAction":[{"@type":"ReadAction","target":["https:\/\/staging.varesenews.it\/2016\/09\/due-giorni-di-celebrazione-per-ricordare-don-angelo-cassani\/550157\/"]}]},{"@type":"BreadcrumbList","@id":"https:\/\/staging.varesenews.it\/2016\/09\/due-giorni-di-celebrazione-per-ricordare-don-angelo-cassani\/550157\/#breadcrumb","itemListElement":[{"@type":"ListItem","position":1,"name":"Home","item":"https:\/\/www.varesenews.it\/"},{"@type":"ListItem","position":2,"name":"Due giorni di celebrazione per ricordare don Angelo Cassani"}]},{"@type":"WebSite","@id":"https:\/\/staging.varesenews.it\/#website","url":"https:\/\/staging.varesenews.it\/","name":"VareseNews","description":"","potentialAction":[{"@type":"SearchAction","target":{"@type":"EntryPoint","urlTemplate":"https:\/\/staging.varesenews.it\/?s={search_term_string}"},"query-input":"required name=search_term_string"}],"inLanguage":"it-IT"},{"@type":"Person","@id":"https:\/\/staging.varesenews.it\/#\/schema\/person\/efe592ae4c76536b551f89d8b6674bc3","name":"Roberto Morandi","image":{"@type":"ImageObject","inLanguage":"it-IT","@id":"https:\/\/staging.varesenews.it\/#\/schema\/person\/image\/","url":"https:\/\/staging.varesenews.it\/wp-content\/uploads\/2020\/12\/roberto_morandi_colori_500.jpg","contentUrl":"https:\/\/staging.varesenews.it\/wp-content\/uploads\/2020\/12\/roberto_morandi_colori_500.jpg","caption":"Roberto Morandi"},"description":"Classe 1980, laureato in storia, mi occupo dell&rsquo;area di Gallarate e di Malpensa, di trasporti e mobilit&agrave;. Amo molto la dimensione della citt&agrave;, come luogo d&rsquo;incontro di persone diverse e come organismo che si trasforma costantemente. Mi piace anche raccontare le piccole e grandi vicende, anche locali, che compongono la Storia con la S maiuscola. Appassionato di bicicletta: la macchina perfetta per muoversi in citt&agrave; e per viaggiare.","sameAs":["https:\/\/twitter.com\/ilmorands"],"url":"https:\/\/staging.varesenews.it\/persona\/roberto-morandi1\/"}]}},"post_meta":{"_edit_lock":"1473697240:46","_edit_last":"46","_category_permalink":"3","ratings_users":"0","ratings_score":"0","ratings_average":"0","wdfb_og_title":"","wdfb_og_type":"","wdfb_og_description":"","wdfb_og_images":"a:1:{i:0;s:0:\"\";}","wdfb_og_custom_name":"a:1:{i:0;s:0:\"\";}","wdfb_og_custom_value":"a:1:{i:0;s:0:\"\";}","firma_come_redazione":"1","argomento":"Jerago con Orago","_jd_twitter":"","_jd_tweet_this":"yes","_wpt_short_url":"http:\/\/www.varesenews.it\/2016\/09\/due-giorni-di-celebrazione-per-ricordare-don-angelo-cassani\/550157\/","_wp_jd_target":"http:\/\/www.varesenews.it\/2016\/09\/due-giorni-di-celebrazione-per-ricordare-don-angelo-cassani\/550157\/","_jd_wp_twitter":"a:1:{i:0;s:172:\"Due giorni di celebrazione per ricordare don Angelo Cassani http:\/\/www.varesenews.it\/2016\/09\/due-giorni-di-celebrazione-per-ricordare-don-angelo-cassani\/550157\/ #educazione\";}","_wpt_status_message":"Tweet inviato con successo.","foto":"64817"},"photos":[{"original":"https:\/\/staging.varesenews.it\/photogallery_new\/images\/2013\/07\/jerago-con-orago-i-luoghi-inserita-in-galleria-64817.jpg","full":"https:\/\/staging.varesenews.it\/photogallery_new\/images\/2013\/07\/jerago-con-orago-i-luoghi-inserita-in-galleria-64817.1024x768.jpg","large":"https:\/\/staging.varesenews.it\/photogallery_new\/images\/2013\/07\/jerago-con-orago-i-luoghi-inserita-in-galleria-64817.610x431.jpg"}],"_links":{"self":[{"href":"https:\/\/staging.varesenews.it\/swgapi\/v1\/wp\/v2\/posts\/550157"}],"collection":[{"href":"https:\/\/staging.varesenews.it\/swgapi\/v1\/wp\/v2\/posts"}],"about":[{"href":"https:\/\/staging.varesenews.it\/swgapi\/v1\/wp\/v2\/types\/post"}],"author":[{"embeddable":true,"href":"https:\/\/staging.varesenews.it\/swgapi\/v1\/wp\/v2\/users\/46"}],"replies":[{"embeddable":true,"href":"https:\/\/staging.varesenews.it\/swgapi\/v1\/wp\/v2\/comments?post=550157"}],"version-history":[{"count":0,"href":"https:\/\/staging.varesenews.it\/swgapi\/v1\/wp\/v2\/posts\/550157\/revisions"}],"wp:attachment":[{"href":"https:\/\/staging.varesenews.it\/swgapi\/v1\/wp\/v2\/media?parent=550157"}],"wp:term":[{"taxonomy":"category","embeddable":true,"href":"https:\/\/staging.varesenews.it\/swgapi\/v1\/wp\/v2\/categories?post=550157"},{"taxonomy":"post_tag","embeddable":true,"href":"https:\/\/staging.varesenews.it\/swgapi\/v1\/wp\/v2\/tags?post=550157"}],"curies":[{"name":"wp","href":"https:\/\/api.w.org\/{rel}","templated":true}]}}