{"id":550662,"date":"2016-09-14T14:07:02","date_gmt":"2016-09-14T12:07:02","guid":{"rendered":"http:\/\/www.varesenews.it\/?p=550662"},"modified":"2016-09-15T10:26:11","modified_gmt":"2016-09-15T08:26:11","slug":"ad-agrivarese-in-campo-la-solidarieta","status":"publish","type":"post","link":"https:\/\/staging.varesenews.it\/2016\/09\/ad-agrivarese-in-campo-la-solidarieta\/550662\/","title":{"rendered":"Ad Agrivarese in campo la solidariet\u00e0"},"content":{"rendered":"<p>Sar\u00e0 caratterizzata dall&#8217;attenzione verso le popolazioni laziali e abruzzesi vittime del recente terremoto, che avevano\u00a0come principale fonte di sostentamento l&#8217;agricoltura, \u00a0l&#8217;edizione\u00a02016 di\u00a0<strong>AgriVarese<\/strong>: forte delle decine di migliaia di persone \u00a0 che l\u2019hanno affollata nelle ultime edizioni &#8211; 40 mila in media negli ultimi anni &#8211;\u00a0<strong>domenica 18 settembre<\/strong> torna la grande rassegna dell&#8217;agricoltura varesina. E, come \u00e8 ormai tradizione, gli animali delle fattorie saranno i veri protagonisti di AgriVarese, dando colori, suoni e sapori particolari ai Giardini Estensi, splendido scenario ambientale in cui da sette anni \u00e8 incastonata la manifestazione, e a molte altre zone del centro cittadino piacevolmente &#8220;invase&#8221; dalla festa dell&#8217;Agricoltura.<\/p>\n<p>Promossa dalla Camera di Commercio attraverso la sua azienda speciale PromoVarese, che era presente con il suo presidente <strong>Rudy Collini<\/strong>, con l\u2019Amministrazione Comunale che ha presenziato con il sindaco <strong>Davide Galimberti<\/strong> e l&#8217;assessore <strong>Dino de Simone<\/strong>, \u00a0il contributo della Regione Lombardia e la collaborazione delle associazioni di categoria (alla presentazione hanno partecipato in particolare Confagricoltura Varese con il suo presidente <strong>Pasquale Gervasini<\/strong>, Coldiretti con il presidente <strong>Fernando Fiori<\/strong> e l&#8217;associazione Allevatori con il suo direttore\u00a0<strong>Giuseppe Invernizzi<\/strong>, il presidente di Aime<strong> Armando De Falco <\/strong>e la presidente di Fipe-Confcommercio<strong> Antonella Zambelli<\/strong>) \u00a0e delle altre istituzioni locali, AgriVarese con i suoi moltissimi espositori &#8211; quest&#8217;anno circa 90 &#8211; \u00a0si conferma un\u2019occasione speciale d\u2019incontro fra i cittadini e consumatori e la produzione agroalimentare varesina, valorizzando un\u2019alimentazione sana, di qualit\u00e0 con prodotti di provenienza certa e a basso impatto ambientale.<\/p>\n<p>Tra le tante iniziative previste lungo i diversi momenti della manifestazione, ci sar\u00e0 un\u2019attenzione particolare ala solidariet\u00e0 con chi sta subendo\u00a0il dramma del terremoto. \u00abAvremo con noi un\u2019azienda agricola bio di Amatrice con i suoi prodotti caseari \u2013 annuncia il presidente della Camera di Commercio <strong>Giuseppe Albertini<\/strong> \u2013. Una presenza simbolica per sottolineare la nostra vicinanza alle imprese di quei territori. Un\u2019iniziativa che va nel segno dell\u2019attenzione del sistema delle Camere di Commercio italiane, che hanno costituito un apposito fondo nazionale di solidariet\u00e0 gestito da Unioncamere insieme agli enti camerali dei territori interessati\u00bb.<div class=\"photo-inside-post\"><img decoding=\"async\" loading=\"lazy\" fetchpriority=\"low\" width=\"610\" height=\"431\" src=\"https:\/\/staging.varesenews.it\/photogallery_new\/images\/2016\/09\/presentazione-agrivarese-2016-567215.610x431.jpg\" alt=\"Presentazione Agrivarese 2016\"><\/div><\/p>\n<p>TUTTI INSIEME PER AMATRICE<\/p>\n<p>In realt\u00e0, le iniziative per Amatrice nella grande giornata di coinvolgimento cittadino che \u00e8 Agrivarese, saranno tantissime, e di ogni genere: oltre alla possibilit\u00e0 di visitare (e acquistare i prodotti) il <strong>gazebo della azienda &#8220;testimonial&#8221; delle zone terremotate<\/strong> (per la cronaca, \u00e8 l&#8217;<strong>azienda bio Casale Nibbi<\/strong>, che produce yogurt e formaggi tipici), molte sono le iniziative collaterali: Coldiretti, per esempio, vender\u00e0 le <a title=\"Anche a Varese arriva la \u201cCaciotta solidale\u201d\" href=\"http:\/\/www.varesenews.it\/2016\/09\/anche-a-varese-arriva-la-caciotta-solidale\/549961\/\">&#8220;<strong>caciotte solidali<\/strong>&#8220;<\/a>\u00a0realizzate in Umbria con il latte che le mucche hanno prodotto nei giorni del terremoto, e che non \u00e8 stato possibile distribuire. In piazza San Vittore Aime, dalle 11 alle 21 non stop, organizzer\u00e0\u00a0un ristorante solidale\u00a0a base di <strong>Amatriciana e hamburger di trota<\/strong>, il cui totale ricavato sar\u00e0 consegnato alla Pastorale della salute della Diocesi di\u00a0Rieti. Molti commercianti del centro aderenti alla Fipe \u00a0federazione pubblici esercenti di Confcommercio, aderiranno all&#8217;iniziativa &#8220;<strong>Un piccolo sconto per un grande gesto<\/strong>&#8221; che \u00e8 stata organizzata inizialmente a Milano\u00a0per\u00a0i weekend di settembre : per<strong> tutti coloro che manderanno dal locale aderente<\/strong> (che si riconoscono per una locandina che pubblicizza l&#8217;iniziativa) <strong>un sms di offerta al 45500, ci sar\u00e0 uno sconto immediato di 2 euro<\/strong>, la somma che si \u00e8 versata proprio con l&#8217;sms. Infine, anche chi manger\u00e0 i piatti realizzati dalla Strada dei Sapori contribuir\u00e0 ad aiutare le vittime del terremoto: parte del ricavato di queste iniziative sar\u00e0 infatti destinato alla Croce Rossa Italiana.<\/p>\n<p>SHOWCOOKING E ASSAGGI IN PIAZZA RAGAZZI DEL &#8217;99<\/p>\n<p>Quella delle\u00a0attivit\u00e0 previste in piazza Ragazzi del \u201999 e realizzate con<strong> la Strada dei Sapori delle Valli Varesine <\/strong>\u00e8 una delle novit\u00e0 dell&#8217;anno.\u00a0S\u2019inizier\u00e0 alle 10.30 con i visitatori che potranno scegliere insieme agli chef i prodotti con cui realizzare i piatti che, a partire da mezzogiorno, potranno essere gustati. Un vero e proprio <strong>show cooking<\/strong> con anche la possibilit\u00e0 per il pubblico di avere delle ricette, che poi potranno essere riproposte a casa propria. Ma non mancheranno anche un momento di degustazione di salumi e formaggi abbinati con birre Poretti e, a merenda, uno showcooking dedicato ai dolci prodotti con miele ed altre specialit\u00e0 a chilometro zero. Come abbiamo detto, parte del ricavato di queste iniziative sar\u00e0 destinato alla Croce Rossa Italiana, per il suo impegno sul fronte del terremoto.<\/p>\n<p>PENTATHLON DEL BOSCAIOLO, MEDICI DELLE PIANTE E ORTOGARA: TORNANO AI GIARDINI ESTENSI LE INIZIATIVE PIU&#8217; GETTONATE<\/p>\n<p>Non mancheranno per\u00f2 le iniziative che rendono Agrivarese una delle manifestazioni pi\u00f9 amate dalle famiglie, specie con bambini: ai\u00a0Giardini Estensi i visitatori potranno infatti entrare in contatto diretto con gli <strong>animali delle fattorie varesine<\/strong>, assistere alle evoluzioni dei protagonisti del \u201c<strong>Pentathlon del Boscaiolo<\/strong>\u201d oltre che ammirare le diverse razze equine, bovine e caprine in sfilata. Si potranno anche vedere da vicino le<strong> tecniche di produzione del miele<\/strong> e quelle <strong>casearie<\/strong> con la mungitura. Non mancheranno anche quest\u2019anno la \u201c<strong>Mostra Micologica<\/strong>\u201d nel Salone Estense, l\u2019\u201c<strong>Ortogara<\/strong>\u201d, campionato di ortaggi per hobbisti, e per i pi\u00f9 piccoli il <strong>ponte tibetano<\/strong>, da attraversare con l\u2019assistenza degli esperti del CAI. Per loro ci saranno anche due opportunit\u00e0 per un giro in sella: la prima a<strong> Villa Mirabello<\/strong> con i <strong>Garibaldini a Cavallo<\/strong> di Cantello, e la seconda<strong> in via Sacco<\/strong>, a cura del <strong>consorzio CavalliVarese<\/strong>. Come gi\u00e0 negli scorsi anni nella stessa via Sacco, che vedr\u00e0 le principali esposizioni dei produttori &#8211; circa 70 quest&#8217;anno, divise tra via Sacco e via Marcobi &#8211; \u00a0ci saranno esibizioni musicali e altre iniziative promosse dai commercianti. Per il pubblico di AgriVarese ci sar\u00e0 anche l\u2019occasione di ricorrere al \u201c<strong>Medico delle Piante<\/strong>\u201d, per ricevere consigli su come guarirle. I bambini potranno poi incontrare una vera e propria habitu\u00e9 della rassegna, la \u201c<strong>Mucca Margherita<\/strong>\u201d, la riproduzione in vetroresina a dimensioni reali di un animale che \u00e8 ormai diventata la mascotte della manifestazione. La manifestazione si completa con l<strong>\u2019esposizione delle auto d\u2019epoca<\/strong> in via Volta, a cura del club Vams, dei <strong>macchinari agricoli<\/strong> lungo le vie del centro e con le iniziative relative alla \u201cSettimana Europea della Mobilit\u00e0 Sostenibile\u201d, organizzate in piazza Repubblica dall\u2019Amministrazione Comunale.<\/p>\n<p>COME IL CEDRO DI VILLA MIRABELLO RIPRENDE NUOVA VITA<\/p>\n<p>Tra le iniziative previste in Agrivarese, c&#8217;\u00e8 anche una esperienza di falegnameria, con una vera e propria &#8220;segheria da campo&#8221; allestita, non a caso, all&#8217;altezza di villa Mirabello.\u00a0L\u00ec infatti c&#8217;\u00e8 il grande e storico cedro del Libano, <a title=\"Il cedro di Villa Mirabello \u201cperde pezzi\u201d\" href=\"http:\/\/www.varesenews.it\/2016\/09\/il-cedro-di-villa-mirabello-perde-pezzi\/547856\/\">a cui qualche giorno fa \u00e8 caduto un grosso ramo<\/a>. L&#8217;esperienza sar\u00e0 trasformare parte di quel ramo in oggetti belli e di utilit\u00e0, imparando anche a lavorare \u00abQuando ci hanno proposto questa iniziativa, l&#8217;abbiamo trovata molto bella e da sostenere &#8211; ha commentato l&#8217;assessore all&#8217;Ambiente <strong>Dino De Simone<\/strong> &#8211; perch\u00e8 in qualche modo mostra, anche ai bimbi, che da una disgrazia possono nascere cose belle\u00bb. La\u00a0&#8220;Valorizzazione del legno urbano&#8221; con le dimostrazioni alla segheria mobile saranno a Villa Mirabello per tutta la durata della manifestazione, dalle 10 alle 18.<\/p>\n<p>NAVETTA PER ARRIVARE SENZA STRESS\u00a0IN CENTRO<\/p>\n<p>Anche quest&#8217;anno, dopo la sperimentazione dell&#8217;anno scorso, funzioner\u00e0 il \u201c<strong>Servizio Navetta<\/strong>\u201d che domenica permetter\u00e0 al pubblico di raggiungere gratuitamente con i bus urbani il centro cittadino: per &#8220;prendersela comoda&#8221; <strong>si potr\u00e0 parcheggiare allo Stadio e al\u00a0parcheggio di\u00a0via Ghiringhelli a Casbeno<\/strong>: quelli sono infatti\u00a0i<strong> parcheggi di interscambio delle navette,<\/strong> per arrivare in via Sanvito Silvestro.<\/p>\n<p>LE MODIFICHE ALLA VIABILITA&#8217;<\/p>\n<p>Ormai lo sappiamo: Agrivarese, e le sue migliaia di visitatori, &#8220;invadono&#8221; allegramente il centro di Varese ormai da anni. Cos\u00ec nel giorno di domenica 18 settembre, in occasione della manifestazione, la polizia locale ha disposto dalle 5.00 di mattina alle 24 la temporanea <strong>chiusura al transito<\/strong> per tutte le categorie di veicoli in <strong>via\u00a0Sacco<\/strong> per tutta la sua lunghezza, \u00a0<strong>via Marcobi<\/strong> per tutta la sua lunghezza, <strong>piazza Monte Grappa<\/strong> nel tratto compreso tra via Carrobbio e via San Francesco d\u2019Assisi, <strong>piazza Ragazzi del 99<\/strong> per tutta la sua estensione, <strong>via Bernascone<\/strong> &#8211; nel tratto compreso tra via San Francesco d&#8217;Assisi e via Sacco.<\/p>\n<p>L\u2019apertura effettiva di AgriVarese \u00e8 prevista alle 9.30, l\u2019inaugurazione ufficiale alle 10.00 ai Giardini Estensi e le iniziative si susseguiranno fino alle 19.<\/p>\n<p>IL PROGRAMMA DELLA GIORNATA<\/p>\n<p>09.30 Apertura manifestazione<br \/>\n10.00 Inaugurazione (Giardini Estensi &#8211; fontana)<br \/>\n10.30 Lezioni di coniglicoltura pratica (Giardini Estensi &#8211; area giochi laghetto cigni)<br \/>\n10.30 Pentathlon del boscaiolo (Giardini Estensi &#8211; Villa Mirabello)<br \/>\n10.30 Un sacco di qualit\u00e0&#8230;dalla spesa alla cucina (piazza Ragazzi del \u201899)<br \/>\n11.00 Sfilata razze bovine da latte (Giardini Estensi &#8211; palco sfilate)<br \/>\n11.00 Dimostrazione di smielatura (Giardini Estensi &#8211; fontana)<br \/>\n11.30 Sfilata animali della fattoria (Giardini Estensi &#8211; palco sfilate)<br \/>\n12.30 Sfilata razze equine (Giardini Estensi &#8211; palco sfilate)<br \/>\n13.00 Birra Poretti con i salumi<br \/>\ne i formaggi delle Valli Varesine (piazza Ragazzi del \u201899)<br \/>\n14.00 Pentathlon del boscaiolo (Giardini Estensi &#8211; Villa Mirabello)<br \/>\n14.30 Sfilata razze caprine e dimostrazione tosatura (Giardini Estensi &#8211; palco sfilate)<br \/>\n15.00 \u00c8 quasi ora della merenda! (piazza Ragazzi del \u201899)<br \/>\n15.30 Sfilata razze equine (Giardini Estensi &#8211; palco sfilate)<br \/>\n17.00 Premiazione Pentathlon del boscaiolo (Giardini Estensi &#8211; palco sfilate)<br \/>\n17.15 Dimostrazione di smielatura (Giardini Estensi &#8211; fontana)<br \/>\n17.15 Dimostrazione di mungitura (Giardini Estensi &#8211; fontana)<br \/>\n17.30 Sfilata bovari del bernese (Giardini Estensi &#8211; palco sfilate)<br \/>\n19.00 Chiusura manifestazione<\/p>\n<p>dalle 9.30 alle 19.00 Mostra micologica (Salone Giardini Estensi)<br \/>\ndalle 10.00 alle 18.00 Valorizzazione del legno urbano: dimostrazione con segheria mobile (Villa Mirabello)<br \/>\ndalle 11.00 alle 18.00 Esibizioni musicali e artistiche (via Sacco)<\/p>\n","protected":false},"excerpt":{"rendered":"<p>Non mancher\u00e0 l\u2019attenzione verso le popolazioni laziali e abruzzesi vittime del recente terremoto nel ricchissimo programma di iniziative che nel 2016 caratterizzer\u00e0 AgriVarese<\/p>\n","protected":false},"author":48,"featured_media":0,"comment_status":"open","ping_status":"open","sticky":false,"template":"","format":"standard","meta":{"footnotes":""},"categories":[15,26,21,2],"tags":[1111,158],"acf":[],"yoast_head":"<!-- This site is optimized with the Yoast SEO plugin v20.1 - https:\/\/yoast.com\/wordpress\/plugins\/seo\/ -->\n<title>Ad Agrivarese in campo la solidariet\u00e0<\/title>\n<meta name=\"description\" content=\"Non mancher\u00e0 l\u2019attenzione verso le popolazioni laziali e abruzzesi vittime del recente terremoto nel ricchissimo programma di iniziative che nel 2016 caratterizzer\u00e0 AgriVarese\" \/>\n<meta name=\"robots\" content=\"noindex, follow, max-snippet:-1, max-image-preview:large, max-video-preview:-1\" \/>\n<meta property=\"og:locale\" content=\"it_IT\" \/>\n<meta property=\"og:type\" content=\"article\" \/>\n<meta property=\"og:title\" content=\"Ad Agrivarese in campo la solidariet\u00e0\" \/>\n<meta property=\"og:description\" content=\"Non mancher\u00e0 l\u2019attenzione verso le popolazioni laziali e abruzzesi vittime del recente terremoto nel ricchissimo programma di iniziative che nel 2016 caratterizzer\u00e0 AgriVarese\" \/>\n<meta property=\"og:url\" content=\"https:\/\/staging.varesenews.it\/2016\/09\/ad-agrivarese-in-campo-la-solidarieta\/550662\/\" \/>\n<meta property=\"og:site_name\" content=\"VareseNews\" \/>\n<meta property=\"article:publisher\" content=\"https:\/\/www.facebook.com\/varesenews\" \/>\n<meta property=\"article:author\" content=\"https:\/\/www.facebook.com\/stefaniaradman\" \/>\n<meta property=\"article:published_time\" content=\"2016-09-14T12:07:02+00:00\" \/>\n<meta property=\"article:modified_time\" content=\"2016-09-15T08:26:11+00:00\" \/>\n<meta name=\"author\" content=\"Stefania Radman\" \/>\n<meta name=\"twitter:card\" content=\"summary_large_image\" \/>\n<meta name=\"twitter:creator\" content=\"@LaRadman\" \/>\n<meta name=\"twitter:site\" content=\"@varesenews\" \/>\n<meta name=\"twitter:label1\" content=\"Scritto da\" \/>\n\t<meta name=\"twitter:data1\" content=\"Stefania Radman\" \/>\n\t<meta name=\"twitter:label2\" content=\"Tempo di lettura stimato\" \/>\n\t<meta name=\"twitter:data2\" content=\"8 minuti\" \/>\n<script type=\"application\/ld+json\" class=\"yoast-schema-graph\">{\"@context\":\"https:\/\/schema.org\",\"@graph\":[{\"@type\":\"WebPage\",\"@id\":\"https:\/\/staging.varesenews.it\/2016\/09\/ad-agrivarese-in-campo-la-solidarieta\/550662\/\",\"url\":\"https:\/\/staging.varesenews.it\/2016\/09\/ad-agrivarese-in-campo-la-solidarieta\/550662\/\",\"name\":\"Ad Agrivarese in campo la solidariet\u00e0\",\"isPartOf\":{\"@id\":\"https:\/\/staging.varesenews.it\/#website\"},\"datePublished\":\"2016-09-14T12:07:02+00:00\",\"dateModified\":\"2016-09-15T08:26:11+00:00\",\"author\":{\"@id\":\"https:\/\/staging.varesenews.it\/#\/schema\/person\/995d2e6a31c67237a9a1bc1f0079f3aa\"},\"description\":\"Non mancher\u00e0 l\u2019attenzione verso le popolazioni laziali e abruzzesi vittime del recente terremoto nel ricchissimo programma di iniziative che nel 2016 caratterizzer\u00e0 AgriVarese\",\"breadcrumb\":{\"@id\":\"https:\/\/staging.varesenews.it\/2016\/09\/ad-agrivarese-in-campo-la-solidarieta\/550662\/#breadcrumb\"},\"inLanguage\":\"it-IT\",\"potentialAction\":[{\"@type\":\"ReadAction\",\"target\":[\"https:\/\/staging.varesenews.it\/2016\/09\/ad-agrivarese-in-campo-la-solidarieta\/550662\/\"]}]},{\"@type\":\"BreadcrumbList\",\"@id\":\"https:\/\/staging.varesenews.it\/2016\/09\/ad-agrivarese-in-campo-la-solidarieta\/550662\/#breadcrumb\",\"itemListElement\":[{\"@type\":\"ListItem\",\"position\":1,\"name\":\"Home\",\"item\":\"https:\/\/www.varesenews.it\/\"},{\"@type\":\"ListItem\",\"position\":2,\"name\":\"Ad Agrivarese in campo la solidariet\u00e0\"}]},{\"@type\":\"WebSite\",\"@id\":\"https:\/\/staging.varesenews.it\/#website\",\"url\":\"https:\/\/staging.varesenews.it\/\",\"name\":\"VareseNews\",\"description\":\"\",\"potentialAction\":[{\"@type\":\"SearchAction\",\"target\":{\"@type\":\"EntryPoint\",\"urlTemplate\":\"https:\/\/staging.varesenews.it\/?s={search_term_string}\"},\"query-input\":\"required name=search_term_string\"}],\"inLanguage\":\"it-IT\"},{\"@type\":\"Person\",\"@id\":\"https:\/\/staging.varesenews.it\/#\/schema\/person\/995d2e6a31c67237a9a1bc1f0079f3aa\",\"name\":\"Stefania Radman\",\"image\":{\"@type\":\"ImageObject\",\"inLanguage\":\"it-IT\",\"@id\":\"https:\/\/staging.varesenews.it\/#\/schema\/person\/image\/\",\"url\":\"https:\/\/staging.varesenews.it\/wp-content\/uploads\/2020\/12\/stefania_radman_colori_500.jpg\",\"contentUrl\":\"https:\/\/staging.varesenews.it\/wp-content\/uploads\/2020\/12\/stefania_radman_colori_500.jpg\",\"caption\":\"Stefania Radman\"},\"description\":\"Varesina dal 1991, lavoro dal 2000 per Varesenews.it, prima come responsabile della pagina dell&rsquo;economia, poi della pagina life, ora della citt&agrave; di Varese.Ma sono (e sono stata) anche altro: per esempio, agli albori delle radio private ero dj in una radio milanese, Onda Radio. Da 20 anni sono corrispondente da Varese di Radio Popolare e ho collaborato con Espresso, Repubblica, Diario della Settimana, Italia Oggi. &ldquo;Smanettona&rdquo; da sempre, ho aperto il mio primo sito personale con Geocities nei primi anni novanta (chi se lo ricorda?) e i miei primi blog in Splinder all&rsquo;inizio del 2000. Ora sono sui social: qui quasi sempre sono semplicemente \\\"LaRadman&rdquo;.\",\"sameAs\":[\"http:\/\/laradman.blogspot.it\",\"https:\/\/www.facebook.com\/stefaniaradman\",\"@LaRadman\",\"https:\/\/www.linkedin.com\/in\/stefaniaradman\",\"https:\/\/twitter.com\/LaRadman\"],\"url\":\"https:\/\/staging.varesenews.it\/persona\/stefania-radman1\/\"}]}<\/script>\n<!-- \/ Yoast SEO plugin. -->","yoast_head_json":{"title":"Ad Agrivarese in campo la solidariet\u00e0","description":"Non mancher\u00e0 l\u2019attenzione verso le popolazioni laziali e abruzzesi vittime del recente terremoto nel ricchissimo programma di iniziative che nel 2016 caratterizzer\u00e0 AgriVarese","robots":{"index":"noindex","follow":"follow","max-snippet":"max-snippet:-1","max-image-preview":"max-image-preview:large","max-video-preview":"max-video-preview:-1"},"og_locale":"it_IT","og_type":"article","og_title":"Ad Agrivarese in campo la solidariet\u00e0","og_description":"Non mancher\u00e0 l\u2019attenzione verso le popolazioni laziali e abruzzesi vittime del recente terremoto nel ricchissimo programma di iniziative che nel 2016 caratterizzer\u00e0 AgriVarese","og_url":"https:\/\/staging.varesenews.it\/2016\/09\/ad-agrivarese-in-campo-la-solidarieta\/550662\/","og_site_name":"VareseNews","article_publisher":"https:\/\/www.facebook.com\/varesenews","article_author":"https:\/\/www.facebook.com\/stefaniaradman","article_published_time":"2016-09-14T12:07:02+00:00","article_modified_time":"2016-09-15T08:26:11+00:00","author":"Stefania Radman","twitter_card":"summary_large_image","twitter_creator":"@LaRadman","twitter_site":"@varesenews","twitter_misc":{"Scritto da":"Stefania Radman","Tempo di lettura stimato":"8 minuti"},"schema":{"@context":"https:\/\/schema.org","@graph":[{"@type":"WebPage","@id":"https:\/\/staging.varesenews.it\/2016\/09\/ad-agrivarese-in-campo-la-solidarieta\/550662\/","url":"https:\/\/staging.varesenews.it\/2016\/09\/ad-agrivarese-in-campo-la-solidarieta\/550662\/","name":"Ad Agrivarese in campo la solidariet\u00e0","isPartOf":{"@id":"https:\/\/staging.varesenews.it\/#website"},"datePublished":"2016-09-14T12:07:02+00:00","dateModified":"2016-09-15T08:26:11+00:00","author":{"@id":"https:\/\/staging.varesenews.it\/#\/schema\/person\/995d2e6a31c67237a9a1bc1f0079f3aa"},"description":"Non mancher\u00e0 l\u2019attenzione verso le popolazioni laziali e abruzzesi vittime del recente terremoto nel ricchissimo programma di iniziative che nel 2016 caratterizzer\u00e0 AgriVarese","breadcrumb":{"@id":"https:\/\/staging.varesenews.it\/2016\/09\/ad-agrivarese-in-campo-la-solidarieta\/550662\/#breadcrumb"},"inLanguage":"it-IT","potentialAction":[{"@type":"ReadAction","target":["https:\/\/staging.varesenews.it\/2016\/09\/ad-agrivarese-in-campo-la-solidarieta\/550662\/"]}]},{"@type":"BreadcrumbList","@id":"https:\/\/staging.varesenews.it\/2016\/09\/ad-agrivarese-in-campo-la-solidarieta\/550662\/#breadcrumb","itemListElement":[{"@type":"ListItem","position":1,"name":"Home","item":"https:\/\/www.varesenews.it\/"},{"@type":"ListItem","position":2,"name":"Ad Agrivarese in campo la solidariet\u00e0"}]},{"@type":"WebSite","@id":"https:\/\/staging.varesenews.it\/#website","url":"https:\/\/staging.varesenews.it\/","name":"VareseNews","description":"","potentialAction":[{"@type":"SearchAction","target":{"@type":"EntryPoint","urlTemplate":"https:\/\/staging.varesenews.it\/?s={search_term_string}"},"query-input":"required name=search_term_string"}],"inLanguage":"it-IT"},{"@type":"Person","@id":"https:\/\/staging.varesenews.it\/#\/schema\/person\/995d2e6a31c67237a9a1bc1f0079f3aa","name":"Stefania Radman","image":{"@type":"ImageObject","inLanguage":"it-IT","@id":"https:\/\/staging.varesenews.it\/#\/schema\/person\/image\/","url":"https:\/\/staging.varesenews.it\/wp-content\/uploads\/2020\/12\/stefania_radman_colori_500.jpg","contentUrl":"https:\/\/staging.varesenews.it\/wp-content\/uploads\/2020\/12\/stefania_radman_colori_500.jpg","caption":"Stefania Radman"},"description":"Varesina dal 1991, lavoro dal 2000 per Varesenews.it, prima come responsabile della pagina dell&rsquo;economia, poi della pagina life, ora della citt&agrave; di Varese.Ma sono (e sono stata) anche altro: per esempio, agli albori delle radio private ero dj in una radio milanese, Onda Radio. Da 20 anni sono corrispondente da Varese di Radio Popolare e ho collaborato con Espresso, Repubblica, Diario della Settimana, Italia Oggi. &ldquo;Smanettona&rdquo; da sempre, ho aperto il mio primo sito personale con Geocities nei primi anni novanta (chi se lo ricorda?) e i miei primi blog in Splinder all&rsquo;inizio del 2000. Ora sono sui social: qui quasi sempre sono semplicemente \"LaRadman&rdquo;.","sameAs":["http:\/\/laradman.blogspot.it","https:\/\/www.facebook.com\/stefaniaradman","@LaRadman","https:\/\/www.linkedin.com\/in\/stefaniaradman","https:\/\/twitter.com\/LaRadman"],"url":"https:\/\/staging.varesenews.it\/persona\/stefania-radman1\/"}]}},"post_meta":{"_edit_lock":"1474035617:48","_edit_last":"48","_category_permalink":"","wdfb_og_title":"","wdfb_og_type":"","wdfb_og_description":"","wdfb_og_images":"a:1:{i:0;s:0:\"\";}","wdfb_og_custom_name":"a:1:{i:0;s:0:\"\";}","wdfb_og_custom_value":"a:1:{i:0;s:0:\"\";}","_jd_twitter":"","_jd_tweet_this":"yes","argomento":"Varese","ratings_users":"0","ratings_score":"0","ratings_average":"0","foto":"567285","_wpt_short_url":"http:\/\/www.varesenews.it\/2016\/09\/ad-agrivarese-in-campo-la-solidarieta\/550662\/","_wp_jd_target":"http:\/\/www.varesenews.it\/2016\/09\/ad-agrivarese-in-campo-la-solidarieta\/550662\/","_jd_wp_twitter":"a:1:{i:0;s:138:\"Ad Agrivarese in campo la solidariet\u00e0 http:\/\/www.varesenews.it\/2016\/09\/ad-agrivarese-in-campo-la-solidarieta\/550662\/ #agrivarese #weekend\";}","_wpt_status_message":"Tweet inviato con successo.","video":"550714","id_leggi_anche":"550643,549961,547856,550823,551407,551475","_yoast_wpseo_focuskw":"agrivarese","_yoast_wpseo_linkdex":"72","id_video_vzaar":"8167552"},"photos":[{"original":"https:\/\/staging.varesenews.it\/photogallery_new\/images\/2016\/09\/economia-generiche-567285.jpg","full":"https:\/\/staging.varesenews.it\/photogallery_new\/images\/2016\/09\/economia-generiche-567285.1024x768.jpg","large":"https:\/\/staging.varesenews.it\/photogallery_new\/images\/2016\/09\/economia-generiche-567285.610x431.jpg"}],"_links":{"self":[{"href":"https:\/\/staging.varesenews.it\/swgapi\/v1\/wp\/v2\/posts\/550662"}],"collection":[{"href":"https:\/\/staging.varesenews.it\/swgapi\/v1\/wp\/v2\/posts"}],"about":[{"href":"https:\/\/staging.varesenews.it\/swgapi\/v1\/wp\/v2\/types\/post"}],"author":[{"embeddable":true,"href":"https:\/\/staging.varesenews.it\/swgapi\/v1\/wp\/v2\/users\/48"}],"replies":[{"embeddable":true,"href":"https:\/\/staging.varesenews.it\/swgapi\/v1\/wp\/v2\/comments?post=550662"}],"version-history":[{"count":0,"href":"https:\/\/staging.varesenews.it\/swgapi\/v1\/wp\/v2\/posts\/550662\/revisions"}],"wp:attachment":[{"href":"https:\/\/staging.varesenews.it\/swgapi\/v1\/wp\/v2\/media?parent=550662"}],"wp:term":[{"taxonomy":"category","embeddable":true,"href":"https:\/\/staging.varesenews.it\/swgapi\/v1\/wp\/v2\/categories?post=550662"},{"taxonomy":"post_tag","embeddable":true,"href":"https:\/\/staging.varesenews.it\/swgapi\/v1\/wp\/v2\/tags?post=550662"}],"curies":[{"name":"wp","href":"https:\/\/api.w.org\/{rel}","templated":true}]}}