{"id":551782,"date":"2016-09-18T14:23:26","date_gmt":"2016-09-18T12:23:26","guid":{"rendered":"http:\/\/www.varesenews.it\/?p=551782"},"modified":"2016-09-18T14:23:26","modified_gmt":"2016-09-18T12:23:26","slug":"la-pioggia-da-sollievo-ma-non-cancella-la-siccita","status":"publish","type":"post","link":"https:\/\/staging.varesenews.it\/2016\/09\/la-pioggia-da-sollievo-ma-non-cancella-la-siccita\/551782\/","title":{"rendered":"La pioggia d\u00e0 sollievo ma non cancella la siccit\u00e0"},"content":{"rendered":"<p><em>(Foto scattata ad Angera da Ennio Villa)<br \/>\n<\/em>La pioggia finalmente \u00e8 arrivata e, seppur di poco,<strong> il livello del Lago Maggiore ha ripreso\u00a0a salire.<\/strong>\u00a0Non abbastanza per\u00f2: la condizione del Verbano rimane\u00a0<strong>ancora al di sotto della soglia di magra<\/strong> mentre nelle previsioni, per la prossima settimana, non c&#8217;\u00e8 traccia di nuove precipitazioni.<\/p>\n<p>Restano dunque in vigore anche i provvedimenti disposti dalla Societ\u00e0 di Navigazione dei laghi come <strong>la sospensione delle fermate dell&#8217;aliscafo<\/strong> all&#8217;Isola Bella, all&#8217;Isola Madre e a Porto Valtravaglia e le<strong> limitazioni per la portata dei traghetti<\/strong>.<\/p>\n<p>Nella stessa situazione, se non ancor pi\u00f9 critica, \u00e8 il fiume Ticino che resta in condizioni di evidente siccit\u00e0.<\/p>\n<p><a href=\"http:\/\/www.varesenews.it\/tag\/fiume-ticino\/\">Tutti gli articoli sulla situazione del fiume Ticino\u00a0<\/a><\/p>\n<p><a href=\"http:\/\/www.varesenews.it\/tag\/siccita\/\">Tutti gli articoli sulla magra del Verbano<\/a><\/p>\n<p>&nbsp;<\/p>\n","protected":false},"excerpt":{"rendered":"<p>La situazione del Verbano e del Ticino resta critica. Per la prossima settimana inoltre non sono previste nuove precipitazioni<\/p>\n","protected":false},"author":43,"featured_media":0,"comment_status":"open","ping_status":"open","sticky":false,"template":"","format":"standard","meta":{"footnotes":""},"categories":[7,2],"tags":[57035,3746,1074,21831],"acf":[],"yoast_head":"<!-- This site is optimized with the Yoast SEO plugin v20.1 - https:\/\/yoast.com\/wordpress\/plugins\/seo\/ -->\n<title>La pioggia d\u00e0 sollievo ma non cancella la siccit\u00e0<\/title>\n<meta name=\"description\" content=\"La situazione del Verbano e del Ticino resta critica. Per la prossima settimana inoltre non sono previste nuove precipitazioni\" \/>\n<meta name=\"robots\" content=\"noindex, follow, max-snippet:-1, max-image-preview:large, max-video-preview:-1\" \/>\n<meta property=\"og:locale\" content=\"it_IT\" \/>\n<meta property=\"og:type\" content=\"article\" \/>\n<meta property=\"og:title\" content=\"La pioggia d\u00e0 sollievo ma non cancella la siccit\u00e0\" \/>\n<meta property=\"og:description\" content=\"La situazione del Verbano e del Ticino resta critica. Per la prossima settimana inoltre non sono previste nuove precipitazioni\" \/>\n<meta property=\"og:url\" content=\"https:\/\/staging.varesenews.it\/2016\/09\/la-pioggia-da-sollievo-ma-non-cancella-la-siccita\/551782\/\" \/>\n<meta property=\"og:site_name\" content=\"VareseNews\" \/>\n<meta property=\"article:publisher\" content=\"https:\/\/www.facebook.com\/varesenews\" \/>\n<meta property=\"article:author\" content=\"https:\/\/www.facebook.com\/mariacarla.cebrelli\" \/>\n<meta property=\"article:published_time\" content=\"2016-09-18T12:23:26+00:00\" \/>\n<meta name=\"author\" content=\"Maria Carla Cebrelli\" \/>\n<meta name=\"twitter:card\" content=\"summary_large_image\" \/>\n<meta name=\"twitter:creator\" content=\"@pikapiketti\" \/>\n<meta name=\"twitter:site\" content=\"@varesenews\" \/>\n<meta name=\"twitter:label1\" content=\"Scritto da\" \/>\n\t<meta name=\"twitter:data1\" content=\"Maria Carla Cebrelli\" \/>\n\t<meta name=\"twitter:label2\" content=\"Tempo di lettura stimato\" \/>\n\t<meta name=\"twitter:data2\" content=\"1 minuto\" \/>\n<script type=\"application\/ld+json\" class=\"yoast-schema-graph\">{\"@context\":\"https:\/\/schema.org\",\"@graph\":[{\"@type\":\"WebPage\",\"@id\":\"https:\/\/staging.varesenews.it\/2016\/09\/la-pioggia-da-sollievo-ma-non-cancella-la-siccita\/551782\/\",\"url\":\"https:\/\/staging.varesenews.it\/2016\/09\/la-pioggia-da-sollievo-ma-non-cancella-la-siccita\/551782\/\",\"name\":\"La pioggia d\u00e0 sollievo ma non cancella la siccit\u00e0\",\"isPartOf\":{\"@id\":\"https:\/\/staging.varesenews.it\/#website\"},\"datePublished\":\"2016-09-18T12:23:26+00:00\",\"dateModified\":\"2016-09-18T12:23:26+00:00\",\"author\":{\"@id\":\"https:\/\/staging.varesenews.it\/#\/schema\/person\/5bf790e99d7ec50061119cc825c454de\"},\"description\":\"La situazione del Verbano e del Ticino resta critica. Per la prossima settimana inoltre non sono previste nuove precipitazioni\",\"breadcrumb\":{\"@id\":\"https:\/\/staging.varesenews.it\/2016\/09\/la-pioggia-da-sollievo-ma-non-cancella-la-siccita\/551782\/#breadcrumb\"},\"inLanguage\":\"it-IT\",\"potentialAction\":[{\"@type\":\"ReadAction\",\"target\":[\"https:\/\/staging.varesenews.it\/2016\/09\/la-pioggia-da-sollievo-ma-non-cancella-la-siccita\/551782\/\"]}]},{\"@type\":\"BreadcrumbList\",\"@id\":\"https:\/\/staging.varesenews.it\/2016\/09\/la-pioggia-da-sollievo-ma-non-cancella-la-siccita\/551782\/#breadcrumb\",\"itemListElement\":[{\"@type\":\"ListItem\",\"position\":1,\"name\":\"Home\",\"item\":\"https:\/\/www.varesenews.it\/\"},{\"@type\":\"ListItem\",\"position\":2,\"name\":\"La pioggia d\u00e0 sollievo ma non cancella la siccit\u00e0\"}]},{\"@type\":\"WebSite\",\"@id\":\"https:\/\/staging.varesenews.it\/#website\",\"url\":\"https:\/\/staging.varesenews.it\/\",\"name\":\"VareseNews\",\"description\":\"\",\"potentialAction\":[{\"@type\":\"SearchAction\",\"target\":{\"@type\":\"EntryPoint\",\"urlTemplate\":\"https:\/\/staging.varesenews.it\/?s={search_term_string}\"},\"query-input\":\"required name=search_term_string\"}],\"inLanguage\":\"it-IT\"},{\"@type\":\"Person\",\"@id\":\"https:\/\/staging.varesenews.it\/#\/schema\/person\/5bf790e99d7ec50061119cc825c454de\",\"name\":\"Maria Carla Cebrelli\",\"image\":{\"@type\":\"ImageObject\",\"inLanguage\":\"it-IT\",\"@id\":\"https:\/\/staging.varesenews.it\/#\/schema\/person\/image\/\",\"url\":\"https:\/\/staging.varesenews.it\/wp-content\/uploads\/2020\/12\/mariacarla_cebrelli_colori_500-1.jpg\",\"contentUrl\":\"https:\/\/staging.varesenews.it\/wp-content\/uploads\/2020\/12\/mariacarla_cebrelli_colori_500-1.jpg\",\"caption\":\"Maria Carla Cebrelli\"},\"description\":\"Economista di formazione, giornalista per passione. A VareseNews dal 2005, mi sono occupata negli anni di universit&agrave;, tematiche di confine, news locali e comunicazione nel settore sociale. Attualmente sono responsabile di VerbanoNews, del canale di VareseNews dedicato al Turismo e seguo i social dell'area business.\",\"sameAs\":[\"https:\/\/www.facebook.com\/mariacarla.cebrelli\",\"pikapiketti\",\"https:\/\/twitter.com\/pikapiketti\"],\"url\":\"https:\/\/staging.varesenews.it\/persona\/mariacarla-cebrelli1\/\"}]}<\/script>\n<!-- \/ Yoast SEO plugin. -->","yoast_head_json":{"title":"La pioggia d\u00e0 sollievo ma non cancella la siccit\u00e0","description":"La situazione del Verbano e del Ticino resta critica. Per la prossima settimana inoltre non sono previste nuove precipitazioni","robots":{"index":"noindex","follow":"follow","max-snippet":"max-snippet:-1","max-image-preview":"max-image-preview:large","max-video-preview":"max-video-preview:-1"},"og_locale":"it_IT","og_type":"article","og_title":"La pioggia d\u00e0 sollievo ma non cancella la siccit\u00e0","og_description":"La situazione del Verbano e del Ticino resta critica. Per la prossima settimana inoltre non sono previste nuove precipitazioni","og_url":"https:\/\/staging.varesenews.it\/2016\/09\/la-pioggia-da-sollievo-ma-non-cancella-la-siccita\/551782\/","og_site_name":"VareseNews","article_publisher":"https:\/\/www.facebook.com\/varesenews","article_author":"https:\/\/www.facebook.com\/mariacarla.cebrelli","article_published_time":"2016-09-18T12:23:26+00:00","author":"Maria Carla Cebrelli","twitter_card":"summary_large_image","twitter_creator":"@pikapiketti","twitter_site":"@varesenews","twitter_misc":{"Scritto da":"Maria Carla Cebrelli","Tempo di lettura stimato":"1 minuto"},"schema":{"@context":"https:\/\/schema.org","@graph":[{"@type":"WebPage","@id":"https:\/\/staging.varesenews.it\/2016\/09\/la-pioggia-da-sollievo-ma-non-cancella-la-siccita\/551782\/","url":"https:\/\/staging.varesenews.it\/2016\/09\/la-pioggia-da-sollievo-ma-non-cancella-la-siccita\/551782\/","name":"La pioggia d\u00e0 sollievo ma non cancella la siccit\u00e0","isPartOf":{"@id":"https:\/\/staging.varesenews.it\/#website"},"datePublished":"2016-09-18T12:23:26+00:00","dateModified":"2016-09-18T12:23:26+00:00","author":{"@id":"https:\/\/staging.varesenews.it\/#\/schema\/person\/5bf790e99d7ec50061119cc825c454de"},"description":"La situazione del Verbano e del Ticino resta critica. Per la prossima settimana inoltre non sono previste nuove precipitazioni","breadcrumb":{"@id":"https:\/\/staging.varesenews.it\/2016\/09\/la-pioggia-da-sollievo-ma-non-cancella-la-siccita\/551782\/#breadcrumb"},"inLanguage":"it-IT","potentialAction":[{"@type":"ReadAction","target":["https:\/\/staging.varesenews.it\/2016\/09\/la-pioggia-da-sollievo-ma-non-cancella-la-siccita\/551782\/"]}]},{"@type":"BreadcrumbList","@id":"https:\/\/staging.varesenews.it\/2016\/09\/la-pioggia-da-sollievo-ma-non-cancella-la-siccita\/551782\/#breadcrumb","itemListElement":[{"@type":"ListItem","position":1,"name":"Home","item":"https:\/\/www.varesenews.it\/"},{"@type":"ListItem","position":2,"name":"La pioggia d\u00e0 sollievo ma non cancella la siccit\u00e0"}]},{"@type":"WebSite","@id":"https:\/\/staging.varesenews.it\/#website","url":"https:\/\/staging.varesenews.it\/","name":"VareseNews","description":"","potentialAction":[{"@type":"SearchAction","target":{"@type":"EntryPoint","urlTemplate":"https:\/\/staging.varesenews.it\/?s={search_term_string}"},"query-input":"required name=search_term_string"}],"inLanguage":"it-IT"},{"@type":"Person","@id":"https:\/\/staging.varesenews.it\/#\/schema\/person\/5bf790e99d7ec50061119cc825c454de","name":"Maria Carla Cebrelli","image":{"@type":"ImageObject","inLanguage":"it-IT","@id":"https:\/\/staging.varesenews.it\/#\/schema\/person\/image\/","url":"https:\/\/staging.varesenews.it\/wp-content\/uploads\/2020\/12\/mariacarla_cebrelli_colori_500-1.jpg","contentUrl":"https:\/\/staging.varesenews.it\/wp-content\/uploads\/2020\/12\/mariacarla_cebrelli_colori_500-1.jpg","caption":"Maria Carla Cebrelli"},"description":"Economista di formazione, giornalista per passione. A VareseNews dal 2005, mi sono occupata negli anni di universit&agrave;, tematiche di confine, news locali e comunicazione nel settore sociale. Attualmente sono responsabile di VerbanoNews, del canale di VareseNews dedicato al Turismo e seguo i social dell'area business.","sameAs":["https:\/\/www.facebook.com\/mariacarla.cebrelli","pikapiketti","https:\/\/twitter.com\/pikapiketti"],"url":"https:\/\/staging.varesenews.it\/persona\/mariacarla-cebrelli1\/"}]}},"post_meta":{"_edit_lock":"1474201412:43","_edit_last":"43","ratings_users":"0","ratings_score":"0","ratings_average":"0","_category_permalink":"","wdfb_og_title":"","wdfb_og_type":"","wdfb_og_description":"","wdfb_og_images":"a:1:{i:0;s:0:\"\";}","wdfb_og_custom_name":"a:1:{i:0;s:0:\"\";}","wdfb_og_custom_value":"a:1:{i:0;s:0:\"\";}","id_leggi_anche":"479339","foto":"567874","firma-personalizzata":"m.c.c.","argomento":"Provincia","_jd_twitter":"","_jd_tweet_this":"yes","_wpt_short_url":"http:\/\/www.varesenews.it\/2016\/09\/la-pioggia-da-sollievo-ma-non-cancella-la-siccita\/551782\/","_wp_jd_target":"http:\/\/www.varesenews.it\/2016\/09\/la-pioggia-da-sollievo-ma-non-cancella-la-siccita\/551782\/","_jd_wp_twitter":"a:1:{i:0;s:183:\"La pioggia d\u00e0 sollievo ma non cancella la siccit\u00e0 http:\/\/www.varesenews.it\/2016\/09\/la-pioggia-da-sollievo-ma-non-cancella-la-siccita\/551782\/ #bassoverbano #fiumeticino #lagoMaggiore\";}","_wpt_status_message":"Tweet inviato con successo."},"photos":[{"original":"https:\/\/staging.varesenews.it\/photogallery_new\/images\/2016\/09\/basso-verbano-varie-567874.jpg","full":"https:\/\/staging.varesenews.it\/photogallery_new\/images\/2016\/09\/basso-verbano-varie-567874.1024x768.jpg","large":"https:\/\/staging.varesenews.it\/photogallery_new\/images\/2016\/09\/basso-verbano-varie-567874.610x431.jpg"}],"_links":{"self":[{"href":"https:\/\/staging.varesenews.it\/swgapi\/v1\/wp\/v2\/posts\/551782"}],"collection":[{"href":"https:\/\/staging.varesenews.it\/swgapi\/v1\/wp\/v2\/posts"}],"about":[{"href":"https:\/\/staging.varesenews.it\/swgapi\/v1\/wp\/v2\/types\/post"}],"author":[{"embeddable":true,"href":"https:\/\/staging.varesenews.it\/swgapi\/v1\/wp\/v2\/users\/43"}],"replies":[{"embeddable":true,"href":"https:\/\/staging.varesenews.it\/swgapi\/v1\/wp\/v2\/comments?post=551782"}],"version-history":[{"count":0,"href":"https:\/\/staging.varesenews.it\/swgapi\/v1\/wp\/v2\/posts\/551782\/revisions"}],"wp:attachment":[{"href":"https:\/\/staging.varesenews.it\/swgapi\/v1\/wp\/v2\/media?parent=551782"}],"wp:term":[{"taxonomy":"category","embeddable":true,"href":"https:\/\/staging.varesenews.it\/swgapi\/v1\/wp\/v2\/categories?post=551782"},{"taxonomy":"post_tag","embeddable":true,"href":"https:\/\/staging.varesenews.it\/swgapi\/v1\/wp\/v2\/tags?post=551782"}],"curies":[{"name":"wp","href":"https:\/\/api.w.org\/{rel}","templated":true}]}}