{"id":551826,"date":"2016-09-18T18:17:57","date_gmt":"2016-09-18T16:17:57","guid":{"rendered":"http:\/\/www.varesenews.it\/?p=551826"},"modified":"2016-09-18T18:45:46","modified_gmt":"2016-09-18T16:45:46","slug":"amelia-porta-amatrice-ad-agrivarese","status":"publish","type":"post","link":"https:\/\/staging.varesenews.it\/2016\/09\/amelia-porta-amatrice-ad-agrivarese\/551826\/","title":{"rendered":"Amelia porta Amatrice ad AgriVarese"},"content":{"rendered":"<p>In una mattina hanno venduto met\u00e0 dei prodotti. Sul banco e nella vetrinetta ci sono formaggi, yogurt e pasta.<\/p>\n<p>Quest&#8217;anno <strong>ad AgriVarese c&#8217;era un ospite speciale: l&#8217;azienda agricola Casale Nibbi di Amatrice.<\/strong> Il legame, come spesso capita, \u00e8 nato quasi per caso. Grazie a <strong>Stefano, responsabile della Pastorale sociale della Diocesi di Rieti<\/strong>, due settimane fa venne individuata la famiglia a cui consegnare il camper partito da Varese.<\/p>\n<p>Oggi entrambi questi soggetti erano a Varese. <strong>L&#8217;azienda Nibbi in piazza monte Grappa<\/strong> per vendere i propri prodotti e <strong>Stefano <a href=\"http:\/\/www.varesenews.it\/photogallery\/amatriciana-solidale-in-piazza-san-vittore\/\">in piazza San Vittore<\/a> per la giornata solidale a base di amatriciana<\/strong>. Solo a pranzo sono stati serviti oltre 500 porzioni di pasta.<\/p>\n<p>La nostra citt\u00e0, grazie alla Camera di commercio, l&#8217;Aime, i volontari della festa dell&#8217;Unit\u00e0 della Schiranna e tanti altri, si \u00e8 mobilitata e ha risposto subito con calore, come racconta <strong>Amelia nella sua intervista<\/strong>.<\/p>\n<p>\u00abC&#8217;\u00e8 ancora tanta confusione e ci servono tante cose, ma il punto pi\u00f9 importante \u00e8 cercare di riprendere a vivere normalmente\u00bb.<\/p>\n<p><strong>Amelia sorride<span style=\"line-height: 0px;\">, ma non nasconde le difficolt\u00e0 che stanno vivendo.<\/span><\/strong><\/p>\n<p>\u00abSono molto grata a Varese, dove abbiamo avuto un&#8217;accoglienza molto calorosa. Qui si sono attivati in tanti e ieri sera sono stata invitata a mangiare una pizza e nel locale avevano una proposta per raccogliere fondi per il terremoto. Poi un ringraziamento speciale va alla persona che ci ha prestato il suo camper. Per noi \u00e8 prezioso perch\u00e9 ci permette di continuare a vivere vicino all&#8217;azienda\u00bb.<\/p>\n<p>Amelia \u00e8 arrivata sabato sera con tanti prodotti del proprio casale. Di fronte al loro stand ci sono sempre persone e loro ringraziano e parlano con tutti.<\/p>\n<p>&#8220;Grazie per quello che fate possiamo\u00a0ricompensarvi con i nostri buoni prodotti. Sentirete la qualit\u00e0 e peccato restare solo per un giorno&#8221;<\/p>\n<p>&nbsp;<\/p>\n<p>&nbsp;<\/p>\n","protected":false},"excerpt":{"rendered":"<p>L&#8217;azienda agricola Casale Nibbi di Amatrice \u00e8 stata ospite della manifestazione varesina. &#8220;Tanto calore intorno a noi e vi ricompensiamo con i nostri buoni prodotti&#8221;<\/p>\n","protected":false},"author":54,"featured_media":0,"comment_status":"open","ping_status":"open","sticky":false,"template":"","format":"standard","meta":{"footnotes":""},"categories":[2],"tags":[1111,63595,130],"acf":[],"yoast_head":"<!-- This site is optimized with the Yoast SEO plugin v20.1 - https:\/\/yoast.com\/wordpress\/plugins\/seo\/ -->\n<title>Amelia porta Amatrice ad AgriVarese<\/title>\n<meta name=\"description\" content=\"L&#039;azienda agricola Casale Nibbi di Amatrice \u00e8 stata ospite della manifestazione varesina. &quot;Tanto calore intorno a noi e vi ricompensiamo con i nostri buoni prodotti&quot;\" \/>\n<meta name=\"robots\" content=\"noindex, follow, max-snippet:-1, max-image-preview:large, max-video-preview:-1\" \/>\n<meta property=\"og:locale\" content=\"it_IT\" \/>\n<meta property=\"og:type\" content=\"article\" \/>\n<meta property=\"og:title\" content=\"Amelia porta Amatrice ad AgriVarese\" \/>\n<meta property=\"og:description\" content=\"L&#039;azienda agricola Casale Nibbi di Amatrice \u00e8 stata ospite della manifestazione varesina. &quot;Tanto calore intorno a noi e vi ricompensiamo con i nostri buoni prodotti&quot;\" \/>\n<meta property=\"og:url\" content=\"https:\/\/staging.varesenews.it\/2016\/09\/amelia-porta-amatrice-ad-agrivarese\/551826\/\" \/>\n<meta property=\"og:site_name\" content=\"VareseNews\" \/>\n<meta property=\"article:publisher\" content=\"https:\/\/www.facebook.com\/varesenews\" \/>\n<meta property=\"article:author\" content=\"https:\/\/www.facebook.com\/giovannelli.marco?fref=ts\" \/>\n<meta property=\"article:published_time\" content=\"2016-09-18T16:17:57+00:00\" \/>\n<meta property=\"article:modified_time\" content=\"2016-09-18T16:45:46+00:00\" \/>\n<meta name=\"author\" content=\"Marco Giovannelli\" \/>\n<meta name=\"twitter:card\" content=\"summary_large_image\" \/>\n<meta name=\"twitter:creator\" content=\"@marcogio59\" \/>\n<meta name=\"twitter:site\" content=\"@varesenews\" \/>\n<meta name=\"twitter:label1\" content=\"Scritto da\" \/>\n\t<meta name=\"twitter:data1\" content=\"Marco Giovannelli\" \/>\n\t<meta name=\"twitter:label2\" content=\"Tempo di lettura stimato\" \/>\n\t<meta name=\"twitter:data2\" content=\"1 minuto\" \/>\n<script type=\"application\/ld+json\" class=\"yoast-schema-graph\">{\"@context\":\"https:\/\/schema.org\",\"@graph\":[{\"@type\":\"WebPage\",\"@id\":\"https:\/\/staging.varesenews.it\/2016\/09\/amelia-porta-amatrice-ad-agrivarese\/551826\/\",\"url\":\"https:\/\/staging.varesenews.it\/2016\/09\/amelia-porta-amatrice-ad-agrivarese\/551826\/\",\"name\":\"Amelia porta Amatrice ad AgriVarese\",\"isPartOf\":{\"@id\":\"https:\/\/staging.varesenews.it\/#website\"},\"datePublished\":\"2016-09-18T16:17:57+00:00\",\"dateModified\":\"2016-09-18T16:45:46+00:00\",\"author\":{\"@id\":\"https:\/\/staging.varesenews.it\/#\/schema\/person\/b32b6f44664f8274f79469e452856024\"},\"description\":\"L'azienda agricola Casale Nibbi di Amatrice \u00e8 stata ospite della manifestazione varesina. \\\"Tanto calore intorno a noi e vi ricompensiamo con i nostri buoni prodotti\\\"\",\"breadcrumb\":{\"@id\":\"https:\/\/staging.varesenews.it\/2016\/09\/amelia-porta-amatrice-ad-agrivarese\/551826\/#breadcrumb\"},\"inLanguage\":\"it-IT\",\"potentialAction\":[{\"@type\":\"ReadAction\",\"target\":[\"https:\/\/staging.varesenews.it\/2016\/09\/amelia-porta-amatrice-ad-agrivarese\/551826\/\"]}]},{\"@type\":\"BreadcrumbList\",\"@id\":\"https:\/\/staging.varesenews.it\/2016\/09\/amelia-porta-amatrice-ad-agrivarese\/551826\/#breadcrumb\",\"itemListElement\":[{\"@type\":\"ListItem\",\"position\":1,\"name\":\"Home\",\"item\":\"https:\/\/www.varesenews.it\/\"},{\"@type\":\"ListItem\",\"position\":2,\"name\":\"Amelia porta Amatrice ad AgriVarese\"}]},{\"@type\":\"WebSite\",\"@id\":\"https:\/\/staging.varesenews.it\/#website\",\"url\":\"https:\/\/staging.varesenews.it\/\",\"name\":\"VareseNews\",\"description\":\"\",\"potentialAction\":[{\"@type\":\"SearchAction\",\"target\":{\"@type\":\"EntryPoint\",\"urlTemplate\":\"https:\/\/staging.varesenews.it\/?s={search_term_string}\"},\"query-input\":\"required name=search_term_string\"}],\"inLanguage\":\"it-IT\"},{\"@type\":\"Person\",\"@id\":\"https:\/\/staging.varesenews.it\/#\/schema\/person\/b32b6f44664f8274f79469e452856024\",\"name\":\"Marco Giovannelli\",\"image\":{\"@type\":\"ImageObject\",\"inLanguage\":\"it-IT\",\"@id\":\"https:\/\/staging.varesenews.it\/#\/schema\/person\/image\/\",\"url\":\"https:\/\/staging.varesenews.it\/wp-content\/uploads\/2020\/12\/marco_giovannelli_colori_500.jpg\",\"contentUrl\":\"https:\/\/staging.varesenews.it\/wp-content\/uploads\/2020\/12\/marco_giovannelli_colori_500.jpg\",\"caption\":\"Marco Giovannelli\"},\"description\":\"Viterbese di origine vivo a Varese dal 1978. Due figli grandi, due lauree in scienze &ldquo;inutili&rdquo; quanto affascinanti che mi portano a mettere lo studio ancora al primo posto. Dopo aver lavorato per il sindacato, fondato e lavorato al centro Gulliver, in una cooperativa che gestiva il Circolino a Varese, con un altro viterbese e un lucano ho fondato VareseNews quando nessuno o quasi sapeva cosa fosse Internet. Ho alcune grandi passioni, la prima &egrave; il cammino che cerco di vivere quotidianamente. Averne percorsi alcuni storici con Santiago e la Francigena mi ha poi portato a far diventare anche lavoro la loro valorizzazione e in particolare la Via Francisca del Lucomagno. Amo leggere, andare al cinema, viaggiare. Mi piace conoscere. La mia migliore attitudine &egrave; connettere mondi e per questo mi affascina la contemporaneit&agrave; e il digitale. Ho insegnato diritto ed economia per un decennio nelle scuole superiori. Ho tenuto diverse lezioni e laboratori allo Iulm e ora all&rsquo;Universit&agrave; dell&rsquo;Insubria con un corso di Giornalismo digitale alla specialistica. Ho fondato diversi progetti editoriali.&nbsp;\",\"sameAs\":[\"https:\/\/www.facebook.com\/giovannelli.marco?fref=ts\",\"marcogio59\",\"https:\/\/it.linkedin.com\/in\/giovannellimarco\",\"https:\/\/twitter.com\/marcogio59\"],\"url\":\"https:\/\/staging.varesenews.it\/persona\/marco_giovannelli-2\/\"}]}<\/script>\n<!-- \/ Yoast SEO plugin. -->","yoast_head_json":{"title":"Amelia porta Amatrice ad AgriVarese","description":"L'azienda agricola Casale Nibbi di Amatrice \u00e8 stata ospite della manifestazione varesina. \"Tanto calore intorno a noi e vi ricompensiamo con i nostri buoni prodotti\"","robots":{"index":"noindex","follow":"follow","max-snippet":"max-snippet:-1","max-image-preview":"max-image-preview:large","max-video-preview":"max-video-preview:-1"},"og_locale":"it_IT","og_type":"article","og_title":"Amelia porta Amatrice ad AgriVarese","og_description":"L'azienda agricola Casale Nibbi di Amatrice \u00e8 stata ospite della manifestazione varesina. \"Tanto calore intorno a noi e vi ricompensiamo con i nostri buoni prodotti\"","og_url":"https:\/\/staging.varesenews.it\/2016\/09\/amelia-porta-amatrice-ad-agrivarese\/551826\/","og_site_name":"VareseNews","article_publisher":"https:\/\/www.facebook.com\/varesenews","article_author":"https:\/\/www.facebook.com\/giovannelli.marco?fref=ts","article_published_time":"2016-09-18T16:17:57+00:00","article_modified_time":"2016-09-18T16:45:46+00:00","author":"Marco Giovannelli","twitter_card":"summary_large_image","twitter_creator":"@marcogio59","twitter_site":"@varesenews","twitter_misc":{"Scritto da":"Marco Giovannelli","Tempo di lettura stimato":"1 minuto"},"schema":{"@context":"https:\/\/schema.org","@graph":[{"@type":"WebPage","@id":"https:\/\/staging.varesenews.it\/2016\/09\/amelia-porta-amatrice-ad-agrivarese\/551826\/","url":"https:\/\/staging.varesenews.it\/2016\/09\/amelia-porta-amatrice-ad-agrivarese\/551826\/","name":"Amelia porta Amatrice ad AgriVarese","isPartOf":{"@id":"https:\/\/staging.varesenews.it\/#website"},"datePublished":"2016-09-18T16:17:57+00:00","dateModified":"2016-09-18T16:45:46+00:00","author":{"@id":"https:\/\/staging.varesenews.it\/#\/schema\/person\/b32b6f44664f8274f79469e452856024"},"description":"L'azienda agricola Casale Nibbi di Amatrice \u00e8 stata ospite della manifestazione varesina. \"Tanto calore intorno a noi e vi ricompensiamo con i nostri buoni prodotti\"","breadcrumb":{"@id":"https:\/\/staging.varesenews.it\/2016\/09\/amelia-porta-amatrice-ad-agrivarese\/551826\/#breadcrumb"},"inLanguage":"it-IT","potentialAction":[{"@type":"ReadAction","target":["https:\/\/staging.varesenews.it\/2016\/09\/amelia-porta-amatrice-ad-agrivarese\/551826\/"]}]},{"@type":"BreadcrumbList","@id":"https:\/\/staging.varesenews.it\/2016\/09\/amelia-porta-amatrice-ad-agrivarese\/551826\/#breadcrumb","itemListElement":[{"@type":"ListItem","position":1,"name":"Home","item":"https:\/\/www.varesenews.it\/"},{"@type":"ListItem","position":2,"name":"Amelia porta Amatrice ad AgriVarese"}]},{"@type":"WebSite","@id":"https:\/\/staging.varesenews.it\/#website","url":"https:\/\/staging.varesenews.it\/","name":"VareseNews","description":"","potentialAction":[{"@type":"SearchAction","target":{"@type":"EntryPoint","urlTemplate":"https:\/\/staging.varesenews.it\/?s={search_term_string}"},"query-input":"required name=search_term_string"}],"inLanguage":"it-IT"},{"@type":"Person","@id":"https:\/\/staging.varesenews.it\/#\/schema\/person\/b32b6f44664f8274f79469e452856024","name":"Marco Giovannelli","image":{"@type":"ImageObject","inLanguage":"it-IT","@id":"https:\/\/staging.varesenews.it\/#\/schema\/person\/image\/","url":"https:\/\/staging.varesenews.it\/wp-content\/uploads\/2020\/12\/marco_giovannelli_colori_500.jpg","contentUrl":"https:\/\/staging.varesenews.it\/wp-content\/uploads\/2020\/12\/marco_giovannelli_colori_500.jpg","caption":"Marco Giovannelli"},"description":"Viterbese di origine vivo a Varese dal 1978. Due figli grandi, due lauree in scienze &ldquo;inutili&rdquo; quanto affascinanti che mi portano a mettere lo studio ancora al primo posto. Dopo aver lavorato per il sindacato, fondato e lavorato al centro Gulliver, in una cooperativa che gestiva il Circolino a Varese, con un altro viterbese e un lucano ho fondato VareseNews quando nessuno o quasi sapeva cosa fosse Internet. Ho alcune grandi passioni, la prima &egrave; il cammino che cerco di vivere quotidianamente. Averne percorsi alcuni storici con Santiago e la Francigena mi ha poi portato a far diventare anche lavoro la loro valorizzazione e in particolare la Via Francisca del Lucomagno. Amo leggere, andare al cinema, viaggiare. Mi piace conoscere. La mia migliore attitudine &egrave; connettere mondi e per questo mi affascina la contemporaneit&agrave; e il digitale. Ho insegnato diritto ed economia per un decennio nelle scuole superiori. Ho tenuto diverse lezioni e laboratori allo Iulm e ora all&rsquo;Universit&agrave; dell&rsquo;Insubria con un corso di Giornalismo digitale alla specialistica. Ho fondato diversi progetti editoriali.&nbsp;","sameAs":["https:\/\/www.facebook.com\/giovannelli.marco?fref=ts","marcogio59","https:\/\/it.linkedin.com\/in\/giovannellimarco","https:\/\/twitter.com\/marcogio59"],"url":"https:\/\/staging.varesenews.it\/persona\/marco_giovannelli-2\/"}]}},"post_meta":{"_edit_lock":"1474217280:54","_edit_last":"54","ratings_users":"0","ratings_score":"0","ratings_average":"0","_category_permalink":"","wdfb_og_title":"","wdfb_og_type":"","wdfb_og_description":"","wdfb_og_images":"a:1:{i:0;s:0:\"\";}","wdfb_og_custom_name":"a:1:{i:0;s:0:\"\";}","wdfb_og_custom_value":"a:1:{i:0;s:0:\"\";}","foto":"567926","id_video_vzaar":"8232233","argomento":"Varese","_jd_twitter":"","_jd_tweet_this":"yes","_wpt_short_url":"http:\/\/www.varesenews.it\/2016\/09\/amelia-porta-amatrice-ad-agrivarese\/551826\/","_wp_jd_target":"http:\/\/www.varesenews.it\/2016\/09\/amelia-porta-amatrice-ad-agrivarese\/551826\/","_jd_wp_twitter":"a:1:{i:0;s:148:\"Amelia porta Amatrice ad AgriVarese http:\/\/www.varesenews.it\/2016\/09\/amelia-porta-amatrice-ad-agrivarese\/551826\/ #agrivarese #amatrice #solidariet\u00e0\";}","_wpt_status_message":"Tweet inviato con successo.","video":"551833"},"photos":[{"original":"https:\/\/staging.varesenews.it\/photogallery_new\/images\/2016\/09\/agrivarese-2016-567926.jpg","full":"https:\/\/staging.varesenews.it\/photogallery_new\/images\/2016\/09\/agrivarese-2016-567926.1024x768.jpg","large":"https:\/\/staging.varesenews.it\/photogallery_new\/images\/2016\/09\/agrivarese-2016-567926.610x431.jpg"}],"_links":{"self":[{"href":"https:\/\/staging.varesenews.it\/swgapi\/v1\/wp\/v2\/posts\/551826"}],"collection":[{"href":"https:\/\/staging.varesenews.it\/swgapi\/v1\/wp\/v2\/posts"}],"about":[{"href":"https:\/\/staging.varesenews.it\/swgapi\/v1\/wp\/v2\/types\/post"}],"author":[{"embeddable":true,"href":"https:\/\/staging.varesenews.it\/swgapi\/v1\/wp\/v2\/users\/54"}],"replies":[{"embeddable":true,"href":"https:\/\/staging.varesenews.it\/swgapi\/v1\/wp\/v2\/comments?post=551826"}],"version-history":[{"count":0,"href":"https:\/\/staging.varesenews.it\/swgapi\/v1\/wp\/v2\/posts\/551826\/revisions"}],"wp:attachment":[{"href":"https:\/\/staging.varesenews.it\/swgapi\/v1\/wp\/v2\/media?parent=551826"}],"wp:term":[{"taxonomy":"category","embeddable":true,"href":"https:\/\/staging.varesenews.it\/swgapi\/v1\/wp\/v2\/categories?post=551826"},{"taxonomy":"post_tag","embeddable":true,"href":"https:\/\/staging.varesenews.it\/swgapi\/v1\/wp\/v2\/tags?post=551826"}],"curies":[{"name":"wp","href":"https:\/\/api.w.org\/{rel}","templated":true}]}}