{"id":552556,"date":"2016-09-21T09:47:47","date_gmt":"2016-09-21T07:47:47","guid":{"rendered":"http:\/\/www.varesenews.it\/?p=552556"},"modified":"2016-09-21T09:47:47","modified_gmt":"2016-09-21T07:47:47","slug":"efficienza-energetica-bandi-e-strumenti-per-le-imprese","status":"publish","type":"post","link":"https:\/\/staging.varesenews.it\/2016\/09\/efficienza-energetica-bandi-e-strumenti-per-le-imprese\/552556\/","title":{"rendered":"Efficienza energetica, bandi e strumenti per le imprese"},"content":{"rendered":"<p>L\u2019appuntamento \u00e8 per <strong>gioved\u00ec 22 settembre<\/strong>, nella sede di <strong>piazza Monte Grappa della Camera di Commercio<\/strong>: sar\u00e0 l\u2019occasione per illustrare le opportunit\u00e0 che, in termini di efficienza energetica e di risparmio per le imprese, offre l\u2019<strong>Energy Scan.<\/strong> L\u2019illustrazione delle caratteristiche di questo strumento gratuito sar\u00e0 infatti uno dei temi al centro del seminario \u201cIncentivi e Opportunit\u00e0 per Migliorare l\u2019Efficienza Energetica delle PMI\u201d che, organizzato in collaborazione fra Camera di Commercio e Comune di Varese, avr\u00e0 inizio alle 9.30.<\/p>\n<p>L\u2019iniziativa si propone di offrire alle piccole e medie imprese l\u2019opportunit\u00e0 di un approfondimento sulle modalit\u00e0 di accesso ad alcuni incentivi e agevolazioni. Il riferimento \u00e8, in particolare, al progetto europeo \u201cSME Energy CheckUp\u201d e al nuovo bando regionale per il finanziamento degli audit energetici e della certificazione ISO 50001.<\/p>\n<p>\u00abCamera di Commercio vuole supportare il sistema imprenditoriale in tutti i suoi aspetti \u2013 sottolinea il presidente <strong>Giuseppe Albertini<\/strong> \u2013 e l\u2019ambito energetico \u00e8 certamente fra quelli pi\u00f9 importanti nella vita aziendale. Su questo tema siamo e vogliamo continuare a essere presenti, in sinergia con il sistema associativo e gli altri enti pubblici. Il seminario organizzato insieme all\u2019Assessorato all\u2019Ambiente del Comune di Varese, rientra appieno in questo filone d\u2019impegno camerale a sostegno delle pmi del nostro territorio\u00bb.<\/p>\n<p>Dopo i saluti introduttivi, affidati allo stesso presidente Albertini e all\u2019assessore comunale all\u2019Ambiente <strong>Dino De Simone<\/strong>, si entrer\u00e0 nel merito del progetto europeo \u201cSME Energy CheckUp\u201d, con Eloana Cardella della Camera di Commercio, e del bando regionale per gli audit energetici e per la certificazione ISO 5001, con Mauro Alberti di Infrastrutture Lombarde Spa. Seguiranno gli interventi di Giuseppe Maffeis, di Terraria Srl, e di Vincenzo Della Selva, dello Studio Landi, rispettivamente sul monitoraggio degli interventi di efficienza energetica e sulle leggi e le opportunit\u00e0 per le imprese che vogliono investire su questi stessi interventi.<\/p>\n","protected":false},"excerpt":{"rendered":"<p>Un seminario di approfondimento sulle modalit\u00e0 di accesso ad incentivi e agevolazioni <\/p>\n","protected":false},"author":43,"featured_media":0,"comment_status":"open","ping_status":"open","sticky":false,"template":"","format":"standard","meta":{"footnotes":""},"categories":[15,2],"tags":[3526,51973],"acf":[],"yoast_head":"<!-- This site is optimized with the Yoast SEO plugin v20.1 - https:\/\/yoast.com\/wordpress\/plugins\/seo\/ -->\n<title>Efficienza energetica, bandi e strumenti per le imprese<\/title>\n<meta name=\"description\" content=\"Un seminario di approfondimento sulle modalit\u00e0 di accesso ad incentivi e agevolazioni\" \/>\n<meta name=\"robots\" content=\"noindex, follow, max-snippet:-1, max-image-preview:large, max-video-preview:-1\" \/>\n<meta property=\"og:locale\" content=\"it_IT\" \/>\n<meta property=\"og:type\" content=\"article\" \/>\n<meta property=\"og:title\" content=\"Efficienza energetica, bandi e strumenti per le imprese\" \/>\n<meta property=\"og:description\" content=\"Un seminario di approfondimento sulle modalit\u00e0 di accesso ad incentivi e agevolazioni\" \/>\n<meta property=\"og:url\" content=\"https:\/\/staging.varesenews.it\/2016\/09\/efficienza-energetica-bandi-e-strumenti-per-le-imprese\/552556\/\" \/>\n<meta property=\"og:site_name\" content=\"VareseNews\" \/>\n<meta property=\"article:publisher\" content=\"https:\/\/www.facebook.com\/varesenews\" \/>\n<meta property=\"article:author\" content=\"https:\/\/www.facebook.com\/mariacarla.cebrelli\" \/>\n<meta property=\"article:published_time\" content=\"2016-09-21T07:47:47+00:00\" \/>\n<meta name=\"author\" content=\"Maria Carla Cebrelli\" \/>\n<meta name=\"twitter:card\" content=\"summary_large_image\" \/>\n<meta name=\"twitter:creator\" content=\"@pikapiketti\" \/>\n<meta name=\"twitter:site\" content=\"@varesenews\" \/>\n<meta name=\"twitter:label1\" content=\"Scritto da\" \/>\n\t<meta name=\"twitter:data1\" content=\"Maria Carla Cebrelli\" \/>\n\t<meta name=\"twitter:label2\" content=\"Tempo di lettura stimato\" \/>\n\t<meta name=\"twitter:data2\" content=\"2 minuti\" \/>\n<script type=\"application\/ld+json\" class=\"yoast-schema-graph\">{\"@context\":\"https:\/\/schema.org\",\"@graph\":[{\"@type\":\"WebPage\",\"@id\":\"https:\/\/staging.varesenews.it\/2016\/09\/efficienza-energetica-bandi-e-strumenti-per-le-imprese\/552556\/\",\"url\":\"https:\/\/staging.varesenews.it\/2016\/09\/efficienza-energetica-bandi-e-strumenti-per-le-imprese\/552556\/\",\"name\":\"Efficienza energetica, bandi e strumenti per le imprese\",\"isPartOf\":{\"@id\":\"https:\/\/staging.varesenews.it\/#website\"},\"datePublished\":\"2016-09-21T07:47:47+00:00\",\"dateModified\":\"2016-09-21T07:47:47+00:00\",\"author\":{\"@id\":\"https:\/\/staging.varesenews.it\/#\/schema\/person\/5bf790e99d7ec50061119cc825c454de\"},\"description\":\"Un seminario di approfondimento sulle modalit\u00e0 di accesso ad incentivi e agevolazioni\",\"breadcrumb\":{\"@id\":\"https:\/\/staging.varesenews.it\/2016\/09\/efficienza-energetica-bandi-e-strumenti-per-le-imprese\/552556\/#breadcrumb\"},\"inLanguage\":\"it-IT\",\"potentialAction\":[{\"@type\":\"ReadAction\",\"target\":[\"https:\/\/staging.varesenews.it\/2016\/09\/efficienza-energetica-bandi-e-strumenti-per-le-imprese\/552556\/\"]}]},{\"@type\":\"BreadcrumbList\",\"@id\":\"https:\/\/staging.varesenews.it\/2016\/09\/efficienza-energetica-bandi-e-strumenti-per-le-imprese\/552556\/#breadcrumb\",\"itemListElement\":[{\"@type\":\"ListItem\",\"position\":1,\"name\":\"Home\",\"item\":\"https:\/\/www.varesenews.it\/\"},{\"@type\":\"ListItem\",\"position\":2,\"name\":\"Efficienza energetica, bandi e strumenti per le imprese\"}]},{\"@type\":\"WebSite\",\"@id\":\"https:\/\/staging.varesenews.it\/#website\",\"url\":\"https:\/\/staging.varesenews.it\/\",\"name\":\"VareseNews\",\"description\":\"\",\"potentialAction\":[{\"@type\":\"SearchAction\",\"target\":{\"@type\":\"EntryPoint\",\"urlTemplate\":\"https:\/\/staging.varesenews.it\/?s={search_term_string}\"},\"query-input\":\"required name=search_term_string\"}],\"inLanguage\":\"it-IT\"},{\"@type\":\"Person\",\"@id\":\"https:\/\/staging.varesenews.it\/#\/schema\/person\/5bf790e99d7ec50061119cc825c454de\",\"name\":\"Maria Carla Cebrelli\",\"image\":{\"@type\":\"ImageObject\",\"inLanguage\":\"it-IT\",\"@id\":\"https:\/\/staging.varesenews.it\/#\/schema\/person\/image\/\",\"url\":\"https:\/\/staging.varesenews.it\/wp-content\/uploads\/2020\/12\/mariacarla_cebrelli_colori_500-1.jpg\",\"contentUrl\":\"https:\/\/staging.varesenews.it\/wp-content\/uploads\/2020\/12\/mariacarla_cebrelli_colori_500-1.jpg\",\"caption\":\"Maria Carla Cebrelli\"},\"description\":\"Economista di formazione, giornalista per passione. A VareseNews dal 2005, mi sono occupata negli anni di universit&agrave;, tematiche di confine, news locali e comunicazione nel settore sociale. Attualmente sono responsabile di VerbanoNews, del canale di VareseNews dedicato al Turismo e seguo i social dell'area business.\",\"sameAs\":[\"https:\/\/www.facebook.com\/mariacarla.cebrelli\",\"pikapiketti\",\"https:\/\/twitter.com\/pikapiketti\"],\"url\":\"https:\/\/staging.varesenews.it\/persona\/mariacarla-cebrelli1\/\"}]}<\/script>\n<!-- \/ Yoast SEO plugin. -->","yoast_head_json":{"title":"Efficienza energetica, bandi e strumenti per le imprese","description":"Un seminario di approfondimento sulle modalit\u00e0 di accesso ad incentivi e agevolazioni","robots":{"index":"noindex","follow":"follow","max-snippet":"max-snippet:-1","max-image-preview":"max-image-preview:large","max-video-preview":"max-video-preview:-1"},"og_locale":"it_IT","og_type":"article","og_title":"Efficienza energetica, bandi e strumenti per le imprese","og_description":"Un seminario di approfondimento sulle modalit\u00e0 di accesso ad incentivi e agevolazioni","og_url":"https:\/\/staging.varesenews.it\/2016\/09\/efficienza-energetica-bandi-e-strumenti-per-le-imprese\/552556\/","og_site_name":"VareseNews","article_publisher":"https:\/\/www.facebook.com\/varesenews","article_author":"https:\/\/www.facebook.com\/mariacarla.cebrelli","article_published_time":"2016-09-21T07:47:47+00:00","author":"Maria Carla Cebrelli","twitter_card":"summary_large_image","twitter_creator":"@pikapiketti","twitter_site":"@varesenews","twitter_misc":{"Scritto da":"Maria Carla Cebrelli","Tempo di lettura stimato":"2 minuti"},"schema":{"@context":"https:\/\/schema.org","@graph":[{"@type":"WebPage","@id":"https:\/\/staging.varesenews.it\/2016\/09\/efficienza-energetica-bandi-e-strumenti-per-le-imprese\/552556\/","url":"https:\/\/staging.varesenews.it\/2016\/09\/efficienza-energetica-bandi-e-strumenti-per-le-imprese\/552556\/","name":"Efficienza energetica, bandi e strumenti per le imprese","isPartOf":{"@id":"https:\/\/staging.varesenews.it\/#website"},"datePublished":"2016-09-21T07:47:47+00:00","dateModified":"2016-09-21T07:47:47+00:00","author":{"@id":"https:\/\/staging.varesenews.it\/#\/schema\/person\/5bf790e99d7ec50061119cc825c454de"},"description":"Un seminario di approfondimento sulle modalit\u00e0 di accesso ad incentivi e agevolazioni","breadcrumb":{"@id":"https:\/\/staging.varesenews.it\/2016\/09\/efficienza-energetica-bandi-e-strumenti-per-le-imprese\/552556\/#breadcrumb"},"inLanguage":"it-IT","potentialAction":[{"@type":"ReadAction","target":["https:\/\/staging.varesenews.it\/2016\/09\/efficienza-energetica-bandi-e-strumenti-per-le-imprese\/552556\/"]}]},{"@type":"BreadcrumbList","@id":"https:\/\/staging.varesenews.it\/2016\/09\/efficienza-energetica-bandi-e-strumenti-per-le-imprese\/552556\/#breadcrumb","itemListElement":[{"@type":"ListItem","position":1,"name":"Home","item":"https:\/\/www.varesenews.it\/"},{"@type":"ListItem","position":2,"name":"Efficienza energetica, bandi e strumenti per le imprese"}]},{"@type":"WebSite","@id":"https:\/\/staging.varesenews.it\/#website","url":"https:\/\/staging.varesenews.it\/","name":"VareseNews","description":"","potentialAction":[{"@type":"SearchAction","target":{"@type":"EntryPoint","urlTemplate":"https:\/\/staging.varesenews.it\/?s={search_term_string}"},"query-input":"required name=search_term_string"}],"inLanguage":"it-IT"},{"@type":"Person","@id":"https:\/\/staging.varesenews.it\/#\/schema\/person\/5bf790e99d7ec50061119cc825c454de","name":"Maria Carla Cebrelli","image":{"@type":"ImageObject","inLanguage":"it-IT","@id":"https:\/\/staging.varesenews.it\/#\/schema\/person\/image\/","url":"https:\/\/staging.varesenews.it\/wp-content\/uploads\/2020\/12\/mariacarla_cebrelli_colori_500-1.jpg","contentUrl":"https:\/\/staging.varesenews.it\/wp-content\/uploads\/2020\/12\/mariacarla_cebrelli_colori_500-1.jpg","caption":"Maria Carla Cebrelli"},"description":"Economista di formazione, giornalista per passione. A VareseNews dal 2005, mi sono occupata negli anni di universit&agrave;, tematiche di confine, news locali e comunicazione nel settore sociale. Attualmente sono responsabile di VerbanoNews, del canale di VareseNews dedicato al Turismo e seguo i social dell'area business.","sameAs":["https:\/\/www.facebook.com\/mariacarla.cebrelli","pikapiketti","https:\/\/twitter.com\/pikapiketti"],"url":"https:\/\/staging.varesenews.it\/persona\/mariacarla-cebrelli1\/"}]}},"post_meta":{"_edit_lock":"1474444085:43","_edit_last":"43","ratings_users":"0","ratings_score":"0","ratings_average":"0","_category_permalink":"","wdfb_og_title":"","wdfb_og_type":"","wdfb_og_description":"","wdfb_og_images":"a:1:{i:0;s:0:\"\";}","wdfb_og_custom_name":"a:1:{i:0;s:0:\"\";}","wdfb_og_custom_value":"a:1:{i:0;s:0:\"\";}","foto":"501949","firma_come_redazione":"1","argomento":"Economia","_jd_twitter":"","_jd_tweet_this":"yes","_wpt_short_url":"http:\/\/www.varesenews.it\/2016\/09\/efficienza-energetica-bandi-e-strumenti-per-le-imprese\/552556\/","_wp_jd_target":"http:\/\/www.varesenews.it\/2016\/09\/efficienza-energetica-bandi-e-strumenti-per-le-imprese\/552556\/","_jd_wp_twitter":"a:1:{i:0;s:152:\"Efficienza energetica, bandi e strumenti per le imprese http:\/\/www.varesenews.it\/2016\/09\/efficienza-energetica-bandi-e-strumenti-per-le-imprese\/552556\/ \";}","_wpt_status_message":"Tweet inviato con successo."},"photos":[{"original":"https:\/\/staging.varesenews.it\/photogallery_new\/images\/2015\/12\/energia-501949.jpg","full":"https:\/\/staging.varesenews.it\/photogallery_new\/images\/2015\/12\/energia-501949.1024x768.jpg","large":"https:\/\/staging.varesenews.it\/photogallery_new\/images\/2015\/12\/energia-501949.610x431.jpg"}],"_links":{"self":[{"href":"https:\/\/staging.varesenews.it\/swgapi\/v1\/wp\/v2\/posts\/552556"}],"collection":[{"href":"https:\/\/staging.varesenews.it\/swgapi\/v1\/wp\/v2\/posts"}],"about":[{"href":"https:\/\/staging.varesenews.it\/swgapi\/v1\/wp\/v2\/types\/post"}],"author":[{"embeddable":true,"href":"https:\/\/staging.varesenews.it\/swgapi\/v1\/wp\/v2\/users\/43"}],"replies":[{"embeddable":true,"href":"https:\/\/staging.varesenews.it\/swgapi\/v1\/wp\/v2\/comments?post=552556"}],"version-history":[{"count":0,"href":"https:\/\/staging.varesenews.it\/swgapi\/v1\/wp\/v2\/posts\/552556\/revisions"}],"wp:attachment":[{"href":"https:\/\/staging.varesenews.it\/swgapi\/v1\/wp\/v2\/media?parent=552556"}],"wp:term":[{"taxonomy":"category","embeddable":true,"href":"https:\/\/staging.varesenews.it\/swgapi\/v1\/wp\/v2\/categories?post=552556"},{"taxonomy":"post_tag","embeddable":true,"href":"https:\/\/staging.varesenews.it\/swgapi\/v1\/wp\/v2\/tags?post=552556"}],"curies":[{"name":"wp","href":"https:\/\/api.w.org\/{rel}","templated":true}]}}