{"id":553606,"date":"2016-09-23T19:09:44","date_gmt":"2016-09-23T17:09:44","guid":{"rendered":"http:\/\/www.varesenews.it\/?p=553606"},"modified":"2016-09-23T19:12:01","modified_gmt":"2016-09-23T17:12:01","slug":"matteo-torna-a-guardare-la-citta-da-una-bici","status":"publish","type":"post","link":"https:\/\/staging.varesenews.it\/2016\/09\/matteo-torna-a-guardare-la-citta-da-una-bici\/553606\/","title":{"rendered":"Matteo torna a guardare la citt\u00e0 da una bici"},"content":{"rendered":"<p><strong>Matteo ha un nuovo tandem, avr\u00e0 di nuovo la possibilit\u00e0 di guardare la citt\u00e0<\/strong> e il mondo mentre pedala. \u00abE spero che questo tandem possa servire ad altri ragazzi\u00bb.<\/p>\n<p>La prima parte della storia l&#8217;avevamo raccontata tre settimane fa, <a href=\"http:\/\/www.varesenews.it\/2016\/09\/hanno-rubato-il-tandem-con-cui-mio-figlio-andava-a-scuola-e-scopriva-la-citta\/547682\/\">qui<\/a>: i ladri entrati alle medie Pellico<strong>\u00a0avevano rubato, tra le altre cose, anche il tandem con cui Matteo si muoveva per andare a scuola.<\/strong> Un furto che solo apparentemente era &#8220;banale&#8221;, perch\u00e9 in realt\u00e0 per Matteo il tandem era ben pi\u00f9 di un mezzo di trasporto: \u00abio non so come spiegare a mio figlio come quella bicicletta con cui imparava a conoscere le strade della sua citt\u00e0 e con cui si relazionava, cosa per lui quasi impossibile, non c\u2019\u00e8 pi\u00f9\u00bb, scriveva <strong>Livia Vaccaro,<\/strong> la mamma di Matteo, che \u00e8 un ragazzo autistico.<\/p>\n<p>La <a title=\"\u201cHanno rubato il tandem con cui mio figlio andava a scuola e scopriva la citt\u00e0\u201d\" href=\"http:\/\/www.varesenews.it\/2016\/09\/hanno-rubato-il-tandem-con-cui-mio-figlio-andava-a-scuola-e-scopriva-la-citta\/547682\/\">notizia del furto<\/a> aveva suscitato rabbia in tanti lettori, ma anche interesse e la richiesta di collaborare per riacquistare la bicicletta. Era una sfida difficile e non immediata, forse non bastava sostituire il mezzo. A distanza di qualche settimana \u00e8 arrivata la buona notizia: Matteo torner\u00e0 a pedalare. <strong>\u00abEcco Matteo col suo educatore Michele e la Signora Laura Faija che ha donato il tandem\u00bb<\/strong> ci scrive mamma Lidia, a commento della foto di gruppo. \u00abGrazie a tutti per la sensibilit\u00e0 e l&#8217;interessamento. Matteo era molto emozionato e a modo suo vi saluta\u00bb. La signora Livia per\u00f2 non guarda solo a suo figlio:<strong> \u00abLa bicicletta non \u00e8 per Matteo, non \u00e8 solo per lui<\/strong>: il\u00a0suo educatore, Michele, vorrebbe costruire un progetto pi\u00f9 ampio, che possa servire anche\u00a0per altri ragazzi, spero davvero si riesca. Gli adolescenti autistici sono molto soli, hanno bisogno di qualcuno che li accompagni, di un amico, come ne hanno in fondo bisogno\u00a0tutti i ragazzi della loro et\u00e0\u00bb.<\/p>\n<p>Da ultimo, come nella prima lettera inviata ai giornali, <strong>Livia Vaccaro vuole anche ribadire l&#8217;appello a favore della scuola<\/strong>, anche al di l\u00e0 del caso specifico che riguarda Matteo: \u00abCon la lettera volevo <strong>accendere l&#8217;attenzione anche sulla scuola, che dovrebbe essere un posto sicuro e sano<\/strong>, per tutti, anche per chi magari viene da famiglie problematiche. Purtroppo non \u00e8 sempre cos\u00ec, l&#8217;abbiamo visto con i furti che si sono ripetuti nell&#8217;arco dell&#8217;anno: i ladri hanno portato via non solo la bici di Matteo, ma ad esempio anche gli strumenti musicali usati da altri\u00a0ragazzi. Sono entrati per tutto l&#8217;anno, i responsabili degli edifici devono interrogarsi e risolvere la cosa\u00bb.<\/p>\n<p>&nbsp;<\/p>\n","protected":false},"excerpt":{"rendered":"<p>A inizio settembre i ladri avevano rubato il tandem con cui il ragazzo va a scuola, accompagnato da un&#8217;educatore. &#8220;Ma serve anche pi\u00f9 attenzione per la scuola&#8221;<\/p>\n","protected":false},"author":46,"featured_media":0,"comment_status":"open","ping_status":"open","sticky":false,"template":"","format":"standard","meta":{"footnotes":""},"categories":[2],"tags":[64314],"acf":[],"yoast_head":"<!-- This site is optimized with the Yoast SEO plugin v20.1 - https:\/\/yoast.com\/wordpress\/plugins\/seo\/ -->\n<title>Matteo torna a guardare la citt\u00e0 da una bici<\/title>\n<meta name=\"description\" content=\"A inizio settembre i ladri avevano rubato il tandem con cui il ragazzo va a scuola, accompagnato da un&#039;educatore. &quot;Ma serve anche pi\u00f9 attenzione per la scuola&quot;\" \/>\n<meta name=\"robots\" content=\"noindex, follow, max-snippet:-1, max-image-preview:large, max-video-preview:-1\" \/>\n<meta property=\"og:locale\" content=\"it_IT\" \/>\n<meta property=\"og:type\" content=\"article\" \/>\n<meta property=\"og:title\" content=\"Matteo torna a guardare la citt\u00e0 da una bici\" \/>\n<meta property=\"og:description\" content=\"A inizio settembre i ladri avevano rubato il tandem con cui il ragazzo va a scuola, accompagnato da un&#039;educatore. &quot;Ma serve anche pi\u00f9 attenzione per la scuola&quot;\" \/>\n<meta property=\"og:url\" content=\"https:\/\/staging.varesenews.it\/2016\/09\/matteo-torna-a-guardare-la-citta-da-una-bici\/553606\/\" \/>\n<meta property=\"og:site_name\" content=\"VareseNews\" \/>\n<meta property=\"article:publisher\" content=\"https:\/\/www.facebook.com\/varesenews\" \/>\n<meta property=\"article:published_time\" content=\"2016-09-23T17:09:44+00:00\" \/>\n<meta property=\"article:modified_time\" content=\"2016-09-23T17:12:01+00:00\" \/>\n<meta name=\"author\" content=\"Roberto Morandi\" \/>\n<meta name=\"twitter:card\" content=\"summary_large_image\" \/>\n<meta name=\"twitter:creator\" content=\"@ilmorands\" \/>\n<meta name=\"twitter:site\" content=\"@varesenews\" \/>\n<meta name=\"twitter:label1\" content=\"Scritto da\" \/>\n\t<meta name=\"twitter:data1\" content=\"Roberto Morandi\" \/>\n\t<meta name=\"twitter:label2\" content=\"Tempo di lettura stimato\" \/>\n\t<meta name=\"twitter:data2\" content=\"2 minuti\" \/>\n<script type=\"application\/ld+json\" class=\"yoast-schema-graph\">{\"@context\":\"https:\/\/schema.org\",\"@graph\":[{\"@type\":\"WebPage\",\"@id\":\"https:\/\/staging.varesenews.it\/2016\/09\/matteo-torna-a-guardare-la-citta-da-una-bici\/553606\/\",\"url\":\"https:\/\/staging.varesenews.it\/2016\/09\/matteo-torna-a-guardare-la-citta-da-una-bici\/553606\/\",\"name\":\"Matteo torna a guardare la citt\u00e0 da una bici\",\"isPartOf\":{\"@id\":\"https:\/\/staging.varesenews.it\/#website\"},\"datePublished\":\"2016-09-23T17:09:44+00:00\",\"dateModified\":\"2016-09-23T17:12:01+00:00\",\"author\":{\"@id\":\"https:\/\/staging.varesenews.it\/#\/schema\/person\/efe592ae4c76536b551f89d8b6674bc3\"},\"description\":\"A inizio settembre i ladri avevano rubato il tandem con cui il ragazzo va a scuola, accompagnato da un'educatore. \\\"Ma serve anche pi\u00f9 attenzione per la scuola\\\"\",\"breadcrumb\":{\"@id\":\"https:\/\/staging.varesenews.it\/2016\/09\/matteo-torna-a-guardare-la-citta-da-una-bici\/553606\/#breadcrumb\"},\"inLanguage\":\"it-IT\",\"potentialAction\":[{\"@type\":\"ReadAction\",\"target\":[\"https:\/\/staging.varesenews.it\/2016\/09\/matteo-torna-a-guardare-la-citta-da-una-bici\/553606\/\"]}]},{\"@type\":\"BreadcrumbList\",\"@id\":\"https:\/\/staging.varesenews.it\/2016\/09\/matteo-torna-a-guardare-la-citta-da-una-bici\/553606\/#breadcrumb\",\"itemListElement\":[{\"@type\":\"ListItem\",\"position\":1,\"name\":\"Home\",\"item\":\"https:\/\/www.varesenews.it\/\"},{\"@type\":\"ListItem\",\"position\":2,\"name\":\"Matteo torna a guardare la citt\u00e0 da una bici\"}]},{\"@type\":\"WebSite\",\"@id\":\"https:\/\/staging.varesenews.it\/#website\",\"url\":\"https:\/\/staging.varesenews.it\/\",\"name\":\"VareseNews\",\"description\":\"\",\"potentialAction\":[{\"@type\":\"SearchAction\",\"target\":{\"@type\":\"EntryPoint\",\"urlTemplate\":\"https:\/\/staging.varesenews.it\/?s={search_term_string}\"},\"query-input\":\"required name=search_term_string\"}],\"inLanguage\":\"it-IT\"},{\"@type\":\"Person\",\"@id\":\"https:\/\/staging.varesenews.it\/#\/schema\/person\/efe592ae4c76536b551f89d8b6674bc3\",\"name\":\"Roberto Morandi\",\"image\":{\"@type\":\"ImageObject\",\"inLanguage\":\"it-IT\",\"@id\":\"https:\/\/staging.varesenews.it\/#\/schema\/person\/image\/\",\"url\":\"https:\/\/staging.varesenews.it\/wp-content\/uploads\/2020\/12\/roberto_morandi_colori_500.jpg\",\"contentUrl\":\"https:\/\/staging.varesenews.it\/wp-content\/uploads\/2020\/12\/roberto_morandi_colori_500.jpg\",\"caption\":\"Roberto Morandi\"},\"description\":\"Classe 1980, laureato in storia, mi occupo dell&rsquo;area di Gallarate e di Malpensa, di trasporti e mobilit&agrave;. Amo molto la dimensione della citt&agrave;, come luogo d&rsquo;incontro di persone diverse e come organismo che si trasforma costantemente. Mi piace anche raccontare le piccole e grandi vicende, anche locali, che compongono la Storia con la S maiuscola. Appassionato di bicicletta: la macchina perfetta per muoversi in citt&agrave; e per viaggiare.\",\"sameAs\":[\"https:\/\/twitter.com\/ilmorands\"],\"url\":\"https:\/\/staging.varesenews.it\/persona\/roberto-morandi1\/\"}]}<\/script>\n<!-- \/ Yoast SEO plugin. -->","yoast_head_json":{"title":"Matteo torna a guardare la citt\u00e0 da una bici","description":"A inizio settembre i ladri avevano rubato il tandem con cui il ragazzo va a scuola, accompagnato da un'educatore. \"Ma serve anche pi\u00f9 attenzione per la scuola\"","robots":{"index":"noindex","follow":"follow","max-snippet":"max-snippet:-1","max-image-preview":"max-image-preview:large","max-video-preview":"max-video-preview:-1"},"og_locale":"it_IT","og_type":"article","og_title":"Matteo torna a guardare la citt\u00e0 da una bici","og_description":"A inizio settembre i ladri avevano rubato il tandem con cui il ragazzo va a scuola, accompagnato da un'educatore. \"Ma serve anche pi\u00f9 attenzione per la scuola\"","og_url":"https:\/\/staging.varesenews.it\/2016\/09\/matteo-torna-a-guardare-la-citta-da-una-bici\/553606\/","og_site_name":"VareseNews","article_publisher":"https:\/\/www.facebook.com\/varesenews","article_published_time":"2016-09-23T17:09:44+00:00","article_modified_time":"2016-09-23T17:12:01+00:00","author":"Roberto Morandi","twitter_card":"summary_large_image","twitter_creator":"@ilmorands","twitter_site":"@varesenews","twitter_misc":{"Scritto da":"Roberto Morandi","Tempo di lettura stimato":"2 minuti"},"schema":{"@context":"https:\/\/schema.org","@graph":[{"@type":"WebPage","@id":"https:\/\/staging.varesenews.it\/2016\/09\/matteo-torna-a-guardare-la-citta-da-una-bici\/553606\/","url":"https:\/\/staging.varesenews.it\/2016\/09\/matteo-torna-a-guardare-la-citta-da-una-bici\/553606\/","name":"Matteo torna a guardare la citt\u00e0 da una bici","isPartOf":{"@id":"https:\/\/staging.varesenews.it\/#website"},"datePublished":"2016-09-23T17:09:44+00:00","dateModified":"2016-09-23T17:12:01+00:00","author":{"@id":"https:\/\/staging.varesenews.it\/#\/schema\/person\/efe592ae4c76536b551f89d8b6674bc3"},"description":"A inizio settembre i ladri avevano rubato il tandem con cui il ragazzo va a scuola, accompagnato da un'educatore. \"Ma serve anche pi\u00f9 attenzione per la scuola\"","breadcrumb":{"@id":"https:\/\/staging.varesenews.it\/2016\/09\/matteo-torna-a-guardare-la-citta-da-una-bici\/553606\/#breadcrumb"},"inLanguage":"it-IT","potentialAction":[{"@type":"ReadAction","target":["https:\/\/staging.varesenews.it\/2016\/09\/matteo-torna-a-guardare-la-citta-da-una-bici\/553606\/"]}]},{"@type":"BreadcrumbList","@id":"https:\/\/staging.varesenews.it\/2016\/09\/matteo-torna-a-guardare-la-citta-da-una-bici\/553606\/#breadcrumb","itemListElement":[{"@type":"ListItem","position":1,"name":"Home","item":"https:\/\/www.varesenews.it\/"},{"@type":"ListItem","position":2,"name":"Matteo torna a guardare la citt\u00e0 da una bici"}]},{"@type":"WebSite","@id":"https:\/\/staging.varesenews.it\/#website","url":"https:\/\/staging.varesenews.it\/","name":"VareseNews","description":"","potentialAction":[{"@type":"SearchAction","target":{"@type":"EntryPoint","urlTemplate":"https:\/\/staging.varesenews.it\/?s={search_term_string}"},"query-input":"required name=search_term_string"}],"inLanguage":"it-IT"},{"@type":"Person","@id":"https:\/\/staging.varesenews.it\/#\/schema\/person\/efe592ae4c76536b551f89d8b6674bc3","name":"Roberto Morandi","image":{"@type":"ImageObject","inLanguage":"it-IT","@id":"https:\/\/staging.varesenews.it\/#\/schema\/person\/image\/","url":"https:\/\/staging.varesenews.it\/wp-content\/uploads\/2020\/12\/roberto_morandi_colori_500.jpg","contentUrl":"https:\/\/staging.varesenews.it\/wp-content\/uploads\/2020\/12\/roberto_morandi_colori_500.jpg","caption":"Roberto Morandi"},"description":"Classe 1980, laureato in storia, mi occupo dell&rsquo;area di Gallarate e di Malpensa, di trasporti e mobilit&agrave;. Amo molto la dimensione della citt&agrave;, come luogo d&rsquo;incontro di persone diverse e come organismo che si trasforma costantemente. Mi piace anche raccontare le piccole e grandi vicende, anche locali, che compongono la Storia con la S maiuscola. Appassionato di bicicletta: la macchina perfetta per muoversi in citt&agrave; e per viaggiare.","sameAs":["https:\/\/twitter.com\/ilmorands"],"url":"https:\/\/staging.varesenews.it\/persona\/roberto-morandi1\/"}]}},"post_meta":{"_edit_lock":"1474674125:46","_edit_last":"46","_category_permalink":"2","wdfb_og_title":"","wdfb_og_type":"","wdfb_og_description":"","wdfb_og_images":"a:1:{i:0;s:0:\"\";}","wdfb_og_custom_name":"a:1:{i:0;s:0:\"\";}","wdfb_og_custom_value":"a:1:{i:0;s:0:\"\";}","foto":"568880","argomento":"Varese","_jd_twitter":"","_jd_tweet_this":"yes","ratings_users":"0","ratings_score":"0","ratings_average":"0","_wpt_short_url":"http:\/\/www.varesenews.it\/2016\/09\/matteo-torna-a-guardare-la-citta-da-una-bici\/553606\/","_wp_jd_target":"http:\/\/www.varesenews.it\/2016\/09\/matteo-torna-a-guardare-la-citta-da-una-bici\/553606\/","_jd_wp_twitter":"a:1:{i:0;s:139:\"Matteo torna a guardare la citt\u00e0 da una bici http:\/\/www.varesenews.it\/2016\/09\/matteo-torna-a-guardare-la-citta-da-una-bici\/553606\/ #tandem\";}","_wpt_status_message":"Tweet inviato con successo."},"photos":[{"original":"https:\/\/staging.varesenews.it\/photogallery_new\/images\/2016\/09\/tandem-matteo-568880.jpg","full":"https:\/\/staging.varesenews.it\/photogallery_new\/images\/2016\/09\/tandem-matteo-568880.1024x768.jpg","large":"https:\/\/staging.varesenews.it\/photogallery_new\/images\/2016\/09\/tandem-matteo-568880.610x431.jpg"}],"_links":{"self":[{"href":"https:\/\/staging.varesenews.it\/swgapi\/v1\/wp\/v2\/posts\/553606"}],"collection":[{"href":"https:\/\/staging.varesenews.it\/swgapi\/v1\/wp\/v2\/posts"}],"about":[{"href":"https:\/\/staging.varesenews.it\/swgapi\/v1\/wp\/v2\/types\/post"}],"author":[{"embeddable":true,"href":"https:\/\/staging.varesenews.it\/swgapi\/v1\/wp\/v2\/users\/46"}],"replies":[{"embeddable":true,"href":"https:\/\/staging.varesenews.it\/swgapi\/v1\/wp\/v2\/comments?post=553606"}],"version-history":[{"count":0,"href":"https:\/\/staging.varesenews.it\/swgapi\/v1\/wp\/v2\/posts\/553606\/revisions"}],"wp:attachment":[{"href":"https:\/\/staging.varesenews.it\/swgapi\/v1\/wp\/v2\/media?parent=553606"}],"wp:term":[{"taxonomy":"category","embeddable":true,"href":"https:\/\/staging.varesenews.it\/swgapi\/v1\/wp\/v2\/categories?post=553606"},{"taxonomy":"post_tag","embeddable":true,"href":"https:\/\/staging.varesenews.it\/swgapi\/v1\/wp\/v2\/tags?post=553606"}],"curies":[{"name":"wp","href":"https:\/\/api.w.org\/{rel}","templated":true}]}}