{"id":553745,"date":"2016-09-23T23:55:34","date_gmt":"2016-09-23T21:55:34","guid":{"rendered":"http:\/\/www.varesenews.it\/?p=553745"},"modified":"2016-09-23T23:55:34","modified_gmt":"2016-09-23T21:55:34","slug":"caso-molina-luca-marsico-fi-chiede-le-dimissioni-di-malerba-e-campiotti","status":"publish","type":"post","link":"https:\/\/staging.varesenews.it\/2016\/09\/caso-molina-luca-marsico-fi-chiede-le-dimissioni-di-malerba-e-campiotti\/553745\/","title":{"rendered":"Caso Molina: Luca Marsico (FI) chiede le dimissioni di Malerba e Campiotti"},"content":{"rendered":"<p>Il consigliere regionale e vice coordinatore provinciale di Forza Italia <strong>Luca Marsico<\/strong> interviene sul caso Molina e chiede le dimissioni di Campiotti e Malerba, ma anche un intervento della Regione per fare chiarezza sulla vicenda che sta scuotendo il mondo politico varesino.<\/p>\n<p>&#8220;<strong>Mi appello al Presidente Maroni<\/strong> affinch\u00e9 prenda coscienza della questione Molina &#8211; dice Marsico in un comunicato &#8211; e nel suo ruolo di Presidente della Giunta Regionale lombarda, possa, avendone la giusta conoscenza amministrativa, fare chiarezza sulla faccenda: per questo presenter\u00f2 al Consiglio regionale <strong>un&#8217;interrogazione<\/strong> e, in caso, una mozione urgente, affinch\u00e9 la Presidenza di Giunta regionale possa rassicurare in merito alla corretta gestione amministrativa della struttura sia i varesini che gli ospiti e le loro famiglie&#8221;.<\/p>\n<p>&#8220;In questo quadro, la tardiva presa di posizione sia del coordinatore provinciale pd Astuti che di quello regionale Alfieri \u00e8 da stigmatizzare:un tentativo estremo di unire una maggioranza divisa e lacerata al suo interno. Lo stesso dicasi per Malerba votato come Presidente del Consiglio comunale varesino in seguito ad un &#8220;accordo sottobanco&#8221; in vista del ballottaggio e, che oggi lancia attacchi personali minacciosi ed intimidatori anche verso l&#8217; opinione pubblica per occultare e negare una trasparenza dovuta&#8221;.<\/p>\n<p>&#8220;Inviter\u00f2, perci\u00f2, come vice coordinatore provinciale di Forza Italia, il gruppo consiliare di Forza Italia di Varese e eventuali altri gruppi o consiglieri, a presentare una<strong> mozione di sfiducia<\/strong> nei suoi confronti avendo perso il ruolo super partes che gli \u00e8 stato assegnato, a suo tempo, dall&#8217;attuale maggioranza di Palazzo Estense.<br \/>\nSarebbe auspicabile che sia il Presidente Malerba che il Presidente Campiotti si dimettessero subito quantomeno per uno scarso rispetto istituzionale.<br \/>\nMi far\u00f2 promotore, a breve, di una conferenza stampa con tutti i consiglieri e assessori regionali del territorio invitando anche il consigliere Alfieri al fine di giungere, assieme, alla chiarezza e trasparenza che tutti, molti anche all&#8217;interno del Pd, chiedono e, per comprendere, se la loro posizione cos\u00ec come quella silente del sindaco Galimberti, non sia semplicemente strumentale e volta a tentare di tenere unita una maggioranza ormai chiaramente spaccata&#8221;.<\/p>\n<p>&#8220;Per una questione di onest\u00e0 e trasparenza sarebbe pure doveroso che il privato, beneficiario dei prestiti della Fondazione Molina,<strong> invece di attaccare ripetutamente organi di stampa e istituzioni democratiche<\/strong> oltre che cercare di intimidirle in vari modi, facesse chiarezza sul punto. Se poi ci fossero aspetti da dire sul &#8220;socialismo azzurro&#8221; perch\u00e9 non lo hanno fatto prima?&#8221;.<\/p>\n<p><strong>&#8220;Le dimissioni di Malerba e Campiotti sono un atto necessario subito &#8211; conclude Marsico &#8211;<\/strong> cos\u00ec come un lavoro in sinergia con il Presidente Maroni affinch\u00e9 si mettano punti fermi in una vicenda che sta danneggiando sia la citt\u00e0 di Varese che una Fondazione come il Molina oltre che minando la democrazia e la libert\u00e0 di stampa. Non ci faremo per\u00f2 impaurire dagli attacchi ma, anzi, non ci fermeremo finch\u00e9 non otterremo verit\u00e0 e trasparenza.&#8221;<\/p>\n<blockquote><p><strong><a href=\"http:\/\/www.varesenews.it\/tag\/caso-molina\/\">TUTTI GLI ARTICOLI E LE REAZIONI SUL CASO MOLINA<\/a><\/strong><\/p><\/blockquote>\n","protected":false},"excerpt":{"rendered":"<p>Il consigliere regionale: &#8220;Mi appello al Presidente Maroni affinch\u00e9 prenda coscienza della questione Molina&#8221;<\/p>\n","protected":false},"author":10,"featured_media":0,"comment_status":"open","ping_status":"open","sticky":false,"template":"","format":"standard","meta":{"footnotes":""},"categories":[16,2],"tags":[63421,1822],"acf":[],"yoast_head":"<!-- This site is optimized with the Yoast SEO plugin v20.1 - https:\/\/yoast.com\/wordpress\/plugins\/seo\/ -->\n<title>Caso Molina: Luca Marsico (FI) chiede le dimissioni di Malerba e Campiotti<\/title>\n<meta name=\"description\" content=\"Il consigliere regionale: &quot;Mi appello al Presidente Maroni affinch\u00e9 prenda coscienza della questione Molina&quot;\" \/>\n<meta name=\"robots\" content=\"noindex, follow, max-snippet:-1, max-image-preview:large, max-video-preview:-1\" \/>\n<meta property=\"og:locale\" content=\"it_IT\" \/>\n<meta property=\"og:type\" content=\"article\" \/>\n<meta property=\"og:title\" content=\"Caso Molina: Luca Marsico (FI) chiede le dimissioni di Malerba e Campiotti\" \/>\n<meta property=\"og:description\" content=\"Il consigliere regionale: &quot;Mi appello al Presidente Maroni affinch\u00e9 prenda coscienza della questione Molina&quot;\" \/>\n<meta property=\"og:url\" content=\"https:\/\/staging.varesenews.it\/2016\/09\/caso-molina-luca-marsico-fi-chiede-le-dimissioni-di-malerba-e-campiotti\/553745\/\" \/>\n<meta property=\"og:site_name\" content=\"VareseNews\" \/>\n<meta property=\"article:publisher\" content=\"https:\/\/www.facebook.com\/varesenews\" \/>\n<meta property=\"article:published_time\" content=\"2016-09-23T21:55:34+00:00\" \/>\n<meta name=\"author\" content=\"Redazione VareseNews\" \/>\n<meta name=\"twitter:card\" content=\"summary_large_image\" \/>\n<meta name=\"twitter:creator\" content=\"@varesenews\" \/>\n<meta name=\"twitter:site\" content=\"@varesenews\" \/>\n<meta name=\"twitter:label1\" content=\"Scritto da\" \/>\n\t<meta name=\"twitter:data1\" content=\"Redazione VareseNews\" \/>\n\t<meta name=\"twitter:label2\" content=\"Tempo di lettura stimato\" \/>\n\t<meta name=\"twitter:data2\" content=\"2 minuti\" \/>\n<script type=\"application\/ld+json\" class=\"yoast-schema-graph\">{\"@context\":\"https:\/\/schema.org\",\"@graph\":[{\"@type\":\"WebPage\",\"@id\":\"https:\/\/staging.varesenews.it\/2016\/09\/caso-molina-luca-marsico-fi-chiede-le-dimissioni-di-malerba-e-campiotti\/553745\/\",\"url\":\"https:\/\/staging.varesenews.it\/2016\/09\/caso-molina-luca-marsico-fi-chiede-le-dimissioni-di-malerba-e-campiotti\/553745\/\",\"name\":\"Caso Molina: Luca Marsico (FI) chiede le dimissioni di Malerba e Campiotti\",\"isPartOf\":{\"@id\":\"https:\/\/staging.varesenews.it\/#website\"},\"datePublished\":\"2016-09-23T21:55:34+00:00\",\"dateModified\":\"2016-09-23T21:55:34+00:00\",\"author\":{\"@id\":\"https:\/\/staging.varesenews.it\/#\/schema\/person\/fb20c4da0b7b16c291707a20db73e169\"},\"description\":\"Il consigliere regionale: \\\"Mi appello al Presidente Maroni affinch\u00e9 prenda coscienza della questione Molina\\\"\",\"breadcrumb\":{\"@id\":\"https:\/\/staging.varesenews.it\/2016\/09\/caso-molina-luca-marsico-fi-chiede-le-dimissioni-di-malerba-e-campiotti\/553745\/#breadcrumb\"},\"inLanguage\":\"it-IT\",\"potentialAction\":[{\"@type\":\"ReadAction\",\"target\":[\"https:\/\/staging.varesenews.it\/2016\/09\/caso-molina-luca-marsico-fi-chiede-le-dimissioni-di-malerba-e-campiotti\/553745\/\"]}]},{\"@type\":\"BreadcrumbList\",\"@id\":\"https:\/\/staging.varesenews.it\/2016\/09\/caso-molina-luca-marsico-fi-chiede-le-dimissioni-di-malerba-e-campiotti\/553745\/#breadcrumb\",\"itemListElement\":[{\"@type\":\"ListItem\",\"position\":1,\"name\":\"Home\",\"item\":\"https:\/\/www.varesenews.it\/\"},{\"@type\":\"ListItem\",\"position\":2,\"name\":\"Caso Molina: Luca Marsico (FI) chiede le dimissioni di Malerba e Campiotti\"}]},{\"@type\":\"WebSite\",\"@id\":\"https:\/\/staging.varesenews.it\/#website\",\"url\":\"https:\/\/staging.varesenews.it\/\",\"name\":\"VareseNews\",\"description\":\"\",\"potentialAction\":[{\"@type\":\"SearchAction\",\"target\":{\"@type\":\"EntryPoint\",\"urlTemplate\":\"https:\/\/staging.varesenews.it\/?s={search_term_string}\"},\"query-input\":\"required name=search_term_string\"}],\"inLanguage\":\"it-IT\"},{\"@type\":\"Person\",\"@id\":\"https:\/\/staging.varesenews.it\/#\/schema\/person\/fb20c4da0b7b16c291707a20db73e169\",\"name\":\"Redazione VareseNews\",\"image\":{\"@type\":\"ImageObject\",\"inLanguage\":\"it-IT\",\"@id\":\"https:\/\/staging.varesenews.it\/#\/schema\/person\/image\/\",\"url\":\"https:\/\/staging.varesenews.it\/wp-content\/uploads\/2020\/12\/logo_VN_colori_500.png\",\"contentUrl\":\"https:\/\/staging.varesenews.it\/wp-content\/uploads\/2020\/12\/logo_VN_colori_500.png\",\"caption\":\"Redazione VareseNews\"},\"url\":\"https:\/\/staging.varesenews.it\/persona\/redazione1\/\"}]}<\/script>\n<!-- \/ Yoast SEO plugin. -->","yoast_head_json":{"title":"Caso Molina: Luca Marsico (FI) chiede le dimissioni di Malerba e Campiotti","description":"Il consigliere regionale: \"Mi appello al Presidente Maroni affinch\u00e9 prenda coscienza della questione Molina\"","robots":{"index":"noindex","follow":"follow","max-snippet":"max-snippet:-1","max-image-preview":"max-image-preview:large","max-video-preview":"max-video-preview:-1"},"og_locale":"it_IT","og_type":"article","og_title":"Caso Molina: Luca Marsico (FI) chiede le dimissioni di Malerba e Campiotti","og_description":"Il consigliere regionale: \"Mi appello al Presidente Maroni affinch\u00e9 prenda coscienza della questione Molina\"","og_url":"https:\/\/staging.varesenews.it\/2016\/09\/caso-molina-luca-marsico-fi-chiede-le-dimissioni-di-malerba-e-campiotti\/553745\/","og_site_name":"VareseNews","article_publisher":"https:\/\/www.facebook.com\/varesenews","article_published_time":"2016-09-23T21:55:34+00:00","author":"Redazione VareseNews","twitter_card":"summary_large_image","twitter_creator":"@varesenews","twitter_site":"@varesenews","twitter_misc":{"Scritto da":"Redazione VareseNews","Tempo di lettura stimato":"2 minuti"},"schema":{"@context":"https:\/\/schema.org","@graph":[{"@type":"WebPage","@id":"https:\/\/staging.varesenews.it\/2016\/09\/caso-molina-luca-marsico-fi-chiede-le-dimissioni-di-malerba-e-campiotti\/553745\/","url":"https:\/\/staging.varesenews.it\/2016\/09\/caso-molina-luca-marsico-fi-chiede-le-dimissioni-di-malerba-e-campiotti\/553745\/","name":"Caso Molina: Luca Marsico (FI) chiede le dimissioni di Malerba e Campiotti","isPartOf":{"@id":"https:\/\/staging.varesenews.it\/#website"},"datePublished":"2016-09-23T21:55:34+00:00","dateModified":"2016-09-23T21:55:34+00:00","author":{"@id":"https:\/\/staging.varesenews.it\/#\/schema\/person\/fb20c4da0b7b16c291707a20db73e169"},"description":"Il consigliere regionale: \"Mi appello al Presidente Maroni affinch\u00e9 prenda coscienza della questione Molina\"","breadcrumb":{"@id":"https:\/\/staging.varesenews.it\/2016\/09\/caso-molina-luca-marsico-fi-chiede-le-dimissioni-di-malerba-e-campiotti\/553745\/#breadcrumb"},"inLanguage":"it-IT","potentialAction":[{"@type":"ReadAction","target":["https:\/\/staging.varesenews.it\/2016\/09\/caso-molina-luca-marsico-fi-chiede-le-dimissioni-di-malerba-e-campiotti\/553745\/"]}]},{"@type":"BreadcrumbList","@id":"https:\/\/staging.varesenews.it\/2016\/09\/caso-molina-luca-marsico-fi-chiede-le-dimissioni-di-malerba-e-campiotti\/553745\/#breadcrumb","itemListElement":[{"@type":"ListItem","position":1,"name":"Home","item":"https:\/\/www.varesenews.it\/"},{"@type":"ListItem","position":2,"name":"Caso Molina: Luca Marsico (FI) chiede le dimissioni di Malerba e Campiotti"}]},{"@type":"WebSite","@id":"https:\/\/staging.varesenews.it\/#website","url":"https:\/\/staging.varesenews.it\/","name":"VareseNews","description":"","potentialAction":[{"@type":"SearchAction","target":{"@type":"EntryPoint","urlTemplate":"https:\/\/staging.varesenews.it\/?s={search_term_string}"},"query-input":"required name=search_term_string"}],"inLanguage":"it-IT"},{"@type":"Person","@id":"https:\/\/staging.varesenews.it\/#\/schema\/person\/fb20c4da0b7b16c291707a20db73e169","name":"Redazione VareseNews","image":{"@type":"ImageObject","inLanguage":"it-IT","@id":"https:\/\/staging.varesenews.it\/#\/schema\/person\/image\/","url":"https:\/\/staging.varesenews.it\/wp-content\/uploads\/2020\/12\/logo_VN_colori_500.png","contentUrl":"https:\/\/staging.varesenews.it\/wp-content\/uploads\/2020\/12\/logo_VN_colori_500.png","caption":"Redazione VareseNews"},"url":"https:\/\/staging.varesenews.it\/persona\/redazione1\/"}]}},"post_meta":{"_edit_lock":"1474667609:44","_edit_last":"44","_category_permalink":"","wdfb_og_title":"","wdfb_og_type":"","wdfb_og_description":"","wdfb_og_images":"a:1:{i:0;s:0:\"\";}","wdfb_og_custom_name":"a:1:{i:0;s:0:\"\";}","wdfb_og_custom_value":"a:1:{i:0;s:0:\"\";}","foto":"481142","argomento":"Varese","_yoast_wpseo_focuskw":"molina","_yoast_wpseo_metadesc":"Il consigliere regionale: \"Mi appello al Presidente Maroni affinch\u00e9 prenda coscienza della questione Molina\"","_jd_twitter":"","_jd_tweet_this":"yes","ratings_users":"0","ratings_score":"0","ratings_average":"0","_wpt_short_url":"http:\/\/www.varesenews.it\/2016\/09\/caso-molina-luca-marsico-fi-chiede-le-dimissioni-di-malerba-e-campiotti\/553745\/","_wp_jd_target":"http:\/\/www.varesenews.it\/2016\/09\/caso-molina-luca-marsico-fi-chiede-le-dimissioni-di-malerba-e-campiotti\/553745\/","_jd_wp_twitter":"a:1:{i:0;s:207:\"Caso Molina: Luca Marsico (FI) chiede le dimissioni di Malerba e Campiotti http:\/\/www.varesenews.it\/2016\/09\/caso-molina-luca-marsico-fi-chiede-le-dimissioni-di-malerba-e-campiotti\/553745\/ #casomolina #molina\";}","_wpt_status_message":"Tweet inviato con successo.","_yoast_wpseo_linkdex":"73","id_leggi_anche":"553752,553781"},"photos":[{"original":"https:\/\/staging.varesenews.it\/photogallery_new\/images\/2015\/09\/molina-481142.jpg","full":"https:\/\/staging.varesenews.it\/photogallery_new\/images\/2015\/09\/molina-481142.1024x768.jpg","large":"https:\/\/staging.varesenews.it\/photogallery_new\/images\/2015\/09\/molina-481142.610x431.jpg"}],"_links":{"self":[{"href":"https:\/\/staging.varesenews.it\/swgapi\/v1\/wp\/v2\/posts\/553745"}],"collection":[{"href":"https:\/\/staging.varesenews.it\/swgapi\/v1\/wp\/v2\/posts"}],"about":[{"href":"https:\/\/staging.varesenews.it\/swgapi\/v1\/wp\/v2\/types\/post"}],"author":[{"embeddable":true,"href":"https:\/\/staging.varesenews.it\/swgapi\/v1\/wp\/v2\/users\/10"}],"replies":[{"embeddable":true,"href":"https:\/\/staging.varesenews.it\/swgapi\/v1\/wp\/v2\/comments?post=553745"}],"version-history":[{"count":0,"href":"https:\/\/staging.varesenews.it\/swgapi\/v1\/wp\/v2\/posts\/553745\/revisions"}],"wp:attachment":[{"href":"https:\/\/staging.varesenews.it\/swgapi\/v1\/wp\/v2\/media?parent=553745"}],"wp:term":[{"taxonomy":"category","embeddable":true,"href":"https:\/\/staging.varesenews.it\/swgapi\/v1\/wp\/v2\/categories?post=553745"},{"taxonomy":"post_tag","embeddable":true,"href":"https:\/\/staging.varesenews.it\/swgapi\/v1\/wp\/v2\/tags?post=553745"}],"curies":[{"name":"wp","href":"https:\/\/api.w.org\/{rel}","templated":true}]}}