{"id":553821,"date":"2016-09-24T16:15:19","date_gmt":"2016-09-24T14:15:19","guid":{"rendered":"http:\/\/www.varesenews.it\/?p=553821"},"modified":"2016-09-24T16:15:19","modified_gmt":"2016-09-24T14:15:19","slug":"tre-valli-varesine-orari-e-modifiche-delle-autolinee-varesine","status":"publish","type":"post","link":"https:\/\/staging.varesenews.it\/2016\/09\/tre-valli-varesine-orari-e-modifiche-delle-autolinee-varesine\/553821\/","title":{"rendered":"Tre Valli Varesine: orari e modifiche delle Autolinee Varesine"},"content":{"rendered":"<p>In occasione della manifestazione ciclistica Tre Valli Varesine in programma per marted\u00ec 27 settembre 2016, il servizio di Autolinee Varesine subir\u00e0 notevoli variazioni.<\/p>\n<p><strong>Tratte urbane (citt\u00e0 di Varese)<\/strong><br \/>\nSulle linee urbane della citt\u00e0 di Varese, servizio regolare sino alle 8.15. Da quell\u2019ora e sino alle 12.30, le corse della B, E, N e Z in entrambe le direzioni effettueranno un percorso alternativo tra piazza Monte Grappa e la rotonda di viale XXV aprile\/via Sanvito, da cui riprenderanno i rispettivi itinerari.<br \/>\nNovit\u00e0 maggiori, invece, dalle 12.30 e sino al termine della manifestazione, previsto tra le 17 e le 17.30. In questa fascia oraria, verr\u00e0 completamente sospeso il servizio della linea suburbana M (Varese-Morosolo).\u2028La A raggiunger\u00e0 regolarmente i propri due capolinea, ma effettuer\u00e0 un percorso alternativo tra la stazione FS e viale Ippodromo.\u2028La B sar\u00e0 limitata al tronco FS-Sangallo e viceversa, pur attraverso un itinerario speciale dalla stazione sino a viale Ippodromo, mentre il ramo da\/per via Corridoni verr\u00e0 sospeso: entrambi i capolinea raggiungibili, invece, per la C, che anche in questo caso sar\u00e0 per\u00f2 costretta ad alcune deviazioni tra la stazione FS e l\u2019incrocio viale Ippodromo\/viale Aguggiari.<br \/>\nLa E e la P avranno invece un percorso regolare nelle tratte Bizzozero-FS e viceversa e Olona-FS e viceversa; verso i capolinea di Avigno e Velate, le due linee daranno vita ad un servizio speciale tra FS e Velate attraverso viale Aguggiari (fermata via Vannucci) e quindi il normale itinerario della E in zona palasport\/Masnago. Su questa tratta, da Velate le corse scatteranno alle 12.30, alle 13 e quindi al minuto \u201c00\u201d di ogni ora sino alle 17: dalla stazione FS, alle 12.30 e al minuto \u201c30\u201d di ogni ora sino alle 16.30.<br \/>\nPer la H e la N, non verranno effettuati i percorsi verso e da Montello\/Scuola Europea e Calcinate del Pesce: dunque le due linee saranno limitate, rispettivamente, alle tratte FS-San Fermo e viceversa e FS-Belforte\/Cascina Mentasti e viceversa.<br \/>\nLa Z sar\u00e0 invece contenuta al ramo FS-Bregazzana, peraltro attraverso un percorso alternativo dalla stazione sino all\u2019incrocio viale Ippodromo\/viale Aguggiari, con l\u2019annullamento della tratta da e verso Calcinate degli Origoni.\u00a0Nessuna variazione, infine, per la O, la G, la CF e le linee suburbane L (Varese-Bisuschio) e D (Varese-Azzate), salvo possibili rallentamenti in occasione del passaggio della corsa.<br \/>\n<strong>Tratte extraurbane<\/strong><br \/>\nNon meno rilevanti le modifiche alle linee extraurbane. Tutte le corse della N23 (Varese-Varano Borghi-Sesto Calende), N24 (Varese-Azzate-Villadosia), N25 (Varese-Arona) e N27 (Varese-Castelseprio-Carnago) una volta partite da piazzale Kennedy si dirigeranno direttamente verso viale Borri\/via Gasparotto e quindi fuori citt\u00e0, senza transitare dal polo scolastico di via Giuliani.<br \/>\nSulla N10\/N11 (Varese-Ghirla-Luino\/Ponte Tresa), a partire dalla corsa in uscita alle 13.30 da piazzale Kennedy si effettuer\u00e0 un percorso alternativo, in entrambe le direzioni, fino a viale Valganna, con ripristino dei normali itinerari dalle 18.24.<br \/>\nPer quanto riguarda la N20 (Varese-Angera-Sesto Calende), nella fascia oraria 12.10-17.35 corse in partenza e in arrivo non a Varese piazzale Kennedy, bens\u00ec a Masnago via Sanvito\/incrocio via Salvo d\u2019Acquisto da cui scatter\u00e0 anche la corsa della N19 (Varese-Turro) delle 13.35.<br \/>\nInfine, cambiamenti anche sulla N21 (Varese-Osmate): ultima corsa regolare alle 12.15 da piazzale Kennedy, quindi autobus limitati, in entrambe le direzioni, alla rotonda della Schiranna. Il servizio regolare, in questo caso, riprender\u00e0 alle 18.30.<\/p>\n","protected":false},"excerpt":{"rendered":"<p>In occasione della manifestazione ciclistica Tre Valli Varesine in programma per marted\u00ec 27 settembre 2016, il servizio di Autolinee Varesine subir\u00e0 notevoli variazioni<\/p>\n","protected":false},"author":32,"featured_media":0,"comment_status":"open","ping_status":"open","sticky":false,"template":"","format":"standard","meta":{"footnotes":""},"categories":[14,2],"tags":[915,1296],"acf":[],"yoast_head":"<!-- This site is optimized with the Yoast SEO plugin v20.1 - https:\/\/yoast.com\/wordpress\/plugins\/seo\/ -->\n<title>Tre Valli Varesine: orari e modifiche delle Autolinee Varesine<\/title>\n<meta name=\"description\" content=\"In occasione della manifestazione ciclistica Tre Valli Varesine in programma per marted\u00ec 27 settembre 2016, il servizio di Autolinee Varesine subir\u00e0 notevoli variazioni\" \/>\n<meta name=\"robots\" content=\"noindex, follow, max-snippet:-1, max-image-preview:large, max-video-preview:-1\" \/>\n<meta property=\"og:locale\" content=\"it_IT\" \/>\n<meta property=\"og:type\" content=\"article\" \/>\n<meta property=\"og:title\" content=\"Tre Valli Varesine: orari e modifiche delle Autolinee Varesine\" \/>\n<meta property=\"og:description\" content=\"In occasione della manifestazione ciclistica Tre Valli Varesine in programma per marted\u00ec 27 settembre 2016, il servizio di Autolinee Varesine subir\u00e0 notevoli variazioni\" \/>\n<meta property=\"og:url\" content=\"https:\/\/staging.varesenews.it\/2016\/09\/tre-valli-varesine-orari-e-modifiche-delle-autolinee-varesine\/553821\/\" \/>\n<meta property=\"og:site_name\" content=\"VareseNews\" \/>\n<meta property=\"article:publisher\" content=\"https:\/\/www.facebook.com\/varesenews\" \/>\n<meta property=\"article:published_time\" content=\"2016-09-24T14:15:19+00:00\" \/>\n<meta name=\"author\" content=\"Adelia Brigo\" \/>\n<meta name=\"twitter:card\" content=\"summary_large_image\" \/>\n<meta name=\"twitter:creator\" content=\"@AdeliaBrigo\" \/>\n<meta name=\"twitter:site\" content=\"@varesenews\" \/>\n<meta name=\"twitter:label1\" content=\"Scritto da\" \/>\n\t<meta name=\"twitter:data1\" content=\"Adelia Brigo\" \/>\n\t<meta name=\"twitter:label2\" content=\"Tempo di lettura stimato\" \/>\n\t<meta name=\"twitter:data2\" content=\"3 minuti\" \/>\n<script type=\"application\/ld+json\" class=\"yoast-schema-graph\">{\"@context\":\"https:\/\/schema.org\",\"@graph\":[{\"@type\":\"WebPage\",\"@id\":\"https:\/\/staging.varesenews.it\/2016\/09\/tre-valli-varesine-orari-e-modifiche-delle-autolinee-varesine\/553821\/\",\"url\":\"https:\/\/staging.varesenews.it\/2016\/09\/tre-valli-varesine-orari-e-modifiche-delle-autolinee-varesine\/553821\/\",\"name\":\"Tre Valli Varesine: orari e modifiche delle Autolinee Varesine\",\"isPartOf\":{\"@id\":\"https:\/\/staging.varesenews.it\/#website\"},\"datePublished\":\"2016-09-24T14:15:19+00:00\",\"dateModified\":\"2016-09-24T14:15:19+00:00\",\"author\":{\"@id\":\"https:\/\/staging.varesenews.it\/#\/schema\/person\/272ac0f5b2dbfd572218c2d86e013f1a\"},\"description\":\"In occasione della manifestazione ciclistica Tre Valli Varesine in programma per marted\u00ec 27 settembre 2016, il servizio di Autolinee Varesine subir\u00e0 notevoli variazioni\",\"breadcrumb\":{\"@id\":\"https:\/\/staging.varesenews.it\/2016\/09\/tre-valli-varesine-orari-e-modifiche-delle-autolinee-varesine\/553821\/#breadcrumb\"},\"inLanguage\":\"it-IT\",\"potentialAction\":[{\"@type\":\"ReadAction\",\"target\":[\"https:\/\/staging.varesenews.it\/2016\/09\/tre-valli-varesine-orari-e-modifiche-delle-autolinee-varesine\/553821\/\"]}]},{\"@type\":\"BreadcrumbList\",\"@id\":\"https:\/\/staging.varesenews.it\/2016\/09\/tre-valli-varesine-orari-e-modifiche-delle-autolinee-varesine\/553821\/#breadcrumb\",\"itemListElement\":[{\"@type\":\"ListItem\",\"position\":1,\"name\":\"Home\",\"item\":\"https:\/\/www.varesenews.it\/\"},{\"@type\":\"ListItem\",\"position\":2,\"name\":\"Tre Valli Varesine: orari e modifiche delle Autolinee Varesine\"}]},{\"@type\":\"WebSite\",\"@id\":\"https:\/\/staging.varesenews.it\/#website\",\"url\":\"https:\/\/staging.varesenews.it\/\",\"name\":\"VareseNews\",\"description\":\"\",\"potentialAction\":[{\"@type\":\"SearchAction\",\"target\":{\"@type\":\"EntryPoint\",\"urlTemplate\":\"https:\/\/staging.varesenews.it\/?s={search_term_string}\"},\"query-input\":\"required name=search_term_string\"}],\"inLanguage\":\"it-IT\"},{\"@type\":\"Person\",\"@id\":\"https:\/\/staging.varesenews.it\/#\/schema\/person\/272ac0f5b2dbfd572218c2d86e013f1a\",\"name\":\"Adelia Brigo\",\"image\":{\"@type\":\"ImageObject\",\"inLanguage\":\"it-IT\",\"@id\":\"https:\/\/staging.varesenews.it\/#\/schema\/person\/image\/\",\"url\":\"https:\/\/staging.varesenews.it\/wp-content\/uploads\/2020\/12\/adelia_brigo_colori_500.jpg\",\"contentUrl\":\"https:\/\/staging.varesenews.it\/wp-content\/uploads\/2020\/12\/adelia_brigo_colori_500.jpg\",\"caption\":\"Adelia Brigo\"},\"description\":\"Giornalista pubblicista, lavoro a VareseNews dal 2007 e mi occupo di cronaca locale e del settore dedicato alla cultura. In questi anni ho seguito diversi progetti di comunicazione, amo sperimentare strategie per i Social Network e raccontare storie. Varesina, classe 1984, sono laureata in Scienze della Comunicazione.&nbsp;\",\"sameAs\":[\"AdeliaBrigo\",\"https:\/\/twitter.com\/AdeliaBrigo\"],\"url\":\"https:\/\/staging.varesenews.it\/persona\/adelia_brigo\/\"}]}<\/script>\n<!-- \/ Yoast SEO plugin. -->","yoast_head_json":{"title":"Tre Valli Varesine: orari e modifiche delle Autolinee Varesine","description":"In occasione della manifestazione ciclistica Tre Valli Varesine in programma per marted\u00ec 27 settembre 2016, il servizio di Autolinee Varesine subir\u00e0 notevoli variazioni","robots":{"index":"noindex","follow":"follow","max-snippet":"max-snippet:-1","max-image-preview":"max-image-preview:large","max-video-preview":"max-video-preview:-1"},"og_locale":"it_IT","og_type":"article","og_title":"Tre Valli Varesine: orari e modifiche delle Autolinee Varesine","og_description":"In occasione della manifestazione ciclistica Tre Valli Varesine in programma per marted\u00ec 27 settembre 2016, il servizio di Autolinee Varesine subir\u00e0 notevoli variazioni","og_url":"https:\/\/staging.varesenews.it\/2016\/09\/tre-valli-varesine-orari-e-modifiche-delle-autolinee-varesine\/553821\/","og_site_name":"VareseNews","article_publisher":"https:\/\/www.facebook.com\/varesenews","article_published_time":"2016-09-24T14:15:19+00:00","author":"Adelia Brigo","twitter_card":"summary_large_image","twitter_creator":"@AdeliaBrigo","twitter_site":"@varesenews","twitter_misc":{"Scritto da":"Adelia Brigo","Tempo di lettura stimato":"3 minuti"},"schema":{"@context":"https:\/\/schema.org","@graph":[{"@type":"WebPage","@id":"https:\/\/staging.varesenews.it\/2016\/09\/tre-valli-varesine-orari-e-modifiche-delle-autolinee-varesine\/553821\/","url":"https:\/\/staging.varesenews.it\/2016\/09\/tre-valli-varesine-orari-e-modifiche-delle-autolinee-varesine\/553821\/","name":"Tre Valli Varesine: orari e modifiche delle Autolinee Varesine","isPartOf":{"@id":"https:\/\/staging.varesenews.it\/#website"},"datePublished":"2016-09-24T14:15:19+00:00","dateModified":"2016-09-24T14:15:19+00:00","author":{"@id":"https:\/\/staging.varesenews.it\/#\/schema\/person\/272ac0f5b2dbfd572218c2d86e013f1a"},"description":"In occasione della manifestazione ciclistica Tre Valli Varesine in programma per marted\u00ec 27 settembre 2016, il servizio di Autolinee Varesine subir\u00e0 notevoli variazioni","breadcrumb":{"@id":"https:\/\/staging.varesenews.it\/2016\/09\/tre-valli-varesine-orari-e-modifiche-delle-autolinee-varesine\/553821\/#breadcrumb"},"inLanguage":"it-IT","potentialAction":[{"@type":"ReadAction","target":["https:\/\/staging.varesenews.it\/2016\/09\/tre-valli-varesine-orari-e-modifiche-delle-autolinee-varesine\/553821\/"]}]},{"@type":"BreadcrumbList","@id":"https:\/\/staging.varesenews.it\/2016\/09\/tre-valli-varesine-orari-e-modifiche-delle-autolinee-varesine\/553821\/#breadcrumb","itemListElement":[{"@type":"ListItem","position":1,"name":"Home","item":"https:\/\/www.varesenews.it\/"},{"@type":"ListItem","position":2,"name":"Tre Valli Varesine: orari e modifiche delle Autolinee Varesine"}]},{"@type":"WebSite","@id":"https:\/\/staging.varesenews.it\/#website","url":"https:\/\/staging.varesenews.it\/","name":"VareseNews","description":"","potentialAction":[{"@type":"SearchAction","target":{"@type":"EntryPoint","urlTemplate":"https:\/\/staging.varesenews.it\/?s={search_term_string}"},"query-input":"required name=search_term_string"}],"inLanguage":"it-IT"},{"@type":"Person","@id":"https:\/\/staging.varesenews.it\/#\/schema\/person\/272ac0f5b2dbfd572218c2d86e013f1a","name":"Adelia Brigo","image":{"@type":"ImageObject","inLanguage":"it-IT","@id":"https:\/\/staging.varesenews.it\/#\/schema\/person\/image\/","url":"https:\/\/staging.varesenews.it\/wp-content\/uploads\/2020\/12\/adelia_brigo_colori_500.jpg","contentUrl":"https:\/\/staging.varesenews.it\/wp-content\/uploads\/2020\/12\/adelia_brigo_colori_500.jpg","caption":"Adelia Brigo"},"description":"Giornalista pubblicista, lavoro a VareseNews dal 2007 e mi occupo di cronaca locale e del settore dedicato alla cultura. In questi anni ho seguito diversi progetti di comunicazione, amo sperimentare strategie per i Social Network e raccontare storie. Varesina, classe 1984, sono laureata in Scienze della Comunicazione.&nbsp;","sameAs":["AdeliaBrigo","https:\/\/twitter.com\/AdeliaBrigo"],"url":"https:\/\/staging.varesenews.it\/persona\/adelia_brigo\/"}]}},"post_meta":{"_edit_lock":"1474726464:32","_edit_last":"32","_category_permalink":"2","ratings_users":"0","ratings_score":"0","ratings_average":"0","wdfb_og_title":"","wdfb_og_type":"","wdfb_og_description":"","wdfb_og_images":"a:1:{i:0;s:0:\"\";}","wdfb_og_custom_name":"a:1:{i:0;s:0:\"\";}","wdfb_og_custom_value":"a:1:{i:0;s:0:\"\";}","id_leggi_anche":"552078,553641,554123","foto":"568928","firma_come_redazione":"1","argomento":"Viabilit\u00e0","_jd_twitter":"","_jd_tweet_this":"yes","_wpt_short_url":"http:\/\/www.varesenews.it\/2016\/09\/tre-valli-varesine-orari-e-modifiche-delle-autolinee-varesine\/553821\/","_wp_jd_target":"http:\/\/www.varesenews.it\/2016\/09\/tre-valli-varesine-orari-e-modifiche-delle-autolinee-varesine\/553821\/","_jd_wp_twitter":"a:1:{i:0;s:176:\"Tre Valli Varesine: orari e modifiche delle Autolinee Varesine http:\/\/www.varesenews.it\/2016\/09\/tre-valli-varesine-orari-e-modifiche-delle-autolinee-varesine\/553821\/ #trasporti\";}","_wpt_status_message":"Tweet inviato con successo."},"photos":[{"original":"https:\/\/staging.varesenews.it\/photogallery_new\/images\/2016\/09\/autolinee-varesine-568928.jpg","full":"https:\/\/staging.varesenews.it\/photogallery_new\/images\/2016\/09\/autolinee-varesine-568928.1024x768.jpg","large":"https:\/\/staging.varesenews.it\/photogallery_new\/images\/2016\/09\/autolinee-varesine-568928.610x431.jpg"}],"_links":{"self":[{"href":"https:\/\/staging.varesenews.it\/swgapi\/v1\/wp\/v2\/posts\/553821"}],"collection":[{"href":"https:\/\/staging.varesenews.it\/swgapi\/v1\/wp\/v2\/posts"}],"about":[{"href":"https:\/\/staging.varesenews.it\/swgapi\/v1\/wp\/v2\/types\/post"}],"author":[{"embeddable":true,"href":"https:\/\/staging.varesenews.it\/swgapi\/v1\/wp\/v2\/users\/32"}],"replies":[{"embeddable":true,"href":"https:\/\/staging.varesenews.it\/swgapi\/v1\/wp\/v2\/comments?post=553821"}],"version-history":[{"count":0,"href":"https:\/\/staging.varesenews.it\/swgapi\/v1\/wp\/v2\/posts\/553821\/revisions"}],"wp:attachment":[{"href":"https:\/\/staging.varesenews.it\/swgapi\/v1\/wp\/v2\/media?parent=553821"}],"wp:term":[{"taxonomy":"category","embeddable":true,"href":"https:\/\/staging.varesenews.it\/swgapi\/v1\/wp\/v2\/categories?post=553821"},{"taxonomy":"post_tag","embeddable":true,"href":"https:\/\/staging.varesenews.it\/swgapi\/v1\/wp\/v2\/tags?post=553821"}],"curies":[{"name":"wp","href":"https:\/\/api.w.org\/{rel}","templated":true}]}}