{"id":554123,"date":"2016-09-26T14:54:34","date_gmt":"2016-09-26T12:54:34","guid":{"rendered":"http:\/\/www.varesenews.it\/?p=554123"},"modified":"2016-09-26T15:04:37","modified_gmt":"2016-09-26T13:04:37","slug":"tre-valli-varesine-la-cronotabella","status":"publish","type":"post","link":"https:\/\/staging.varesenews.it\/2016\/09\/tre-valli-varesine-la-cronotabella\/554123\/","title":{"rendered":"Tre Valli Varesine: la cronotabella"},"content":{"rendered":"<p>La <strong>Tre Valli Varesine<\/strong> si disputer\u00e0 domani, marted\u00ec 27 settembre. La gara ciclistica prender\u00e0 il via da Saronno alle 12 e arriver\u00e0 a Varese, in Via Sacco (davanti al comune) intorno alle 17.<\/p>\n<p>Il gruppo effettuer\u00e0 prima un tratto in linea attraverso la \u201cVaresina\u201d, la sponda sud del lago di Varese, il tratto Varano-Besozzo, la Valcuvia (da Gemonio a Brinzio) e l\u2019arrivo a Varese da Sant\u2019Ambrogio per un totale di circa 78 chilometri. Poi il circuito cittadino di Varese di circa 13 chilometri da ripetere 9 volte con la salita del Montello, la discesa in Valle Luna e la risalita verso il centro da Bobbiate e Casbeno.<\/p>\n<p><strong><a href=\"http:\/\/www.varesenews.it\/2016\/09\/tre-valli-e-gran-fondo-ecco-i-percorsi\/551490\/\" target=\"_blank\">IL PERCORSO NEL DETTAGLIO<\/a><\/strong><\/p>\n<p>Nella galleria fotografica trovate la CRONOTABELLA, ovvero\u00a0le indicazioni degli orari del passaggio della gara, in base alla velocit\u00e0 di corsa, nei diversi paesi.<\/p>\n<p>&nbsp;<\/p>\n<p><strong><a href=\"http:\/\/www.varesenews.it\/photogallery\/tre-valli-varesine-la-cronotabella\/2\/\" target=\"_blank\">GUARDA LA GALLERIA FOTOGRAFICA CON LA CRONOTABELLA\u00a0<\/a><\/strong><\/p>\n<p><a href=\"http:\/\/www.varesenews.it\/wp-content\/uploads\/2016\/09\/Brochure_Tecnica_TreValliVaresine2016.pdf\">TRE VALLI VARESINE, LA CRONOTABELLA<\/a>\u00a0(in pdf)<\/p>\n<p>Alcune vie della citt\u00e0 saranno completamente off limits fin dall\u2019alba (quelle in pieno centro dove ci sono l\u2019arrivo, la premiazione e dove sono posizionati i pullman delle squadre e gli altri mezzi funzionali alla corsa); altre chiuderanno poco prima del passaggio dei corridori e resteranno impraticabili sino al termine della Tre Valli.<\/p>\n<p>Per recarsi a Varese \u00e8 quindi necessario controllare l\u2019ordinanza del Comune, che abbiamo riassunto per voi.<\/p>\n<p><a href=\"http:\/\/www.varesenews.it\/2016\/09\/varese-le-strade-chiuse-per-la-tre-valli\/552119\/\" target=\"_blank\">QUI I DIVIETI DI SOSTA E LE STRADE CHIUSE A VARESE<\/a><\/p>\n","protected":false},"excerpt":{"rendered":"<p>I dettagli della gara con gli orari del passaggio della corsa nei diversi paesi <\/p>\n","protected":false},"author":32,"featured_media":0,"comment_status":"open","ping_status":"open","sticky":false,"template":"","format":"standard","meta":{"footnotes":""},"categories":[5,14,2],"tags":[398,60107],"acf":[],"yoast_head":"<!-- This site is optimized with the Yoast SEO plugin v20.1 - https:\/\/yoast.com\/wordpress\/plugins\/seo\/ -->\n<title>Tre Valli Varesine: la cronotabella<\/title>\n<meta name=\"description\" content=\"I dettagli della gara con gli orari del passaggio della corsa nei diversi paesi\" \/>\n<meta name=\"robots\" content=\"noindex, follow, max-snippet:-1, max-image-preview:large, max-video-preview:-1\" \/>\n<meta property=\"og:locale\" content=\"it_IT\" \/>\n<meta property=\"og:type\" content=\"article\" \/>\n<meta property=\"og:title\" content=\"Tre Valli Varesine: la cronotabella\" \/>\n<meta property=\"og:description\" content=\"I dettagli della gara con gli orari del passaggio della corsa nei diversi paesi\" \/>\n<meta property=\"og:url\" content=\"https:\/\/staging.varesenews.it\/2016\/09\/tre-valli-varesine-la-cronotabella\/554123\/\" \/>\n<meta property=\"og:site_name\" content=\"VareseNews\" \/>\n<meta property=\"article:publisher\" content=\"https:\/\/www.facebook.com\/varesenews\" \/>\n<meta property=\"article:published_time\" content=\"2016-09-26T12:54:34+00:00\" \/>\n<meta property=\"article:modified_time\" content=\"2016-09-26T13:04:37+00:00\" \/>\n<meta name=\"author\" content=\"Adelia Brigo\" \/>\n<meta name=\"twitter:card\" content=\"summary_large_image\" \/>\n<meta name=\"twitter:creator\" content=\"@AdeliaBrigo\" \/>\n<meta name=\"twitter:site\" content=\"@varesenews\" \/>\n<meta name=\"twitter:label1\" content=\"Scritto da\" \/>\n\t<meta name=\"twitter:data1\" content=\"Adelia Brigo\" \/>\n\t<meta name=\"twitter:label2\" content=\"Tempo di lettura stimato\" \/>\n\t<meta name=\"twitter:data2\" content=\"1 minuto\" \/>\n<script type=\"application\/ld+json\" class=\"yoast-schema-graph\">{\"@context\":\"https:\/\/schema.org\",\"@graph\":[{\"@type\":\"WebPage\",\"@id\":\"https:\/\/staging.varesenews.it\/2016\/09\/tre-valli-varesine-la-cronotabella\/554123\/\",\"url\":\"https:\/\/staging.varesenews.it\/2016\/09\/tre-valli-varesine-la-cronotabella\/554123\/\",\"name\":\"Tre Valli Varesine: la cronotabella\",\"isPartOf\":{\"@id\":\"https:\/\/staging.varesenews.it\/#website\"},\"datePublished\":\"2016-09-26T12:54:34+00:00\",\"dateModified\":\"2016-09-26T13:04:37+00:00\",\"author\":{\"@id\":\"https:\/\/staging.varesenews.it\/#\/schema\/person\/272ac0f5b2dbfd572218c2d86e013f1a\"},\"description\":\"I dettagli della gara con gli orari del passaggio della corsa nei diversi paesi\",\"breadcrumb\":{\"@id\":\"https:\/\/staging.varesenews.it\/2016\/09\/tre-valli-varesine-la-cronotabella\/554123\/#breadcrumb\"},\"inLanguage\":\"it-IT\",\"potentialAction\":[{\"@type\":\"ReadAction\",\"target\":[\"https:\/\/staging.varesenews.it\/2016\/09\/tre-valli-varesine-la-cronotabella\/554123\/\"]}]},{\"@type\":\"BreadcrumbList\",\"@id\":\"https:\/\/staging.varesenews.it\/2016\/09\/tre-valli-varesine-la-cronotabella\/554123\/#breadcrumb\",\"itemListElement\":[{\"@type\":\"ListItem\",\"position\":1,\"name\":\"Home\",\"item\":\"https:\/\/www.varesenews.it\/\"},{\"@type\":\"ListItem\",\"position\":2,\"name\":\"Tre Valli Varesine: la cronotabella\"}]},{\"@type\":\"WebSite\",\"@id\":\"https:\/\/staging.varesenews.it\/#website\",\"url\":\"https:\/\/staging.varesenews.it\/\",\"name\":\"VareseNews\",\"description\":\"\",\"potentialAction\":[{\"@type\":\"SearchAction\",\"target\":{\"@type\":\"EntryPoint\",\"urlTemplate\":\"https:\/\/staging.varesenews.it\/?s={search_term_string}\"},\"query-input\":\"required name=search_term_string\"}],\"inLanguage\":\"it-IT\"},{\"@type\":\"Person\",\"@id\":\"https:\/\/staging.varesenews.it\/#\/schema\/person\/272ac0f5b2dbfd572218c2d86e013f1a\",\"name\":\"Adelia Brigo\",\"image\":{\"@type\":\"ImageObject\",\"inLanguage\":\"it-IT\",\"@id\":\"https:\/\/staging.varesenews.it\/#\/schema\/person\/image\/\",\"url\":\"https:\/\/staging.varesenews.it\/wp-content\/uploads\/2020\/12\/adelia_brigo_colori_500.jpg\",\"contentUrl\":\"https:\/\/staging.varesenews.it\/wp-content\/uploads\/2020\/12\/adelia_brigo_colori_500.jpg\",\"caption\":\"Adelia Brigo\"},\"description\":\"Giornalista pubblicista, lavoro a VareseNews dal 2007 e mi occupo di cronaca locale e del settore dedicato alla cultura. In questi anni ho seguito diversi progetti di comunicazione, amo sperimentare strategie per i Social Network e raccontare storie. Varesina, classe 1984, sono laureata in Scienze della Comunicazione.&nbsp;\",\"sameAs\":[\"AdeliaBrigo\",\"https:\/\/twitter.com\/AdeliaBrigo\"],\"url\":\"https:\/\/staging.varesenews.it\/persona\/adelia_brigo\/\"}]}<\/script>\n<!-- \/ Yoast SEO plugin. -->","yoast_head_json":{"title":"Tre Valli Varesine: la cronotabella","description":"I dettagli della gara con gli orari del passaggio della corsa nei diversi paesi","robots":{"index":"noindex","follow":"follow","max-snippet":"max-snippet:-1","max-image-preview":"max-image-preview:large","max-video-preview":"max-video-preview:-1"},"og_locale":"it_IT","og_type":"article","og_title":"Tre Valli Varesine: la cronotabella","og_description":"I dettagli della gara con gli orari del passaggio della corsa nei diversi paesi","og_url":"https:\/\/staging.varesenews.it\/2016\/09\/tre-valli-varesine-la-cronotabella\/554123\/","og_site_name":"VareseNews","article_publisher":"https:\/\/www.facebook.com\/varesenews","article_published_time":"2016-09-26T12:54:34+00:00","article_modified_time":"2016-09-26T13:04:37+00:00","author":"Adelia Brigo","twitter_card":"summary_large_image","twitter_creator":"@AdeliaBrigo","twitter_site":"@varesenews","twitter_misc":{"Scritto da":"Adelia Brigo","Tempo di lettura stimato":"1 minuto"},"schema":{"@context":"https:\/\/schema.org","@graph":[{"@type":"WebPage","@id":"https:\/\/staging.varesenews.it\/2016\/09\/tre-valli-varesine-la-cronotabella\/554123\/","url":"https:\/\/staging.varesenews.it\/2016\/09\/tre-valli-varesine-la-cronotabella\/554123\/","name":"Tre Valli Varesine: la cronotabella","isPartOf":{"@id":"https:\/\/staging.varesenews.it\/#website"},"datePublished":"2016-09-26T12:54:34+00:00","dateModified":"2016-09-26T13:04:37+00:00","author":{"@id":"https:\/\/staging.varesenews.it\/#\/schema\/person\/272ac0f5b2dbfd572218c2d86e013f1a"},"description":"I dettagli della gara con gli orari del passaggio della corsa nei diversi paesi","breadcrumb":{"@id":"https:\/\/staging.varesenews.it\/2016\/09\/tre-valli-varesine-la-cronotabella\/554123\/#breadcrumb"},"inLanguage":"it-IT","potentialAction":[{"@type":"ReadAction","target":["https:\/\/staging.varesenews.it\/2016\/09\/tre-valli-varesine-la-cronotabella\/554123\/"]}]},{"@type":"BreadcrumbList","@id":"https:\/\/staging.varesenews.it\/2016\/09\/tre-valli-varesine-la-cronotabella\/554123\/#breadcrumb","itemListElement":[{"@type":"ListItem","position":1,"name":"Home","item":"https:\/\/www.varesenews.it\/"},{"@type":"ListItem","position":2,"name":"Tre Valli Varesine: la cronotabella"}]},{"@type":"WebSite","@id":"https:\/\/staging.varesenews.it\/#website","url":"https:\/\/staging.varesenews.it\/","name":"VareseNews","description":"","potentialAction":[{"@type":"SearchAction","target":{"@type":"EntryPoint","urlTemplate":"https:\/\/staging.varesenews.it\/?s={search_term_string}"},"query-input":"required name=search_term_string"}],"inLanguage":"it-IT"},{"@type":"Person","@id":"https:\/\/staging.varesenews.it\/#\/schema\/person\/272ac0f5b2dbfd572218c2d86e013f1a","name":"Adelia Brigo","image":{"@type":"ImageObject","inLanguage":"it-IT","@id":"https:\/\/staging.varesenews.it\/#\/schema\/person\/image\/","url":"https:\/\/staging.varesenews.it\/wp-content\/uploads\/2020\/12\/adelia_brigo_colori_500.jpg","contentUrl":"https:\/\/staging.varesenews.it\/wp-content\/uploads\/2020\/12\/adelia_brigo_colori_500.jpg","caption":"Adelia Brigo"},"description":"Giornalista pubblicista, lavoro a VareseNews dal 2007 e mi occupo di cronaca locale e del settore dedicato alla cultura. In questi anni ho seguito diversi progetti di comunicazione, amo sperimentare strategie per i Social Network e raccontare storie. Varesina, classe 1984, sono laureata in Scienze della Comunicazione.&nbsp;","sameAs":["AdeliaBrigo","https:\/\/twitter.com\/AdeliaBrigo"],"url":"https:\/\/staging.varesenews.it\/persona\/adelia_brigo\/"}]}},"post_meta":{"_edit_lock":"1474895515:32","_edit_last":"32","ratings_users":"0","ratings_score":"0","ratings_average":"0","_category_permalink":"14","wdfb_og_title":"","wdfb_og_type":"","wdfb_og_description":"","wdfb_og_images":"a:1:{i:0;s:0:\"\";}","wdfb_og_custom_name":"a:1:{i:0;s:0:\"\";}","wdfb_og_custom_value":"a:1:{i:0;s:0:\"\";}","id_leggi_anche":"553821,553641,552078","foto":"569203","firma_come_redazione":"1","argomento":"CICLISMO","_jd_twitter":"","_jd_tweet_this":"yes","_wpt_short_url":"http:\/\/www.varesenews.it\/2016\/09\/tre-valli-varesine-la-cronotabella\/554123\/","_wp_jd_target":"http:\/\/www.varesenews.it\/2016\/09\/tre-valli-varesine-la-cronotabella\/554123\/","_jd_wp_twitter":"a:1:{i:0;s:121:\"Tre Valli Varesine: la cronotabella http:\/\/www.varesenews.it\/2016\/09\/tre-valli-varesine-la-cronotabella\/554123\/ #ciclismo\";}","_wpt_status_message":"Tweet inviato con successo.","id_link_fotogallery":"554056"},"photos":[{"original":"https:\/\/staging.varesenews.it\/photogallery_new\/images\/2016\/09\/tre-valli-varesine-la-cronotabella-569203.jpg","full":"https:\/\/staging.varesenews.it\/photogallery_new\/images\/2016\/09\/tre-valli-varesine-la-cronotabella-569203.1024x768.jpg","large":"https:\/\/staging.varesenews.it\/photogallery_new\/images\/2016\/09\/tre-valli-varesine-la-cronotabella-569203.610x431.jpg"}],"_links":{"self":[{"href":"https:\/\/staging.varesenews.it\/swgapi\/v1\/wp\/v2\/posts\/554123"}],"collection":[{"href":"https:\/\/staging.varesenews.it\/swgapi\/v1\/wp\/v2\/posts"}],"about":[{"href":"https:\/\/staging.varesenews.it\/swgapi\/v1\/wp\/v2\/types\/post"}],"author":[{"embeddable":true,"href":"https:\/\/staging.varesenews.it\/swgapi\/v1\/wp\/v2\/users\/32"}],"replies":[{"embeddable":true,"href":"https:\/\/staging.varesenews.it\/swgapi\/v1\/wp\/v2\/comments?post=554123"}],"version-history":[{"count":0,"href":"https:\/\/staging.varesenews.it\/swgapi\/v1\/wp\/v2\/posts\/554123\/revisions"}],"wp:attachment":[{"href":"https:\/\/staging.varesenews.it\/swgapi\/v1\/wp\/v2\/media?parent=554123"}],"wp:term":[{"taxonomy":"category","embeddable":true,"href":"https:\/\/staging.varesenews.it\/swgapi\/v1\/wp\/v2\/categories?post=554123"},{"taxonomy":"post_tag","embeddable":true,"href":"https:\/\/staging.varesenews.it\/swgapi\/v1\/wp\/v2\/tags?post=554123"}],"curies":[{"name":"wp","href":"https:\/\/api.w.org\/{rel}","templated":true}]}}