{"id":554134,"date":"2016-09-26T15:02:39","date_gmt":"2016-09-26T13:02:39","guid":{"rendered":"http:\/\/www.varesenews.it\/?p=554134"},"modified":"2016-09-26T15:02:39","modified_gmt":"2016-09-26T13:02:39","slug":"notte-bianca-per-salutare-lestate-un-successo-a-costo-zero","status":"publish","type":"post","link":"https:\/\/staging.varesenews.it\/2016\/09\/notte-bianca-per-salutare-lestate-un-successo-a-costo-zero\/554134\/","title":{"rendered":"Notte bianca per salutare l&#8217;estate: &#8220;Un successo a costo zero&#8221;"},"content":{"rendered":"<p>\u00ab<strong>La prima edizione del saluto all&#8217;estate &#8220;R-estate a Saronno&#8221;,<\/strong> organizzata dal Distretto Urbano del Commercio in collaborazione con l&#8217;Amministrazione comunale e Ascom Saronno, \u00e8 stata senza alcun dubbio un successo: di partecipazione, di musica e cultura, di commercio\u00bb. Ad affermarlo \u00e8 il <strong>presidente del Distretto Urbano del Commercio (Duc) e assessore Fracesco Banfi,<\/strong> dopo l&#8217;iniziativa che si \u00e8 svolta sabato sera e notte in citt\u00e0.<\/p>\n<p>\u00abDal primo pomeriggio fino a tarda sera i pianofort<strong>i, collocati da alcuni esercizi commerciali<\/strong>, sono stati letteralmente presi d&#8217;assalto&#8230; un assalto che ha sprigionato note dolci per le vie del centro &#8211; prosegue Banfi -. Una nota certa, oltre alla curiosit\u00e0 scaturita dal trovare un pianoforte, \u00e8 stata la presenza di numerosissimi giovani: la musica classica \u00e8 pi\u00f9 viva che mai, sa richiamare le persone ed \u00e8 sempre in grado di essa stessa di suonare le corde dei nostri cuori.<strong>\u00a0Un particolare plauso ai commercianti<\/strong> che hanno creduto, voluto e animato l&#8217;iniziativa: sono una preziosa risorsa per il territorio comunale e la sua vita e qui, concedetemelo, un appello ai cittadini: sostenete il commercio di prossimit\u00e0\u00bb.<\/p>\n<p>\u00abIn serata c&#8217;\u00e8 stato<strong> il primo spettacolo pirotecnico dopo anni<\/strong>: anche questo \u00e8 segno che a Saronno \u00e8 possibile fare eventi! Certo c&#8217;\u00e8 stato un piccolo inghippo sulla visibilit\u00e0 dalla piazza generato da una difficolt\u00e0 tecnica: per questa volta posso solo scusarmi con lo sponsor e i cittadini presenti, ma per la prossima volta faremo aggiustamenti che consentiranno sempre una crescita. Un grande ringraziamento alla ditta Biokamino, sponsor dei fuochi.\u00a0Altre note positive, sul piano del DUC,<strong> sono la volont\u00e0 e capacit\u00e0 dei nostri commercianti di essere linfa viva per la citt\u00e0,<\/strong> di volere creare eventi belli e a misura d&#8217;uomo, di collaborare con le associazioni. Per gli esercenti che volessero ricevere informazioni riguardo il DUC \u00e8 possibile scrivere a info@ducsaronno.it<br \/>\nE&#8217; importantissimo rimarcare come per l&#8217;intera manifestazione non siano stati spesi fondi comunali, <strong>ma tutto sia stato realizzato grazie ai singoli commercianti, a sponsor e al contributo del DUC<\/strong> la cui cassa \u00e8 sostenuta anche dalla Camera di Commercio di Varese. Ci sono quindi pi\u00f9 forze disponibili per avere una Saronno viva: serve la volont\u00e0 (e qualche volta la fatica) di cercare e organizzare\u00bb.<\/p>\n<p>\u00abUn ringraziamento ai collaboratori e ai commercianti associati al DUC, all&#8217;Ascom di Saronno, alla gi\u00e0 citata Camera di Commercio, alla commissione commercio e al suo presidente Claudio Sala, al personale dell&#8217;Ufficio commercio e alla Polizia Locale del comune di Saronno per la sempre puntuale assistenza\u00bb.<\/p>\n","protected":false},"excerpt":{"rendered":"<p>La soddisfazione del presidente del Distretto Urbano del Commercio (Duc) e assessore Fracesco Banfi, dopo l&#8217;iniziativa &#8220;R-Estate a Saronno&#8221; che si \u00e8 svolta sabato sera<\/p>\n","protected":false},"author":51,"featured_media":0,"comment_status":"open","ping_status":"open","sticky":false,"template":"","format":"standard","meta":{"footnotes":""},"categories":[5],"tags":[3726,54511],"acf":[],"yoast_head":"<!-- This site is optimized with the Yoast SEO plugin v20.1 - https:\/\/yoast.com\/wordpress\/plugins\/seo\/ -->\n<title>Notte bianca per salutare l&#039;estate: &quot;Un successo a costo zero&quot;<\/title>\n<meta name=\"description\" content=\"La soddisfazione del presidente del Distretto Urbano del Commercio (Duc) e assessore Fracesco Banfi, dopo l&#039;iniziativa che si \u00e8 svolta sabato sera e notte in citt\u00e0\" \/>\n<meta name=\"robots\" content=\"noindex, follow, max-snippet:-1, max-image-preview:large, max-video-preview:-1\" \/>\n<meta property=\"og:locale\" content=\"it_IT\" \/>\n<meta property=\"og:type\" content=\"article\" \/>\n<meta property=\"og:title\" content=\"Notte bianca per salutare l&#039;estate: &quot;Un successo a costo zero&quot;\" \/>\n<meta property=\"og:description\" content=\"La soddisfazione del presidente del Distretto Urbano del Commercio (Duc) e assessore Fracesco Banfi, dopo l&#039;iniziativa che si \u00e8 svolta sabato sera e notte in citt\u00e0\" \/>\n<meta property=\"og:url\" content=\"https:\/\/staging.varesenews.it\/2016\/09\/notte-bianca-per-salutare-lestate-un-successo-a-costo-zero\/554134\/\" \/>\n<meta property=\"og:site_name\" content=\"VareseNews\" \/>\n<meta property=\"article:publisher\" content=\"https:\/\/www.facebook.com\/varesenews\" \/>\n<meta property=\"article:author\" content=\"https:\/\/www.facebook.com\/manuel.sgarella\" \/>\n<meta property=\"article:published_time\" content=\"2016-09-26T13:02:39+00:00\" \/>\n<meta name=\"author\" content=\"Manuel Sgarella\" \/>\n<meta name=\"twitter:card\" content=\"summary_large_image\" \/>\n<meta name=\"twitter:creator\" content=\"@Sgarel\" \/>\n<meta name=\"twitter:site\" content=\"@varesenews\" \/>\n<meta name=\"twitter:label1\" content=\"Scritto da\" \/>\n\t<meta name=\"twitter:data1\" content=\"Manuel Sgarella\" \/>\n\t<meta name=\"twitter:label2\" content=\"Tempo di lettura stimato\" \/>\n\t<meta name=\"twitter:data2\" content=\"2 minuti\" \/>\n<script type=\"application\/ld+json\" class=\"yoast-schema-graph\">{\"@context\":\"https:\/\/schema.org\",\"@graph\":[{\"@type\":\"WebPage\",\"@id\":\"https:\/\/staging.varesenews.it\/2016\/09\/notte-bianca-per-salutare-lestate-un-successo-a-costo-zero\/554134\/\",\"url\":\"https:\/\/staging.varesenews.it\/2016\/09\/notte-bianca-per-salutare-lestate-un-successo-a-costo-zero\/554134\/\",\"name\":\"Notte bianca per salutare l'estate: \\\"Un successo a costo zero\\\"\",\"isPartOf\":{\"@id\":\"https:\/\/staging.varesenews.it\/#website\"},\"datePublished\":\"2016-09-26T13:02:39+00:00\",\"dateModified\":\"2016-09-26T13:02:39+00:00\",\"author\":{\"@id\":\"https:\/\/staging.varesenews.it\/#\/schema\/person\/1ec987bf360cbcf5fab38b0367dbc9d4\"},\"description\":\"La soddisfazione del presidente del Distretto Urbano del Commercio (Duc) e assessore Fracesco Banfi, dopo l'iniziativa che si \u00e8 svolta sabato sera e notte in citt\u00e0\",\"breadcrumb\":{\"@id\":\"https:\/\/staging.varesenews.it\/2016\/09\/notte-bianca-per-salutare-lestate-un-successo-a-costo-zero\/554134\/#breadcrumb\"},\"inLanguage\":\"it-IT\",\"potentialAction\":[{\"@type\":\"ReadAction\",\"target\":[\"https:\/\/staging.varesenews.it\/2016\/09\/notte-bianca-per-salutare-lestate-un-successo-a-costo-zero\/554134\/\"]}]},{\"@type\":\"BreadcrumbList\",\"@id\":\"https:\/\/staging.varesenews.it\/2016\/09\/notte-bianca-per-salutare-lestate-un-successo-a-costo-zero\/554134\/#breadcrumb\",\"itemListElement\":[{\"@type\":\"ListItem\",\"position\":1,\"name\":\"Home\",\"item\":\"https:\/\/www.varesenews.it\/\"},{\"@type\":\"ListItem\",\"position\":2,\"name\":\"Notte bianca per salutare l&#8217;estate: &#8220;Un successo a costo zero&#8221;\"}]},{\"@type\":\"WebSite\",\"@id\":\"https:\/\/staging.varesenews.it\/#website\",\"url\":\"https:\/\/staging.varesenews.it\/\",\"name\":\"VareseNews\",\"description\":\"\",\"potentialAction\":[{\"@type\":\"SearchAction\",\"target\":{\"@type\":\"EntryPoint\",\"urlTemplate\":\"https:\/\/staging.varesenews.it\/?s={search_term_string}\"},\"query-input\":\"required name=search_term_string\"}],\"inLanguage\":\"it-IT\"},{\"@type\":\"Person\",\"@id\":\"https:\/\/staging.varesenews.it\/#\/schema\/person\/1ec987bf360cbcf5fab38b0367dbc9d4\",\"name\":\"Manuel Sgarella\",\"image\":{\"@type\":\"ImageObject\",\"inLanguage\":\"it-IT\",\"@id\":\"https:\/\/staging.varesenews.it\/#\/schema\/person\/image\/\",\"url\":\"https:\/\/staging.varesenews.it\/wp-content\/uploads\/2020\/12\/manuel_sgarella_colori_500.jpg\",\"contentUrl\":\"https:\/\/staging.varesenews.it\/wp-content\/uploads\/2020\/12\/manuel_sgarella_colori_500.jpg\",\"caption\":\"Manuel Sgarella\"},\"description\":\"A VareseNews dal 1999, da quando ho iniziato a collaborare per la pagina del cinema. Col tempo mi sono occupato della cronaca del territorio di Saronno-Tradate e dell'organizzazione di alcuni progetti speciali di VareseNews, tra cui la produzione del film Digitalife. Dal 2009 sono giornalista professionista. Diplomato alla Civica scuola del cinema di Milano, coltivo da sempre una passione per tutto quello che &egrave; narrazione, soprattutto per film e serie tv. Dal 2014 Pubblico romanzi come autore indipendente.&nbsp;\",\"sameAs\":[\"https:\/\/www.facebook.com\/manuel.sgarella\",\"Sgarel\",\"https:\/\/twitter.com\/Sgarel\"],\"url\":\"https:\/\/staging.varesenews.it\/persona\/manuel-sgarella1\/\"}]}<\/script>\n<!-- \/ Yoast SEO plugin. -->","yoast_head_json":{"title":"Notte bianca per salutare l'estate: \"Un successo a costo zero\"","description":"La soddisfazione del presidente del Distretto Urbano del Commercio (Duc) e assessore Fracesco Banfi, dopo l'iniziativa che si \u00e8 svolta sabato sera e notte in citt\u00e0","robots":{"index":"noindex","follow":"follow","max-snippet":"max-snippet:-1","max-image-preview":"max-image-preview:large","max-video-preview":"max-video-preview:-1"},"og_locale":"it_IT","og_type":"article","og_title":"Notte bianca per salutare l'estate: \"Un successo a costo zero\"","og_description":"La soddisfazione del presidente del Distretto Urbano del Commercio (Duc) e assessore Fracesco Banfi, dopo l'iniziativa che si \u00e8 svolta sabato sera e notte in citt\u00e0","og_url":"https:\/\/staging.varesenews.it\/2016\/09\/notte-bianca-per-salutare-lestate-un-successo-a-costo-zero\/554134\/","og_site_name":"VareseNews","article_publisher":"https:\/\/www.facebook.com\/varesenews","article_author":"https:\/\/www.facebook.com\/manuel.sgarella","article_published_time":"2016-09-26T13:02:39+00:00","author":"Manuel Sgarella","twitter_card":"summary_large_image","twitter_creator":"@Sgarel","twitter_site":"@varesenews","twitter_misc":{"Scritto da":"Manuel Sgarella","Tempo di lettura stimato":"2 minuti"},"schema":{"@context":"https:\/\/schema.org","@graph":[{"@type":"WebPage","@id":"https:\/\/staging.varesenews.it\/2016\/09\/notte-bianca-per-salutare-lestate-un-successo-a-costo-zero\/554134\/","url":"https:\/\/staging.varesenews.it\/2016\/09\/notte-bianca-per-salutare-lestate-un-successo-a-costo-zero\/554134\/","name":"Notte bianca per salutare l'estate: \"Un successo a costo zero\"","isPartOf":{"@id":"https:\/\/staging.varesenews.it\/#website"},"datePublished":"2016-09-26T13:02:39+00:00","dateModified":"2016-09-26T13:02:39+00:00","author":{"@id":"https:\/\/staging.varesenews.it\/#\/schema\/person\/1ec987bf360cbcf5fab38b0367dbc9d4"},"description":"La soddisfazione del presidente del Distretto Urbano del Commercio (Duc) e assessore Fracesco Banfi, dopo l'iniziativa che si \u00e8 svolta sabato sera e notte in citt\u00e0","breadcrumb":{"@id":"https:\/\/staging.varesenews.it\/2016\/09\/notte-bianca-per-salutare-lestate-un-successo-a-costo-zero\/554134\/#breadcrumb"},"inLanguage":"it-IT","potentialAction":[{"@type":"ReadAction","target":["https:\/\/staging.varesenews.it\/2016\/09\/notte-bianca-per-salutare-lestate-un-successo-a-costo-zero\/554134\/"]}]},{"@type":"BreadcrumbList","@id":"https:\/\/staging.varesenews.it\/2016\/09\/notte-bianca-per-salutare-lestate-un-successo-a-costo-zero\/554134\/#breadcrumb","itemListElement":[{"@type":"ListItem","position":1,"name":"Home","item":"https:\/\/www.varesenews.it\/"},{"@type":"ListItem","position":2,"name":"Notte bianca per salutare l&#8217;estate: &#8220;Un successo a costo zero&#8221;"}]},{"@type":"WebSite","@id":"https:\/\/staging.varesenews.it\/#website","url":"https:\/\/staging.varesenews.it\/","name":"VareseNews","description":"","potentialAction":[{"@type":"SearchAction","target":{"@type":"EntryPoint","urlTemplate":"https:\/\/staging.varesenews.it\/?s={search_term_string}"},"query-input":"required name=search_term_string"}],"inLanguage":"it-IT"},{"@type":"Person","@id":"https:\/\/staging.varesenews.it\/#\/schema\/person\/1ec987bf360cbcf5fab38b0367dbc9d4","name":"Manuel Sgarella","image":{"@type":"ImageObject","inLanguage":"it-IT","@id":"https:\/\/staging.varesenews.it\/#\/schema\/person\/image\/","url":"https:\/\/staging.varesenews.it\/wp-content\/uploads\/2020\/12\/manuel_sgarella_colori_500.jpg","contentUrl":"https:\/\/staging.varesenews.it\/wp-content\/uploads\/2020\/12\/manuel_sgarella_colori_500.jpg","caption":"Manuel Sgarella"},"description":"A VareseNews dal 1999, da quando ho iniziato a collaborare per la pagina del cinema. Col tempo mi sono occupato della cronaca del territorio di Saronno-Tradate e dell'organizzazione di alcuni progetti speciali di VareseNews, tra cui la produzione del film Digitalife. Dal 2009 sono giornalista professionista. Diplomato alla Civica scuola del cinema di Milano, coltivo da sempre una passione per tutto quello che &egrave; narrazione, soprattutto per film e serie tv. Dal 2014 Pubblico romanzi come autore indipendente.&nbsp;","sameAs":["https:\/\/www.facebook.com\/manuel.sgarella","Sgarel","https:\/\/twitter.com\/Sgarel"],"url":"https:\/\/staging.varesenews.it\/persona\/manuel-sgarella1\/"}]}},"post_meta":{"_edit_lock":"1474895134:51","_edit_last":"51","ratings_users":"0","ratings_score":"0","ratings_average":"0","_category_permalink":"","wdfb_og_title":"","wdfb_og_type":"","wdfb_og_description":"","wdfb_og_images":"a:1:{i:0;s:0:\"\";}","wdfb_og_custom_name":"a:1:{i:0;s:0:\"\";}","wdfb_og_custom_value":"a:1:{i:0;s:0:\"\";}","foto":"569222","argomento":"Saronno","_yoast_wpseo_focuskw":"notte bianca","_yoast_wpseo_metadesc":"La soddisfazione del presidente del Distretto Urbano del Commercio (Duc) e assessore Fracesco Banfi, dopo l'iniziativa che si \u00e8 svolta sabato sera e notte in citt\u00e0","_jd_twitter":"","_jd_tweet_this":"yes","_wpt_short_url":"http:\/\/www.varesenews.it\/2016\/09\/notte-bianca-per-salutare-lestate-un-successo-a-costo-zero\/554134\/","_wp_jd_target":"http:\/\/www.varesenews.it\/2016\/09\/notte-bianca-per-salutare-lestate-un-successo-a-costo-zero\/554134\/","_jd_wp_twitter":"a:1:{i:0;s:188:\"Notte bianca per salutare l'estate: \"Un successo a costo zero\" http:\/\/www.varesenews.it\/2016\/09\/notte-bianca-per-salutare-lestate-un-successo-a-costo-zero\/554134\/ #ascomsaronno #ducsaronno\";}","_wpt_status_message":"Tweet inviato con successo.","_yoast_wpseo_linkdex":"61"},"photos":[{"original":"https:\/\/staging.varesenews.it\/photogallery_new\/images\/2016\/09\/notte-bianca-saronno-569222.jpg","full":"https:\/\/staging.varesenews.it\/photogallery_new\/images\/2016\/09\/notte-bianca-saronno-569222.1024x768.jpg","large":"https:\/\/staging.varesenews.it\/photogallery_new\/images\/2016\/09\/notte-bianca-saronno-569222.610x431.jpg"}],"_links":{"self":[{"href":"https:\/\/staging.varesenews.it\/swgapi\/v1\/wp\/v2\/posts\/554134"}],"collection":[{"href":"https:\/\/staging.varesenews.it\/swgapi\/v1\/wp\/v2\/posts"}],"about":[{"href":"https:\/\/staging.varesenews.it\/swgapi\/v1\/wp\/v2\/types\/post"}],"author":[{"embeddable":true,"href":"https:\/\/staging.varesenews.it\/swgapi\/v1\/wp\/v2\/users\/51"}],"replies":[{"embeddable":true,"href":"https:\/\/staging.varesenews.it\/swgapi\/v1\/wp\/v2\/comments?post=554134"}],"version-history":[{"count":0,"href":"https:\/\/staging.varesenews.it\/swgapi\/v1\/wp\/v2\/posts\/554134\/revisions"}],"wp:attachment":[{"href":"https:\/\/staging.varesenews.it\/swgapi\/v1\/wp\/v2\/media?parent=554134"}],"wp:term":[{"taxonomy":"category","embeddable":true,"href":"https:\/\/staging.varesenews.it\/swgapi\/v1\/wp\/v2\/categories?post=554134"},{"taxonomy":"post_tag","embeddable":true,"href":"https:\/\/staging.varesenews.it\/swgapi\/v1\/wp\/v2\/tags?post=554134"}],"curies":[{"name":"wp","href":"https:\/\/api.w.org\/{rel}","templated":true}]}}