{"id":554330,"date":"2016-09-26T19:02:02","date_gmt":"2016-09-26T17:02:02","guid":{"rendered":"http:\/\/www.varesenews.it\/?p=554330"},"modified":"2016-09-26T19:02:02","modified_gmt":"2016-09-26T17:02:02","slug":"laccoglienza-fatta-bene","status":"publish","type":"post","link":"https:\/\/staging.varesenews.it\/2016\/09\/laccoglienza-fatta-bene\/554330\/","title":{"rendered":"&#8220;L&#8217;accoglienza fatta bene&#8221;"},"content":{"rendered":"<p><em>Riceviamo e pubblichiamo il resoconto di &#8220;Varese Possibile&#8221; dell&#8217;incontro organizzato venerd\u00ec sera dal titolo \u00a0&#8220;Nessun paese \u00e8 un&#8217;isola&#8221;. All&#8217;incontro hanno partecipato \u00a0realt\u00e0 virtuose che lavorano nel campo dell&#8217;accoglienza.<\/em><\/p>\n<p>E\u2019 una questione culturale, una questione politica, o forse pi\u00f9 semplicemente una questione di umanit\u00e0, tanto che uno dei relatori, Roberto Guaglianone, responsabile del Coordinamento Asilo Lombardia, proponeva tra le varie riconversioni necessarie a questo mondo, quella umanitaria.<\/p>\n<p>Si potrebbe riassumere cos\u00ec l\u2019iniziativ<strong>a \u201cNessun Paese \u00e8 un\u2019isola &#8211;\u00a0l\u2019accoglienza fatta bene\u201d<\/strong>, un\u2019operazione verit\u00e0 sul mondo dell\u2019accoglienza, per portare sul territorio un\u2019altra narrazione, che \u00e8 vera, informata, approfondita, su realt\u00e0 positive che spesso operano nel silenzio e che hanno come unico principio il semplice rispetto dei diritti di alcuni esseri umani. Per favorire e diffondere queste ultime contro chi sull\u2019accoglienza ci specula. Per zittire le retoriche populiste fautrici di falsi miti.<\/p>\n<p>Stefano Catone ci racconta il suo viaggio per l\u2019Italia alla scoperta di realt\u00e0 virtuose: \u201cSono pi\u00f9 leghista di tutti i leghisti\u201d dice ironico e provocatorio il sindaco della Valcamonica che apre la sua comunit\u00e0 all\u2019arrivo dei migranti e con i 35 euri a disposizione porta lavoro nel suo territorio. (che i 35 euro non siano dati direttamente al migrante crediamo di non doverlo pi\u00f9 ripetere).<br \/>\nLa matematica non \u00e8 un\u2019opinione e 19.000 richiedenti asilo presenti in questo momento nel sistema di accoglienza lombardo, corrispondono allo 0,2% della popolazione, non al 13% come scritto da Mario Giordano su Libero. Per tornare ai falsi miti.<\/p>\n<p>Milena Minessi e Filippo Cardaci ci parlano del mondo degli Sprar (Sistema di protezione per richiedenti asilo e rifugiati). Che funziona bene: perch\u00e9 gestito da enti locali, che decidono d\u2019impegnarsi volontariamente e che si affidano a professionisti nel settore; perch\u00e9 sono progetti a lungo termine che devono garantire servizi fondamentali per l\u2019integrazione delle persone che accolgono; perch\u00e9 sono piccole comunit\u00e0 diffuse nel territorio; perch\u00e9 devono rendicontare ogni minima spesa. Il problema \u00e8 che non hanno una diffusione sufficiente (coprono solo il 15% dell\u2019accoglienza italiana) perch\u00e9 non obbligatori e non incentivati e dove c\u2019\u00e8 carenza di SPRAR subentrano i CAS (centri di accoglienza straordinaria), con una gestione emergenziale, molte meno garanzie, gare al ribasso e tante persone in un\u2019unica comunit\u00e0. Con la conseguente frequente speculazione degli enti preposti ad accoglierli.<\/p>\n<p>Parliamo di 1,3 milioni di richiedenti asilo nel 2015 in Europa, che corrispondono allo 0,27% della popolazione europea, una cifra ampiamente gestibile, se si vuole.<br \/>\nParliamo di una situazione che non \u00e8 emergenziale ma strutturale, che ci accompagner\u00e0 per decenni e come tale dobbiamo affrontarla. Giusto per intenderci, dobbiamo far passare il messaggio che un giorno il sindaco di Milano potr\u00e0 avere pelle di un\u2019altra colore e non si chiamer\u00e0 ne Brambilla ne Fumagalli, esattamente come due degli ultime tre sindaci newyorkesi hanno avuto cognome italiano e il sindaco londinese ha origini pakistane.<br \/>\nLo dice la storia e non saranno dei muri a fermarla.<\/p>\n","protected":false},"excerpt":{"rendered":"<p>Riceviamo e pubblichiamo il resoconto dell&#8217;incontro organizzato venerd\u00ec sera dal titolo  &#8220;Nessun paese \u00e8 un&#8217;isola&#8221;<\/p>\n","protected":false},"author":32,"featured_media":0,"comment_status":"open","ping_status":"open","sticky":false,"template":"","format":"standard","meta":{"footnotes":""},"categories":[2],"tags":[688],"acf":[],"yoast_head":"<!-- This site is optimized with the Yoast SEO plugin v20.1 - https:\/\/yoast.com\/wordpress\/plugins\/seo\/ -->\n<title>&quot;L&#039;accoglienza fatta bene&quot;<\/title>\n<meta name=\"description\" content=\"Riceviamo e pubblichiamo il resoconto dell&#039;incontro organizzato venerd\u00ec sera dal titolo &quot;Nessun paese \u00e8 un&#039;isola&quot;\" \/>\n<meta name=\"robots\" content=\"noindex, follow, max-snippet:-1, max-image-preview:large, max-video-preview:-1\" \/>\n<meta property=\"og:locale\" content=\"it_IT\" \/>\n<meta property=\"og:type\" content=\"article\" \/>\n<meta property=\"og:title\" content=\"&quot;L&#039;accoglienza fatta bene&quot;\" \/>\n<meta property=\"og:description\" content=\"Riceviamo e pubblichiamo il resoconto dell&#039;incontro organizzato venerd\u00ec sera dal titolo &quot;Nessun paese \u00e8 un&#039;isola&quot;\" \/>\n<meta property=\"og:url\" content=\"https:\/\/staging.varesenews.it\/2016\/09\/laccoglienza-fatta-bene\/554330\/\" \/>\n<meta property=\"og:site_name\" content=\"VareseNews\" \/>\n<meta property=\"article:publisher\" content=\"https:\/\/www.facebook.com\/varesenews\" \/>\n<meta property=\"article:published_time\" content=\"2016-09-26T17:02:02+00:00\" \/>\n<meta name=\"author\" content=\"Adelia Brigo\" \/>\n<meta name=\"twitter:card\" content=\"summary_large_image\" \/>\n<meta name=\"twitter:creator\" content=\"@AdeliaBrigo\" \/>\n<meta name=\"twitter:site\" content=\"@varesenews\" \/>\n<meta name=\"twitter:label1\" content=\"Scritto da\" \/>\n\t<meta name=\"twitter:data1\" content=\"Adelia Brigo\" \/>\n\t<meta name=\"twitter:label2\" content=\"Tempo di lettura stimato\" \/>\n\t<meta name=\"twitter:data2\" content=\"2 minuti\" \/>\n<script type=\"application\/ld+json\" class=\"yoast-schema-graph\">{\"@context\":\"https:\/\/schema.org\",\"@graph\":[{\"@type\":\"WebPage\",\"@id\":\"https:\/\/staging.varesenews.it\/2016\/09\/laccoglienza-fatta-bene\/554330\/\",\"url\":\"https:\/\/staging.varesenews.it\/2016\/09\/laccoglienza-fatta-bene\/554330\/\",\"name\":\"\\\"L'accoglienza fatta bene\\\"\",\"isPartOf\":{\"@id\":\"https:\/\/staging.varesenews.it\/#website\"},\"datePublished\":\"2016-09-26T17:02:02+00:00\",\"dateModified\":\"2016-09-26T17:02:02+00:00\",\"author\":{\"@id\":\"https:\/\/staging.varesenews.it\/#\/schema\/person\/272ac0f5b2dbfd572218c2d86e013f1a\"},\"description\":\"Riceviamo e pubblichiamo il resoconto dell'incontro organizzato venerd\u00ec sera dal titolo \\\"Nessun paese \u00e8 un'isola\\\"\",\"breadcrumb\":{\"@id\":\"https:\/\/staging.varesenews.it\/2016\/09\/laccoglienza-fatta-bene\/554330\/#breadcrumb\"},\"inLanguage\":\"it-IT\",\"potentialAction\":[{\"@type\":\"ReadAction\",\"target\":[\"https:\/\/staging.varesenews.it\/2016\/09\/laccoglienza-fatta-bene\/554330\/\"]}]},{\"@type\":\"BreadcrumbList\",\"@id\":\"https:\/\/staging.varesenews.it\/2016\/09\/laccoglienza-fatta-bene\/554330\/#breadcrumb\",\"itemListElement\":[{\"@type\":\"ListItem\",\"position\":1,\"name\":\"Home\",\"item\":\"https:\/\/www.varesenews.it\/\"},{\"@type\":\"ListItem\",\"position\":2,\"name\":\"&#8220;L&#8217;accoglienza fatta bene&#8221;\"}]},{\"@type\":\"WebSite\",\"@id\":\"https:\/\/staging.varesenews.it\/#website\",\"url\":\"https:\/\/staging.varesenews.it\/\",\"name\":\"VareseNews\",\"description\":\"\",\"potentialAction\":[{\"@type\":\"SearchAction\",\"target\":{\"@type\":\"EntryPoint\",\"urlTemplate\":\"https:\/\/staging.varesenews.it\/?s={search_term_string}\"},\"query-input\":\"required name=search_term_string\"}],\"inLanguage\":\"it-IT\"},{\"@type\":\"Person\",\"@id\":\"https:\/\/staging.varesenews.it\/#\/schema\/person\/272ac0f5b2dbfd572218c2d86e013f1a\",\"name\":\"Adelia Brigo\",\"image\":{\"@type\":\"ImageObject\",\"inLanguage\":\"it-IT\",\"@id\":\"https:\/\/staging.varesenews.it\/#\/schema\/person\/image\/\",\"url\":\"https:\/\/staging.varesenews.it\/wp-content\/uploads\/2020\/12\/adelia_brigo_colori_500.jpg\",\"contentUrl\":\"https:\/\/staging.varesenews.it\/wp-content\/uploads\/2020\/12\/adelia_brigo_colori_500.jpg\",\"caption\":\"Adelia Brigo\"},\"description\":\"Giornalista pubblicista, lavoro a VareseNews dal 2007 e mi occupo di cronaca locale e del settore dedicato alla cultura. In questi anni ho seguito diversi progetti di comunicazione, amo sperimentare strategie per i Social Network e raccontare storie. Varesina, classe 1984, sono laureata in Scienze della Comunicazione.&nbsp;\",\"sameAs\":[\"AdeliaBrigo\",\"https:\/\/twitter.com\/AdeliaBrigo\"],\"url\":\"https:\/\/staging.varesenews.it\/persona\/adelia_brigo\/\"}]}<\/script>\n<!-- \/ Yoast SEO plugin. -->","yoast_head_json":{"title":"\"L'accoglienza fatta bene\"","description":"Riceviamo e pubblichiamo il resoconto dell'incontro organizzato venerd\u00ec sera dal titolo \"Nessun paese \u00e8 un'isola\"","robots":{"index":"noindex","follow":"follow","max-snippet":"max-snippet:-1","max-image-preview":"max-image-preview:large","max-video-preview":"max-video-preview:-1"},"og_locale":"it_IT","og_type":"article","og_title":"\"L'accoglienza fatta bene\"","og_description":"Riceviamo e pubblichiamo il resoconto dell'incontro organizzato venerd\u00ec sera dal titolo \"Nessun paese \u00e8 un'isola\"","og_url":"https:\/\/staging.varesenews.it\/2016\/09\/laccoglienza-fatta-bene\/554330\/","og_site_name":"VareseNews","article_publisher":"https:\/\/www.facebook.com\/varesenews","article_published_time":"2016-09-26T17:02:02+00:00","author":"Adelia Brigo","twitter_card":"summary_large_image","twitter_creator":"@AdeliaBrigo","twitter_site":"@varesenews","twitter_misc":{"Scritto da":"Adelia Brigo","Tempo di lettura stimato":"2 minuti"},"schema":{"@context":"https:\/\/schema.org","@graph":[{"@type":"WebPage","@id":"https:\/\/staging.varesenews.it\/2016\/09\/laccoglienza-fatta-bene\/554330\/","url":"https:\/\/staging.varesenews.it\/2016\/09\/laccoglienza-fatta-bene\/554330\/","name":"\"L'accoglienza fatta bene\"","isPartOf":{"@id":"https:\/\/staging.varesenews.it\/#website"},"datePublished":"2016-09-26T17:02:02+00:00","dateModified":"2016-09-26T17:02:02+00:00","author":{"@id":"https:\/\/staging.varesenews.it\/#\/schema\/person\/272ac0f5b2dbfd572218c2d86e013f1a"},"description":"Riceviamo e pubblichiamo il resoconto dell'incontro organizzato venerd\u00ec sera dal titolo \"Nessun paese \u00e8 un'isola\"","breadcrumb":{"@id":"https:\/\/staging.varesenews.it\/2016\/09\/laccoglienza-fatta-bene\/554330\/#breadcrumb"},"inLanguage":"it-IT","potentialAction":[{"@type":"ReadAction","target":["https:\/\/staging.varesenews.it\/2016\/09\/laccoglienza-fatta-bene\/554330\/"]}]},{"@type":"BreadcrumbList","@id":"https:\/\/staging.varesenews.it\/2016\/09\/laccoglienza-fatta-bene\/554330\/#breadcrumb","itemListElement":[{"@type":"ListItem","position":1,"name":"Home","item":"https:\/\/www.varesenews.it\/"},{"@type":"ListItem","position":2,"name":"&#8220;L&#8217;accoglienza fatta bene&#8221;"}]},{"@type":"WebSite","@id":"https:\/\/staging.varesenews.it\/#website","url":"https:\/\/staging.varesenews.it\/","name":"VareseNews","description":"","potentialAction":[{"@type":"SearchAction","target":{"@type":"EntryPoint","urlTemplate":"https:\/\/staging.varesenews.it\/?s={search_term_string}"},"query-input":"required name=search_term_string"}],"inLanguage":"it-IT"},{"@type":"Person","@id":"https:\/\/staging.varesenews.it\/#\/schema\/person\/272ac0f5b2dbfd572218c2d86e013f1a","name":"Adelia Brigo","image":{"@type":"ImageObject","inLanguage":"it-IT","@id":"https:\/\/staging.varesenews.it\/#\/schema\/person\/image\/","url":"https:\/\/staging.varesenews.it\/wp-content\/uploads\/2020\/12\/adelia_brigo_colori_500.jpg","contentUrl":"https:\/\/staging.varesenews.it\/wp-content\/uploads\/2020\/12\/adelia_brigo_colori_500.jpg","caption":"Adelia Brigo"},"description":"Giornalista pubblicista, lavoro a VareseNews dal 2007 e mi occupo di cronaca locale e del settore dedicato alla cultura. In questi anni ho seguito diversi progetti di comunicazione, amo sperimentare strategie per i Social Network e raccontare storie. Varesina, classe 1984, sono laureata in Scienze della Comunicazione.&nbsp;","sameAs":["AdeliaBrigo","https:\/\/twitter.com\/AdeliaBrigo"],"url":"https:\/\/staging.varesenews.it\/persona\/adelia_brigo\/"}]}},"post_meta":{"_edit_lock":"1474909365:32","_edit_last":"32","_category_permalink":"2","ratings_users":"0","ratings_score":"0","ratings_average":"0","wdfb_og_title":"","wdfb_og_type":"","wdfb_og_description":"","wdfb_og_images":"a:1:{i:0;s:0:\"\";}","wdfb_og_custom_name":"a:1:{i:0;s:0:\"\";}","wdfb_og_custom_value":"a:1:{i:0;s:0:\"\";}","foto":"569347","firma_come_redazione":"1","argomento":"Varese","_jd_twitter":"","_jd_tweet_this":"yes","_wpt_short_url":"http:\/\/www.varesenews.it\/2016\/09\/laccoglienza-fatta-bene\/554330\/","_wp_jd_target":"http:\/\/www.varesenews.it\/2016\/09\/laccoglienza-fatta-bene\/554330\/","_jd_wp_twitter":"a:1:{i:0;s:101:\"\"L'accoglienza fatta bene\" http:\/\/www.varesenews.it\/2016\/09\/laccoglienza-fatta-bene\/554330\/ #incontro\";}","_wpt_status_message":"Tweet inviato con successo."},"photos":[{"original":"https:\/\/staging.varesenews.it\/photogallery_new\/images\/2016\/09\/varese-possibile-569347.jpg","full":"https:\/\/staging.varesenews.it\/photogallery_new\/images\/2016\/09\/varese-possibile-569347.1024x768.jpg","large":"https:\/\/staging.varesenews.it\/photogallery_new\/images\/2016\/09\/varese-possibile-569347.610x431.jpg"}],"_links":{"self":[{"href":"https:\/\/staging.varesenews.it\/swgapi\/v1\/wp\/v2\/posts\/554330"}],"collection":[{"href":"https:\/\/staging.varesenews.it\/swgapi\/v1\/wp\/v2\/posts"}],"about":[{"href":"https:\/\/staging.varesenews.it\/swgapi\/v1\/wp\/v2\/types\/post"}],"author":[{"embeddable":true,"href":"https:\/\/staging.varesenews.it\/swgapi\/v1\/wp\/v2\/users\/32"}],"replies":[{"embeddable":true,"href":"https:\/\/staging.varesenews.it\/swgapi\/v1\/wp\/v2\/comments?post=554330"}],"version-history":[{"count":0,"href":"https:\/\/staging.varesenews.it\/swgapi\/v1\/wp\/v2\/posts\/554330\/revisions"}],"wp:attachment":[{"href":"https:\/\/staging.varesenews.it\/swgapi\/v1\/wp\/v2\/media?parent=554330"}],"wp:term":[{"taxonomy":"category","embeddable":true,"href":"https:\/\/staging.varesenews.it\/swgapi\/v1\/wp\/v2\/categories?post=554330"},{"taxonomy":"post_tag","embeddable":true,"href":"https:\/\/staging.varesenews.it\/swgapi\/v1\/wp\/v2\/tags?post=554330"}],"curies":[{"name":"wp","href":"https:\/\/api.w.org\/{rel}","templated":true}]}}