{"id":554584,"date":"2016-09-27T16:02:08","date_gmt":"2016-09-27T14:02:08","guid":{"rendered":"http:\/\/www.varesenews.it\/?p=554584"},"modified":"2016-09-27T16:09:04","modified_gmt":"2016-09-27T14:09:04","slug":"il-sorbo-montano","status":"publish","type":"post","link":"https:\/\/staging.varesenews.it\/2016\/09\/il-sorbo-montano\/554584\/","title":{"rendered":"Il sorbo montano"},"content":{"rendered":"<p class=\"p1\">Il<strong> giorno 13\/9 decido di andare al Poggio<\/strong> per fare 4 passi nel verde della natura, lasciata l\u2019auto nel parcheggio mi incammino per il sentiero 10, ma arrivato al Pianezzo di Luvinate sono attratto dalla vegetazione che vi trovo e quindi mi fermo a fotografarla. La prima che incontro \u00e8 una <b>Silene bianca (Silene pratensis) (1)<\/b> rispuntato dopo la fienagione d\u2019agosto per cui anche mia moglie, che pure \u00e8 ghiotta delle prime foglie delle piante dei seleni che in minestra hanno il sapore dei piselli, le lascerebbe stare; anche <b>l\u2019Eleagno (Elaegnus angustifoia) (2)<\/b> che pensavo di trovare in piena fioritura \u00e8 gi\u00e0 arrivato al frutto che sar\u00e0 maturo a gennaio, i frutti disposti a grappolo ,non ramificato, sono inizialmente cinerei, poi con l\u2019avanzare della maturazione questa copertura iniziale si frantuma in minuscole schegge che ricoprono il frutto; anche le fronde del <b>Carpino comune (Carpinus betulus) (3<\/b>) in questa annata particolarmente ricchi di semi ancora nascosti nei fiori femminili, non dobbiamo lasciarci trarre in inganno dal prevalere del colore giallastro in breve volgere dei prossimi giorni saranno diventati scuri e pronti a lasciar cadere<span class=\"Apple-converted-space\">\u00a0 <\/span>semi;<span class=\"Apple-converted-space\">\u00a0 <\/span>mi accorgo che vicino<span class=\"Apple-converted-space\">\u00a0 <\/span>al rustico vi \u00e8 un cespuglio di <b>Astro della Cina (Callistephus chinensis) (4<\/b>) che \u00e8 assai raro da trovare da noi perch\u00e9 come si ricava dal nome \u00e8 pianta originaria della Cina, da noi \u00e8 stato coltivato nei giardini privati perch\u00e9 la fioritura settembrina, il colore intenso ma non vivace ne favoriva l\u2019uso per i cimiteri, sembra che il fiore piacque alla regina Margherita tanto che con questo nome \u00e8 riconosciuto anche fuori dall\u2019Italia gli esemplari visti si possono considerare sub-spontanei perch\u00e9 nessuno sembra curarli pi\u00f9 da anni; anche <b>l\u2019Edera (Hedera helix) (5)<\/b> ha trovato il proprio sostegno dai muri di questa precaria costruzione, ed avendo gi\u00f2 terminata la propria fioritura fa mostra dei propri frutti ancora del tutto acerbi ma che in inverno completeranno la maturazione diventando completamente neri; anche una bella <b>Seppola canadese (Conyza canadensis) (6)<\/b> fa bella mostra di s\u00e9 nella parte di prato non tagliata e ne approfitto perch\u00e9<span class=\"Apple-converted-space\">\u00a0 <\/span>\u00e8 difficile pensare ad una occasione di potere riprendere l\u2019intera pianta; nello stesso pezzo di prato un bel gruppo di <b>Ambretta occidentale (Knautia dipsacifolia) (7<\/b>) a questo contento di aver fatto delle fotografie di un certo interesse decido di ritornare al posteggio ma non trascuro di fotografare il cespuglio di <b>Vetriola comune (Parietaria officinalis) (8)<\/b> una urticacea con propriet\u00e0 terapeutiche non indifferenti per quanto riguarda l\u2019apparato urinario, e come dice il Dr. G. Peroni nel suo Prontuario pratico di fitoterapia per curare ferite, piaghe ecc. come la vicina pianta di Ortica comune (Urtica dioica) (9) ha molti usi terapeutici come la cura contro l\u2019epistassi, le metrorragie ecc, a questo punto decido di ritornare a casa.<\/p>\n<p class=\"p1\">Il 14\/9 decido di fare una puntata veloce al pratone delle Pizzelle per verificare la situazione delle fioriture di fine estate e arrivato al pratone constato con piacere che la <b>Carlina bianca (Carlina acaulis sub caulescens) (10)<\/b> <span class=\"Apple-converted-space\">\u00a0 <\/span>i botanici parlano della carlina con gambo una sotto specie della carlina acaulis in realt\u00e0 la Carlina cresce fra gli 800 e i 2000 m e in realt\u00e0 la lunghezza del gambo \u00e8 inversamente proporzionale all\u2019altezza in cui \u00e8 cresciuta, qualche dubbio mi sorge sulla possibilit\u00e0 di utilizzo quale alimento non perch\u00e9 la pianta sia tossica, ma perch\u00e9 le spine coprono la pianta e le foglie, quelli che sembrano petali sono in realt\u00e0 delle brattee rigide la parte realmente commestibile \u00e8 quella centrale per una profondit\u00e0 di<span class=\"Apple-converted-space\">\u00a0 <\/span>ca. 2 mm che lascia pensare che la quantit\u00e0 di alimento risulti minima per ciascuna Carlina il tutto porta a concludere che negli anni di carestia qualche abitante delle alte zone collinari si sia sfamato anche mangiando le Carline ma \u00e8 impensabile che si sia verificato che l\u2019esercito di Carlo magno si sia salvato dalla pestilenza mangiando Carline come vuole la tradizione; invece l\u2019uso della Carlina come strumento anticipatore dei cambiamenti meteorologici risulta abbastanza verosimile. Altra cosa di un certo interesse \u00e8 rappresentata dai frutti del <b>Sorbo montano (S<\/b><span class=\"s1\"><b>orbus<span class=\"Apple-converted-space\">\u00a0 <\/span>aria) (11<\/b>)<\/span> in corso di maturazione, \u00e8 da notare come le foglie del Sorbo montano siano molto chiare sul retro<span class=\"Apple-converted-space\">\u00a0 <\/span>che rimane tale anche dopo la caduta della foglia e per tutta la durata del periodo di marcescenza; pi\u00f9 sotto il rovo della <b>Rosa a foglie coriacee (Rosa caesia) (12)<\/b> mostra i cinorroidi frutto dei numerosi fiori mostrati al termine di questa primavera. Scendendo dal pratone seguendo parallelo pi\u00f9 sotto c\u2019erano i cinorroidi di Rosa canina che sono molto pi\u00f9 piccoli ma che ho dimenticato di fotografare forse perch\u00e9 ancora verdi; scendo dal sentiero basso quello che sbucher\u00e0 nella strada che funge da parcheggio, ma fatti alcuni metri di discesa mi imbatto nei semi di <b>Viburno lantana (Viburnum lantana) (13)<\/b> facilmente riconoscibili per il loro aspetto di grosse lenticchie nere, sono di colore rosso quelle in corso di maturazione cos\u00ec pu\u00f2 capitare per i frutti della Lantana che ho fotografata che semi della stessa infiorescenza siano maturati in tempi diversi, ricordo che il viburno lantana \u00e8 consigliato come rimedio contro dolori derivanti da gravi situazioni infiammatorie come indicato dal pi\u00f9 volte citato libro del dr. Peroni, arrivato in fondo alla discesa vedo sull\u2019altro lato della strada asfaltata un grosso arbusto di un\u2019altra caprifogliacea il <b>Sambuco comune (Sambucus nigra) (14)<\/b> che mostra i suoi frutti ormai maturi, questa pianta \u00e8 di origine europea, la relativamente scarsa diffusione<span class=\"Apple-converted-space\">\u00a0 <\/span>nelle parti del varesotto a terreni calcarei \u00e8 dovuta alla carenza di azoto di cui questo vegetale ha una notevole necessit\u00e0.<\/p>\n<p class=\"p1\">Teresio Colombo <span class=\"Apple-converted-space\">\u00a0 \u00a0 \u00a0 \u00a0 \u00a0 \u00a0 \u00a0 \u00a0 \u00a0 \u00a0 \u00a0 \u00a0 \u00a0 \u00a0 \u00a0 \u00a0 \u00a0 \u00a0 \u00a0 \u00a0 \u00a0 \u00a0 \u00a0 \u00a0 \u00a0 \u00a0 \u00a0 \u00a0 \u00a0 \u00a0 \u00a0 \u00a0 \u00a0 \u00a0 \u00a0 \u00a0 \u00a0 \u00a0 \u00a0 \u00a0 \u00a0 \u00a0 \u00a0 \u00a0 \u00a0 \u00a0 \u00a0 \u00a0 \u00a0 \u00a0 \u00a0 \u00a0 \u00a0 \u00a0 \u00a0 \u00a0 \u00a0 \u00a0 \u00a0 \u00a0 \u00a0 \u00a0 \u00a0 \u00a0 \u00a0 \u00a0 \u00a0 \u00a0 \u00a0 \u00a0 \u00a0 \u00a0 \u00a0 \u00a0 \u00a0 \u00a0 \u00a0 \u00a0 \u00a0 \u00a0 \u00a0 \u00a0 \u00a0 \u00a0 \u00a0 \u00a0 \u00a0 \u00a0 \u00a0 \u00a0 \u00a0 \u00a0 \u00a0 \u00a0 \u00a0 \u00a0\u00a0<\/span><\/p>\n","protected":false},"excerpt":{"rendered":"<p>Teresio Colombo racconta la sua passeggiata nel parco del Poggio a Luvinate<\/p>\n","protected":false},"author":33,"featured_media":0,"comment_status":"open","ping_status":"open","sticky":false,"template":"","format":"standard","meta":{"footnotes":""},"categories":[71,21],"tags":[11761],"acf":[],"yoast_head":"<!-- This site is optimized with the Yoast SEO plugin v20.1 - https:\/\/yoast.com\/wordpress\/plugins\/seo\/ -->\n<title>Il sorbo montano<\/title>\n<meta name=\"description\" content=\"Teresio Colombo racconta la sua passeggiata nel parco del Poggio a Luvinate\" \/>\n<meta name=\"robots\" content=\"noindex, follow, max-snippet:-1, max-image-preview:large, max-video-preview:-1\" \/>\n<meta property=\"og:locale\" content=\"it_IT\" \/>\n<meta property=\"og:type\" content=\"article\" \/>\n<meta property=\"og:title\" content=\"Il sorbo montano\" \/>\n<meta property=\"og:description\" content=\"Teresio Colombo racconta la sua passeggiata nel parco del Poggio a Luvinate\" \/>\n<meta property=\"og:url\" content=\"https:\/\/staging.varesenews.it\/2016\/09\/il-sorbo-montano\/554584\/\" \/>\n<meta property=\"og:site_name\" content=\"VareseNews\" \/>\n<meta property=\"article:publisher\" content=\"https:\/\/www.facebook.com\/varesenews\" \/>\n<meta property=\"article:author\" content=\"alessandra.toni7\" \/>\n<meta property=\"article:published_time\" content=\"2016-09-27T14:02:08+00:00\" \/>\n<meta property=\"article:modified_time\" content=\"2016-09-27T14:09:04+00:00\" \/>\n<meta name=\"author\" content=\"Alessandra Toni\" \/>\n<meta name=\"twitter:card\" content=\"summary_large_image\" \/>\n<meta name=\"twitter:creator\" content=\"@alessandra_toni\" \/>\n<meta name=\"twitter:site\" content=\"@varesenews\" \/>\n<meta name=\"twitter:label1\" content=\"Scritto da\" \/>\n\t<meta name=\"twitter:data1\" content=\"Alessandra Toni\" \/>\n\t<meta name=\"twitter:label2\" content=\"Tempo di lettura stimato\" \/>\n\t<meta name=\"twitter:data2\" content=\"4 minuti\" \/>\n<script type=\"application\/ld+json\" class=\"yoast-schema-graph\">{\"@context\":\"https:\/\/schema.org\",\"@graph\":[{\"@type\":\"WebPage\",\"@id\":\"https:\/\/staging.varesenews.it\/2016\/09\/il-sorbo-montano\/554584\/\",\"url\":\"https:\/\/staging.varesenews.it\/2016\/09\/il-sorbo-montano\/554584\/\",\"name\":\"Il sorbo montano\",\"isPartOf\":{\"@id\":\"https:\/\/staging.varesenews.it\/#website\"},\"datePublished\":\"2016-09-27T14:02:08+00:00\",\"dateModified\":\"2016-09-27T14:09:04+00:00\",\"author\":{\"@id\":\"https:\/\/staging.varesenews.it\/#\/schema\/person\/2643ce123d4a3c9511e015dc548779b8\"},\"description\":\"Teresio Colombo racconta la sua passeggiata nel parco del Poggio a Luvinate\",\"breadcrumb\":{\"@id\":\"https:\/\/staging.varesenews.it\/2016\/09\/il-sorbo-montano\/554584\/#breadcrumb\"},\"inLanguage\":\"it-IT\",\"potentialAction\":[{\"@type\":\"ReadAction\",\"target\":[\"https:\/\/staging.varesenews.it\/2016\/09\/il-sorbo-montano\/554584\/\"]}]},{\"@type\":\"BreadcrumbList\",\"@id\":\"https:\/\/staging.varesenews.it\/2016\/09\/il-sorbo-montano\/554584\/#breadcrumb\",\"itemListElement\":[{\"@type\":\"ListItem\",\"position\":1,\"name\":\"Home\",\"item\":\"https:\/\/www.varesenews.it\/\"},{\"@type\":\"ListItem\",\"position\":2,\"name\":\"Il sorbo montano\"}]},{\"@type\":\"WebSite\",\"@id\":\"https:\/\/staging.varesenews.it\/#website\",\"url\":\"https:\/\/staging.varesenews.it\/\",\"name\":\"VareseNews\",\"description\":\"\",\"potentialAction\":[{\"@type\":\"SearchAction\",\"target\":{\"@type\":\"EntryPoint\",\"urlTemplate\":\"https:\/\/staging.varesenews.it\/?s={search_term_string}\"},\"query-input\":\"required name=search_term_string\"}],\"inLanguage\":\"it-IT\"},{\"@type\":\"Person\",\"@id\":\"https:\/\/staging.varesenews.it\/#\/schema\/person\/2643ce123d4a3c9511e015dc548779b8\",\"name\":\"Alessandra Toni\",\"image\":{\"@type\":\"ImageObject\",\"inLanguage\":\"it-IT\",\"@id\":\"https:\/\/staging.varesenews.it\/#\/schema\/person\/image\/\",\"url\":\"https:\/\/staging.varesenews.it\/wp-content\/uploads\/2020\/12\/alessandra_toni_colori_500.jpg\",\"contentUrl\":\"https:\/\/staging.varesenews.it\/wp-content\/uploads\/2020\/12\/alessandra_toni_colori_500.jpg\",\"caption\":\"Alessandra Toni\"},\"description\":\"Sono entrata nella redazione di VareseNews nel lontano anno 2000. Ero reduce da una bellissima esperienza nella redazione giornalistica della TV Nuova Antennatre, sotto la direzione dell'indimenticabile direttore Adolfo Caldarini. Sono arrivata quando era ancora una piccola realt\u00e0 editoriale e insieme abbiamo fatto un lungo ed entusiasmante lavoro. Mi occupo prevalentemente di scuola e di sanit\u00e0, settori impegnativi di grande valore sociale.\u00a0\",\"sameAs\":[\"alessandra.toni7\",\"alessandra.toni\",\"https:\/\/twitter.com\/alessandra_toni\"],\"url\":\"https:\/\/staging.varesenews.it\/persona\/alessandra_toni1\/\"}]}<\/script>\n<!-- \/ Yoast SEO plugin. -->","yoast_head_json":{"title":"Il sorbo montano","description":"Teresio Colombo racconta la sua passeggiata nel parco del Poggio a Luvinate","robots":{"index":"noindex","follow":"follow","max-snippet":"max-snippet:-1","max-image-preview":"max-image-preview:large","max-video-preview":"max-video-preview:-1"},"og_locale":"it_IT","og_type":"article","og_title":"Il sorbo montano","og_description":"Teresio Colombo racconta la sua passeggiata nel parco del Poggio a Luvinate","og_url":"https:\/\/staging.varesenews.it\/2016\/09\/il-sorbo-montano\/554584\/","og_site_name":"VareseNews","article_publisher":"https:\/\/www.facebook.com\/varesenews","article_author":"alessandra.toni7","article_published_time":"2016-09-27T14:02:08+00:00","article_modified_time":"2016-09-27T14:09:04+00:00","author":"Alessandra Toni","twitter_card":"summary_large_image","twitter_creator":"@alessandra_toni","twitter_site":"@varesenews","twitter_misc":{"Scritto da":"Alessandra Toni","Tempo di lettura stimato":"4 minuti"},"schema":{"@context":"https:\/\/schema.org","@graph":[{"@type":"WebPage","@id":"https:\/\/staging.varesenews.it\/2016\/09\/il-sorbo-montano\/554584\/","url":"https:\/\/staging.varesenews.it\/2016\/09\/il-sorbo-montano\/554584\/","name":"Il sorbo montano","isPartOf":{"@id":"https:\/\/staging.varesenews.it\/#website"},"datePublished":"2016-09-27T14:02:08+00:00","dateModified":"2016-09-27T14:09:04+00:00","author":{"@id":"https:\/\/staging.varesenews.it\/#\/schema\/person\/2643ce123d4a3c9511e015dc548779b8"},"description":"Teresio Colombo racconta la sua passeggiata nel parco del Poggio a Luvinate","breadcrumb":{"@id":"https:\/\/staging.varesenews.it\/2016\/09\/il-sorbo-montano\/554584\/#breadcrumb"},"inLanguage":"it-IT","potentialAction":[{"@type":"ReadAction","target":["https:\/\/staging.varesenews.it\/2016\/09\/il-sorbo-montano\/554584\/"]}]},{"@type":"BreadcrumbList","@id":"https:\/\/staging.varesenews.it\/2016\/09\/il-sorbo-montano\/554584\/#breadcrumb","itemListElement":[{"@type":"ListItem","position":1,"name":"Home","item":"https:\/\/www.varesenews.it\/"},{"@type":"ListItem","position":2,"name":"Il sorbo montano"}]},{"@type":"WebSite","@id":"https:\/\/staging.varesenews.it\/#website","url":"https:\/\/staging.varesenews.it\/","name":"VareseNews","description":"","potentialAction":[{"@type":"SearchAction","target":{"@type":"EntryPoint","urlTemplate":"https:\/\/staging.varesenews.it\/?s={search_term_string}"},"query-input":"required name=search_term_string"}],"inLanguage":"it-IT"},{"@type":"Person","@id":"https:\/\/staging.varesenews.it\/#\/schema\/person\/2643ce123d4a3c9511e015dc548779b8","name":"Alessandra Toni","image":{"@type":"ImageObject","inLanguage":"it-IT","@id":"https:\/\/staging.varesenews.it\/#\/schema\/person\/image\/","url":"https:\/\/staging.varesenews.it\/wp-content\/uploads\/2020\/12\/alessandra_toni_colori_500.jpg","contentUrl":"https:\/\/staging.varesenews.it\/wp-content\/uploads\/2020\/12\/alessandra_toni_colori_500.jpg","caption":"Alessandra Toni"},"description":"Sono entrata nella redazione di VareseNews nel lontano anno 2000. Ero reduce da una bellissima esperienza nella redazione giornalistica della TV Nuova Antennatre, sotto la direzione dell'indimenticabile direttore Adolfo Caldarini. Sono arrivata quando era ancora una piccola realt\u00e0 editoriale e insieme abbiamo fatto un lungo ed entusiasmante lavoro. Mi occupo prevalentemente di scuola e di sanit\u00e0, settori impegnativi di grande valore sociale.\u00a0","sameAs":["alessandra.toni7","alessandra.toni","https:\/\/twitter.com\/alessandra_toni"],"url":"https:\/\/staging.varesenews.it\/persona\/alessandra_toni1\/"}]}},"post_meta":{"_edit_lock":"1474985286:33","_edit_last":"33","_category_permalink":"71","wdfb_og_title":"","wdfb_og_type":"","wdfb_og_description":"","wdfb_og_images":"a:1:{i:0;s:0:\"\";}","wdfb_og_custom_name":"a:1:{i:0;s:0:\"\";}","wdfb_og_custom_value":"a:1:{i:0;s:0:\"\";}","foto":"569673","firma_come_redazione":"1","argomento":"Lettera al Direttore","_jd_twitter":"","_jd_tweet_this":"yes","ratings_users":"0","ratings_score":"0","ratings_average":"0","_wpt_short_url":"http:\/\/www.varesenews.it\/2016\/09\/il-sorbo-montano\/554584\/","_wp_jd_target":"http:\/\/www.varesenews.it\/2016\/09\/il-sorbo-montano\/554584\/","_jd_wp_twitter":"a:1:{i:0;s:81:\"Il sorbo montano http:\/\/www.varesenews.it\/2016\/09\/il-sorbo-montano\/554584\/ #fiori\";}","_wpt_status_message":"Tweet inviato con successo.","id_link_fotogallery":"554588"},"photos":[{"original":"https:\/\/staging.varesenews.it\/photogallery_new\/images\/2016\/09\/teresio-colombo-569673.jpg","full":"https:\/\/staging.varesenews.it\/photogallery_new\/images\/2016\/09\/teresio-colombo-569673.1024x768.jpg","large":"https:\/\/staging.varesenews.it\/photogallery_new\/images\/2016\/09\/teresio-colombo-569673.610x431.jpg"}],"_links":{"self":[{"href":"https:\/\/staging.varesenews.it\/swgapi\/v1\/wp\/v2\/posts\/554584"}],"collection":[{"href":"https:\/\/staging.varesenews.it\/swgapi\/v1\/wp\/v2\/posts"}],"about":[{"href":"https:\/\/staging.varesenews.it\/swgapi\/v1\/wp\/v2\/types\/post"}],"author":[{"embeddable":true,"href":"https:\/\/staging.varesenews.it\/swgapi\/v1\/wp\/v2\/users\/33"}],"replies":[{"embeddable":true,"href":"https:\/\/staging.varesenews.it\/swgapi\/v1\/wp\/v2\/comments?post=554584"}],"version-history":[{"count":0,"href":"https:\/\/staging.varesenews.it\/swgapi\/v1\/wp\/v2\/posts\/554584\/revisions"}],"wp:attachment":[{"href":"https:\/\/staging.varesenews.it\/swgapi\/v1\/wp\/v2\/media?parent=554584"}],"wp:term":[{"taxonomy":"category","embeddable":true,"href":"https:\/\/staging.varesenews.it\/swgapi\/v1\/wp\/v2\/categories?post=554584"},{"taxonomy":"post_tag","embeddable":true,"href":"https:\/\/staging.varesenews.it\/swgapi\/v1\/wp\/v2\/tags?post=554584"}],"curies":[{"name":"wp","href":"https:\/\/api.w.org\/{rel}","templated":true}]}}