{"id":554999,"date":"2016-09-29T08:36:25","date_gmt":"2016-09-29T06:36:25","guid":{"rendered":"http:\/\/www.varesenews.it\/?p=554999"},"modified":"2016-09-29T09:38:52","modified_gmt":"2016-09-29T07:38:52","slug":"il-sindaco-galimberti-contro-i-dipendenti-pigri","status":"publish","type":"post","link":"https:\/\/staging.varesenews.it\/2016\/09\/il-sindaco-galimberti-contro-i-dipendenti-pigri\/554999\/","title":{"rendered":"Il sindaco Galimberti contro i dipendenti &#8220;pigri&#8221;"},"content":{"rendered":"<p><strong>Il sindaco di Varese Davide Galimberti<\/strong> denuncia i &#8220;pigri&#8221; a Palazzo Estense: \u00abHo incontrato in questi primi 100 giorni alcuni funzionari che non vogliono contribuire alla crescita dell&#8217;ente &#8211; ha affermato in consiglio comunale -, ma dovranno adeguarsi. Non vogliamo i pigri, \u00e8 vero, e <strong>abbiamo bisogno di personale qualificato\u00a0e\u00a0motivato<\/strong>. Spero di non vedere ulteriori episodi come quelli capitati in questi primi 100 giorni perch\u00e9 sarebbe spiacevole. I cittadini vogliono una macchina efficiente e noi dobbiamo dare risposte a questi cittadini\u00bb.<\/p>\n<p>Con queste parole Galimberti ha parlato della<strong> riorganizzazione dell&#8217;ente<\/strong>, il primo grande provvedimento affrontato dal sindaco e l&#8217;unico finora portato compiutamente a termine. Galimberti ha affermato che ha trovato molti dipendenti bravi e motivati, ma anche sacche di pigrizia. La sua riorganizzazione ha ottenuto tuttavia un giudizio politico favorevole dal consiglio comunale che, mercoled\u00ec sera, con 21 voti favorevoli e 10 astensioni dalle opposizioni, lo ha approvato senza problemi.<\/p>\n<p>Il miglior viatico gli \u00e8 giunto dalla<strong> lista Orrigoni<\/strong>: \u00abC&#8217;\u00e8 un po&#8217; di scaricabarile ancora sul passato &#8211; ha osservato Paolo Orrigoni &#8211; ma presto finir\u00e0 e se la strada intrapresa \u00e8 buona si potranno avere risultati: mi fa piacere che gli obiettivi della riorganizzazione siano stati chiariti. Da uomo di impresa la comprendo. Noi ci asterremo\u00bb.<\/p>\n<p>Il sindaco Galimberti a inizio seduta ha annunciato di aver chiesto <strong>una riunione dell&#8217;accordo di programma<\/strong> su piazza Repubblica. Un passaggio abbastanza di routine, che tuttavia ha presentato con grande enfasi. \u00abAbbiamo chiesto al comitato dell&#8217;accordo di programma la convocazione <strong>entro il 10 ottobre<\/strong> della segreteria tecnica dell&#8217;accordo di programma. La citt\u00e0 chiede che ci sia una accelerazione\u00bb.<\/p>\n<p>Il consiglio ha votato alcuni passaggi sul bilancio, e nel question time ha rivolto apprezzamenti e applausi all&#8217;<a title=\"Valle Luna, agente della Polizia Locale investito da un\u2019auto\" href=\"http:\/\/www.varesenews.it\/2016\/09\/valle-luna-agente-della-polizia-locale-investito-da-unauto\/554598\/\"><strong>agente Milana<\/strong> investito durante la Tre Valli Varesine<\/a>, chiesto da Carlo Piatti della Lega Nord. Luisa Oprandi del Pd ha presentato un documento sulla vivibilit\u00e0 di Valle Olona.<\/p>\n<p>Polemiche verbose, poi, sul fatto che Marco Pinti della Lega ha chiesto un consiglio comunale sul referendum: gli hanno detto no Conte del Pd, Crugnola della lista Varese 2.0 e Bortoluzzi della Lista Galimberti, ma si far\u00e0 lo stesso come da statuto.<\/p>\n<p>Marco Pinti ha sollevato un problema anche sulle case popolari di Bosto, in\u00a0vicolo Mera: mancano termosifoni e riscaldamento, ma l&#8217;assessore Civati ha risposto che se ne sta occupando.<\/p>\n<p><strong>Infortuna del Pd<\/strong> ha presentato una mozione sulla sicurezza e pulizia in piazza Repubblica, mentre altri inteventi spot hanno compeltato la serata.<\/p>\n<p>Dopo le polemiche dei gironi scorsi, ci si aspettava che nel question time qualcuno sollevasse il problema del rifiuto di Christian Campiotti, presidente della Fondazione Molina, di venire in consiglio comunale per riferire la situazione. Nessuno ne ha parlato. L&#8217;opposizione extraconsiliare di Sel, con<strong> Rocco Cord\u00ec,<\/strong>\u00a0 ha commentato cos\u00ec: \u00abDopo settimane di polemiche, attacchi e contro attacchi, di rivelazioni e avvertimenti in perfetto stile mafioso, di umiliazione dei consiglieri e della Conferenza dei capigruppo (che si sono visti negare l\u2019audizione chiesta al Presidente della \u201cFondazione Molina\u201d) il minimo che ci si potesse aspettare stasera in Consiglio Comunale era un dibattito o almeno qualche intervento indignato. E invece no! I consiglieri di maggioranza e quelli di opposizione, Sindaco e assessori, <strong>tutti insieme spassionatamente<\/strong>, hanno scelto il silenzio. Ordini superiori? Eppure nei corridoi erano in tanti a vociferare che il peggio deve ancora venire. Nei corridoi per\u00f2!\u00bb.<\/p>\n","protected":false},"excerpt":{"rendered":"<p>Non si parla del Molina in consiglio, ma dei dipendenti comunali che starebbero facendo barriera alla riorganizzazione dell&#8217;amministrazione<\/p>\n","protected":false},"author":50,"featured_media":0,"comment_status":"open","ping_status":"open","sticky":false,"template":"","format":"standard","meta":{"footnotes":""},"categories":[16,2],"tags":[1245],"acf":[],"yoast_head":"<!-- This site is optimized with the Yoast SEO plugin v20.1 - https:\/\/yoast.com\/wordpress\/plugins\/seo\/ -->\n<title>Il sindaco Galimberti contro i dipendenti &quot;pigri&quot;<\/title>\n<meta name=\"description\" content=\"Non si parla del Molina in consiglio, ma dei dipendenti comunali che starebbero facendo barriera alla riorganizzazione dell&#039;amministrazione\" \/>\n<meta name=\"robots\" content=\"noindex, follow, max-snippet:-1, max-image-preview:large, max-video-preview:-1\" \/>\n<meta property=\"og:locale\" content=\"it_IT\" \/>\n<meta property=\"og:type\" content=\"article\" \/>\n<meta property=\"og:title\" content=\"Il sindaco Galimberti contro i dipendenti &quot;pigri&quot;\" \/>\n<meta property=\"og:description\" content=\"Non si parla del Molina in consiglio, ma dei dipendenti comunali che starebbero facendo barriera alla riorganizzazione dell&#039;amministrazione\" \/>\n<meta property=\"og:url\" content=\"https:\/\/staging.varesenews.it\/2016\/09\/il-sindaco-galimberti-contro-i-dipendenti-pigri\/554999\/\" \/>\n<meta property=\"og:site_name\" content=\"VareseNews\" \/>\n<meta property=\"article:publisher\" content=\"https:\/\/www.facebook.com\/varesenews\" \/>\n<meta property=\"article:published_time\" content=\"2016-09-29T06:36:25+00:00\" \/>\n<meta property=\"article:modified_time\" content=\"2016-09-29T07:38:52+00:00\" \/>\n<meta name=\"author\" content=\"Roberto Rotondo\" \/>\n<meta name=\"twitter:card\" content=\"summary_large_image\" \/>\n<meta name=\"twitter:creator\" content=\"@robertorotondo\" \/>\n<meta name=\"twitter:site\" content=\"@varesenews\" \/>\n<meta name=\"twitter:label1\" content=\"Scritto da\" \/>\n\t<meta name=\"twitter:data1\" content=\"Roberto Rotondo\" \/>\n\t<meta name=\"twitter:label2\" content=\"Tempo di lettura stimato\" \/>\n\t<meta name=\"twitter:data2\" content=\"3 minuti\" \/>\n<script type=\"application\/ld+json\" class=\"yoast-schema-graph\">{\"@context\":\"https:\/\/schema.org\",\"@graph\":[{\"@type\":\"WebPage\",\"@id\":\"https:\/\/staging.varesenews.it\/2016\/09\/il-sindaco-galimberti-contro-i-dipendenti-pigri\/554999\/\",\"url\":\"https:\/\/staging.varesenews.it\/2016\/09\/il-sindaco-galimberti-contro-i-dipendenti-pigri\/554999\/\",\"name\":\"Il sindaco Galimberti contro i dipendenti \\\"pigri\\\"\",\"isPartOf\":{\"@id\":\"https:\/\/staging.varesenews.it\/#website\"},\"datePublished\":\"2016-09-29T06:36:25+00:00\",\"dateModified\":\"2016-09-29T07:38:52+00:00\",\"author\":{\"@id\":\"https:\/\/staging.varesenews.it\/#\/schema\/person\/bace96b9ce1b4905df659e51a83c17fe\"},\"description\":\"Non si parla del Molina in consiglio, ma dei dipendenti comunali che starebbero facendo barriera alla riorganizzazione dell'amministrazione\",\"breadcrumb\":{\"@id\":\"https:\/\/staging.varesenews.it\/2016\/09\/il-sindaco-galimberti-contro-i-dipendenti-pigri\/554999\/#breadcrumb\"},\"inLanguage\":\"it-IT\",\"potentialAction\":[{\"@type\":\"ReadAction\",\"target\":[\"https:\/\/staging.varesenews.it\/2016\/09\/il-sindaco-galimberti-contro-i-dipendenti-pigri\/554999\/\"]}]},{\"@type\":\"BreadcrumbList\",\"@id\":\"https:\/\/staging.varesenews.it\/2016\/09\/il-sindaco-galimberti-contro-i-dipendenti-pigri\/554999\/#breadcrumb\",\"itemListElement\":[{\"@type\":\"ListItem\",\"position\":1,\"name\":\"Home\",\"item\":\"https:\/\/www.varesenews.it\/\"},{\"@type\":\"ListItem\",\"position\":2,\"name\":\"Il sindaco Galimberti contro i dipendenti &#8220;pigri&#8221;\"}]},{\"@type\":\"WebSite\",\"@id\":\"https:\/\/staging.varesenews.it\/#website\",\"url\":\"https:\/\/staging.varesenews.it\/\",\"name\":\"VareseNews\",\"description\":\"\",\"potentialAction\":[{\"@type\":\"SearchAction\",\"target\":{\"@type\":\"EntryPoint\",\"urlTemplate\":\"https:\/\/staging.varesenews.it\/?s={search_term_string}\"},\"query-input\":\"required name=search_term_string\"}],\"inLanguage\":\"it-IT\"},{\"@type\":\"Person\",\"@id\":\"https:\/\/staging.varesenews.it\/#\/schema\/person\/bace96b9ce1b4905df659e51a83c17fe\",\"name\":\"Roberto Rotondo\",\"image\":{\"@type\":\"ImageObject\",\"inLanguage\":\"it-IT\",\"@id\":\"https:\/\/staging.varesenews.it\/#\/schema\/person\/image\/\",\"url\":\"https:\/\/staging.varesenews.it\/wp-content\/uploads\/2015\/03\/10888676_10204734543537926_609787919772941341_n.jpg\",\"contentUrl\":\"https:\/\/staging.varesenews.it\/wp-content\/uploads\/2015\/03\/10888676_10204734543537926_609787919772941341_n.jpg\",\"caption\":\"Roberto Rotondo\"},\"description\":\"Nato a Varese nel 1972. Laureato in Storia alla Statale di Milano. A Varese News dal 1998. Ho iniziato a scrivere su riviste locali, poi sono entrato nel progetto di Varese News quando ancora era agli inizi. Nel frattempo mi sono occupato di ricerca storica e ho collaborato con un settimanale e un quotidiano della Svizzera italiana scrivendo di cronaca e politica. Mi sono preso una pausa da Varese nel 2004. Ho lavorato per alcuni anni a Milano all'agenzia di stampa Adnkronos, con qualche stage a Roma nei palazzi della politica. Lanci di agenzia e servizi tv multimediali erano tra i miei compiti. In quegli anni ho lavorato per alcune radio anche nazionali, Radio Capital su tutte, come corrispondente locale. Ho scritto anche per un settimanale di gossip, ma sempre cronaca nera. Ed eccomi qui. Dal 2007 lavoro anche per il Corriere della sera, di cui sono corrispondente. A Varesenews sono ormai uno dei senatori. Mi occupo di cronaca nera, giudiziaria e di politica e della cronaca cittadina di Varese.\",\"sameAs\":[\"robertorotondo\",\"https:\/\/twitter.com\/robertorotondo\"],\"url\":\"https:\/\/staging.varesenews.it\/persona\/roberto-rotondo\/\"}]}<\/script>\n<!-- \/ Yoast SEO plugin. -->","yoast_head_json":{"title":"Il sindaco Galimberti contro i dipendenti \"pigri\"","description":"Non si parla del Molina in consiglio, ma dei dipendenti comunali che starebbero facendo barriera alla riorganizzazione dell'amministrazione","robots":{"index":"noindex","follow":"follow","max-snippet":"max-snippet:-1","max-image-preview":"max-image-preview:large","max-video-preview":"max-video-preview:-1"},"og_locale":"it_IT","og_type":"article","og_title":"Il sindaco Galimberti contro i dipendenti \"pigri\"","og_description":"Non si parla del Molina in consiglio, ma dei dipendenti comunali che starebbero facendo barriera alla riorganizzazione dell'amministrazione","og_url":"https:\/\/staging.varesenews.it\/2016\/09\/il-sindaco-galimberti-contro-i-dipendenti-pigri\/554999\/","og_site_name":"VareseNews","article_publisher":"https:\/\/www.facebook.com\/varesenews","article_published_time":"2016-09-29T06:36:25+00:00","article_modified_time":"2016-09-29T07:38:52+00:00","author":"Roberto Rotondo","twitter_card":"summary_large_image","twitter_creator":"@robertorotondo","twitter_site":"@varesenews","twitter_misc":{"Scritto da":"Roberto Rotondo","Tempo di lettura stimato":"3 minuti"},"schema":{"@context":"https:\/\/schema.org","@graph":[{"@type":"WebPage","@id":"https:\/\/staging.varesenews.it\/2016\/09\/il-sindaco-galimberti-contro-i-dipendenti-pigri\/554999\/","url":"https:\/\/staging.varesenews.it\/2016\/09\/il-sindaco-galimberti-contro-i-dipendenti-pigri\/554999\/","name":"Il sindaco Galimberti contro i dipendenti \"pigri\"","isPartOf":{"@id":"https:\/\/staging.varesenews.it\/#website"},"datePublished":"2016-09-29T06:36:25+00:00","dateModified":"2016-09-29T07:38:52+00:00","author":{"@id":"https:\/\/staging.varesenews.it\/#\/schema\/person\/bace96b9ce1b4905df659e51a83c17fe"},"description":"Non si parla del Molina in consiglio, ma dei dipendenti comunali che starebbero facendo barriera alla riorganizzazione dell'amministrazione","breadcrumb":{"@id":"https:\/\/staging.varesenews.it\/2016\/09\/il-sindaco-galimberti-contro-i-dipendenti-pigri\/554999\/#breadcrumb"},"inLanguage":"it-IT","potentialAction":[{"@type":"ReadAction","target":["https:\/\/staging.varesenews.it\/2016\/09\/il-sindaco-galimberti-contro-i-dipendenti-pigri\/554999\/"]}]},{"@type":"BreadcrumbList","@id":"https:\/\/staging.varesenews.it\/2016\/09\/il-sindaco-galimberti-contro-i-dipendenti-pigri\/554999\/#breadcrumb","itemListElement":[{"@type":"ListItem","position":1,"name":"Home","item":"https:\/\/www.varesenews.it\/"},{"@type":"ListItem","position":2,"name":"Il sindaco Galimberti contro i dipendenti &#8220;pigri&#8221;"}]},{"@type":"WebSite","@id":"https:\/\/staging.varesenews.it\/#website","url":"https:\/\/staging.varesenews.it\/","name":"VareseNews","description":"","potentialAction":[{"@type":"SearchAction","target":{"@type":"EntryPoint","urlTemplate":"https:\/\/staging.varesenews.it\/?s={search_term_string}"},"query-input":"required name=search_term_string"}],"inLanguage":"it-IT"},{"@type":"Person","@id":"https:\/\/staging.varesenews.it\/#\/schema\/person\/bace96b9ce1b4905df659e51a83c17fe","name":"Roberto Rotondo","image":{"@type":"ImageObject","inLanguage":"it-IT","@id":"https:\/\/staging.varesenews.it\/#\/schema\/person\/image\/","url":"https:\/\/staging.varesenews.it\/wp-content\/uploads\/2015\/03\/10888676_10204734543537926_609787919772941341_n.jpg","contentUrl":"https:\/\/staging.varesenews.it\/wp-content\/uploads\/2015\/03\/10888676_10204734543537926_609787919772941341_n.jpg","caption":"Roberto Rotondo"},"description":"Nato a Varese nel 1972. Laureato in Storia alla Statale di Milano. A Varese News dal 1998. Ho iniziato a scrivere su riviste locali, poi sono entrato nel progetto di Varese News quando ancora era agli inizi. Nel frattempo mi sono occupato di ricerca storica e ho collaborato con un settimanale e un quotidiano della Svizzera italiana scrivendo di cronaca e politica. Mi sono preso una pausa da Varese nel 2004. Ho lavorato per alcuni anni a Milano all'agenzia di stampa Adnkronos, con qualche stage a Roma nei palazzi della politica. Lanci di agenzia e servizi tv multimediali erano tra i miei compiti. In quegli anni ho lavorato per alcune radio anche nazionali, Radio Capital su tutte, come corrispondente locale. Ho scritto anche per un settimanale di gossip, ma sempre cronaca nera. Ed eccomi qui. Dal 2007 lavoro anche per il Corriere della sera, di cui sono corrispondente. A Varesenews sono ormai uno dei senatori. Mi occupo di cronaca nera, giudiziaria e di politica e della cronaca cittadina di Varese.","sameAs":["robertorotondo","https:\/\/twitter.com\/robertorotondo"],"url":"https:\/\/staging.varesenews.it\/persona\/roberto-rotondo\/"}]}},"post_meta":{"_edit_lock":"1475137257:39","_edit_last":"39","_category_permalink":"16","ratings_users":"0","ratings_score":"0","ratings_average":"0","wdfb_og_title":"","wdfb_og_type":"","wdfb_og_description":"","wdfb_og_images":"a:1:{i:0;s:0:\"\";}","wdfb_og_custom_name":"a:1:{i:0;s:0:\"\";}","wdfb_og_custom_value":"a:1:{i:0;s:0:\"\";}","foto":"547006","argomento":"Varese","_jd_twitter":"","_jd_tweet_this":"yes","_wpt_short_url":"http:\/\/www.varesenews.it\/2016\/09\/il-sindaco-galimberti-contro-i-dipendenti-pigri\/554999\/","_wp_jd_target":"http:\/\/www.varesenews.it\/2016\/09\/il-sindaco-galimberti-contro-i-dipendenti-pigri\/554999\/","_jd_wp_twitter":"a:1:{i:0;s:139:\"Il sindaco Galimberti contro i dipendenti \"pigri\" http:\/\/www.varesenews.it\/2016\/09\/il-sindaco-galimberti-contro-i-dipendenti-pigri\/554999\/ \";}","_wpt_status_message":"Tweet inviato con successo."},"photos":[{"original":"https:\/\/staging.varesenews.it\/photogallery_new\/images\/2016\/06\/la-proclamazione-di-davide-galiberti-nuovo-sindaco-di-varese-547006.jpg","full":"https:\/\/staging.varesenews.it\/photogallery_new\/images\/2016\/06\/la-proclamazione-di-davide-galiberti-nuovo-sindaco-di-varese-547006.1024x768.jpg","large":"https:\/\/staging.varesenews.it\/photogallery_new\/images\/2016\/06\/la-proclamazione-di-davide-galiberti-nuovo-sindaco-di-varese-547006.610x431.jpg"}],"_links":{"self":[{"href":"https:\/\/staging.varesenews.it\/swgapi\/v1\/wp\/v2\/posts\/554999"}],"collection":[{"href":"https:\/\/staging.varesenews.it\/swgapi\/v1\/wp\/v2\/posts"}],"about":[{"href":"https:\/\/staging.varesenews.it\/swgapi\/v1\/wp\/v2\/types\/post"}],"author":[{"embeddable":true,"href":"https:\/\/staging.varesenews.it\/swgapi\/v1\/wp\/v2\/users\/50"}],"replies":[{"embeddable":true,"href":"https:\/\/staging.varesenews.it\/swgapi\/v1\/wp\/v2\/comments?post=554999"}],"version-history":[{"count":0,"href":"https:\/\/staging.varesenews.it\/swgapi\/v1\/wp\/v2\/posts\/554999\/revisions"}],"wp:attachment":[{"href":"https:\/\/staging.varesenews.it\/swgapi\/v1\/wp\/v2\/media?parent=554999"}],"wp:term":[{"taxonomy":"category","embeddable":true,"href":"https:\/\/staging.varesenews.it\/swgapi\/v1\/wp\/v2\/categories?post=554999"},{"taxonomy":"post_tag","embeddable":true,"href":"https:\/\/staging.varesenews.it\/swgapi\/v1\/wp\/v2\/tags?post=554999"}],"curies":[{"name":"wp","href":"https:\/\/api.w.org\/{rel}","templated":true}]}}