{"id":555175,"date":"2016-09-29T16:32:14","date_gmt":"2016-09-29T14:32:14","guid":{"rendered":"http:\/\/www.varesenews.it\/?p=555175"},"modified":"2016-09-29T17:00:23","modified_gmt":"2016-09-29T15:00:23","slug":"ex-ceramica-giacon-vogliamo-trasparenza","status":"publish","type":"post","link":"https:\/\/staging.varesenews.it\/2016\/09\/ex-ceramica-giacon-vogliamo-trasparenza\/555175\/","title":{"rendered":"Ex-Ceramica, Giacon: &#8220;Vogliamo trasparenza&#8221;"},"content":{"rendered":"<p>E&#8217; stato convocato per questa sera, gioved\u00ec 29 settembre il consiglio comunale\u00a0che ha\u00a0all&#8217;ordine del giorno la costituzione di parte civile per il procedimento penale\u00a0<a href=\"http:\/\/www.varesenews.it\/2016\/09\/ex-ceramica-la-procura-chiede-il-rinvio-a-giudizio-di-ielmini\/551744\/\" target=\"_blank\">in relazione alla vicenda dell&#8217;ex-ceramica<\/a>.<\/p>\n<p>La richiesta di convocazione del consiglio comunale urgente \u00e8 stata presentata da\u00a0Graziella Giacon, ex primo cittadino di Laveno Mombello, dopo che il sindaco Ielmini e nove amministratori hanno ricevuto la richiesta di rinvio a giudizio, da parte del pm, per abuso di ufficio per i fatti risalenti al 2009.<\/p>\n<p>In sostanza <strong>la minoranza chiede chi si costituir\u00e0 parte civile\u00a0al processo<\/strong>: \u00abVogliamo capire che tuteler\u00e0 gli interessi del comune visto che c&#8217;\u00e8 un conflitto di interesse. La nostra non \u00e8 una presa di posizione politica ma chiediamo trasparenza per tutti i cittadini. Per quanto riguarda l&#8217;aspetto giudiziario ci penser\u00e0 chi di dovere\u00bb.<\/p>\n","protected":false},"excerpt":{"rendered":"<p>E&#8217; stato convocato per questa sera, gioved\u00ec 29 settembre il consiglio comunale che ha all&#8217;ordine del giorno la costituzione di parte civile per il procedimento penale in relazione alla vicenda dell&#8217;ex-ceramica<\/p>\n","protected":false},"author":32,"featured_media":0,"comment_status":"open","ping_status":"open","sticky":false,"template":"","format":"standard","meta":{"footnotes":""},"categories":[2],"tags":[64162],"acf":[],"yoast_head":"<!-- This site is optimized with the Yoast SEO plugin v20.1 - https:\/\/yoast.com\/wordpress\/plugins\/seo\/ -->\n<title>Ex-Ceramica, Giacon: &quot;Vogliamo trasparenza&quot;<\/title>\n<meta name=\"description\" content=\"E&#039; stato convocato per questa sera, gioved\u00ec 29 settembre il consiglio comunale che ha all&#039;ordine del giorno la costituzione di parte civile per il procedimento penale in relazione alla vicenda dell&#039;ex-ceramica\" \/>\n<meta name=\"robots\" content=\"noindex, follow, max-snippet:-1, max-image-preview:large, max-video-preview:-1\" \/>\n<meta property=\"og:locale\" content=\"it_IT\" \/>\n<meta property=\"og:type\" content=\"article\" \/>\n<meta property=\"og:title\" content=\"Ex-Ceramica, Giacon: &quot;Vogliamo trasparenza&quot;\" \/>\n<meta property=\"og:description\" content=\"E&#039; stato convocato per questa sera, gioved\u00ec 29 settembre il consiglio comunale che ha all&#039;ordine del giorno la costituzione di parte civile per il procedimento penale in relazione alla vicenda dell&#039;ex-ceramica\" \/>\n<meta property=\"og:url\" content=\"https:\/\/staging.varesenews.it\/2016\/09\/ex-ceramica-giacon-vogliamo-trasparenza\/555175\/\" \/>\n<meta property=\"og:site_name\" content=\"VareseNews\" \/>\n<meta property=\"article:publisher\" content=\"https:\/\/www.facebook.com\/varesenews\" \/>\n<meta property=\"article:published_time\" content=\"2016-09-29T14:32:14+00:00\" \/>\n<meta property=\"article:modified_time\" content=\"2016-09-29T15:00:23+00:00\" \/>\n<meta name=\"author\" content=\"Adelia Brigo\" \/>\n<meta name=\"twitter:card\" content=\"summary_large_image\" \/>\n<meta name=\"twitter:creator\" content=\"@AdeliaBrigo\" \/>\n<meta name=\"twitter:site\" content=\"@varesenews\" \/>\n<meta name=\"twitter:label1\" content=\"Scritto da\" \/>\n\t<meta name=\"twitter:data1\" content=\"Adelia Brigo\" \/>\n\t<meta name=\"twitter:label2\" content=\"Tempo di lettura stimato\" \/>\n\t<meta name=\"twitter:data2\" content=\"1 minuto\" \/>\n<script type=\"application\/ld+json\" class=\"yoast-schema-graph\">{\"@context\":\"https:\/\/schema.org\",\"@graph\":[{\"@type\":\"WebPage\",\"@id\":\"https:\/\/staging.varesenews.it\/2016\/09\/ex-ceramica-giacon-vogliamo-trasparenza\/555175\/\",\"url\":\"https:\/\/staging.varesenews.it\/2016\/09\/ex-ceramica-giacon-vogliamo-trasparenza\/555175\/\",\"name\":\"Ex-Ceramica, Giacon: \\\"Vogliamo trasparenza\\\"\",\"isPartOf\":{\"@id\":\"https:\/\/staging.varesenews.it\/#website\"},\"datePublished\":\"2016-09-29T14:32:14+00:00\",\"dateModified\":\"2016-09-29T15:00:23+00:00\",\"author\":{\"@id\":\"https:\/\/staging.varesenews.it\/#\/schema\/person\/272ac0f5b2dbfd572218c2d86e013f1a\"},\"description\":\"E' stato convocato per questa sera, gioved\u00ec 29 settembre il consiglio comunale che ha all'ordine del giorno la costituzione di parte civile per il procedimento penale in relazione alla vicenda dell'ex-ceramica\",\"breadcrumb\":{\"@id\":\"https:\/\/staging.varesenews.it\/2016\/09\/ex-ceramica-giacon-vogliamo-trasparenza\/555175\/#breadcrumb\"},\"inLanguage\":\"it-IT\",\"potentialAction\":[{\"@type\":\"ReadAction\",\"target\":[\"https:\/\/staging.varesenews.it\/2016\/09\/ex-ceramica-giacon-vogliamo-trasparenza\/555175\/\"]}]},{\"@type\":\"BreadcrumbList\",\"@id\":\"https:\/\/staging.varesenews.it\/2016\/09\/ex-ceramica-giacon-vogliamo-trasparenza\/555175\/#breadcrumb\",\"itemListElement\":[{\"@type\":\"ListItem\",\"position\":1,\"name\":\"Home\",\"item\":\"https:\/\/www.varesenews.it\/\"},{\"@type\":\"ListItem\",\"position\":2,\"name\":\"Ex-Ceramica, Giacon: &#8220;Vogliamo trasparenza&#8221;\"}]},{\"@type\":\"WebSite\",\"@id\":\"https:\/\/staging.varesenews.it\/#website\",\"url\":\"https:\/\/staging.varesenews.it\/\",\"name\":\"VareseNews\",\"description\":\"\",\"potentialAction\":[{\"@type\":\"SearchAction\",\"target\":{\"@type\":\"EntryPoint\",\"urlTemplate\":\"https:\/\/staging.varesenews.it\/?s={search_term_string}\"},\"query-input\":\"required name=search_term_string\"}],\"inLanguage\":\"it-IT\"},{\"@type\":\"Person\",\"@id\":\"https:\/\/staging.varesenews.it\/#\/schema\/person\/272ac0f5b2dbfd572218c2d86e013f1a\",\"name\":\"Adelia Brigo\",\"image\":{\"@type\":\"ImageObject\",\"inLanguage\":\"it-IT\",\"@id\":\"https:\/\/staging.varesenews.it\/#\/schema\/person\/image\/\",\"url\":\"https:\/\/staging.varesenews.it\/wp-content\/uploads\/2020\/12\/adelia_brigo_colori_500.jpg\",\"contentUrl\":\"https:\/\/staging.varesenews.it\/wp-content\/uploads\/2020\/12\/adelia_brigo_colori_500.jpg\",\"caption\":\"Adelia Brigo\"},\"description\":\"Giornalista pubblicista, lavoro a VareseNews dal 2007 e mi occupo di cronaca locale e del settore dedicato alla cultura. In questi anni ho seguito diversi progetti di comunicazione, amo sperimentare strategie per i Social Network e raccontare storie. Varesina, classe 1984, sono laureata in Scienze della Comunicazione.&nbsp;\",\"sameAs\":[\"AdeliaBrigo\",\"https:\/\/twitter.com\/AdeliaBrigo\"],\"url\":\"https:\/\/staging.varesenews.it\/persona\/adelia_brigo\/\"}]}<\/script>\n<!-- \/ Yoast SEO plugin. -->","yoast_head_json":{"title":"Ex-Ceramica, Giacon: \"Vogliamo trasparenza\"","description":"E' stato convocato per questa sera, gioved\u00ec 29 settembre il consiglio comunale che ha all'ordine del giorno la costituzione di parte civile per il procedimento penale in relazione alla vicenda dell'ex-ceramica","robots":{"index":"noindex","follow":"follow","max-snippet":"max-snippet:-1","max-image-preview":"max-image-preview:large","max-video-preview":"max-video-preview:-1"},"og_locale":"it_IT","og_type":"article","og_title":"Ex-Ceramica, Giacon: \"Vogliamo trasparenza\"","og_description":"E' stato convocato per questa sera, gioved\u00ec 29 settembre il consiglio comunale che ha all'ordine del giorno la costituzione di parte civile per il procedimento penale in relazione alla vicenda dell'ex-ceramica","og_url":"https:\/\/staging.varesenews.it\/2016\/09\/ex-ceramica-giacon-vogliamo-trasparenza\/555175\/","og_site_name":"VareseNews","article_publisher":"https:\/\/www.facebook.com\/varesenews","article_published_time":"2016-09-29T14:32:14+00:00","article_modified_time":"2016-09-29T15:00:23+00:00","author":"Adelia Brigo","twitter_card":"summary_large_image","twitter_creator":"@AdeliaBrigo","twitter_site":"@varesenews","twitter_misc":{"Scritto da":"Adelia Brigo","Tempo di lettura stimato":"1 minuto"},"schema":{"@context":"https:\/\/schema.org","@graph":[{"@type":"WebPage","@id":"https:\/\/staging.varesenews.it\/2016\/09\/ex-ceramica-giacon-vogliamo-trasparenza\/555175\/","url":"https:\/\/staging.varesenews.it\/2016\/09\/ex-ceramica-giacon-vogliamo-trasparenza\/555175\/","name":"Ex-Ceramica, Giacon: \"Vogliamo trasparenza\"","isPartOf":{"@id":"https:\/\/staging.varesenews.it\/#website"},"datePublished":"2016-09-29T14:32:14+00:00","dateModified":"2016-09-29T15:00:23+00:00","author":{"@id":"https:\/\/staging.varesenews.it\/#\/schema\/person\/272ac0f5b2dbfd572218c2d86e013f1a"},"description":"E' stato convocato per questa sera, gioved\u00ec 29 settembre il consiglio comunale che ha all'ordine del giorno la costituzione di parte civile per il procedimento penale in relazione alla vicenda dell'ex-ceramica","breadcrumb":{"@id":"https:\/\/staging.varesenews.it\/2016\/09\/ex-ceramica-giacon-vogliamo-trasparenza\/555175\/#breadcrumb"},"inLanguage":"it-IT","potentialAction":[{"@type":"ReadAction","target":["https:\/\/staging.varesenews.it\/2016\/09\/ex-ceramica-giacon-vogliamo-trasparenza\/555175\/"]}]},{"@type":"BreadcrumbList","@id":"https:\/\/staging.varesenews.it\/2016\/09\/ex-ceramica-giacon-vogliamo-trasparenza\/555175\/#breadcrumb","itemListElement":[{"@type":"ListItem","position":1,"name":"Home","item":"https:\/\/www.varesenews.it\/"},{"@type":"ListItem","position":2,"name":"Ex-Ceramica, Giacon: &#8220;Vogliamo trasparenza&#8221;"}]},{"@type":"WebSite","@id":"https:\/\/staging.varesenews.it\/#website","url":"https:\/\/staging.varesenews.it\/","name":"VareseNews","description":"","potentialAction":[{"@type":"SearchAction","target":{"@type":"EntryPoint","urlTemplate":"https:\/\/staging.varesenews.it\/?s={search_term_string}"},"query-input":"required name=search_term_string"}],"inLanguage":"it-IT"},{"@type":"Person","@id":"https:\/\/staging.varesenews.it\/#\/schema\/person\/272ac0f5b2dbfd572218c2d86e013f1a","name":"Adelia Brigo","image":{"@type":"ImageObject","inLanguage":"it-IT","@id":"https:\/\/staging.varesenews.it\/#\/schema\/person\/image\/","url":"https:\/\/staging.varesenews.it\/wp-content\/uploads\/2020\/12\/adelia_brigo_colori_500.jpg","contentUrl":"https:\/\/staging.varesenews.it\/wp-content\/uploads\/2020\/12\/adelia_brigo_colori_500.jpg","caption":"Adelia Brigo"},"description":"Giornalista pubblicista, lavoro a VareseNews dal 2007 e mi occupo di cronaca locale e del settore dedicato alla cultura. In questi anni ho seguito diversi progetti di comunicazione, amo sperimentare strategie per i Social Network e raccontare storie. Varesina, classe 1984, sono laureata in Scienze della Comunicazione.&nbsp;","sameAs":["AdeliaBrigo","https:\/\/twitter.com\/AdeliaBrigo"],"url":"https:\/\/staging.varesenews.it\/persona\/adelia_brigo\/"}]}},"post_meta":{"_edit_lock":"1475161248:32","_edit_last":"32","_category_permalink":"2","wdfb_og_title":"","wdfb_og_type":"","wdfb_og_description":"","wdfb_og_images":"a:1:{i:0;s:0:\"\";}","wdfb_og_custom_name":"a:1:{i:0;s:0:\"\";}","wdfb_og_custom_value":"a:1:{i:0;s:0:\"\";}","id_leggi_anche":"552091,551744,555620,561027","foto":"567807","firma_come_redazione":"1","argomento":"Laveno Mombello","_jd_twitter":"","_jd_tweet_this":"yes","ratings_users":"0","ratings_score":"0","ratings_average":"0","_wpt_short_url":"http:\/\/www.varesenews.it\/2016\/09\/ex-ceramica-giacon-vogliamo-trasparenza\/555175\/","_wp_jd_target":"http:\/\/www.varesenews.it\/2016\/09\/ex-ceramica-giacon-vogliamo-trasparenza\/555175\/","_jd_wp_twitter":"a:1:{i:0;s:136:\"Ex-Ceramica, Giacon: \"Vogliamo trasparenza\" http:\/\/www.varesenews.it\/2016\/09\/ex-ceramica-giacon-vogliamo-trasparenza\/555175\/ #exceramica\";}","_wpt_status_message":"Tweet inviato con successo."},"photos":[{"original":"https:\/\/staging.varesenews.it\/photogallery_new\/images\/2016\/09\/albergo-ex-ceramica-a-lago-567807.jpg","full":"https:\/\/staging.varesenews.it\/photogallery_new\/images\/2016\/09\/albergo-ex-ceramica-a-lago-567807.1024x768.jpg","large":"https:\/\/staging.varesenews.it\/photogallery_new\/images\/2016\/09\/albergo-ex-ceramica-a-lago-567807.610x431.jpg"}],"_links":{"self":[{"href":"https:\/\/staging.varesenews.it\/swgapi\/v1\/wp\/v2\/posts\/555175"}],"collection":[{"href":"https:\/\/staging.varesenews.it\/swgapi\/v1\/wp\/v2\/posts"}],"about":[{"href":"https:\/\/staging.varesenews.it\/swgapi\/v1\/wp\/v2\/types\/post"}],"author":[{"embeddable":true,"href":"https:\/\/staging.varesenews.it\/swgapi\/v1\/wp\/v2\/users\/32"}],"replies":[{"embeddable":true,"href":"https:\/\/staging.varesenews.it\/swgapi\/v1\/wp\/v2\/comments?post=555175"}],"version-history":[{"count":0,"href":"https:\/\/staging.varesenews.it\/swgapi\/v1\/wp\/v2\/posts\/555175\/revisions"}],"wp:attachment":[{"href":"https:\/\/staging.varesenews.it\/swgapi\/v1\/wp\/v2\/media?parent=555175"}],"wp:term":[{"taxonomy":"category","embeddable":true,"href":"https:\/\/staging.varesenews.it\/swgapi\/v1\/wp\/v2\/categories?post=555175"},{"taxonomy":"post_tag","embeddable":true,"href":"https:\/\/staging.varesenews.it\/swgapi\/v1\/wp\/v2\/tags?post=555175"}],"curies":[{"name":"wp","href":"https:\/\/api.w.org\/{rel}","templated":true}]}}