{"id":555589,"date":"2016-10-01T10:00:23","date_gmt":"2016-10-01T08:00:23","guid":{"rendered":"http:\/\/www.varesenews.it\/?p=555589"},"modified":"2016-09-30T17:51:39","modified_gmt":"2016-09-30T15:51:39","slug":"pro-patria-battere-il-ciserano-per-ripartire","status":"publish","type":"post","link":"https:\/\/staging.varesenews.it\/2016\/10\/pro-patria-battere-il-ciserano-per-ripartire\/555589\/","title":{"rendered":"Pro Patria, battere il Ciserano per ripartire"},"content":{"rendered":"<p>Da un ex, Zaffaroni, a un altro, dal Monza ad Aldo Monza. Dopo le due sconfitte consecutive in campionato e in Coppa Italia, <strong>la Pro Patria ospiter\u00e0 il Ciserano<\/strong> allenato dall\u2019ex mister biancoblu per cercare la via della vittoria. Appuntamento <strong>domenica 2 ottobre alle ore 15.00 allo stadio \u201cSperoni\u201d<\/strong> per la quinta giornata del girone B di Serie D.<\/p>\n<p>Non mancano i problemi di formazione per mister <strong>Roberto Bonazzi,<\/strong> che soprattutto nel reparto avanzato ha diverse indisposizioni: Cappai \u00e8 ai box da tempo, Mauri si \u00e8 infortunato domenica scorsa contro il Monza e sar\u00e0 in dubbio, mentre Gherardi si \u00e8 fatto male nell\u2019impegno di Coppa.<\/p>\n<p>Toccher\u00e0 quindi ancora una volta a capitan <strong>Santana<\/strong> prendersi sulle spalle la squadra, sperando nel miglioramento delle condizioni del giovane Bortoluz, che in settimana si \u00e8 allenato con costanza.<\/p>\n<p>Una cosa \u00e8 certa: d\u2019ora in poi non si possono pi\u00f9 lasciare punti per strada. Il distacco dalla Pergolettese (prima a punteggio pieno con 12 punti) \u00e8 gi\u00e0 di 7 punti e <strong>da domenica dovr\u00e0 ripartire la rincorsa<\/strong>. Dovr\u00e0 esserne convinto anche mister Bonazzi, che per ora sembra tranquillo, ma se i risultati non dovessero arrivare, potrebbe vedere la sua panchina traballare.<\/p>\n<p>Il Ciserano \u00e8 a pari punti con la Pro Patria a quota 5 e arriva dal ko 2-1 in casa dell\u2019Olginatese con tante polemiche sull\u2019operato arbitrale. In precedenza pareggi con Scanzorosciate (0-0) e Virtus Bergamo (2-2), mentre <strong>l\u2019unico successo \u00e8 arrivato alla seconda giornata 3-2 a Levico Terme.<\/strong><\/p>\n<p>Fino a oggi mister Monza ha schierato la sua squadra con il 4-2-3-1, con l\u2019ex della gara <strong>Manuel Romeo<\/strong> (7 presenze in biancoblu nella stagione 2014-2015) che dovrebbe agire sulla fascia destra d\u2019attacco nel tridente alle spalle della punta Francesco Giangaspero, l\u2019anno scorso 22 gol in Eccellenza con il Verbano.<\/p>\n<p><span class=\"SL_C_22965352_23_66436766\"><span class=\"SL_C_22965352_24_66436766\">La diretta della partita \u00e8 gi\u00e0 attiva su VareseNews (<a href=\"http:\/\/live.varesenews.it\/Event\/Calcio_-_La_5a_giornata_di_Serie_D\" target=\"_blank\">link<\/a>)<b>. <\/b>Potrete commentare in diretta o interagire<b>\u00a0<\/b>su Twitter e Instagram:\u00a0<\/span><b class=\"SL_C_22965352_25_66436766\">#direttavn<\/b><span class=\"SL_C_22965352_26_66436766\"> <span class=\"SL_C_22965352_29_66436766\"><b class=\"SL_C_22965352_31_66436766\">#propatriaciserano<\/b><\/span><\/span><\/span><\/p>\n","protected":false},"excerpt":{"rendered":"<p>Domenica 2 ottobre (ore 15) allo \u201cSperoni\u201d arrivano i rossoblu dell\u2019ex Aldo Monza. Problemi in attacco per Bonazzi<\/p>\n","protected":false},"author":37,"featured_media":0,"comment_status":"open","ping_status":"open","sticky":false,"template":"","format":"standard","meta":{"footnotes":""},"categories":[4,14],"tags":[144,64473,147,207],"acf":[],"yoast_head":"<!-- This site is optimized with the Yoast SEO plugin v20.1 - https:\/\/yoast.com\/wordpress\/plugins\/seo\/ -->\n<title>Pro Patria, battere il Ciserano per ripartire<\/title>\n<meta name=\"description\" content=\"Domenica 2 ottobre (ore 15) allo \u201cSperoni\u201d arrivano i rossoblu dell\u2019ex Aldo Monza. Problemi in attacco per Bonazzi\" \/>\n<meta name=\"robots\" content=\"noindex, follow, max-snippet:-1, max-image-preview:large, max-video-preview:-1\" \/>\n<meta property=\"og:locale\" content=\"it_IT\" \/>\n<meta property=\"og:type\" content=\"article\" \/>\n<meta property=\"og:title\" content=\"Pro Patria, battere il Ciserano per ripartire\" \/>\n<meta property=\"og:description\" content=\"Domenica 2 ottobre (ore 15) allo \u201cSperoni\u201d arrivano i rossoblu dell\u2019ex Aldo Monza. Problemi in attacco per Bonazzi\" \/>\n<meta property=\"og:url\" content=\"https:\/\/staging.varesenews.it\/2016\/10\/pro-patria-battere-il-ciserano-per-ripartire\/555589\/\" \/>\n<meta property=\"og:site_name\" content=\"VareseNews\" \/>\n<meta property=\"article:publisher\" content=\"https:\/\/www.facebook.com\/varesenews\" \/>\n<meta property=\"article:published_time\" content=\"2016-10-01T08:00:23+00:00\" \/>\n<meta property=\"article:modified_time\" content=\"2016-09-30T15:51:39+00:00\" \/>\n<meta name=\"author\" content=\"Francesco Mazzoleni\" \/>\n<meta name=\"twitter:card\" content=\"summary_large_image\" \/>\n<meta name=\"twitter:creator\" content=\"@fmazzof\" \/>\n<meta name=\"twitter:site\" content=\"@varesenews\" \/>\n<meta name=\"twitter:label1\" content=\"Scritto da\" \/>\n\t<meta name=\"twitter:data1\" content=\"Francesco Mazzoleni\" \/>\n\t<meta name=\"twitter:label2\" content=\"Tempo di lettura stimato\" \/>\n\t<meta name=\"twitter:data2\" content=\"2 minuti\" \/>\n<script type=\"application\/ld+json\" class=\"yoast-schema-graph\">{\"@context\":\"https:\/\/schema.org\",\"@graph\":[{\"@type\":\"WebPage\",\"@id\":\"https:\/\/staging.varesenews.it\/2016\/10\/pro-patria-battere-il-ciserano-per-ripartire\/555589\/\",\"url\":\"https:\/\/staging.varesenews.it\/2016\/10\/pro-patria-battere-il-ciserano-per-ripartire\/555589\/\",\"name\":\"Pro Patria, battere il Ciserano per ripartire\",\"isPartOf\":{\"@id\":\"https:\/\/staging.varesenews.it\/#website\"},\"datePublished\":\"2016-10-01T08:00:23+00:00\",\"dateModified\":\"2016-09-30T15:51:39+00:00\",\"author\":{\"@id\":\"https:\/\/staging.varesenews.it\/#\/schema\/person\/e82236e79160d30d4e1f942004ac3038\"},\"description\":\"Domenica 2 ottobre (ore 15) allo \u201cSperoni\u201d arrivano i rossoblu dell\u2019ex Aldo Monza. Problemi in attacco per Bonazzi\",\"breadcrumb\":{\"@id\":\"https:\/\/staging.varesenews.it\/2016\/10\/pro-patria-battere-il-ciserano-per-ripartire\/555589\/#breadcrumb\"},\"inLanguage\":\"it-IT\",\"potentialAction\":[{\"@type\":\"ReadAction\",\"target\":[\"https:\/\/staging.varesenews.it\/2016\/10\/pro-patria-battere-il-ciserano-per-ripartire\/555589\/\"]}]},{\"@type\":\"BreadcrumbList\",\"@id\":\"https:\/\/staging.varesenews.it\/2016\/10\/pro-patria-battere-il-ciserano-per-ripartire\/555589\/#breadcrumb\",\"itemListElement\":[{\"@type\":\"ListItem\",\"position\":1,\"name\":\"Home\",\"item\":\"https:\/\/www.varesenews.it\/\"},{\"@type\":\"ListItem\",\"position\":2,\"name\":\"Pro Patria, battere il Ciserano per ripartire\"}]},{\"@type\":\"WebSite\",\"@id\":\"https:\/\/staging.varesenews.it\/#website\",\"url\":\"https:\/\/staging.varesenews.it\/\",\"name\":\"VareseNews\",\"description\":\"\",\"potentialAction\":[{\"@type\":\"SearchAction\",\"target\":{\"@type\":\"EntryPoint\",\"urlTemplate\":\"https:\/\/staging.varesenews.it\/?s={search_term_string}\"},\"query-input\":\"required name=search_term_string\"}],\"inLanguage\":\"it-IT\"},{\"@type\":\"Person\",\"@id\":\"https:\/\/staging.varesenews.it\/#\/schema\/person\/e82236e79160d30d4e1f942004ac3038\",\"name\":\"Francesco Mazzoleni\",\"image\":{\"@type\":\"ImageObject\",\"inLanguage\":\"it-IT\",\"@id\":\"https:\/\/staging.varesenews.it\/#\/schema\/person\/image\/\",\"url\":\"https:\/\/staging.varesenews.it\/wp-content\/uploads\/2020\/12\/francesco_mazzoleni_colori_500-1.jpg\",\"contentUrl\":\"https:\/\/staging.varesenews.it\/wp-content\/uploads\/2020\/12\/francesco_mazzoleni_colori_500-1.jpg\",\"caption\":\"Francesco Mazzoleni\"},\"description\":\"\\\"Uomo di campo\\\" della redazione sportiva. Nutro una vera passione per il calcio, che sia ad alti livelli, sui campi di provincia o in altri continenti. Sono nato a Varese nel 1984, vivo da sempre a Malnate e ho una laurea in Scienze Motorie. Ho mosso i primi passi a VareseNews da stagista nel 2002; nel 2008 ho iniziato a collaborare con maggiore continuit\u00e0 e dal 2018 sono giornalista professionista. Orgoglioso pap\u00e0 di Federico e Adelaide.\",\"sameAs\":[\"fmazzof\",\"it.linkedin.com\/in\/francescomazzolenif\",\"https:\/\/twitter.com\/fmazzof\"],\"url\":\"https:\/\/staging.varesenews.it\/persona\/francesco_mazzoleniferracini\/\"}]}<\/script>\n<!-- \/ Yoast SEO plugin. -->","yoast_head_json":{"title":"Pro Patria, battere il Ciserano per ripartire","description":"Domenica 2 ottobre (ore 15) allo \u201cSperoni\u201d arrivano i rossoblu dell\u2019ex Aldo Monza. Problemi in attacco per Bonazzi","robots":{"index":"noindex","follow":"follow","max-snippet":"max-snippet:-1","max-image-preview":"max-image-preview:large","max-video-preview":"max-video-preview:-1"},"og_locale":"it_IT","og_type":"article","og_title":"Pro Patria, battere il Ciserano per ripartire","og_description":"Domenica 2 ottobre (ore 15) allo \u201cSperoni\u201d arrivano i rossoblu dell\u2019ex Aldo Monza. Problemi in attacco per Bonazzi","og_url":"https:\/\/staging.varesenews.it\/2016\/10\/pro-patria-battere-il-ciserano-per-ripartire\/555589\/","og_site_name":"VareseNews","article_publisher":"https:\/\/www.facebook.com\/varesenews","article_published_time":"2016-10-01T08:00:23+00:00","article_modified_time":"2016-09-30T15:51:39+00:00","author":"Francesco Mazzoleni","twitter_card":"summary_large_image","twitter_creator":"@fmazzof","twitter_site":"@varesenews","twitter_misc":{"Scritto da":"Francesco Mazzoleni","Tempo di lettura stimato":"2 minuti"},"schema":{"@context":"https:\/\/schema.org","@graph":[{"@type":"WebPage","@id":"https:\/\/staging.varesenews.it\/2016\/10\/pro-patria-battere-il-ciserano-per-ripartire\/555589\/","url":"https:\/\/staging.varesenews.it\/2016\/10\/pro-patria-battere-il-ciserano-per-ripartire\/555589\/","name":"Pro Patria, battere il Ciserano per ripartire","isPartOf":{"@id":"https:\/\/staging.varesenews.it\/#website"},"datePublished":"2016-10-01T08:00:23+00:00","dateModified":"2016-09-30T15:51:39+00:00","author":{"@id":"https:\/\/staging.varesenews.it\/#\/schema\/person\/e82236e79160d30d4e1f942004ac3038"},"description":"Domenica 2 ottobre (ore 15) allo \u201cSperoni\u201d arrivano i rossoblu dell\u2019ex Aldo Monza. Problemi in attacco per Bonazzi","breadcrumb":{"@id":"https:\/\/staging.varesenews.it\/2016\/10\/pro-patria-battere-il-ciserano-per-ripartire\/555589\/#breadcrumb"},"inLanguage":"it-IT","potentialAction":[{"@type":"ReadAction","target":["https:\/\/staging.varesenews.it\/2016\/10\/pro-patria-battere-il-ciserano-per-ripartire\/555589\/"]}]},{"@type":"BreadcrumbList","@id":"https:\/\/staging.varesenews.it\/2016\/10\/pro-patria-battere-il-ciserano-per-ripartire\/555589\/#breadcrumb","itemListElement":[{"@type":"ListItem","position":1,"name":"Home","item":"https:\/\/www.varesenews.it\/"},{"@type":"ListItem","position":2,"name":"Pro Patria, battere il Ciserano per ripartire"}]},{"@type":"WebSite","@id":"https:\/\/staging.varesenews.it\/#website","url":"https:\/\/staging.varesenews.it\/","name":"VareseNews","description":"","potentialAction":[{"@type":"SearchAction","target":{"@type":"EntryPoint","urlTemplate":"https:\/\/staging.varesenews.it\/?s={search_term_string}"},"query-input":"required name=search_term_string"}],"inLanguage":"it-IT"},{"@type":"Person","@id":"https:\/\/staging.varesenews.it\/#\/schema\/person\/e82236e79160d30d4e1f942004ac3038","name":"Francesco Mazzoleni","image":{"@type":"ImageObject","inLanguage":"it-IT","@id":"https:\/\/staging.varesenews.it\/#\/schema\/person\/image\/","url":"https:\/\/staging.varesenews.it\/wp-content\/uploads\/2020\/12\/francesco_mazzoleni_colori_500-1.jpg","contentUrl":"https:\/\/staging.varesenews.it\/wp-content\/uploads\/2020\/12\/francesco_mazzoleni_colori_500-1.jpg","caption":"Francesco Mazzoleni"},"description":"\"Uomo di campo\" della redazione sportiva. Nutro una vera passione per il calcio, che sia ad alti livelli, sui campi di provincia o in altri continenti. Sono nato a Varese nel 1984, vivo da sempre a Malnate e ho una laurea in Scienze Motorie. Ho mosso i primi passi a VareseNews da stagista nel 2002; nel 2008 ho iniziato a collaborare con maggiore continuit\u00e0 e dal 2018 sono giornalista professionista. Orgoglioso pap\u00e0 di Federico e Adelaide.","sameAs":["fmazzof","it.linkedin.com\/in\/francescomazzolenif","https:\/\/twitter.com\/fmazzof"],"url":"https:\/\/staging.varesenews.it\/persona\/francesco_mazzoleniferracini\/"}]}},"post_meta":{"_edit_lock":"1475251033:37","_edit_last":"37","_category_permalink":"14","wdfb_og_title":"","wdfb_og_type":"","wdfb_og_description":"","wdfb_og_images":"a:1:{i:0;s:0:\"\";}","wdfb_og_custom_name":"a:1:{i:0;s:0:\"\";}","wdfb_og_custom_value":"a:1:{i:0;s:0:\"\";}","foto":"569457","argomento":"Calcio","_jd_twitter":"","_jd_tweet_this":"yes","_yoast_wpseo_focuskw":"pro patria","_yoast_wpseo_linkdex":"71","_wpt_short_url":"http:\/\/www.varesenews.it\/2016\/10\/pro-patria-battere-il-ciserano-per-ripartire\/555589\/","_wp_jd_target":"http:\/\/www.varesenews.it\/2016\/10\/pro-patria-battere-il-ciserano-per-ripartire\/555589\/","_jd_wp_twitter":"a:1:{i:0;s:166:\"Pro Patria, battere il Ciserano per ripartire http:\/\/www.varesenews.it\/2016\/10\/pro-patria-battere-il-ciserano-per-ripartire\/555589\/ #calcio #ciseranocalcio #propatria\";}","_wpt_status_message":"Tweet inviato con successo.","ratings_users":"0","ratings_score":"0","ratings_average":"0","id_leggi_anche":"555907"},"photos":[{"original":"https:\/\/staging.varesenews.it\/photogallery_new\/images\/2016\/09\/pro-patria-monza-569457.jpg","full":"https:\/\/staging.varesenews.it\/photogallery_new\/images\/2016\/09\/pro-patria-monza-569457.1024x768.jpg","large":"https:\/\/staging.varesenews.it\/photogallery_new\/images\/2016\/09\/pro-patria-monza-569457.610x431.jpg"}],"_links":{"self":[{"href":"https:\/\/staging.varesenews.it\/swgapi\/v1\/wp\/v2\/posts\/555589"}],"collection":[{"href":"https:\/\/staging.varesenews.it\/swgapi\/v1\/wp\/v2\/posts"}],"about":[{"href":"https:\/\/staging.varesenews.it\/swgapi\/v1\/wp\/v2\/types\/post"}],"author":[{"embeddable":true,"href":"https:\/\/staging.varesenews.it\/swgapi\/v1\/wp\/v2\/users\/37"}],"replies":[{"embeddable":true,"href":"https:\/\/staging.varesenews.it\/swgapi\/v1\/wp\/v2\/comments?post=555589"}],"version-history":[{"count":0,"href":"https:\/\/staging.varesenews.it\/swgapi\/v1\/wp\/v2\/posts\/555589\/revisions"}],"wp:attachment":[{"href":"https:\/\/staging.varesenews.it\/swgapi\/v1\/wp\/v2\/media?parent=555589"}],"wp:term":[{"taxonomy":"category","embeddable":true,"href":"https:\/\/staging.varesenews.it\/swgapi\/v1\/wp\/v2\/categories?post=555589"},{"taxonomy":"post_tag","embeddable":true,"href":"https:\/\/staging.varesenews.it\/swgapi\/v1\/wp\/v2\/tags?post=555589"}],"curies":[{"name":"wp","href":"https:\/\/api.w.org\/{rel}","templated":true}]}}