{"id":555601,"date":"2016-09-30T16:13:32","date_gmt":"2016-09-30T14:13:32","guid":{"rendered":"http:\/\/www.varesenews.it\/?p=555601"},"modified":"2016-09-30T16:24:07","modified_gmt":"2016-09-30T14:24:07","slug":"libri-per-bambini-un-minifestival-a-varese","status":"publish","type":"post","link":"https:\/\/staging.varesenews.it\/2016\/09\/libri-per-bambini-un-minifestival-a-varese\/555601\/","title":{"rendered":"Libri per bambini, un minifestival a Varese"},"content":{"rendered":"<p><strong>Libri per bambini<\/strong> protagonisti per tre giorni a Varese, con la <strong>Mostra mercato organizzata dalla scuola Montessori<\/strong> di <a href=\"http:\/\/www.percorsipercrescere.it\" target=\"_blank\"><strong>Percorsi per Crescere<\/strong><\/a>, nella sede di <strong>via Maggiora 10<\/strong>. Dopo il successo della prima, quest\u2019anno si replica con un\u2019edizione che prevede numerosi incontri con autori e laboratori, il tutto gratuito.<\/p>\n<p>\u00abAbbiamo riscontrato un grandissimo interesse verso i libri da parte delle famiglie e, visto il successo dell\u2019anno scorso, abbiamo voluto replicare l\u2019iniziativa coinvolgendo nuovi autori e iniziative nuove\u00bb spiega\u00a0<strong>Maria Angela Ferioli<\/strong>, presidente della <strong>Cooperativa Percorsi per Crescere<\/strong> che gestisce la scuola di Varese.<\/p>\n<p>La Mostra del libro si apre <strong>venerd\u00ec 7 ottobre alle 20.30<\/strong> con <strong>Fiorella Cavalli Manhart<\/strong>, formatrice di Cemea CH, associazione internazionale di educatori che aderisce a principi ispirati ai fondamenti dell&#8217;educazione attiva, che interviene sul tema \u201c<strong>Mi racconti una storia? Dal libro alla voce che racconta e che accoglie<\/strong>\u201d.<\/p>\n<p><strong>Sabato 8 ottobre<\/strong> si comincia alle 10.30 con l\u2019autrice <strong>Silvia Borando<\/strong> della casa editrice Minibombo, che legger\u00e0 i libri a grandi e piccini (per bimbi dai 4 ai 7 anni). Sempre alle 10.30, l\u2019autore, illustratore e fumettista <strong>Mirco Maselli<\/strong> presenter\u00e0 Hogart Faccia di Drago (dai 7 anni).<\/p>\n<p>Nel pomeriggio di sabato, alle 15 \u00e8 previsto l\u2019incontro con <strong>Mirco Maselli<\/strong> autore di \u201cStoria dell\u2019immondizia \u2013 dagli avanzi del mammut alla plastica riciclabile\u201d (dagli 8 anni). Alle 16 .30 sono in programma due laboratori: Uso e Riuso a cura di Re Mida e Carta senza fine: laboratorio di carta fatto a mano\u201d a cura di \u201c<strong>La tana della costruzioni<\/strong>\u201d (dai 3 ai 99 anni).<\/p>\n<p><strong> Domenica 9 ottobre<\/strong> alle 10.30 sono due gli appuntamenti in programma: \u201cNero coniglio nero!\u201d, laboratorio artistico e spettacolo di micro-teatro con <strong>Sara Ghioldi<\/strong>, e un laboratorio per grandi e piccini a cura della Scuola Montessori Percorsi per Crescere e della nuova Scuola Media Parentale Makula, promossa da un gruppo di genitori varesini e basata sull\u2019apprendimento tramite l\u2019esperienza attiva.<\/p>\n<p>Alle 15 <strong>Tommaso Bianchi<\/strong> di ComicArtVarese terr\u00e0 un <strong>laboratorio sul fumetto<\/strong>, mentre alla stessa ora <strong>Andrea Valente<\/strong>, autore del personaggio della pecora nera, presenta <strong>Fabula in lupus<\/strong> (per tutti, a partire dai 6 anni).<\/p>\n<p>Sabato e domenica, dalle 10 alle 13 e dalle 14.30 alle 18, sar\u00e0 aperto un angolo di lettura per grandi e piccini e sar\u00e0 attivo un banchetto per lo scambio di libri e oggetti usati. Sar\u00e0 inoltre possibile acquistare dei libri grazie alla presenza del negozio Dondolibro di Busto Arsizio.<\/p>\n","protected":false},"excerpt":{"rendered":"<p>Libri per bambini protagonisti per tre giorni con la Mostra mercato organizzata dalla scuola Montessori di Percorsi per Crescere, nella sede di via Maggiora 10<\/p>\n","protected":false},"author":48,"featured_media":0,"comment_status":"open","ping_status":"open","sticky":false,"template":"","format":"standard","meta":{"footnotes":""},"categories":[23,18,21,2],"tags":[767,12223,158],"acf":[],"yoast_head":"<!-- This site is optimized with the Yoast SEO plugin v20.1 - https:\/\/yoast.com\/wordpress\/plugins\/seo\/ -->\n<title>Libri per bambini, un minifestival a Varese<\/title>\n<meta name=\"description\" content=\"Libri per bambini protagonisti per tre giorni con la Mostra mercato organizzata dalla scuola Montessori di Percorsi per Crescere\" \/>\n<meta name=\"robots\" content=\"noindex, follow, max-snippet:-1, max-image-preview:large, max-video-preview:-1\" \/>\n<meta property=\"og:locale\" content=\"it_IT\" \/>\n<meta property=\"og:type\" content=\"article\" \/>\n<meta property=\"og:title\" content=\"Libri per bambini, un minifestival a Varese\" \/>\n<meta property=\"og:description\" content=\"Libri per bambini protagonisti per tre giorni con la Mostra mercato organizzata dalla scuola Montessori di Percorsi per Crescere\" \/>\n<meta property=\"og:url\" content=\"https:\/\/staging.varesenews.it\/2016\/09\/libri-per-bambini-un-minifestival-a-varese\/555601\/\" \/>\n<meta property=\"og:site_name\" content=\"VareseNews\" \/>\n<meta property=\"article:publisher\" content=\"https:\/\/www.facebook.com\/varesenews\" \/>\n<meta property=\"article:author\" content=\"https:\/\/www.facebook.com\/stefaniaradman\" \/>\n<meta property=\"article:published_time\" content=\"2016-09-30T14:13:32+00:00\" \/>\n<meta property=\"article:modified_time\" content=\"2016-09-30T14:24:07+00:00\" \/>\n<meta name=\"author\" content=\"Stefania Radman\" \/>\n<meta name=\"twitter:card\" content=\"summary_large_image\" \/>\n<meta name=\"twitter:creator\" content=\"@LaRadman\" \/>\n<meta name=\"twitter:site\" content=\"@varesenews\" \/>\n<meta name=\"twitter:label1\" content=\"Scritto da\" \/>\n\t<meta name=\"twitter:data1\" content=\"Stefania Radman\" \/>\n\t<meta name=\"twitter:label2\" content=\"Tempo di lettura stimato\" \/>\n\t<meta name=\"twitter:data2\" content=\"2 minuti\" \/>\n<script type=\"application\/ld+json\" class=\"yoast-schema-graph\">{\"@context\":\"https:\/\/schema.org\",\"@graph\":[{\"@type\":\"WebPage\",\"@id\":\"https:\/\/staging.varesenews.it\/2016\/09\/libri-per-bambini-un-minifestival-a-varese\/555601\/\",\"url\":\"https:\/\/staging.varesenews.it\/2016\/09\/libri-per-bambini-un-minifestival-a-varese\/555601\/\",\"name\":\"Libri per bambini, un minifestival a Varese\",\"isPartOf\":{\"@id\":\"https:\/\/staging.varesenews.it\/#website\"},\"datePublished\":\"2016-09-30T14:13:32+00:00\",\"dateModified\":\"2016-09-30T14:24:07+00:00\",\"author\":{\"@id\":\"https:\/\/staging.varesenews.it\/#\/schema\/person\/995d2e6a31c67237a9a1bc1f0079f3aa\"},\"description\":\"Libri per bambini protagonisti per tre giorni con la Mostra mercato organizzata dalla scuola Montessori di Percorsi per Crescere\",\"breadcrumb\":{\"@id\":\"https:\/\/staging.varesenews.it\/2016\/09\/libri-per-bambini-un-minifestival-a-varese\/555601\/#breadcrumb\"},\"inLanguage\":\"it-IT\",\"potentialAction\":[{\"@type\":\"ReadAction\",\"target\":[\"https:\/\/staging.varesenews.it\/2016\/09\/libri-per-bambini-un-minifestival-a-varese\/555601\/\"]}]},{\"@type\":\"BreadcrumbList\",\"@id\":\"https:\/\/staging.varesenews.it\/2016\/09\/libri-per-bambini-un-minifestival-a-varese\/555601\/#breadcrumb\",\"itemListElement\":[{\"@type\":\"ListItem\",\"position\":1,\"name\":\"Home\",\"item\":\"https:\/\/www.varesenews.it\/\"},{\"@type\":\"ListItem\",\"position\":2,\"name\":\"Libri per bambini, un minifestival a Varese\"}]},{\"@type\":\"WebSite\",\"@id\":\"https:\/\/staging.varesenews.it\/#website\",\"url\":\"https:\/\/staging.varesenews.it\/\",\"name\":\"VareseNews\",\"description\":\"\",\"potentialAction\":[{\"@type\":\"SearchAction\",\"target\":{\"@type\":\"EntryPoint\",\"urlTemplate\":\"https:\/\/staging.varesenews.it\/?s={search_term_string}\"},\"query-input\":\"required name=search_term_string\"}],\"inLanguage\":\"it-IT\"},{\"@type\":\"Person\",\"@id\":\"https:\/\/staging.varesenews.it\/#\/schema\/person\/995d2e6a31c67237a9a1bc1f0079f3aa\",\"name\":\"Stefania Radman\",\"image\":{\"@type\":\"ImageObject\",\"inLanguage\":\"it-IT\",\"@id\":\"https:\/\/staging.varesenews.it\/#\/schema\/person\/image\/\",\"url\":\"https:\/\/staging.varesenews.it\/wp-content\/uploads\/2020\/12\/stefania_radman_colori_500.jpg\",\"contentUrl\":\"https:\/\/staging.varesenews.it\/wp-content\/uploads\/2020\/12\/stefania_radman_colori_500.jpg\",\"caption\":\"Stefania Radman\"},\"description\":\"Varesina dal 1991, lavoro dal 2000 per Varesenews.it, prima come responsabile della pagina dell&rsquo;economia, poi della pagina life, ora della citt&agrave; di Varese.Ma sono (e sono stata) anche altro: per esempio, agli albori delle radio private ero dj in una radio milanese, Onda Radio. Da 20 anni sono corrispondente da Varese di Radio Popolare e ho collaborato con Espresso, Repubblica, Diario della Settimana, Italia Oggi. &ldquo;Smanettona&rdquo; da sempre, ho aperto il mio primo sito personale con Geocities nei primi anni novanta (chi se lo ricorda?) e i miei primi blog in Splinder all&rsquo;inizio del 2000. Ora sono sui social: qui quasi sempre sono semplicemente \\\"LaRadman&rdquo;.\",\"sameAs\":[\"http:\/\/laradman.blogspot.it\",\"https:\/\/www.facebook.com\/stefaniaradman\",\"@LaRadman\",\"https:\/\/www.linkedin.com\/in\/stefaniaradman\",\"https:\/\/twitter.com\/LaRadman\"],\"url\":\"https:\/\/staging.varesenews.it\/persona\/stefania-radman1\/\"}]}<\/script>\n<!-- \/ Yoast SEO plugin. -->","yoast_head_json":{"title":"Libri per bambini, un minifestival a Varese","description":"Libri per bambini protagonisti per tre giorni con la Mostra mercato organizzata dalla scuola Montessori di Percorsi per Crescere","robots":{"index":"noindex","follow":"follow","max-snippet":"max-snippet:-1","max-image-preview":"max-image-preview:large","max-video-preview":"max-video-preview:-1"},"og_locale":"it_IT","og_type":"article","og_title":"Libri per bambini, un minifestival a Varese","og_description":"Libri per bambini protagonisti per tre giorni con la Mostra mercato organizzata dalla scuola Montessori di Percorsi per Crescere","og_url":"https:\/\/staging.varesenews.it\/2016\/09\/libri-per-bambini-un-minifestival-a-varese\/555601\/","og_site_name":"VareseNews","article_publisher":"https:\/\/www.facebook.com\/varesenews","article_author":"https:\/\/www.facebook.com\/stefaniaradman","article_published_time":"2016-09-30T14:13:32+00:00","article_modified_time":"2016-09-30T14:24:07+00:00","author":"Stefania Radman","twitter_card":"summary_large_image","twitter_creator":"@LaRadman","twitter_site":"@varesenews","twitter_misc":{"Scritto da":"Stefania Radman","Tempo di lettura stimato":"2 minuti"},"schema":{"@context":"https:\/\/schema.org","@graph":[{"@type":"WebPage","@id":"https:\/\/staging.varesenews.it\/2016\/09\/libri-per-bambini-un-minifestival-a-varese\/555601\/","url":"https:\/\/staging.varesenews.it\/2016\/09\/libri-per-bambini-un-minifestival-a-varese\/555601\/","name":"Libri per bambini, un minifestival a Varese","isPartOf":{"@id":"https:\/\/staging.varesenews.it\/#website"},"datePublished":"2016-09-30T14:13:32+00:00","dateModified":"2016-09-30T14:24:07+00:00","author":{"@id":"https:\/\/staging.varesenews.it\/#\/schema\/person\/995d2e6a31c67237a9a1bc1f0079f3aa"},"description":"Libri per bambini protagonisti per tre giorni con la Mostra mercato organizzata dalla scuola Montessori di Percorsi per Crescere","breadcrumb":{"@id":"https:\/\/staging.varesenews.it\/2016\/09\/libri-per-bambini-un-minifestival-a-varese\/555601\/#breadcrumb"},"inLanguage":"it-IT","potentialAction":[{"@type":"ReadAction","target":["https:\/\/staging.varesenews.it\/2016\/09\/libri-per-bambini-un-minifestival-a-varese\/555601\/"]}]},{"@type":"BreadcrumbList","@id":"https:\/\/staging.varesenews.it\/2016\/09\/libri-per-bambini-un-minifestival-a-varese\/555601\/#breadcrumb","itemListElement":[{"@type":"ListItem","position":1,"name":"Home","item":"https:\/\/www.varesenews.it\/"},{"@type":"ListItem","position":2,"name":"Libri per bambini, un minifestival a Varese"}]},{"@type":"WebSite","@id":"https:\/\/staging.varesenews.it\/#website","url":"https:\/\/staging.varesenews.it\/","name":"VareseNews","description":"","potentialAction":[{"@type":"SearchAction","target":{"@type":"EntryPoint","urlTemplate":"https:\/\/staging.varesenews.it\/?s={search_term_string}"},"query-input":"required name=search_term_string"}],"inLanguage":"it-IT"},{"@type":"Person","@id":"https:\/\/staging.varesenews.it\/#\/schema\/person\/995d2e6a31c67237a9a1bc1f0079f3aa","name":"Stefania Radman","image":{"@type":"ImageObject","inLanguage":"it-IT","@id":"https:\/\/staging.varesenews.it\/#\/schema\/person\/image\/","url":"https:\/\/staging.varesenews.it\/wp-content\/uploads\/2020\/12\/stefania_radman_colori_500.jpg","contentUrl":"https:\/\/staging.varesenews.it\/wp-content\/uploads\/2020\/12\/stefania_radman_colori_500.jpg","caption":"Stefania Radman"},"description":"Varesina dal 1991, lavoro dal 2000 per Varesenews.it, prima come responsabile della pagina dell&rsquo;economia, poi della pagina life, ora della citt&agrave; di Varese.Ma sono (e sono stata) anche altro: per esempio, agli albori delle radio private ero dj in una radio milanese, Onda Radio. Da 20 anni sono corrispondente da Varese di Radio Popolare e ho collaborato con Espresso, Repubblica, Diario della Settimana, Italia Oggi. &ldquo;Smanettona&rdquo; da sempre, ho aperto il mio primo sito personale con Geocities nei primi anni novanta (chi se lo ricorda?) e i miei primi blog in Splinder all&rsquo;inizio del 2000. Ora sono sui social: qui quasi sempre sono semplicemente \"LaRadman&rdquo;.","sameAs":["http:\/\/laradman.blogspot.it","https:\/\/www.facebook.com\/stefaniaradman","@LaRadman","https:\/\/www.linkedin.com\/in\/stefaniaradman","https:\/\/twitter.com\/LaRadman"],"url":"https:\/\/staging.varesenews.it\/persona\/stefania-radman1\/"}]}},"post_meta":{"_edit_last":"48","_category_permalink":"","wdfb_og_title":"","wdfb_og_type":"","wdfb_og_description":"","wdfb_og_images":"a:1:{i:0;s:0:\"\";}","wdfb_og_custom_name":"a:1:{i:0;s:0:\"\";}","wdfb_og_custom_value":"a:1:{i:0;s:0:\"\";}","_edit_lock":"1475246499:48","_jd_twitter":"","_jd_tweet_this":"yes","argomento":"Varese","ratings_users":"0","ratings_score":"0","ratings_average":"0","foto":"570459","_yoast_wpseo_focuskw":"libri","_yoast_wpseo_metadesc":"Libri per bambini protagonisti per tre giorni con la Mostra mercato organizzata dalla scuola Montessori di Percorsi per Crescere","_wpt_short_url":"http:\/\/www.varesenews.it\/2016\/09\/libri-per-bambini-un-minifestival-a-varese\/555601\/","_wp_jd_target":"http:\/\/www.varesenews.it\/2016\/09\/libri-per-bambini-un-minifestival-a-varese\/555601\/","_jd_wp_twitter":"a:1:{i:0;s:143:\"Libri per bambini, un minifestival a Varese http:\/\/www.varesenews.it\/2016\/09\/libri-per-bambini-un-minifestival-a-varese\/555601\/ #libri #weekend\";}","_wpt_status_message":"Tweet inviato con successo.","_yoast_wpseo_linkdex":"83"},"photos":[{"original":"https:\/\/staging.varesenews.it\/photogallery_new\/images\/2016\/09\/avarie-570459.jpg","full":"https:\/\/staging.varesenews.it\/photogallery_new\/images\/2016\/09\/avarie-570459.1024x768.jpg","large":"https:\/\/staging.varesenews.it\/photogallery_new\/images\/2016\/09\/avarie-570459.610x431.jpg"}],"_links":{"self":[{"href":"https:\/\/staging.varesenews.it\/swgapi\/v1\/wp\/v2\/posts\/555601"}],"collection":[{"href":"https:\/\/staging.varesenews.it\/swgapi\/v1\/wp\/v2\/posts"}],"about":[{"href":"https:\/\/staging.varesenews.it\/swgapi\/v1\/wp\/v2\/types\/post"}],"author":[{"embeddable":true,"href":"https:\/\/staging.varesenews.it\/swgapi\/v1\/wp\/v2\/users\/48"}],"replies":[{"embeddable":true,"href":"https:\/\/staging.varesenews.it\/swgapi\/v1\/wp\/v2\/comments?post=555601"}],"version-history":[{"count":0,"href":"https:\/\/staging.varesenews.it\/swgapi\/v1\/wp\/v2\/posts\/555601\/revisions"}],"wp:attachment":[{"href":"https:\/\/staging.varesenews.it\/swgapi\/v1\/wp\/v2\/media?parent=555601"}],"wp:term":[{"taxonomy":"category","embeddable":true,"href":"https:\/\/staging.varesenews.it\/swgapi\/v1\/wp\/v2\/categories?post=555601"},{"taxonomy":"post_tag","embeddable":true,"href":"https:\/\/staging.varesenews.it\/swgapi\/v1\/wp\/v2\/tags?post=555601"}],"curies":[{"name":"wp","href":"https:\/\/api.w.org\/{rel}","templated":true}]}}