{"id":555765,"date":"2016-10-01T11:14:30","date_gmt":"2016-10-01T09:14:30","guid":{"rendered":"http:\/\/www.varesenews.it\/?p=555765"},"modified":"2016-10-01T11:14:30","modified_gmt":"2016-10-01T09:14:30","slug":"a-che-punto-e-larcisate-stabio-una-serata-con-i-cittadini","status":"publish","type":"post","link":"https:\/\/staging.varesenews.it\/2016\/10\/a-che-punto-e-larcisate-stabio-una-serata-con-i-cittadini\/555765\/","title":{"rendered":"A che punto \u00e8 l&#8217;Arcisate-Stabio? Una serata con i cittadini"},"content":{"rendered":"<p><strong>Venerd\u00ec 7 ottobre<\/strong> il Sindaco Marco Cavallin e l&#8217;Amministrazione incontreranno i cittadini in Sala Bergamaschi per esporre lo <strong>stato di avanzamento dei lavori di costruzione della nuova linea ferroviaria<\/strong> Varese \u2013 Stabio, nel tratto indunese.<\/p>\n<p>Dopo una fase di blocco dei lavori durata pi\u00f9 di 2 anni e che aveva causato gravissimi disagi al paese e ai residenti nei pressi del cantiere, da un anno i lavori procedono speditamente per arrivare a consegnare l&#8217;opera in funzione nel termine previsto di fine 2017.<\/p>\n<p>La serata, che inizier\u00e0 alle ore 20.45 ed \u00e8 aperta a tutti, vuole anche essere l&#8217;occasione per riflettere sul futuro del paese nei confronti della nuova infrastruttura: <strong>nuove viabilit\u00e0, enormi spazi e infrastrutture di mobilit\u00e0 dolce si apriranno all&#8217;utilizzo pubblico<\/strong> della comunit\u00e0 e l&#8217;Amministrazione vuole\u00a0informare e coinvolgere gli indunesi nelle scelte strategiche che riguardano il paese nei prossimi anni, raccogliendo suggerimenti, perplessit\u00e0 e proponendo il proprio progetto.<\/p>\n<p>&#8220;Dopo anni di sofferenza e problemi &#8211; dice il sindaco &#8211; Induno pu\u00f2 tornare a progettare il futuro di un paese che, grazie alla nuova ferrovia, si trover\u00e0 al centro di una rete di collegamento di strategica importanza&#8221;.<\/p>\n<p>Alla serata interverranno il Sindaco Marco Cavallin, il Vice Sindaco con delega alla ferrovia Maurizio Colombo, e il Presidente della Commissione Consiliare Consultiva Speciale Ferrovia Marco Comolli.<\/p>\n<p>Tutta la cittadinanza \u00e8 invitata a partecipare.<\/p>\n","protected":false},"excerpt":{"rendered":"<p>Venerd\u00ec 7 ottobre in Sala Bergamaschi l&#8217;Amministrazione comunale illustrer\u00e0 lo stato di avanzamento dei lavori e i progetti accessori per il tratto indunese della nuova linea<\/p>\n","protected":false},"author":10,"featured_media":0,"comment_status":"open","ping_status":"open","sticky":false,"template":"","format":"standard","meta":{"footnotes":""},"categories":[2],"tags":[9057,3632],"acf":[],"yoast_head":"<!-- This site is optimized with the Yoast SEO plugin v20.1 - https:\/\/yoast.com\/wordpress\/plugins\/seo\/ -->\n<title>A che punto \u00e8 l&#039;Arcisate-Stabio? Una serata con i cittadini<\/title>\n<meta name=\"description\" content=\"Venerd\u00ec 7 ottobre in Sala Bergamaschi l&#039;Amministrazione comunale illustrer\u00e0 lo stato di avanzamento dei lavori e i progetti accessori per il tratto indunese della nuova linea\" \/>\n<meta name=\"robots\" content=\"noindex, follow, max-snippet:-1, max-image-preview:large, max-video-preview:-1\" \/>\n<meta property=\"og:locale\" content=\"it_IT\" \/>\n<meta property=\"og:type\" content=\"article\" \/>\n<meta property=\"og:title\" content=\"A che punto \u00e8 l&#039;Arcisate-Stabio? Una serata con i cittadini\" \/>\n<meta property=\"og:description\" content=\"Venerd\u00ec 7 ottobre in Sala Bergamaschi l&#039;Amministrazione comunale illustrer\u00e0 lo stato di avanzamento dei lavori e i progetti accessori per il tratto indunese della nuova linea\" \/>\n<meta property=\"og:url\" content=\"https:\/\/staging.varesenews.it\/2016\/10\/a-che-punto-e-larcisate-stabio-una-serata-con-i-cittadini\/555765\/\" \/>\n<meta property=\"og:site_name\" content=\"VareseNews\" \/>\n<meta property=\"article:publisher\" content=\"https:\/\/www.facebook.com\/varesenews\" \/>\n<meta property=\"article:published_time\" content=\"2016-10-01T09:14:30+00:00\" \/>\n<meta name=\"author\" content=\"Redazione VareseNews\" \/>\n<meta name=\"twitter:card\" content=\"summary_large_image\" \/>\n<meta name=\"twitter:creator\" content=\"@varesenews\" \/>\n<meta name=\"twitter:site\" content=\"@varesenews\" \/>\n<meta name=\"twitter:label1\" content=\"Scritto da\" \/>\n\t<meta name=\"twitter:data1\" content=\"Redazione VareseNews\" \/>\n\t<meta name=\"twitter:label2\" content=\"Tempo di lettura stimato\" \/>\n\t<meta name=\"twitter:data2\" content=\"1 minuto\" \/>\n<script type=\"application\/ld+json\" class=\"yoast-schema-graph\">{\"@context\":\"https:\/\/schema.org\",\"@graph\":[{\"@type\":\"WebPage\",\"@id\":\"https:\/\/staging.varesenews.it\/2016\/10\/a-che-punto-e-larcisate-stabio-una-serata-con-i-cittadini\/555765\/\",\"url\":\"https:\/\/staging.varesenews.it\/2016\/10\/a-che-punto-e-larcisate-stabio-una-serata-con-i-cittadini\/555765\/\",\"name\":\"A che punto \u00e8 l'Arcisate-Stabio? Una serata con i cittadini\",\"isPartOf\":{\"@id\":\"https:\/\/staging.varesenews.it\/#website\"},\"datePublished\":\"2016-10-01T09:14:30+00:00\",\"dateModified\":\"2016-10-01T09:14:30+00:00\",\"author\":{\"@id\":\"https:\/\/staging.varesenews.it\/#\/schema\/person\/fb20c4da0b7b16c291707a20db73e169\"},\"description\":\"Venerd\u00ec 7 ottobre in Sala Bergamaschi l'Amministrazione comunale illustrer\u00e0 lo stato di avanzamento dei lavori e i progetti accessori per il tratto indunese della nuova linea\",\"breadcrumb\":{\"@id\":\"https:\/\/staging.varesenews.it\/2016\/10\/a-che-punto-e-larcisate-stabio-una-serata-con-i-cittadini\/555765\/#breadcrumb\"},\"inLanguage\":\"it-IT\",\"potentialAction\":[{\"@type\":\"ReadAction\",\"target\":[\"https:\/\/staging.varesenews.it\/2016\/10\/a-che-punto-e-larcisate-stabio-una-serata-con-i-cittadini\/555765\/\"]}]},{\"@type\":\"BreadcrumbList\",\"@id\":\"https:\/\/staging.varesenews.it\/2016\/10\/a-che-punto-e-larcisate-stabio-una-serata-con-i-cittadini\/555765\/#breadcrumb\",\"itemListElement\":[{\"@type\":\"ListItem\",\"position\":1,\"name\":\"Home\",\"item\":\"https:\/\/www.varesenews.it\/\"},{\"@type\":\"ListItem\",\"position\":2,\"name\":\"A che punto \u00e8 l&#8217;Arcisate-Stabio? Una serata con i cittadini\"}]},{\"@type\":\"WebSite\",\"@id\":\"https:\/\/staging.varesenews.it\/#website\",\"url\":\"https:\/\/staging.varesenews.it\/\",\"name\":\"VareseNews\",\"description\":\"\",\"potentialAction\":[{\"@type\":\"SearchAction\",\"target\":{\"@type\":\"EntryPoint\",\"urlTemplate\":\"https:\/\/staging.varesenews.it\/?s={search_term_string}\"},\"query-input\":\"required name=search_term_string\"}],\"inLanguage\":\"it-IT\"},{\"@type\":\"Person\",\"@id\":\"https:\/\/staging.varesenews.it\/#\/schema\/person\/fb20c4da0b7b16c291707a20db73e169\",\"name\":\"Redazione VareseNews\",\"image\":{\"@type\":\"ImageObject\",\"inLanguage\":\"it-IT\",\"@id\":\"https:\/\/staging.varesenews.it\/#\/schema\/person\/image\/\",\"url\":\"https:\/\/staging.varesenews.it\/wp-content\/uploads\/2020\/12\/logo_VN_colori_500.png\",\"contentUrl\":\"https:\/\/staging.varesenews.it\/wp-content\/uploads\/2020\/12\/logo_VN_colori_500.png\",\"caption\":\"Redazione VareseNews\"},\"url\":\"https:\/\/staging.varesenews.it\/persona\/redazione1\/\"}]}<\/script>\n<!-- \/ Yoast SEO plugin. -->","yoast_head_json":{"title":"A che punto \u00e8 l'Arcisate-Stabio? Una serata con i cittadini","description":"Venerd\u00ec 7 ottobre in Sala Bergamaschi l'Amministrazione comunale illustrer\u00e0 lo stato di avanzamento dei lavori e i progetti accessori per il tratto indunese della nuova linea","robots":{"index":"noindex","follow":"follow","max-snippet":"max-snippet:-1","max-image-preview":"max-image-preview:large","max-video-preview":"max-video-preview:-1"},"og_locale":"it_IT","og_type":"article","og_title":"A che punto \u00e8 l'Arcisate-Stabio? Una serata con i cittadini","og_description":"Venerd\u00ec 7 ottobre in Sala Bergamaschi l'Amministrazione comunale illustrer\u00e0 lo stato di avanzamento dei lavori e i progetti accessori per il tratto indunese della nuova linea","og_url":"https:\/\/staging.varesenews.it\/2016\/10\/a-che-punto-e-larcisate-stabio-una-serata-con-i-cittadini\/555765\/","og_site_name":"VareseNews","article_publisher":"https:\/\/www.facebook.com\/varesenews","article_published_time":"2016-10-01T09:14:30+00:00","author":"Redazione VareseNews","twitter_card":"summary_large_image","twitter_creator":"@varesenews","twitter_site":"@varesenews","twitter_misc":{"Scritto da":"Redazione VareseNews","Tempo di lettura stimato":"1 minuto"},"schema":{"@context":"https:\/\/schema.org","@graph":[{"@type":"WebPage","@id":"https:\/\/staging.varesenews.it\/2016\/10\/a-che-punto-e-larcisate-stabio-una-serata-con-i-cittadini\/555765\/","url":"https:\/\/staging.varesenews.it\/2016\/10\/a-che-punto-e-larcisate-stabio-una-serata-con-i-cittadini\/555765\/","name":"A che punto \u00e8 l'Arcisate-Stabio? Una serata con i cittadini","isPartOf":{"@id":"https:\/\/staging.varesenews.it\/#website"},"datePublished":"2016-10-01T09:14:30+00:00","dateModified":"2016-10-01T09:14:30+00:00","author":{"@id":"https:\/\/staging.varesenews.it\/#\/schema\/person\/fb20c4da0b7b16c291707a20db73e169"},"description":"Venerd\u00ec 7 ottobre in Sala Bergamaschi l'Amministrazione comunale illustrer\u00e0 lo stato di avanzamento dei lavori e i progetti accessori per il tratto indunese della nuova linea","breadcrumb":{"@id":"https:\/\/staging.varesenews.it\/2016\/10\/a-che-punto-e-larcisate-stabio-una-serata-con-i-cittadini\/555765\/#breadcrumb"},"inLanguage":"it-IT","potentialAction":[{"@type":"ReadAction","target":["https:\/\/staging.varesenews.it\/2016\/10\/a-che-punto-e-larcisate-stabio-una-serata-con-i-cittadini\/555765\/"]}]},{"@type":"BreadcrumbList","@id":"https:\/\/staging.varesenews.it\/2016\/10\/a-che-punto-e-larcisate-stabio-una-serata-con-i-cittadini\/555765\/#breadcrumb","itemListElement":[{"@type":"ListItem","position":1,"name":"Home","item":"https:\/\/www.varesenews.it\/"},{"@type":"ListItem","position":2,"name":"A che punto \u00e8 l&#8217;Arcisate-Stabio? Una serata con i cittadini"}]},{"@type":"WebSite","@id":"https:\/\/staging.varesenews.it\/#website","url":"https:\/\/staging.varesenews.it\/","name":"VareseNews","description":"","potentialAction":[{"@type":"SearchAction","target":{"@type":"EntryPoint","urlTemplate":"https:\/\/staging.varesenews.it\/?s={search_term_string}"},"query-input":"required name=search_term_string"}],"inLanguage":"it-IT"},{"@type":"Person","@id":"https:\/\/staging.varesenews.it\/#\/schema\/person\/fb20c4da0b7b16c291707a20db73e169","name":"Redazione VareseNews","image":{"@type":"ImageObject","inLanguage":"it-IT","@id":"https:\/\/staging.varesenews.it\/#\/schema\/person\/image\/","url":"https:\/\/staging.varesenews.it\/wp-content\/uploads\/2020\/12\/logo_VN_colori_500.png","contentUrl":"https:\/\/staging.varesenews.it\/wp-content\/uploads\/2020\/12\/logo_VN_colori_500.png","caption":"Redazione VareseNews"},"url":"https:\/\/staging.varesenews.it\/persona\/redazione1\/"}]}},"post_meta":{"_edit_lock":"1475313304:44","_edit_last":"44","_category_permalink":"","wdfb_og_title":"","wdfb_og_type":"","wdfb_og_description":"","wdfb_og_images":"a:1:{i:0;s:0:\"\";}","wdfb_og_custom_name":"a:1:{i:0;s:0:\"\";}","wdfb_og_custom_value":"a:1:{i:0;s:0:\"\";}","foto":"530953","firma-personalizzata":"Ma.Ge.","argomento":"Induno Olona","_yoast_wpseo_focuskw":"arcisate-stabio","_yoast_wpseo_metadesc":"Venerd\u00ec 7 ottobre in Sala Bergamaschi l'Amministrazione comunale illustrer\u00e0 lo stato di avanzamento dei lavori e i progetti accessori per il tratto indunese della nuova linea","_jd_twitter":"","_jd_tweet_this":"yes","ratings_users":"0","ratings_score":"0","ratings_average":"0","_wpt_short_url":"http:\/\/www.varesenews.it\/2016\/10\/a-che-punto-e-larcisate-stabio-una-serata-con-i-cittadini\/555765\/","_wp_jd_target":"http:\/\/www.varesenews.it\/2016\/10\/a-che-punto-e-larcisate-stabio-una-serata-con-i-cittadini\/555765\/","_jd_wp_twitter":"a:1:{i:0;s:171:\"A che punto \u00e8 l'Arcisate-Stabio? Una serata con i cittadini http:\/\/www.varesenews.it\/2016\/10\/a-che-punto-e-larcisate-stabio-una-serata-con-i-cittadini\/555765\/ #valceresio\";}","_wpt_status_message":"Tweet inviato con successo.","_yoast_wpseo_linkdex":"55"},"photos":[{"original":"https:\/\/staging.varesenews.it\/photogallery_new\/images\/2016\/04\/induno-olona-galleria-arcisate-stabio-530953.jpg","full":"https:\/\/staging.varesenews.it\/photogallery_new\/images\/2016\/04\/induno-olona-galleria-arcisate-stabio-530953.1024x768.jpg","large":"https:\/\/staging.varesenews.it\/photogallery_new\/images\/2016\/04\/induno-olona-galleria-arcisate-stabio-530953.610x431.jpg"}],"_links":{"self":[{"href":"https:\/\/staging.varesenews.it\/swgapi\/v1\/wp\/v2\/posts\/555765"}],"collection":[{"href":"https:\/\/staging.varesenews.it\/swgapi\/v1\/wp\/v2\/posts"}],"about":[{"href":"https:\/\/staging.varesenews.it\/swgapi\/v1\/wp\/v2\/types\/post"}],"author":[{"embeddable":true,"href":"https:\/\/staging.varesenews.it\/swgapi\/v1\/wp\/v2\/users\/10"}],"replies":[{"embeddable":true,"href":"https:\/\/staging.varesenews.it\/swgapi\/v1\/wp\/v2\/comments?post=555765"}],"version-history":[{"count":0,"href":"https:\/\/staging.varesenews.it\/swgapi\/v1\/wp\/v2\/posts\/555765\/revisions"}],"wp:attachment":[{"href":"https:\/\/staging.varesenews.it\/swgapi\/v1\/wp\/v2\/media?parent=555765"}],"wp:term":[{"taxonomy":"category","embeddable":true,"href":"https:\/\/staging.varesenews.it\/swgapi\/v1\/wp\/v2\/categories?post=555765"},{"taxonomy":"post_tag","embeddable":true,"href":"https:\/\/staging.varesenews.it\/swgapi\/v1\/wp\/v2\/tags?post=555765"}],"curies":[{"name":"wp","href":"https:\/\/api.w.org\/{rel}","templated":true}]}}