{"id":556390,"date":"2016-10-04T12:11:53","date_gmt":"2016-10-04T10:11:53","guid":{"rendered":"http:\/\/www.varesenews.it\/?p=556390"},"modified":"2016-10-04T12:29:17","modified_gmt":"2016-10-04T10:29:17","slug":"papa-francesco-ad-amatrice-prego-per-voi","status":"publish","type":"post","link":"https:\/\/staging.varesenews.it\/2016\/10\/papa-francesco-ad-amatrice-prego-per-voi\/556390\/","title":{"rendered":"Papa Francesco ad Amatrice: &#8220;Prego per voi&#8221;"},"content":{"rendered":"<p><strong>Papa Francesco \u00e8 arrivato poco dopo le 9\u00a0ad Amatrice, la citt\u00e0 pi\u00f9 colpita dal terremoto del 24 agosto<\/strong>. Ha raggiunto la citt\u00e0 a bordo di una Golf con i vetri oscurati ed \u00e8 entrato nella scuola provvisoria realizzata dalla Protezione civile del Trentino per incontrare alunni e insegnanti. Il Papa \u00e8 accompagnato\u00a0dal vescovo di Rieti Domenico Pompili.<\/p>\n<p>\u00abHo pensato bene nei primi giorni di questi tanti dolori che la mia visita, forse, era pi\u00f9 un ingombro che un aiuto, che un saluto, e non volevo dare fastidio e per questo ho lasciato passare un pochettino di tempo affinch\u00e9 si sistemassero alcune cose, come la scuola. <strong>Ma dal primo momento ho sentito che dovevo venire da voi<\/strong>\u00bb, ha detto Papa Francesco parlando con i\u00a0terremotati.<\/p>\n<p>Il pontefice\u00a0ha poi precisato che la sua visita, che sta avvenendo in forma privata \u00ab\u00e8 per dirvi che vi sono vicino, niente di pi\u00f9, e che prego, prego per voi. <strong>Vicinanza e preghiera, questa \u00e8 la mia offerta a voi. Che il Signore benedica tutti voi, che la Madonna vi custodisca in questo momento di tristezza e dolore e di prova<\/strong>\u00bb. <img decoding=\"async\" loading=\"lazy\" fetchpriority=\"low\" width=\"610\" height=\"431\" src=\"https:\/\/staging.varesenews.it\/photogallery_new\/images\/2016\/10\/avarie-571175.610x431.jpg\" alt=\"papa francesco\"><\/p>\n<p>Il Papa ha incitato tutti a continuare a sperare:\u00a0\u00abandiamo avanti, sempre c&#8217;\u00e8 un futuro. Ci sono tanti cari che ci hanno lasciato, che sono caduti qui, sotto le macerie. Preghiamo la Madonna per loro, lo facciamo tutti insieme. Guardare sempre avanti. Avanti, coraggio, e aiutarsi gli uni gli altri. Si cammina meglio insieme, da soli non si va. Avanti! Grazie\u00bb.<\/p>\n<p><strong>Francesco ha anche visitato la zona rossa di Amatrice, intrattenendosi con alcuni dei Vigli del Fuoco che sono ancora al lavoro tra le macerie<\/strong>. Nel pomeriggio il Papa dovrebbe visitare anche le altre zone colpite dal sisma<\/p>\n","protected":false},"excerpt":{"rendered":"<p>Papa Francesco in visita a sorpresa nelle zone colpite dal terremoto: &#8220;Andiamo avanti, c&#8217;\u00e8 sempre un futuro. Dal primo momento ho sentito che dovevo venire da voi&#8221;<\/p>\n","protected":false},"author":42,"featured_media":0,"comment_status":"open","ping_status":"open","sticky":false,"template":"","format":"standard","meta":{"footnotes":""},"categories":[9],"tags":[599,5454,63615],"acf":[],"yoast_head":"<!-- This site is optimized with the Yoast SEO plugin v20.1 - https:\/\/yoast.com\/wordpress\/plugins\/seo\/ -->\n<title>Papa Francesco ad Amatrice: &quot;Prego per voi&quot;<\/title>\n<meta name=\"description\" content=\"Papa Francesco in visita a sorpresa nelle zone colpite dal terremoto: &quot;Andiamo avanti, c&#039;\u00e8 sempre un futuro. Dal primo momento ho sentito che dovevo venire da voi&quot;\" \/>\n<meta name=\"robots\" content=\"noindex, follow, max-snippet:-1, max-image-preview:large, max-video-preview:-1\" \/>\n<meta property=\"og:locale\" content=\"it_IT\" \/>\n<meta property=\"og:type\" content=\"article\" \/>\n<meta property=\"og:title\" content=\"Papa Francesco ad Amatrice: &quot;Prego per voi&quot;\" \/>\n<meta property=\"og:description\" content=\"Papa Francesco in visita a sorpresa nelle zone colpite dal terremoto: &quot;Andiamo avanti, c&#039;\u00e8 sempre un futuro. Dal primo momento ho sentito che dovevo venire da voi&quot;\" \/>\n<meta property=\"og:url\" content=\"https:\/\/staging.varesenews.it\/2016\/10\/papa-francesco-ad-amatrice-prego-per-voi\/556390\/\" \/>\n<meta property=\"og:site_name\" content=\"VareseNews\" \/>\n<meta property=\"article:publisher\" content=\"https:\/\/www.facebook.com\/varesenews\" \/>\n<meta property=\"article:published_time\" content=\"2016-10-04T10:11:53+00:00\" \/>\n<meta property=\"article:modified_time\" content=\"2016-10-04T10:29:17+00:00\" \/>\n<meta name=\"author\" content=\"Marco Corso\" \/>\n<meta name=\"twitter:card\" content=\"summary_large_image\" \/>\n<meta name=\"twitter:creator\" content=\"@varesenews\" \/>\n<meta name=\"twitter:site\" content=\"@varesenews\" \/>\n<meta name=\"twitter:label1\" content=\"Scritto da\" \/>\n\t<meta name=\"twitter:data1\" content=\"Marco Corso\" \/>\n\t<meta name=\"twitter:label2\" content=\"Tempo di lettura stimato\" \/>\n\t<meta name=\"twitter:data2\" content=\"1 minuto\" \/>\n<script type=\"application\/ld+json\" class=\"yoast-schema-graph\">{\"@context\":\"https:\/\/schema.org\",\"@graph\":[{\"@type\":\"WebPage\",\"@id\":\"https:\/\/staging.varesenews.it\/2016\/10\/papa-francesco-ad-amatrice-prego-per-voi\/556390\/\",\"url\":\"https:\/\/staging.varesenews.it\/2016\/10\/papa-francesco-ad-amatrice-prego-per-voi\/556390\/\",\"name\":\"Papa Francesco ad Amatrice: \\\"Prego per voi\\\"\",\"isPartOf\":{\"@id\":\"https:\/\/staging.varesenews.it\/#website\"},\"datePublished\":\"2016-10-04T10:11:53+00:00\",\"dateModified\":\"2016-10-04T10:29:17+00:00\",\"author\":{\"@id\":\"https:\/\/staging.varesenews.it\/#\/schema\/person\/f0b866bf1a4a7b2b1558574309a927fa\"},\"description\":\"Papa Francesco in visita a sorpresa nelle zone colpite dal terremoto: \\\"Andiamo avanti, c'\u00e8 sempre un futuro. Dal primo momento ho sentito che dovevo venire da voi\\\"\",\"breadcrumb\":{\"@id\":\"https:\/\/staging.varesenews.it\/2016\/10\/papa-francesco-ad-amatrice-prego-per-voi\/556390\/#breadcrumb\"},\"inLanguage\":\"it-IT\",\"potentialAction\":[{\"@type\":\"ReadAction\",\"target\":[\"https:\/\/staging.varesenews.it\/2016\/10\/papa-francesco-ad-amatrice-prego-per-voi\/556390\/\"]}]},{\"@type\":\"BreadcrumbList\",\"@id\":\"https:\/\/staging.varesenews.it\/2016\/10\/papa-francesco-ad-amatrice-prego-per-voi\/556390\/#breadcrumb\",\"itemListElement\":[{\"@type\":\"ListItem\",\"position\":1,\"name\":\"Home\",\"item\":\"https:\/\/www.varesenews.it\/\"},{\"@type\":\"ListItem\",\"position\":2,\"name\":\"Papa Francesco ad Amatrice: &#8220;Prego per voi&#8221;\"}]},{\"@type\":\"WebSite\",\"@id\":\"https:\/\/staging.varesenews.it\/#website\",\"url\":\"https:\/\/staging.varesenews.it\/\",\"name\":\"VareseNews\",\"description\":\"\",\"potentialAction\":[{\"@type\":\"SearchAction\",\"target\":{\"@type\":\"EntryPoint\",\"urlTemplate\":\"https:\/\/staging.varesenews.it\/?s={search_term_string}\"},\"query-input\":\"required name=search_term_string\"}],\"inLanguage\":\"it-IT\"},{\"@type\":\"Person\",\"@id\":\"https:\/\/staging.varesenews.it\/#\/schema\/person\/f0b866bf1a4a7b2b1558574309a927fa\",\"name\":\"Marco Corso\",\"image\":{\"@type\":\"ImageObject\",\"inLanguage\":\"it-IT\",\"@id\":\"https:\/\/staging.varesenews.it\/#\/schema\/person\/image\/\",\"url\":\"https:\/\/staging.varesenews.it\/wp-content\/uploads\/2020\/12\/marco_corso_colori_500.jpg\",\"contentUrl\":\"https:\/\/staging.varesenews.it\/wp-content\/uploads\/2020\/12\/marco_corso_colori_500.jpg\",\"caption\":\"Marco Corso\"},\"description\":\"Classe 91, per diversi anni mi sono fregiato del titolo di pi&ugrave; giovane della redazione, ma adesso faccio il fratello maggiore alle nuove leve. Mi sono laureato nel 2013 in Scienze Sociali per la Globalizzazione alla Statale di Milano e nel 2015 mi sono diplomato in videogiornalismo alla Civica Scuola di Cinema di Milano. A VareseNews da 10 anni, ho seguito da sempre diversi progetti, partendo dalla mia Busto Arsizio per attraversare tutta la provincia. Adesso la \\\"sorvolo\\\" anche con il mio drone, regalando alle mie riprese sempre un punto di vista emozionale e narrativo sui luoghi e le vicende che racconto, ma rimanendo fedele alla cronaca. Quando non faccio il giornalista viaggio o mi arrampico sui monti, per guardare il mondo da altri punti di vista.\",\"sameAs\":[\"mar_corso\"],\"url\":\"https:\/\/staging.varesenews.it\/persona\/marco-corso1\/\"}]}<\/script>\n<!-- \/ Yoast SEO plugin. -->","yoast_head_json":{"title":"Papa Francesco ad Amatrice: \"Prego per voi\"","description":"Papa Francesco in visita a sorpresa nelle zone colpite dal terremoto: \"Andiamo avanti, c'\u00e8 sempre un futuro. Dal primo momento ho sentito che dovevo venire da voi\"","robots":{"index":"noindex","follow":"follow","max-snippet":"max-snippet:-1","max-image-preview":"max-image-preview:large","max-video-preview":"max-video-preview:-1"},"og_locale":"it_IT","og_type":"article","og_title":"Papa Francesco ad Amatrice: \"Prego per voi\"","og_description":"Papa Francesco in visita a sorpresa nelle zone colpite dal terremoto: \"Andiamo avanti, c'\u00e8 sempre un futuro. Dal primo momento ho sentito che dovevo venire da voi\"","og_url":"https:\/\/staging.varesenews.it\/2016\/10\/papa-francesco-ad-amatrice-prego-per-voi\/556390\/","og_site_name":"VareseNews","article_publisher":"https:\/\/www.facebook.com\/varesenews","article_published_time":"2016-10-04T10:11:53+00:00","article_modified_time":"2016-10-04T10:29:17+00:00","author":"Marco Corso","twitter_card":"summary_large_image","twitter_creator":"@varesenews","twitter_site":"@varesenews","twitter_misc":{"Scritto da":"Marco Corso","Tempo di lettura stimato":"1 minuto"},"schema":{"@context":"https:\/\/schema.org","@graph":[{"@type":"WebPage","@id":"https:\/\/staging.varesenews.it\/2016\/10\/papa-francesco-ad-amatrice-prego-per-voi\/556390\/","url":"https:\/\/staging.varesenews.it\/2016\/10\/papa-francesco-ad-amatrice-prego-per-voi\/556390\/","name":"Papa Francesco ad Amatrice: \"Prego per voi\"","isPartOf":{"@id":"https:\/\/staging.varesenews.it\/#website"},"datePublished":"2016-10-04T10:11:53+00:00","dateModified":"2016-10-04T10:29:17+00:00","author":{"@id":"https:\/\/staging.varesenews.it\/#\/schema\/person\/f0b866bf1a4a7b2b1558574309a927fa"},"description":"Papa Francesco in visita a sorpresa nelle zone colpite dal terremoto: \"Andiamo avanti, c'\u00e8 sempre un futuro. Dal primo momento ho sentito che dovevo venire da voi\"","breadcrumb":{"@id":"https:\/\/staging.varesenews.it\/2016\/10\/papa-francesco-ad-amatrice-prego-per-voi\/556390\/#breadcrumb"},"inLanguage":"it-IT","potentialAction":[{"@type":"ReadAction","target":["https:\/\/staging.varesenews.it\/2016\/10\/papa-francesco-ad-amatrice-prego-per-voi\/556390\/"]}]},{"@type":"BreadcrumbList","@id":"https:\/\/staging.varesenews.it\/2016\/10\/papa-francesco-ad-amatrice-prego-per-voi\/556390\/#breadcrumb","itemListElement":[{"@type":"ListItem","position":1,"name":"Home","item":"https:\/\/www.varesenews.it\/"},{"@type":"ListItem","position":2,"name":"Papa Francesco ad Amatrice: &#8220;Prego per voi&#8221;"}]},{"@type":"WebSite","@id":"https:\/\/staging.varesenews.it\/#website","url":"https:\/\/staging.varesenews.it\/","name":"VareseNews","description":"","potentialAction":[{"@type":"SearchAction","target":{"@type":"EntryPoint","urlTemplate":"https:\/\/staging.varesenews.it\/?s={search_term_string}"},"query-input":"required name=search_term_string"}],"inLanguage":"it-IT"},{"@type":"Person","@id":"https:\/\/staging.varesenews.it\/#\/schema\/person\/f0b866bf1a4a7b2b1558574309a927fa","name":"Marco Corso","image":{"@type":"ImageObject","inLanguage":"it-IT","@id":"https:\/\/staging.varesenews.it\/#\/schema\/person\/image\/","url":"https:\/\/staging.varesenews.it\/wp-content\/uploads\/2020\/12\/marco_corso_colori_500.jpg","contentUrl":"https:\/\/staging.varesenews.it\/wp-content\/uploads\/2020\/12\/marco_corso_colori_500.jpg","caption":"Marco Corso"},"description":"Classe 91, per diversi anni mi sono fregiato del titolo di pi&ugrave; giovane della redazione, ma adesso faccio il fratello maggiore alle nuove leve. Mi sono laureato nel 2013 in Scienze Sociali per la Globalizzazione alla Statale di Milano e nel 2015 mi sono diplomato in videogiornalismo alla Civica Scuola di Cinema di Milano. A VareseNews da 10 anni, ho seguito da sempre diversi progetti, partendo dalla mia Busto Arsizio per attraversare tutta la provincia. Adesso la \"sorvolo\" anche con il mio drone, regalando alle mie riprese sempre un punto di vista emozionale e narrativo sui luoghi e le vicende che racconto, ma rimanendo fedele alla cronaca. Quando non faccio il giornalista viaggio o mi arrampico sui monti, per guardare il mondo da altri punti di vista.","sameAs":["mar_corso"],"url":"https:\/\/staging.varesenews.it\/persona\/marco-corso1\/"}]}},"post_meta":{"_edit_lock":"1475585556:42","_edit_last":"42","_category_permalink":"","wdfb_og_title":"","wdfb_og_type":"","wdfb_og_description":"","wdfb_og_images":"a:1:{i:0;s:0:\"\";}","wdfb_og_custom_name":"a:1:{i:0;s:0:\"\";}","wdfb_og_custom_value":"a:1:{i:0;s:0:\"\";}","foto":"571175","firma_come_redazione":"1","argomento":"Terremoto","_jd_twitter":"","_jd_tweet_this":"yes","ratings_users":"0","ratings_score":"0","ratings_average":"0","_wpt_short_url":"http:\/\/www.varesenews.it\/2016\/10\/papa-francesco-ad-amatrice-prego-per-voi\/556390\/","_wp_jd_target":"http:\/\/www.varesenews.it\/2016\/10\/papa-francesco-ad-amatrice-prego-per-voi\/556390\/","_jd_wp_twitter":"a:1:{i:0;s:167:\"Papa Francesco ad Amatrice: \"Prego per voi\" http:\/\/www.varesenews.it\/2016\/10\/papa-francesco-ad-amatrice-prego-per-voi\/556390\/ #papafrancesco #terremoto #terremotorieti\";}","_wpt_status_message":"Tweet inviato con successo.","id_video_vzaar":"8345309","_yoast_wpseo_focuskw":"Amatrice","_yoast_wpseo_linkdex":"65","video":"556428"},"photos":[{"original":"https:\/\/staging.varesenews.it\/photogallery_new\/images\/2016\/10\/avarie-571175.jpg","full":"https:\/\/staging.varesenews.it\/photogallery_new\/images\/2016\/10\/avarie-571175.1024x768.jpg","large":"https:\/\/staging.varesenews.it\/photogallery_new\/images\/2016\/10\/avarie-571175.610x431.jpg"}],"_links":{"self":[{"href":"https:\/\/staging.varesenews.it\/swgapi\/v1\/wp\/v2\/posts\/556390"}],"collection":[{"href":"https:\/\/staging.varesenews.it\/swgapi\/v1\/wp\/v2\/posts"}],"about":[{"href":"https:\/\/staging.varesenews.it\/swgapi\/v1\/wp\/v2\/types\/post"}],"author":[{"embeddable":true,"href":"https:\/\/staging.varesenews.it\/swgapi\/v1\/wp\/v2\/users\/42"}],"replies":[{"embeddable":true,"href":"https:\/\/staging.varesenews.it\/swgapi\/v1\/wp\/v2\/comments?post=556390"}],"version-history":[{"count":0,"href":"https:\/\/staging.varesenews.it\/swgapi\/v1\/wp\/v2\/posts\/556390\/revisions"}],"wp:attachment":[{"href":"https:\/\/staging.varesenews.it\/swgapi\/v1\/wp\/v2\/media?parent=556390"}],"wp:term":[{"taxonomy":"category","embeddable":true,"href":"https:\/\/staging.varesenews.it\/swgapi\/v1\/wp\/v2\/categories?post=556390"},{"taxonomy":"post_tag","embeddable":true,"href":"https:\/\/staging.varesenews.it\/swgapi\/v1\/wp\/v2\/tags?post=556390"}],"curies":[{"name":"wp","href":"https:\/\/api.w.org\/{rel}","templated":true}]}}