{"id":556476,"date":"2016-10-04T14:10:03","date_gmt":"2016-10-04T12:10:03","guid":{"rendered":"http:\/\/www.varesenews.it\/?p=556476"},"modified":"2016-10-04T14:10:03","modified_gmt":"2016-10-04T12:10:03","slug":"cattaneo-lartigianato-lombardo-e-uneccellenza","status":"publish","type":"post","link":"https:\/\/staging.varesenews.it\/2016\/10\/cattaneo-lartigianato-lombardo-e-uneccellenza\/556476\/","title":{"rendered":"Cattaneo: &#8220;L&#8217;artigianato lombardo \u00e8 un&#8217;eccellenza&#8221;"},"content":{"rendered":"<p>\u00abI dati presentati oggi confermano che <strong>l\u2019artigianato lombardo \u00e8 una realt\u00e0 dinamica e di eccellenza<\/strong>, sia in termini di produttivit\u00e0 sia per capacit\u00e0 di innovazione. Sempre pi\u00f9, nell\u2019ottica dei nuovi modi industriali basati su Internet, tali capacit\u00e0 saranno fondamentali per vincere le sfide dell\u2019economia circolare e della sharing economy. Per questo, il Consiglio regionale continuer\u00e0 a sostenere e confrontarsi con Confartigianato, in vista di obiettivi di crescita e di espansione\u00bb. Cos\u00ec il presidente del Consiglio regionale della Lombardia,\u00a0<strong>Raffaele Cattaneo<\/strong>, \u00e8 intervenuto alla\u00a0presentazione\u00a0del<strong>\u00a0Rapporto 2016\u00a0di\u00a0Confartigianato<\/strong> <strong>Imprese Lombardia<\/strong>\u00a0\u201cPer vincere domani\u201d, che si \u00e8 tenuto questa mattina a Palazzo Pirelli.<\/p>\n<p>\u00abL\u2019utilizzo delle tecnologie digitali \u00e8 uno snodo importante per\u00a0 il settore\u00a0\u2013 ha dichiarato Cattaneo \u2013sia per aumentare la produttivit\u00e0 sia per esaltare la creativit\u00e0 dei nostri artigiani, soprattutto dei giovani\u00a0e delle donne\u00bb.<\/p>\n<p>Ricordati i\u00a0due interventi normativi\u00a0varati nell\u2019attuale legislatura regionale a sostegno del settore: la\u00a0legge regionale 11\/2014\u00a0<strong>\u201cImpresa Lombardia: per la libert\u00e0 di impresa, il lavoro e la competitivit\u00e0<\/strong>\u201d e la\u00a0legge regionale 26\/2015\u00a0su <strong>Manifattura 4.0<\/strong>. \u00abIl mese prossimo &#8211;\u00a0\u00a0ha annunciato <strong>Cattaneo<\/strong> &#8211;\u00a0l\u2019assemblea lombarda esaminer\u00e0 un nuovo testo di legge \u201cLombardia \u00e8 Ricerca\u201d che definir\u00e0 le norme per la governance del sistema. Un ulteriore contributo alla crescita per le oltre 45mila imprese artigianali\u00bb.<\/p>\n<p>&nbsp;<\/p>\n<p><strong>(Nella foto: al centro Raffaele\u00a0Cattaneo, a sinistra Eugenio Massetti, presidente di Confartigianato Lombardia, e a destra Francesco Cancellato, direttore Linkiesta)<\/strong><\/p>\n","protected":false},"excerpt":{"rendered":"<p>Presentato a Palazzo Pirelli il Rapporto 2016\u00a0Confartigianato imprese Lombardia. In vista un nuovo testo di legge \u201cLombardia \u00e8 Ricerca\u201d che definir\u00e0 le norme per la governance del sistema<\/p>\n","protected":false},"author":45,"featured_media":0,"comment_status":"open","ping_status":"open","sticky":false,"template":"","format":"standard","meta":{"footnotes":""},"categories":[15,7,16],"tags":[2305,64568],"acf":[],"yoast_head":"<!-- This site is optimized with the Yoast SEO plugin v20.1 - https:\/\/yoast.com\/wordpress\/plugins\/seo\/ -->\n<title>Cattaneo: &quot;L&#039;artigianato lombardo \u00e8 un&#039;eccellenza&quot;<\/title>\n<meta name=\"description\" content=\"Presentato a Palazzo Pirelli il Rapporto 2016\u00a0Confartigianato imprese Lombardia. In vista un nuovo testo di legge \u201cLombardia \u00e8 Ricerca\u201d che definir\u00e0 le norme per la governance del sistema\" \/>\n<meta name=\"robots\" content=\"noindex, follow, max-snippet:-1, max-image-preview:large, max-video-preview:-1\" \/>\n<meta property=\"og:locale\" content=\"it_IT\" \/>\n<meta property=\"og:type\" content=\"article\" \/>\n<meta property=\"og:title\" content=\"Cattaneo: &quot;L&#039;artigianato lombardo \u00e8 un&#039;eccellenza&quot;\" \/>\n<meta property=\"og:description\" content=\"Presentato a Palazzo Pirelli il Rapporto 2016\u00a0Confartigianato imprese Lombardia. In vista un nuovo testo di legge \u201cLombardia \u00e8 Ricerca\u201d che definir\u00e0 le norme per la governance del sistema\" \/>\n<meta property=\"og:url\" content=\"https:\/\/staging.varesenews.it\/2016\/10\/cattaneo-lartigianato-lombardo-e-uneccellenza\/556476\/\" \/>\n<meta property=\"og:site_name\" content=\"VareseNews\" \/>\n<meta property=\"article:publisher\" content=\"https:\/\/www.facebook.com\/varesenews\" \/>\n<meta property=\"article:author\" content=\"https:\/\/www.facebook.com\/michele.mancino.5\" \/>\n<meta property=\"article:published_time\" content=\"2016-10-04T12:10:03+00:00\" \/>\n<meta name=\"author\" content=\"Michele Mancino\" \/>\n<meta name=\"twitter:card\" content=\"summary_large_image\" \/>\n<meta name=\"twitter:creator\" content=\"@micmancio\" \/>\n<meta name=\"twitter:site\" content=\"@varesenews\" \/>\n<meta name=\"twitter:label1\" content=\"Scritto da\" \/>\n\t<meta name=\"twitter:data1\" content=\"Michele Mancino\" \/>\n\t<meta name=\"twitter:label2\" content=\"Tempo di lettura stimato\" \/>\n\t<meta name=\"twitter:data2\" content=\"1 minuto\" \/>\n<script type=\"application\/ld+json\" class=\"yoast-schema-graph\">{\"@context\":\"https:\/\/schema.org\",\"@graph\":[{\"@type\":\"WebPage\",\"@id\":\"https:\/\/staging.varesenews.it\/2016\/10\/cattaneo-lartigianato-lombardo-e-uneccellenza\/556476\/\",\"url\":\"https:\/\/staging.varesenews.it\/2016\/10\/cattaneo-lartigianato-lombardo-e-uneccellenza\/556476\/\",\"name\":\"Cattaneo: \\\"L'artigianato lombardo \u00e8 un'eccellenza\\\"\",\"isPartOf\":{\"@id\":\"https:\/\/staging.varesenews.it\/#website\"},\"datePublished\":\"2016-10-04T12:10:03+00:00\",\"dateModified\":\"2016-10-04T12:10:03+00:00\",\"author\":{\"@id\":\"https:\/\/staging.varesenews.it\/#\/schema\/person\/308b491d3cb680ead199e5ff6c6ce540\"},\"description\":\"Presentato a Palazzo Pirelli il Rapporto 2016\u00a0Confartigianato imprese Lombardia. In vista un nuovo testo di legge \u201cLombardia \u00e8 Ricerca\u201d che definir\u00e0 le norme per la governance del sistema\",\"breadcrumb\":{\"@id\":\"https:\/\/staging.varesenews.it\/2016\/10\/cattaneo-lartigianato-lombardo-e-uneccellenza\/556476\/#breadcrumb\"},\"inLanguage\":\"it-IT\",\"potentialAction\":[{\"@type\":\"ReadAction\",\"target\":[\"https:\/\/staging.varesenews.it\/2016\/10\/cattaneo-lartigianato-lombardo-e-uneccellenza\/556476\/\"]}]},{\"@type\":\"BreadcrumbList\",\"@id\":\"https:\/\/staging.varesenews.it\/2016\/10\/cattaneo-lartigianato-lombardo-e-uneccellenza\/556476\/#breadcrumb\",\"itemListElement\":[{\"@type\":\"ListItem\",\"position\":1,\"name\":\"Home\",\"item\":\"https:\/\/www.varesenews.it\/\"},{\"@type\":\"ListItem\",\"position\":2,\"name\":\"Cattaneo: &#8220;L&#8217;artigianato lombardo \u00e8 un&#8217;eccellenza&#8221;\"}]},{\"@type\":\"WebSite\",\"@id\":\"https:\/\/staging.varesenews.it\/#website\",\"url\":\"https:\/\/staging.varesenews.it\/\",\"name\":\"VareseNews\",\"description\":\"\",\"potentialAction\":[{\"@type\":\"SearchAction\",\"target\":{\"@type\":\"EntryPoint\",\"urlTemplate\":\"https:\/\/staging.varesenews.it\/?s={search_term_string}\"},\"query-input\":\"required name=search_term_string\"}],\"inLanguage\":\"it-IT\"},{\"@type\":\"Person\",\"@id\":\"https:\/\/staging.varesenews.it\/#\/schema\/person\/308b491d3cb680ead199e5ff6c6ce540\",\"name\":\"Michele Mancino\",\"image\":{\"@type\":\"ImageObject\",\"inLanguage\":\"it-IT\",\"@id\":\"https:\/\/staging.varesenews.it\/#\/schema\/person\/image\/\",\"url\":\"https:\/\/staging.varesenews.it\/wp-content\/uploads\/2020\/12\/michele_mancino_colori_500.jpg\",\"contentUrl\":\"https:\/\/staging.varesenews.it\/wp-content\/uploads\/2020\/12\/michele_mancino_colori_500.jpg\",\"caption\":\"Michele Mancino\"},\"description\":\"Sono a VareseNews da prima che nascesse. Ho inserito le prime notizie in una stringa di codice html, la lingua di internet. Aprivo i computer, cambiavo schede di rete e portavo i server dal provider. A met&agrave; degli anni &rsquo;90 il giornalista online doveva saper fare anche questo. Ho vissuto gli anni drammatici della bolla speculativa di Internet e quelli entusiastici della crescita, anni in cui VareseNews era un Davide in mezzo a tanti Golia. Poi sono arrivati i social, le nuove piattaforme e soprattutto gli smartphone, una postazione di lavoro racchiusa in una mano. Una nuova rivoluzione. Insomma, &egrave; stata, ed &egrave; ancora, un&rsquo;avventura entusiasmante perch&eacute; mi insegna giorno dopo giorno che il cambiamento &egrave; l&rsquo;unica certezza di questa fragile esistenza.\",\"sameAs\":[\"https:\/\/www.facebook.com\/michele.mancino.5\",\"micmancio\",\"Aggiorna le impostazioni del tuo profilo pubblicoit.linkedin.com\/pub\/michele-mancino\/28\/b71\/890\/it\",\"https:\/\/twitter.com\/micmancio\"],\"url\":\"https:\/\/staging.varesenews.it\/persona\/michele_mancino\/\"}]}<\/script>\n<!-- \/ Yoast SEO plugin. -->","yoast_head_json":{"title":"Cattaneo: \"L'artigianato lombardo \u00e8 un'eccellenza\"","description":"Presentato a Palazzo Pirelli il Rapporto 2016\u00a0Confartigianato imprese Lombardia. In vista un nuovo testo di legge \u201cLombardia \u00e8 Ricerca\u201d che definir\u00e0 le norme per la governance del sistema","robots":{"index":"noindex","follow":"follow","max-snippet":"max-snippet:-1","max-image-preview":"max-image-preview:large","max-video-preview":"max-video-preview:-1"},"og_locale":"it_IT","og_type":"article","og_title":"Cattaneo: \"L'artigianato lombardo \u00e8 un'eccellenza\"","og_description":"Presentato a Palazzo Pirelli il Rapporto 2016\u00a0Confartigianato imprese Lombardia. In vista un nuovo testo di legge \u201cLombardia \u00e8 Ricerca\u201d che definir\u00e0 le norme per la governance del sistema","og_url":"https:\/\/staging.varesenews.it\/2016\/10\/cattaneo-lartigianato-lombardo-e-uneccellenza\/556476\/","og_site_name":"VareseNews","article_publisher":"https:\/\/www.facebook.com\/varesenews","article_author":"https:\/\/www.facebook.com\/michele.mancino.5","article_published_time":"2016-10-04T12:10:03+00:00","author":"Michele Mancino","twitter_card":"summary_large_image","twitter_creator":"@micmancio","twitter_site":"@varesenews","twitter_misc":{"Scritto da":"Michele Mancino","Tempo di lettura stimato":"1 minuto"},"schema":{"@context":"https:\/\/schema.org","@graph":[{"@type":"WebPage","@id":"https:\/\/staging.varesenews.it\/2016\/10\/cattaneo-lartigianato-lombardo-e-uneccellenza\/556476\/","url":"https:\/\/staging.varesenews.it\/2016\/10\/cattaneo-lartigianato-lombardo-e-uneccellenza\/556476\/","name":"Cattaneo: \"L'artigianato lombardo \u00e8 un'eccellenza\"","isPartOf":{"@id":"https:\/\/staging.varesenews.it\/#website"},"datePublished":"2016-10-04T12:10:03+00:00","dateModified":"2016-10-04T12:10:03+00:00","author":{"@id":"https:\/\/staging.varesenews.it\/#\/schema\/person\/308b491d3cb680ead199e5ff6c6ce540"},"description":"Presentato a Palazzo Pirelli il Rapporto 2016\u00a0Confartigianato imprese Lombardia. In vista un nuovo testo di legge \u201cLombardia \u00e8 Ricerca\u201d che definir\u00e0 le norme per la governance del sistema","breadcrumb":{"@id":"https:\/\/staging.varesenews.it\/2016\/10\/cattaneo-lartigianato-lombardo-e-uneccellenza\/556476\/#breadcrumb"},"inLanguage":"it-IT","potentialAction":[{"@type":"ReadAction","target":["https:\/\/staging.varesenews.it\/2016\/10\/cattaneo-lartigianato-lombardo-e-uneccellenza\/556476\/"]}]},{"@type":"BreadcrumbList","@id":"https:\/\/staging.varesenews.it\/2016\/10\/cattaneo-lartigianato-lombardo-e-uneccellenza\/556476\/#breadcrumb","itemListElement":[{"@type":"ListItem","position":1,"name":"Home","item":"https:\/\/www.varesenews.it\/"},{"@type":"ListItem","position":2,"name":"Cattaneo: &#8220;L&#8217;artigianato lombardo \u00e8 un&#8217;eccellenza&#8221;"}]},{"@type":"WebSite","@id":"https:\/\/staging.varesenews.it\/#website","url":"https:\/\/staging.varesenews.it\/","name":"VareseNews","description":"","potentialAction":[{"@type":"SearchAction","target":{"@type":"EntryPoint","urlTemplate":"https:\/\/staging.varesenews.it\/?s={search_term_string}"},"query-input":"required name=search_term_string"}],"inLanguage":"it-IT"},{"@type":"Person","@id":"https:\/\/staging.varesenews.it\/#\/schema\/person\/308b491d3cb680ead199e5ff6c6ce540","name":"Michele Mancino","image":{"@type":"ImageObject","inLanguage":"it-IT","@id":"https:\/\/staging.varesenews.it\/#\/schema\/person\/image\/","url":"https:\/\/staging.varesenews.it\/wp-content\/uploads\/2020\/12\/michele_mancino_colori_500.jpg","contentUrl":"https:\/\/staging.varesenews.it\/wp-content\/uploads\/2020\/12\/michele_mancino_colori_500.jpg","caption":"Michele Mancino"},"description":"Sono a VareseNews da prima che nascesse. Ho inserito le prime notizie in una stringa di codice html, la lingua di internet. Aprivo i computer, cambiavo schede di rete e portavo i server dal provider. A met&agrave; degli anni &rsquo;90 il giornalista online doveva saper fare anche questo. Ho vissuto gli anni drammatici della bolla speculativa di Internet e quelli entusiastici della crescita, anni in cui VareseNews era un Davide in mezzo a tanti Golia. Poi sono arrivati i social, le nuove piattaforme e soprattutto gli smartphone, una postazione di lavoro racchiusa in una mano. Una nuova rivoluzione. Insomma, &egrave; stata, ed &egrave; ancora, un&rsquo;avventura entusiasmante perch&eacute; mi insegna giorno dopo giorno che il cambiamento &egrave; l&rsquo;unica certezza di questa fragile esistenza.","sameAs":["https:\/\/www.facebook.com\/michele.mancino.5","micmancio","Aggiorna le impostazioni del tuo profilo pubblicoit.linkedin.com\/pub\/michele-mancino\/28\/b71\/890\/it","https:\/\/twitter.com\/micmancio"],"url":"https:\/\/staging.varesenews.it\/persona\/michele_mancino\/"}]}},"post_meta":{"_edit_lock":"1475582869:45","_edit_last":"45","ratings_users":"0","ratings_score":"0","ratings_average":"0","_category_permalink":"","wdfb_og_title":"","wdfb_og_type":"","wdfb_og_description":"","wdfb_og_images":"a:1:{i:0;s:0:\"\";}","wdfb_og_custom_name":"a:1:{i:0;s:0:\"\";}","wdfb_og_custom_value":"a:1:{i:0;s:0:\"\";}","foto":"571192","firma_come_redazione":"1","argomento":"Milano","_jd_twitter":"","_jd_tweet_this":"yes","_wpt_short_url":"http:\/\/www.varesenews.it\/2016\/10\/cattaneo-lartigianato-lombardo-e-uneccellenza\/556476\/","_wp_jd_target":"http:\/\/www.varesenews.it\/2016\/10\/cattaneo-lartigianato-lombardo-e-uneccellenza\/556476\/","_jd_wp_twitter":"a:1:{i:0;s:149:\"Cattaneo: \"L'artigianato lombardo \u00e8 un'eccellenza\" http:\/\/www.varesenews.it\/2016\/10\/cattaneo-lartigianato-lombardo-e-uneccellenza\/556476\/ #artigiani\";}","_wpt_status_message":"Tweet inviato con successo."},"photos":[{"original":"https:\/\/staging.varesenews.it\/photogallery_new\/images\/2016\/10\/raffaele-cattaneo-571192.jpg","full":"https:\/\/staging.varesenews.it\/photogallery_new\/images\/2016\/10\/raffaele-cattaneo-571192.1024x768.jpg","large":"https:\/\/staging.varesenews.it\/photogallery_new\/images\/2016\/10\/raffaele-cattaneo-571192.610x431.jpg"}],"_links":{"self":[{"href":"https:\/\/staging.varesenews.it\/swgapi\/v1\/wp\/v2\/posts\/556476"}],"collection":[{"href":"https:\/\/staging.varesenews.it\/swgapi\/v1\/wp\/v2\/posts"}],"about":[{"href":"https:\/\/staging.varesenews.it\/swgapi\/v1\/wp\/v2\/types\/post"}],"author":[{"embeddable":true,"href":"https:\/\/staging.varesenews.it\/swgapi\/v1\/wp\/v2\/users\/45"}],"replies":[{"embeddable":true,"href":"https:\/\/staging.varesenews.it\/swgapi\/v1\/wp\/v2\/comments?post=556476"}],"version-history":[{"count":0,"href":"https:\/\/staging.varesenews.it\/swgapi\/v1\/wp\/v2\/posts\/556476\/revisions"}],"wp:attachment":[{"href":"https:\/\/staging.varesenews.it\/swgapi\/v1\/wp\/v2\/media?parent=556476"}],"wp:term":[{"taxonomy":"category","embeddable":true,"href":"https:\/\/staging.varesenews.it\/swgapi\/v1\/wp\/v2\/categories?post=556476"},{"taxonomy":"post_tag","embeddable":true,"href":"https:\/\/staging.varesenews.it\/swgapi\/v1\/wp\/v2\/tags?post=556476"}],"curies":[{"name":"wp","href":"https:\/\/api.w.org\/{rel}","templated":true}]}}