{"id":556791,"date":"2016-10-05T12:29:15","date_gmt":"2016-10-05T10:29:15","guid":{"rendered":"http:\/\/www.varesenews.it\/?p=556791"},"modified":"2016-10-05T12:29:15","modified_gmt":"2016-10-05T10:29:15","slug":"comitato-rosa-parks-e-referendum-un-incontro","status":"publish","type":"post","link":"https:\/\/staging.varesenews.it\/2016\/10\/comitato-rosa-parks-e-referendum-un-incontro\/556791\/","title":{"rendered":"Comitato Rosa Parks e Referendum, un incontro"},"content":{"rendered":"<p><strong>Il Comitato Possibile Rosa Parks<\/strong> si riunir\u00e0 in sede gioved\u00ec 6 ottobre per discutere di Referendum Costituzionale.<\/p>\n<p>\u201cChe sia una campagna appassionata e documentata, leggera e rigorosa\u201d ci suggerisce il nostro segretario Giuseppe Civati.<\/p>\n<p>E cos\u00ec sar\u00e0 per noi e per tutti coloro che vorranno partecipare ad informare i cittadini su questa riforma a cui da sempre diciamo NO e alla quale contrapponiamo la nostra proposta alternativa.<\/p>\n<p><strong>\u201cIl NO non \u00e8 il problema, \u00e8 una parte della soluzione\u201d<\/strong><\/p>\n<p>Stiamo organizzando banchetti che faremo tutti i week end da qui al 4 dicembre, data di svolgimento del referendum. Le citt\u00e0 in cui saremo presenti sono Tradate, Cassano Magnago, Gallarate, Saronno, Busto Arsizio e Legnano, oltre che a Varese.<\/p>\n<p>&#8220;<strong>A breve pubblicheremo il calendario dei nostri banchetti<\/strong> ma gi\u00e0 da ora siamo lieti di anticiparvi i prossimi appuntamenti con Andrea Pertici (invito qui sotto) e a met\u00e0 novembre con Giulio Cavalli, noto giornalista, attore e scrittore,oggi membro di POSSIBILE, che ci illustrer\u00e0 le ragioni del NO al Referendum Costituzionale&#8221; spiegano gli organizzatori.<\/p>\n<p>Appuntamento quindi presso il primo piano della &#8221; Casa del Popolo di Cardano al Campo &#8221; (sopra il circolo Quarto Stato) Via Vittorio Veneto 1 &#8211; Cardano al Campo<\/p>\n","protected":false},"excerpt":{"rendered":"<p>Gioved\u00ec 6 ottobre ore 21. Banchetti che faremo tutti i week end da qui al 4 dicembre <\/p>\n","protected":false},"author":34,"featured_media":0,"comment_status":"open","ping_status":"open","sticky":false,"template":"","format":"standard","meta":{"footnotes":""},"categories":[2],"tags":[64602],"acf":[],"yoast_head":"<!-- This site is optimized with the Yoast SEO plugin v20.1 - https:\/\/yoast.com\/wordpress\/plugins\/seo\/ -->\n<title>Comitato Rosa Parks e Referendum, un incontro<\/title>\n<meta name=\"description\" content=\"Gioved\u00ec 6 ottobre ore 21. Banchetti che faremo tutti i week end da qui al 4 dicembre\" \/>\n<meta name=\"robots\" content=\"noindex, follow, max-snippet:-1, max-image-preview:large, max-video-preview:-1\" \/>\n<meta property=\"og:locale\" content=\"it_IT\" \/>\n<meta property=\"og:type\" content=\"article\" \/>\n<meta property=\"og:title\" content=\"Comitato Rosa Parks e Referendum, un incontro\" \/>\n<meta property=\"og:description\" content=\"Gioved\u00ec 6 ottobre ore 21. Banchetti che faremo tutti i week end da qui al 4 dicembre\" \/>\n<meta property=\"og:url\" content=\"https:\/\/staging.varesenews.it\/2016\/10\/comitato-rosa-parks-e-referendum-un-incontro\/556791\/\" \/>\n<meta property=\"og:site_name\" content=\"VareseNews\" \/>\n<meta property=\"article:publisher\" content=\"https:\/\/www.facebook.com\/varesenews\" \/>\n<meta property=\"article:author\" content=\"https:\/\/www.facebook.com\/andrea.camurani?fref=photo\" \/>\n<meta property=\"article:published_time\" content=\"2016-10-05T10:29:15+00:00\" \/>\n<meta name=\"author\" content=\"Andrea Camurani\" \/>\n<meta name=\"twitter:card\" content=\"summary_large_image\" \/>\n<meta name=\"twitter:creator\" content=\"@AndreaCamurani\" \/>\n<meta name=\"twitter:site\" content=\"@varesenews\" \/>\n<meta name=\"twitter:label1\" content=\"Scritto da\" \/>\n\t<meta name=\"twitter:data1\" content=\"Andrea Camurani\" \/>\n\t<meta name=\"twitter:label2\" content=\"Tempo di lettura stimato\" \/>\n\t<meta name=\"twitter:data2\" content=\"1 minuto\" \/>\n<script type=\"application\/ld+json\" class=\"yoast-schema-graph\">{\"@context\":\"https:\/\/schema.org\",\"@graph\":[{\"@type\":\"WebPage\",\"@id\":\"https:\/\/staging.varesenews.it\/2016\/10\/comitato-rosa-parks-e-referendum-un-incontro\/556791\/\",\"url\":\"https:\/\/staging.varesenews.it\/2016\/10\/comitato-rosa-parks-e-referendum-un-incontro\/556791\/\",\"name\":\"Comitato Rosa Parks e Referendum, un incontro\",\"isPartOf\":{\"@id\":\"https:\/\/staging.varesenews.it\/#website\"},\"datePublished\":\"2016-10-05T10:29:15+00:00\",\"dateModified\":\"2016-10-05T10:29:15+00:00\",\"author\":{\"@id\":\"https:\/\/staging.varesenews.it\/#\/schema\/person\/3eb5832c6beae763de8d9596fdbe8c49\"},\"description\":\"Gioved\u00ec 6 ottobre ore 21. Banchetti che faremo tutti i week end da qui al 4 dicembre\",\"breadcrumb\":{\"@id\":\"https:\/\/staging.varesenews.it\/2016\/10\/comitato-rosa-parks-e-referendum-un-incontro\/556791\/#breadcrumb\"},\"inLanguage\":\"it-IT\",\"potentialAction\":[{\"@type\":\"ReadAction\",\"target\":[\"https:\/\/staging.varesenews.it\/2016\/10\/comitato-rosa-parks-e-referendum-un-incontro\/556791\/\"]}]},{\"@type\":\"BreadcrumbList\",\"@id\":\"https:\/\/staging.varesenews.it\/2016\/10\/comitato-rosa-parks-e-referendum-un-incontro\/556791\/#breadcrumb\",\"itemListElement\":[{\"@type\":\"ListItem\",\"position\":1,\"name\":\"Home\",\"item\":\"https:\/\/www.varesenews.it\/\"},{\"@type\":\"ListItem\",\"position\":2,\"name\":\"Comitato Rosa Parks e Referendum, un incontro\"}]},{\"@type\":\"WebSite\",\"@id\":\"https:\/\/staging.varesenews.it\/#website\",\"url\":\"https:\/\/staging.varesenews.it\/\",\"name\":\"VareseNews\",\"description\":\"\",\"potentialAction\":[{\"@type\":\"SearchAction\",\"target\":{\"@type\":\"EntryPoint\",\"urlTemplate\":\"https:\/\/staging.varesenews.it\/?s={search_term_string}\"},\"query-input\":\"required name=search_term_string\"}],\"inLanguage\":\"it-IT\"},{\"@type\":\"Person\",\"@id\":\"https:\/\/staging.varesenews.it\/#\/schema\/person\/3eb5832c6beae763de8d9596fdbe8c49\",\"name\":\"Andrea Camurani\",\"image\":{\"@type\":\"ImageObject\",\"inLanguage\":\"it-IT\",\"@id\":\"https:\/\/staging.varesenews.it\/#\/schema\/person\/image\/\",\"url\":\"https:\/\/staging.varesenews.it\/wp-content\/uploads\/2020\/12\/andrea_camurani_colori_500.jpg\",\"contentUrl\":\"https:\/\/staging.varesenews.it\/wp-content\/uploads\/2020\/12\/andrea_camurani_colori_500.jpg\",\"caption\":\"Andrea Camurani\"},\"description\":\"Sono figlio degli anni Settanta e di Milano, dove ho imparato a riconoscere buoni e cattivi. Laurea in scienze politiche, lavoro a VareseNews dal 2000. Racconto quel che trovo quando incontro chi vuole lasciare al mondo un pezzetto di vita, che si chiama cronaca. &ldquo;...perch&eacute; &egrave; la gente il pi&ugrave; grande spettacolo del mondo. E non si paga il biglietto...&rdquo; (Charles Bukowsky)\",\"sameAs\":[\"https:\/\/www.facebook.com\/andrea.camurani?fref=photo\",\"andreacamurani\",\"https:\/\/www.linkedin.com\/hp\/?dnr=A9a84RfzsLdo9xg4NcGV4dLiMknoc9ms4WM\",\"https:\/\/twitter.com\/AndreaCamurani\"],\"url\":\"https:\/\/staging.varesenews.it\/persona\/andrea_camurani\/\"}]}<\/script>\n<!-- \/ Yoast SEO plugin. -->","yoast_head_json":{"title":"Comitato Rosa Parks e Referendum, un incontro","description":"Gioved\u00ec 6 ottobre ore 21. Banchetti che faremo tutti i week end da qui al 4 dicembre","robots":{"index":"noindex","follow":"follow","max-snippet":"max-snippet:-1","max-image-preview":"max-image-preview:large","max-video-preview":"max-video-preview:-1"},"og_locale":"it_IT","og_type":"article","og_title":"Comitato Rosa Parks e Referendum, un incontro","og_description":"Gioved\u00ec 6 ottobre ore 21. Banchetti che faremo tutti i week end da qui al 4 dicembre","og_url":"https:\/\/staging.varesenews.it\/2016\/10\/comitato-rosa-parks-e-referendum-un-incontro\/556791\/","og_site_name":"VareseNews","article_publisher":"https:\/\/www.facebook.com\/varesenews","article_author":"https:\/\/www.facebook.com\/andrea.camurani?fref=photo","article_published_time":"2016-10-05T10:29:15+00:00","author":"Andrea Camurani","twitter_card":"summary_large_image","twitter_creator":"@AndreaCamurani","twitter_site":"@varesenews","twitter_misc":{"Scritto da":"Andrea Camurani","Tempo di lettura stimato":"1 minuto"},"schema":{"@context":"https:\/\/schema.org","@graph":[{"@type":"WebPage","@id":"https:\/\/staging.varesenews.it\/2016\/10\/comitato-rosa-parks-e-referendum-un-incontro\/556791\/","url":"https:\/\/staging.varesenews.it\/2016\/10\/comitato-rosa-parks-e-referendum-un-incontro\/556791\/","name":"Comitato Rosa Parks e Referendum, un incontro","isPartOf":{"@id":"https:\/\/staging.varesenews.it\/#website"},"datePublished":"2016-10-05T10:29:15+00:00","dateModified":"2016-10-05T10:29:15+00:00","author":{"@id":"https:\/\/staging.varesenews.it\/#\/schema\/person\/3eb5832c6beae763de8d9596fdbe8c49"},"description":"Gioved\u00ec 6 ottobre ore 21. Banchetti che faremo tutti i week end da qui al 4 dicembre","breadcrumb":{"@id":"https:\/\/staging.varesenews.it\/2016\/10\/comitato-rosa-parks-e-referendum-un-incontro\/556791\/#breadcrumb"},"inLanguage":"it-IT","potentialAction":[{"@type":"ReadAction","target":["https:\/\/staging.varesenews.it\/2016\/10\/comitato-rosa-parks-e-referendum-un-incontro\/556791\/"]}]},{"@type":"BreadcrumbList","@id":"https:\/\/staging.varesenews.it\/2016\/10\/comitato-rosa-parks-e-referendum-un-incontro\/556791\/#breadcrumb","itemListElement":[{"@type":"ListItem","position":1,"name":"Home","item":"https:\/\/www.varesenews.it\/"},{"@type":"ListItem","position":2,"name":"Comitato Rosa Parks e Referendum, un incontro"}]},{"@type":"WebSite","@id":"https:\/\/staging.varesenews.it\/#website","url":"https:\/\/staging.varesenews.it\/","name":"VareseNews","description":"","potentialAction":[{"@type":"SearchAction","target":{"@type":"EntryPoint","urlTemplate":"https:\/\/staging.varesenews.it\/?s={search_term_string}"},"query-input":"required name=search_term_string"}],"inLanguage":"it-IT"},{"@type":"Person","@id":"https:\/\/staging.varesenews.it\/#\/schema\/person\/3eb5832c6beae763de8d9596fdbe8c49","name":"Andrea Camurani","image":{"@type":"ImageObject","inLanguage":"it-IT","@id":"https:\/\/staging.varesenews.it\/#\/schema\/person\/image\/","url":"https:\/\/staging.varesenews.it\/wp-content\/uploads\/2020\/12\/andrea_camurani_colori_500.jpg","contentUrl":"https:\/\/staging.varesenews.it\/wp-content\/uploads\/2020\/12\/andrea_camurani_colori_500.jpg","caption":"Andrea Camurani"},"description":"Sono figlio degli anni Settanta e di Milano, dove ho imparato a riconoscere buoni e cattivi. Laurea in scienze politiche, lavoro a VareseNews dal 2000. Racconto quel che trovo quando incontro chi vuole lasciare al mondo un pezzetto di vita, che si chiama cronaca. &ldquo;...perch&eacute; &egrave; la gente il pi&ugrave; grande spettacolo del mondo. E non si paga il biglietto...&rdquo; (Charles Bukowsky)","sameAs":["https:\/\/www.facebook.com\/andrea.camurani?fref=photo","andreacamurani","https:\/\/www.linkedin.com\/hp\/?dnr=A9a84RfzsLdo9xg4NcGV4dLiMknoc9ms4WM","https:\/\/twitter.com\/AndreaCamurani"],"url":"https:\/\/staging.varesenews.it\/persona\/andrea_camurani\/"}]}},"post_meta":{"_edit_lock":"1475669807:34","_edit_last":"34","ratings_users":"0","ratings_score":"0","ratings_average":"0","_category_permalink":"","wdfb_og_title":"","wdfb_og_type":"","wdfb_og_description":"","wdfb_og_images":"a:1:{i:0;s:0:\"\";}","wdfb_og_custom_name":"a:1:{i:0;s:0:\"\";}","wdfb_og_custom_value":"a:1:{i:0;s:0:\"\";}","foto":"571092","firma_come_redazione":"1","argomento":"Varese","_jd_twitter":"","_jd_tweet_this":"yes","_wpt_short_url":"http:\/\/www.varesenews.it\/2016\/10\/comitato-rosa-parks-e-referendum-un-incontro\/556791\/","_wp_jd_target":"http:\/\/www.varesenews.it\/2016\/10\/comitato-rosa-parks-e-referendum-un-incontro\/556791\/","_jd_wp_twitter":"a:1:{i:0;s:132:\"Comitato Rosa Parks e Referendum, un incontro http:\/\/www.varesenews.it\/2016\/10\/comitato-rosa-parks-e-referendum-un-incontro\/556791\/ \";}","_wpt_status_message":"Tweet inviato con successo."},"photos":[{"original":"https:\/\/staging.varesenews.it\/photogallery_new\/images\/2016\/10\/avarie-571092.jpg","full":"https:\/\/staging.varesenews.it\/photogallery_new\/images\/2016\/10\/avarie-571092.1024x768.jpg","large":"https:\/\/staging.varesenews.it\/photogallery_new\/images\/2016\/10\/avarie-571092.610x431.jpg"}],"_links":{"self":[{"href":"https:\/\/staging.varesenews.it\/swgapi\/v1\/wp\/v2\/posts\/556791"}],"collection":[{"href":"https:\/\/staging.varesenews.it\/swgapi\/v1\/wp\/v2\/posts"}],"about":[{"href":"https:\/\/staging.varesenews.it\/swgapi\/v1\/wp\/v2\/types\/post"}],"author":[{"embeddable":true,"href":"https:\/\/staging.varesenews.it\/swgapi\/v1\/wp\/v2\/users\/34"}],"replies":[{"embeddable":true,"href":"https:\/\/staging.varesenews.it\/swgapi\/v1\/wp\/v2\/comments?post=556791"}],"version-history":[{"count":0,"href":"https:\/\/staging.varesenews.it\/swgapi\/v1\/wp\/v2\/posts\/556791\/revisions"}],"wp:attachment":[{"href":"https:\/\/staging.varesenews.it\/swgapi\/v1\/wp\/v2\/media?parent=556791"}],"wp:term":[{"taxonomy":"category","embeddable":true,"href":"https:\/\/staging.varesenews.it\/swgapi\/v1\/wp\/v2\/categories?post=556791"},{"taxonomy":"post_tag","embeddable":true,"href":"https:\/\/staging.varesenews.it\/swgapi\/v1\/wp\/v2\/tags?post=556791"}],"curies":[{"name":"wp","href":"https:\/\/api.w.org\/{rel}","templated":true}]}}