{"id":557061,"date":"2016-10-06T12:37:18","date_gmt":"2016-10-06T10:37:18","guid":{"rendered":"http:\/\/www.varesenews.it\/?p=557061"},"modified":"2016-10-07T11:24:54","modified_gmt":"2016-10-07T09:24:54","slug":"scuola-nel-caos-mille-le-cattedre-ancora-scoperte","status":"publish","type":"post","link":"https:\/\/staging.varesenews.it\/2016\/10\/scuola-nel-caos-mille-le-cattedre-ancora-scoperte\/557061\/","title":{"rendered":"Scuola nel caos: mille le cattedre ancora scoperte"},"content":{"rendered":"<p class=\"p1\"><span class=\"s1\">Stessa scuola, stesse modalit\u00e0. Solo il mese cambia. <strong>Siamo a ottobre<\/strong>, a tre settimane dall\u2019inizio delle lezioni e <strong>la scuola ha ancora bisogno di insegnanti per coprire le sue cattedre vacanti.<\/strong><\/span><\/p>\n<p class=\"p1\"><span class=\"s1\"><strong> Si parla di circa mille cattedre ancora vuote: <\/strong>750 tra medie e superiori e trecento circa nelle primarie ( 70 posti comuni e 213 di sostegno). Il numero somma le cattedre da assegnare tramite l&#8217;Ust e quelle restituite alle scuole.<\/span><\/p>\n<p class=\"p1\"><span class=\"s1\">L\u2019immissione in ruolo non \u00e8 stata sufficiente e occorre pensare ai supplenti annuali. Cos\u00ec<strong> l\u2019Ufficio scolastico di Varese ha inviato le convocazioni per proporre il contratto fino<span class=\"Apple-converted-space\">\u00a0 <\/span>giugno<\/strong>: la tradizionale adunata dei supplenti con un mese di ritardo. Ancora non \u00e8 detto quando potr\u00e0 avvenire la convocazione e la firma del contratto. Il personale dell\u2019Ufficio scolastico sta lottando contro il tempo. Ma <strong>la missione \u00e8 davvero impossibile:<\/strong> il sistema straordinario di mobilit\u00e0 con l\u2019immissione in ruolo ha innescato<strong> una valanga di ricorsi<\/strong> al giudice del lavoro o al Tar che hanno sommerso gli uffici. A Varese si era pensato di mettere <strong>un paletto al 29 settembre scorso<\/strong>: solo le sentenze pervenute entro quella data sarebbero state considerate per stilare le nuove graduatorie.<\/span><\/p>\n<p class=\"p1\"><span class=\"s1\"><strong>Peccato che quei ricorsi siano oltre duecento,\u00a0<\/strong>e ognuno pu\u00f2 contenere anche le posizioni cumulative di pi\u00f9 docenti. Tutti da verificare, tutti da valutare e immettere in graduatoria.\u00a0<strong>Una cascata continua di nomi e titoli.<\/strong><\/span><\/p>\n<p class=\"p1\"><span class=\"s1\"> Cos\u00ec<strong> la prima convocazione<\/strong> per la firma dei contratti, fissata per lo scorso 3 ottobre <strong>\u00e8 saltata<\/strong>. Cos\u00ec <strong>\u00e8 stata rinviata ieri sera, quella prevista per oggi<\/strong> gioved\u00ec 6 ottobre. <strong>Una terza convocazione \u00e8 fissata per sabato 8 ottobre<\/strong>, sempre che si riesca nella titanica impresa di mettere a posto le graduatorie: \u00ab Il personale sta lavorando da mesi sacrificando anche i sabati e le domeniche &#8211; assicura <strong>Claudio Merletti dirigente dell\u2019UST di Varese<\/strong> &#8211; Eravamo impreparati, per\u00f2, a gestire una situazione eccezionale come questa. <strong>Non era prevedibile<\/strong>: questo \u00e8 un anno straordinario per le immissioni in ruolo e nessuno poteva preventivare i ricorsi. \u00c8 un impegno che va ben oltre le nostre capacit\u00e0\u00bb.<\/span><\/p>\n<p class=\"p1\"><span class=\"s1\"><strong>Critico il sindacato<\/strong>: \u00ab Avevamo avvertito del pericolo di questo intasamento &#8211; commenta <strong>Enzo Iannello della Cisl Scuola<\/strong> &#8211; probabilmente, per\u00f2, il Ministero ha imposto una determinata organizzazione che sta causando questi intoppi. La situazione \u00e8 molto critica: fino a oggi, il numero di personale in ruolo \u00e8 pari a quello che rimase dopo i tagli del Governo Monti. Nonostante l\u2019ondata di assunzione, l\u2019organico \u00e8 insufficiente a gestire la macchina della scuola, soprattutto della primaria\u00bb. <\/span><\/p>\n<p class=\"p1\"><strong><span class=\"s1\">Sabato 8 ottobre, dunque, terza convocazione. Sperando che sia la volta buona<\/span><\/strong><\/p>\n","protected":false},"excerpt":{"rendered":"<p>\u00c8 saltata per la seconda volta la convocazione per la nomina dei supplenti annuali. In questo anno di mobilit\u00e0 eccezionale si \u00e8 creata una situazione difficile da gestire<\/p>\n","protected":false},"author":33,"featured_media":0,"comment_status":"open","ping_status":"open","sticky":false,"template":"","format":"standard","meta":{"footnotes":""},"categories":[90,2],"tags":[1764,64634,223,27871],"acf":[],"yoast_head":"<!-- This site is optimized with the Yoast SEO plugin v20.1 - https:\/\/yoast.com\/wordpress\/plugins\/seo\/ -->\n<title>Scuola nel caos: mille le cattedre ancora scoperte<\/title>\n<meta name=\"description\" content=\"\u00c8 saltata per la seconda volta la convocazione per la nomina dei supplenti annuali. In questo anno di mobilit\u00e0 eccezionale si \u00e8 creata una situazione difficile da gestire\" \/>\n<meta name=\"robots\" content=\"noindex, follow, max-snippet:-1, max-image-preview:large, max-video-preview:-1\" \/>\n<meta property=\"og:locale\" content=\"it_IT\" \/>\n<meta property=\"og:type\" content=\"article\" \/>\n<meta property=\"og:title\" content=\"Scuola nel caos: mille le cattedre ancora scoperte\" \/>\n<meta property=\"og:description\" content=\"\u00c8 saltata per la seconda volta la convocazione per la nomina dei supplenti annuali. In questo anno di mobilit\u00e0 eccezionale si \u00e8 creata una situazione difficile da gestire\" \/>\n<meta property=\"og:url\" content=\"https:\/\/staging.varesenews.it\/2016\/10\/scuola-nel-caos-mille-le-cattedre-ancora-scoperte\/557061\/\" \/>\n<meta property=\"og:site_name\" content=\"VareseNews\" \/>\n<meta property=\"article:publisher\" content=\"https:\/\/www.facebook.com\/varesenews\" \/>\n<meta property=\"article:author\" content=\"alessandra.toni7\" \/>\n<meta property=\"article:published_time\" content=\"2016-10-06T10:37:18+00:00\" \/>\n<meta property=\"article:modified_time\" content=\"2016-10-07T09:24:54+00:00\" \/>\n<meta name=\"author\" content=\"Alessandra Toni\" \/>\n<meta name=\"twitter:card\" content=\"summary_large_image\" \/>\n<meta name=\"twitter:creator\" content=\"@alessandra_toni\" \/>\n<meta name=\"twitter:site\" content=\"@varesenews\" \/>\n<meta name=\"twitter:label1\" content=\"Scritto da\" \/>\n\t<meta name=\"twitter:data1\" content=\"Alessandra Toni\" \/>\n\t<meta name=\"twitter:label2\" content=\"Tempo di lettura stimato\" \/>\n\t<meta name=\"twitter:data2\" content=\"2 minuti\" \/>\n<script type=\"application\/ld+json\" class=\"yoast-schema-graph\">{\"@context\":\"https:\/\/schema.org\",\"@graph\":[{\"@type\":\"WebPage\",\"@id\":\"https:\/\/staging.varesenews.it\/2016\/10\/scuola-nel-caos-mille-le-cattedre-ancora-scoperte\/557061\/\",\"url\":\"https:\/\/staging.varesenews.it\/2016\/10\/scuola-nel-caos-mille-le-cattedre-ancora-scoperte\/557061\/\",\"name\":\"Scuola nel caos: mille le cattedre ancora scoperte\",\"isPartOf\":{\"@id\":\"https:\/\/staging.varesenews.it\/#website\"},\"datePublished\":\"2016-10-06T10:37:18+00:00\",\"dateModified\":\"2016-10-07T09:24:54+00:00\",\"author\":{\"@id\":\"https:\/\/staging.varesenews.it\/#\/schema\/person\/2643ce123d4a3c9511e015dc548779b8\"},\"description\":\"\u00c8 saltata per la seconda volta la convocazione per la nomina dei supplenti annuali. In questo anno di mobilit\u00e0 eccezionale si \u00e8 creata una situazione difficile da gestire\",\"breadcrumb\":{\"@id\":\"https:\/\/staging.varesenews.it\/2016\/10\/scuola-nel-caos-mille-le-cattedre-ancora-scoperte\/557061\/#breadcrumb\"},\"inLanguage\":\"it-IT\",\"potentialAction\":[{\"@type\":\"ReadAction\",\"target\":[\"https:\/\/staging.varesenews.it\/2016\/10\/scuola-nel-caos-mille-le-cattedre-ancora-scoperte\/557061\/\"]}]},{\"@type\":\"BreadcrumbList\",\"@id\":\"https:\/\/staging.varesenews.it\/2016\/10\/scuola-nel-caos-mille-le-cattedre-ancora-scoperte\/557061\/#breadcrumb\",\"itemListElement\":[{\"@type\":\"ListItem\",\"position\":1,\"name\":\"Home\",\"item\":\"https:\/\/www.varesenews.it\/\"},{\"@type\":\"ListItem\",\"position\":2,\"name\":\"Scuola nel caos: mille le cattedre ancora scoperte\"}]},{\"@type\":\"WebSite\",\"@id\":\"https:\/\/staging.varesenews.it\/#website\",\"url\":\"https:\/\/staging.varesenews.it\/\",\"name\":\"VareseNews\",\"description\":\"\",\"potentialAction\":[{\"@type\":\"SearchAction\",\"target\":{\"@type\":\"EntryPoint\",\"urlTemplate\":\"https:\/\/staging.varesenews.it\/?s={search_term_string}\"},\"query-input\":\"required name=search_term_string\"}],\"inLanguage\":\"it-IT\"},{\"@type\":\"Person\",\"@id\":\"https:\/\/staging.varesenews.it\/#\/schema\/person\/2643ce123d4a3c9511e015dc548779b8\",\"name\":\"Alessandra Toni\",\"image\":{\"@type\":\"ImageObject\",\"inLanguage\":\"it-IT\",\"@id\":\"https:\/\/staging.varesenews.it\/#\/schema\/person\/image\/\",\"url\":\"https:\/\/staging.varesenews.it\/wp-content\/uploads\/2020\/12\/alessandra_toni_colori_500.jpg\",\"contentUrl\":\"https:\/\/staging.varesenews.it\/wp-content\/uploads\/2020\/12\/alessandra_toni_colori_500.jpg\",\"caption\":\"Alessandra Toni\"},\"description\":\"Sono entrata nella redazione di VareseNews nel lontano anno 2000. Ero reduce da una bellissima esperienza nella redazione giornalistica della TV Nuova Antennatre, sotto la direzione dell'indimenticabile direttore Adolfo Caldarini. Sono arrivata quando era ancora una piccola realt\u00e0 editoriale e insieme abbiamo fatto un lungo ed entusiasmante lavoro. Mi occupo prevalentemente di scuola e di sanit\u00e0, settori impegnativi di grande valore sociale.\u00a0\",\"sameAs\":[\"alessandra.toni7\",\"alessandra.toni\",\"https:\/\/twitter.com\/alessandra_toni\"],\"url\":\"https:\/\/staging.varesenews.it\/persona\/alessandra_toni1\/\"}]}<\/script>\n<!-- \/ Yoast SEO plugin. -->","yoast_head_json":{"title":"Scuola nel caos: mille le cattedre ancora scoperte","description":"\u00c8 saltata per la seconda volta la convocazione per la nomina dei supplenti annuali. In questo anno di mobilit\u00e0 eccezionale si \u00e8 creata una situazione difficile da gestire","robots":{"index":"noindex","follow":"follow","max-snippet":"max-snippet:-1","max-image-preview":"max-image-preview:large","max-video-preview":"max-video-preview:-1"},"og_locale":"it_IT","og_type":"article","og_title":"Scuola nel caos: mille le cattedre ancora scoperte","og_description":"\u00c8 saltata per la seconda volta la convocazione per la nomina dei supplenti annuali. In questo anno di mobilit\u00e0 eccezionale si \u00e8 creata una situazione difficile da gestire","og_url":"https:\/\/staging.varesenews.it\/2016\/10\/scuola-nel-caos-mille-le-cattedre-ancora-scoperte\/557061\/","og_site_name":"VareseNews","article_publisher":"https:\/\/www.facebook.com\/varesenews","article_author":"alessandra.toni7","article_published_time":"2016-10-06T10:37:18+00:00","article_modified_time":"2016-10-07T09:24:54+00:00","author":"Alessandra Toni","twitter_card":"summary_large_image","twitter_creator":"@alessandra_toni","twitter_site":"@varesenews","twitter_misc":{"Scritto da":"Alessandra Toni","Tempo di lettura stimato":"2 minuti"},"schema":{"@context":"https:\/\/schema.org","@graph":[{"@type":"WebPage","@id":"https:\/\/staging.varesenews.it\/2016\/10\/scuola-nel-caos-mille-le-cattedre-ancora-scoperte\/557061\/","url":"https:\/\/staging.varesenews.it\/2016\/10\/scuola-nel-caos-mille-le-cattedre-ancora-scoperte\/557061\/","name":"Scuola nel caos: mille le cattedre ancora scoperte","isPartOf":{"@id":"https:\/\/staging.varesenews.it\/#website"},"datePublished":"2016-10-06T10:37:18+00:00","dateModified":"2016-10-07T09:24:54+00:00","author":{"@id":"https:\/\/staging.varesenews.it\/#\/schema\/person\/2643ce123d4a3c9511e015dc548779b8"},"description":"\u00c8 saltata per la seconda volta la convocazione per la nomina dei supplenti annuali. In questo anno di mobilit\u00e0 eccezionale si \u00e8 creata una situazione difficile da gestire","breadcrumb":{"@id":"https:\/\/staging.varesenews.it\/2016\/10\/scuola-nel-caos-mille-le-cattedre-ancora-scoperte\/557061\/#breadcrumb"},"inLanguage":"it-IT","potentialAction":[{"@type":"ReadAction","target":["https:\/\/staging.varesenews.it\/2016\/10\/scuola-nel-caos-mille-le-cattedre-ancora-scoperte\/557061\/"]}]},{"@type":"BreadcrumbList","@id":"https:\/\/staging.varesenews.it\/2016\/10\/scuola-nel-caos-mille-le-cattedre-ancora-scoperte\/557061\/#breadcrumb","itemListElement":[{"@type":"ListItem","position":1,"name":"Home","item":"https:\/\/www.varesenews.it\/"},{"@type":"ListItem","position":2,"name":"Scuola nel caos: mille le cattedre ancora scoperte"}]},{"@type":"WebSite","@id":"https:\/\/staging.varesenews.it\/#website","url":"https:\/\/staging.varesenews.it\/","name":"VareseNews","description":"","potentialAction":[{"@type":"SearchAction","target":{"@type":"EntryPoint","urlTemplate":"https:\/\/staging.varesenews.it\/?s={search_term_string}"},"query-input":"required name=search_term_string"}],"inLanguage":"it-IT"},{"@type":"Person","@id":"https:\/\/staging.varesenews.it\/#\/schema\/person\/2643ce123d4a3c9511e015dc548779b8","name":"Alessandra Toni","image":{"@type":"ImageObject","inLanguage":"it-IT","@id":"https:\/\/staging.varesenews.it\/#\/schema\/person\/image\/","url":"https:\/\/staging.varesenews.it\/wp-content\/uploads\/2020\/12\/alessandra_toni_colori_500.jpg","contentUrl":"https:\/\/staging.varesenews.it\/wp-content\/uploads\/2020\/12\/alessandra_toni_colori_500.jpg","caption":"Alessandra Toni"},"description":"Sono entrata nella redazione di VareseNews nel lontano anno 2000. Ero reduce da una bellissima esperienza nella redazione giornalistica della TV Nuova Antennatre, sotto la direzione dell'indimenticabile direttore Adolfo Caldarini. Sono arrivata quando era ancora una piccola realt\u00e0 editoriale e insieme abbiamo fatto un lungo ed entusiasmante lavoro. Mi occupo prevalentemente di scuola e di sanit\u00e0, settori impegnativi di grande valore sociale.\u00a0","sameAs":["alessandra.toni7","alessandra.toni","https:\/\/twitter.com\/alessandra_toni"],"url":"https:\/\/staging.varesenews.it\/persona\/alessandra_toni1\/"}]}},"post_meta":{"_edit_lock":"1475832516:33","_edit_last":"33","_category_permalink":"90","wdfb_og_title":"","wdfb_og_type":"","wdfb_og_description":"","wdfb_og_images":"a:1:{i:0;s:0:\"\";}","wdfb_og_custom_name":"a:1:{i:0;s:0:\"\";}","wdfb_og_custom_value":"a:1:{i:0;s:0:\"\";}","foto":"183086","argomento":"Varese","_jd_twitter":"","_jd_tweet_this":"yes","ratings_users":"0","ratings_score":"0","ratings_average":"0","_wpt_short_url":"http:\/\/www.varesenews.it\/2016\/10\/scuola-nel-caos-mille-le-cattedre-ancora-scoperte\/557061\/","_wp_jd_target":"http:\/\/www.varesenews.it\/2016\/10\/scuola-nel-caos-mille-le-cattedre-ancora-scoperte\/557061\/","_jd_wp_twitter":"a:1:{i:0;s:179:\"Scuola nel caos: mille le cattedre ancora scoperte http:\/\/www.varesenews.it\/2016\/10\/scuola-nel-caos-mille-le-cattedre-ancora-scoperte\/557061\/ #docentiprecari #nominescuola #scuola\";}","_wpt_status_message":"Tweet inviato con successo.","id_leggi_anche":"560564"},"photos":[{"original":"https:\/\/staging.varesenews.it\/photogallery_new\/images\/2014\/08\/stabilizzazioni-scuola-infanzia-primaria-docenti-precari-183086.jpg","full":"https:\/\/staging.varesenews.it\/photogallery_new\/images\/2014\/08\/stabilizzazioni-scuola-infanzia-primaria-docenti-precari-183086.1024x768.jpg","large":"https:\/\/staging.varesenews.it\/photogallery_new\/images\/2014\/08\/stabilizzazioni-scuola-infanzia-primaria-docenti-precari-183086.610x431.jpg"}],"_links":{"self":[{"href":"https:\/\/staging.varesenews.it\/swgapi\/v1\/wp\/v2\/posts\/557061"}],"collection":[{"href":"https:\/\/staging.varesenews.it\/swgapi\/v1\/wp\/v2\/posts"}],"about":[{"href":"https:\/\/staging.varesenews.it\/swgapi\/v1\/wp\/v2\/types\/post"}],"author":[{"embeddable":true,"href":"https:\/\/staging.varesenews.it\/swgapi\/v1\/wp\/v2\/users\/33"}],"replies":[{"embeddable":true,"href":"https:\/\/staging.varesenews.it\/swgapi\/v1\/wp\/v2\/comments?post=557061"}],"version-history":[{"count":0,"href":"https:\/\/staging.varesenews.it\/swgapi\/v1\/wp\/v2\/posts\/557061\/revisions"}],"wp:attachment":[{"href":"https:\/\/staging.varesenews.it\/swgapi\/v1\/wp\/v2\/media?parent=557061"}],"wp:term":[{"taxonomy":"category","embeddable":true,"href":"https:\/\/staging.varesenews.it\/swgapi\/v1\/wp\/v2\/categories?post=557061"},{"taxonomy":"post_tag","embeddable":true,"href":"https:\/\/staging.varesenews.it\/swgapi\/v1\/wp\/v2\/tags?post=557061"}],"curies":[{"name":"wp","href":"https:\/\/api.w.org\/{rel}","templated":true}]}}