{"id":557248,"date":"2016-10-06T16:19:17","date_gmt":"2016-10-06T14:19:17","guid":{"rendered":"http:\/\/www.varesenews.it\/?p=557248"},"modified":"2016-10-06T16:19:17","modified_gmt":"2016-10-06T14:19:17","slug":"la-trasparenza-e-oggettiva-in-aumento-per-quantita-e-qualita","status":"publish","type":"post","link":"https:\/\/staging.varesenews.it\/2016\/10\/la-trasparenza-e-oggettiva-in-aumento-per-quantita-e-qualita\/557248\/","title":{"rendered":"&#8220;La trasparenza \u00e8 oggettiva: in aumento per quantit\u00e0 e qualit\u00e0&#8221;"},"content":{"rendered":"<p><em>Le precisazioni del presidente del consiglio comunale, Raffaele Fagioli, in merito alla critiche ricevute durante l&#8217;ultimo consiglio comunale: <\/em><\/p>\n<p>Durante la seduta di consiglio comunale dello scorso 29 settembre diversi consiglieri comunali di minoranza hanno lamentato carenze di trasparenza da parte dell\u2019amministrazione.<br \/>\nIn qualit\u00e0 di Presidente della Commissione Trasparenza ritengo doverosa precisazione.<br \/>\nPremesso che questa amministrazione sta mantenendo fede all\u2019impegno di garantire maggiore trasparenza negli atti e nelle decisioni intraprese, cito solo alcuni esempi di attivit\u00e0 volte a favorire la trasparenza<strong> che si sono aggiunte a quanto \u00e8 stato ereditato dalla precedente amministrazione.<\/strong><\/p>\n<p>1) settembre 2015 Assegnazione di un indirizzo email per ciascun consigliere al fine di essere pi\u00f9 facilmente contattabile da parte dei cittadini.<br \/>\n2) settembre 2015 Affissione, all\u2019entrata principale del Municipio, di un foglio in formato manifesto con l\u2019elenco dei singoli consiglieri e le rispettive email. Le stesse informazioni sono state pubblicate sul sito istituzionale.<br \/>\n3) novembre 2015 Istituzione della Commissione Mista per la Trasparenza, novit\u00e0 assoluta per Saronno.<br \/>\n4) giugno 2016 Predisposizione e pubblicazione, su apposita pagina del sito istituzionale, dei verbali di seduta per ciascuna commissione; a breve saranno pubblicate anche le lettere di convocazione per preannunciare ai cittadini le successive riunioni.<br \/>\n5) settembre 2016 Organizzazione dell\u2019evento Giornata della Trasparenza per il cittadino che si svolger\u00e0 il prossimo 26\/11 e sar\u00e0 la prima in assoluto \u2013 per Saronno \u2013 di una lunga serie di iniziative ed incontri per promuovere forme di trasparenza e comunicazione verso i cittadini.<\/p>\n<p>Senza voler stilare pagelle di merito o demerito, \u00e8 un dato oggettivo che la partecipazione dei commissari del PD \u00e8 stata del tutto insufficiente cos\u00ec come l\u2019apporto in termini di proposte ed idee. Il consigliere Gilardoni, sempre assente,<strong> si \u00e8 fatto sostituire dal supplente Gervasini che, nominato vice-presidente,<\/strong> si \u00e8 limitato a sottoporre domande senza peraltro arricchire la discussione con proposte diverse o innovative rispetto alle iniziative intraprese dall\u2019amministrazione (cfr. verbale 23\/6\/16 punto 5).<\/p>\n<p>Anche il commissario esterno, nominato dalla minoranza in quota PD<strong>, ha preso parte solo alla prima riunione limitandosi a formulare domande.<\/strong> Diverso l\u2019atteggiamento dei commissari Casali (Tu@Saronno) e Impari\/Vanzulli (M5S) che hanno costantemente partecipato, fornito proposte e lavorato, anche in collaborazione con gli uffici comunali, apportando un contributo al miglioramento dei processi di trasparenza dell\u2019attivit\u00e0 comunale. Attivit\u00e0 che non comprende solo le scelte politiche, ma in larga parte \u00e8 composto da atti amministrativi in applicazione di norme, leggi e regolamenti indipendenti dall\u2019indirizzo politico.<\/p>\n<p><strong> L\u2019attuale amministrazione non ha nulla da imparare,<\/strong> anche in materia di trasparenza, da chi l\u2019ha preceduta e si impegna costantemente nel migliorare le forme ed i processi volti ad una maggiore trasparenza.<\/p>\n","protected":false},"excerpt":{"rendered":"<p>Le precisazioni del presidente del consiglio comunale, Raffaele Fagioli, in merito alla critiche ricevute durante l&#8217;ultimo consiglio comunale<\/p>\n","protected":false},"author":51,"featured_media":0,"comment_status":"open","ping_status":"open","sticky":false,"template":"","format":"standard","meta":{"footnotes":""},"categories":[5],"tags":[10246,13491],"acf":[],"yoast_head":"<!-- This site is optimized with the Yoast SEO plugin v20.1 - https:\/\/yoast.com\/wordpress\/plugins\/seo\/ -->\n<title>&quot;La trasparenza \u00e8 oggettiva: in aumento per quantit\u00e0 e qualit\u00e0&quot;<\/title>\n<meta name=\"description\" content=\"Le precisazioni del presidente del consiglio comunale, Raffaele Fagioli, in merito alla critiche ricevute durante l&#039;ultimo consiglio comunale\" \/>\n<meta name=\"robots\" content=\"noindex, follow, max-snippet:-1, max-image-preview:large, max-video-preview:-1\" \/>\n<meta property=\"og:locale\" content=\"it_IT\" \/>\n<meta property=\"og:type\" content=\"article\" \/>\n<meta property=\"og:title\" content=\"&quot;La trasparenza \u00e8 oggettiva: in aumento per quantit\u00e0 e qualit\u00e0&quot;\" \/>\n<meta property=\"og:description\" content=\"Le precisazioni del presidente del consiglio comunale, Raffaele Fagioli, in merito alla critiche ricevute durante l&#039;ultimo consiglio comunale\" \/>\n<meta property=\"og:url\" content=\"https:\/\/staging.varesenews.it\/2016\/10\/la-trasparenza-e-oggettiva-in-aumento-per-quantita-e-qualita\/557248\/\" \/>\n<meta property=\"og:site_name\" content=\"VareseNews\" \/>\n<meta property=\"article:publisher\" content=\"https:\/\/www.facebook.com\/varesenews\" \/>\n<meta property=\"article:author\" content=\"https:\/\/www.facebook.com\/manuel.sgarella\" \/>\n<meta property=\"article:published_time\" content=\"2016-10-06T14:19:17+00:00\" \/>\n<meta name=\"author\" content=\"Manuel Sgarella\" \/>\n<meta name=\"twitter:card\" content=\"summary_large_image\" \/>\n<meta name=\"twitter:creator\" content=\"@Sgarel\" \/>\n<meta name=\"twitter:site\" content=\"@varesenews\" \/>\n<meta name=\"twitter:label1\" content=\"Scritto da\" \/>\n\t<meta name=\"twitter:data1\" content=\"Manuel Sgarella\" \/>\n\t<meta name=\"twitter:label2\" content=\"Tempo di lettura stimato\" \/>\n\t<meta name=\"twitter:data2\" content=\"2 minuti\" \/>\n<script type=\"application\/ld+json\" class=\"yoast-schema-graph\">{\"@context\":\"https:\/\/schema.org\",\"@graph\":[{\"@type\":\"WebPage\",\"@id\":\"https:\/\/staging.varesenews.it\/2016\/10\/la-trasparenza-e-oggettiva-in-aumento-per-quantita-e-qualita\/557248\/\",\"url\":\"https:\/\/staging.varesenews.it\/2016\/10\/la-trasparenza-e-oggettiva-in-aumento-per-quantita-e-qualita\/557248\/\",\"name\":\"\\\"La trasparenza \u00e8 oggettiva: in aumento per quantit\u00e0 e qualit\u00e0\\\"\",\"isPartOf\":{\"@id\":\"https:\/\/staging.varesenews.it\/#website\"},\"datePublished\":\"2016-10-06T14:19:17+00:00\",\"dateModified\":\"2016-10-06T14:19:17+00:00\",\"author\":{\"@id\":\"https:\/\/staging.varesenews.it\/#\/schema\/person\/1ec987bf360cbcf5fab38b0367dbc9d4\"},\"description\":\"Le precisazioni del presidente del consiglio comunale, Raffaele Fagioli, in merito alla critiche ricevute durante l'ultimo consiglio comunale\",\"breadcrumb\":{\"@id\":\"https:\/\/staging.varesenews.it\/2016\/10\/la-trasparenza-e-oggettiva-in-aumento-per-quantita-e-qualita\/557248\/#breadcrumb\"},\"inLanguage\":\"it-IT\",\"potentialAction\":[{\"@type\":\"ReadAction\",\"target\":[\"https:\/\/staging.varesenews.it\/2016\/10\/la-trasparenza-e-oggettiva-in-aumento-per-quantita-e-qualita\/557248\/\"]}]},{\"@type\":\"BreadcrumbList\",\"@id\":\"https:\/\/staging.varesenews.it\/2016\/10\/la-trasparenza-e-oggettiva-in-aumento-per-quantita-e-qualita\/557248\/#breadcrumb\",\"itemListElement\":[{\"@type\":\"ListItem\",\"position\":1,\"name\":\"Home\",\"item\":\"https:\/\/www.varesenews.it\/\"},{\"@type\":\"ListItem\",\"position\":2,\"name\":\"&#8220;La trasparenza \u00e8 oggettiva: in aumento per quantit\u00e0 e qualit\u00e0&#8221;\"}]},{\"@type\":\"WebSite\",\"@id\":\"https:\/\/staging.varesenews.it\/#website\",\"url\":\"https:\/\/staging.varesenews.it\/\",\"name\":\"VareseNews\",\"description\":\"\",\"potentialAction\":[{\"@type\":\"SearchAction\",\"target\":{\"@type\":\"EntryPoint\",\"urlTemplate\":\"https:\/\/staging.varesenews.it\/?s={search_term_string}\"},\"query-input\":\"required name=search_term_string\"}],\"inLanguage\":\"it-IT\"},{\"@type\":\"Person\",\"@id\":\"https:\/\/staging.varesenews.it\/#\/schema\/person\/1ec987bf360cbcf5fab38b0367dbc9d4\",\"name\":\"Manuel Sgarella\",\"image\":{\"@type\":\"ImageObject\",\"inLanguage\":\"it-IT\",\"@id\":\"https:\/\/staging.varesenews.it\/#\/schema\/person\/image\/\",\"url\":\"https:\/\/staging.varesenews.it\/wp-content\/uploads\/2020\/12\/manuel_sgarella_colori_500.jpg\",\"contentUrl\":\"https:\/\/staging.varesenews.it\/wp-content\/uploads\/2020\/12\/manuel_sgarella_colori_500.jpg\",\"caption\":\"Manuel Sgarella\"},\"description\":\"A VareseNews dal 1999, da quando ho iniziato a collaborare per la pagina del cinema. Col tempo mi sono occupato della cronaca del territorio di Saronno-Tradate e dell'organizzazione di alcuni progetti speciali di VareseNews, tra cui la produzione del film Digitalife. Dal 2009 sono giornalista professionista. Diplomato alla Civica scuola del cinema di Milano, coltivo da sempre una passione per tutto quello che &egrave; narrazione, soprattutto per film e serie tv. Dal 2014 Pubblico romanzi come autore indipendente.&nbsp;\",\"sameAs\":[\"https:\/\/www.facebook.com\/manuel.sgarella\",\"Sgarel\",\"https:\/\/twitter.com\/Sgarel\"],\"url\":\"https:\/\/staging.varesenews.it\/persona\/manuel-sgarella1\/\"}]}<\/script>\n<!-- \/ Yoast SEO plugin. -->","yoast_head_json":{"title":"\"La trasparenza \u00e8 oggettiva: in aumento per quantit\u00e0 e qualit\u00e0\"","description":"Le precisazioni del presidente del consiglio comunale, Raffaele Fagioli, in merito alla critiche ricevute durante l'ultimo consiglio comunale","robots":{"index":"noindex","follow":"follow","max-snippet":"max-snippet:-1","max-image-preview":"max-image-preview:large","max-video-preview":"max-video-preview:-1"},"og_locale":"it_IT","og_type":"article","og_title":"\"La trasparenza \u00e8 oggettiva: in aumento per quantit\u00e0 e qualit\u00e0\"","og_description":"Le precisazioni del presidente del consiglio comunale, Raffaele Fagioli, in merito alla critiche ricevute durante l'ultimo consiglio comunale","og_url":"https:\/\/staging.varesenews.it\/2016\/10\/la-trasparenza-e-oggettiva-in-aumento-per-quantita-e-qualita\/557248\/","og_site_name":"VareseNews","article_publisher":"https:\/\/www.facebook.com\/varesenews","article_author":"https:\/\/www.facebook.com\/manuel.sgarella","article_published_time":"2016-10-06T14:19:17+00:00","author":"Manuel Sgarella","twitter_card":"summary_large_image","twitter_creator":"@Sgarel","twitter_site":"@varesenews","twitter_misc":{"Scritto da":"Manuel Sgarella","Tempo di lettura stimato":"2 minuti"},"schema":{"@context":"https:\/\/schema.org","@graph":[{"@type":"WebPage","@id":"https:\/\/staging.varesenews.it\/2016\/10\/la-trasparenza-e-oggettiva-in-aumento-per-quantita-e-qualita\/557248\/","url":"https:\/\/staging.varesenews.it\/2016\/10\/la-trasparenza-e-oggettiva-in-aumento-per-quantita-e-qualita\/557248\/","name":"\"La trasparenza \u00e8 oggettiva: in aumento per quantit\u00e0 e qualit\u00e0\"","isPartOf":{"@id":"https:\/\/staging.varesenews.it\/#website"},"datePublished":"2016-10-06T14:19:17+00:00","dateModified":"2016-10-06T14:19:17+00:00","author":{"@id":"https:\/\/staging.varesenews.it\/#\/schema\/person\/1ec987bf360cbcf5fab38b0367dbc9d4"},"description":"Le precisazioni del presidente del consiglio comunale, Raffaele Fagioli, in merito alla critiche ricevute durante l'ultimo consiglio comunale","breadcrumb":{"@id":"https:\/\/staging.varesenews.it\/2016\/10\/la-trasparenza-e-oggettiva-in-aumento-per-quantita-e-qualita\/557248\/#breadcrumb"},"inLanguage":"it-IT","potentialAction":[{"@type":"ReadAction","target":["https:\/\/staging.varesenews.it\/2016\/10\/la-trasparenza-e-oggettiva-in-aumento-per-quantita-e-qualita\/557248\/"]}]},{"@type":"BreadcrumbList","@id":"https:\/\/staging.varesenews.it\/2016\/10\/la-trasparenza-e-oggettiva-in-aumento-per-quantita-e-qualita\/557248\/#breadcrumb","itemListElement":[{"@type":"ListItem","position":1,"name":"Home","item":"https:\/\/www.varesenews.it\/"},{"@type":"ListItem","position":2,"name":"&#8220;La trasparenza \u00e8 oggettiva: in aumento per quantit\u00e0 e qualit\u00e0&#8221;"}]},{"@type":"WebSite","@id":"https:\/\/staging.varesenews.it\/#website","url":"https:\/\/staging.varesenews.it\/","name":"VareseNews","description":"","potentialAction":[{"@type":"SearchAction","target":{"@type":"EntryPoint","urlTemplate":"https:\/\/staging.varesenews.it\/?s={search_term_string}"},"query-input":"required name=search_term_string"}],"inLanguage":"it-IT"},{"@type":"Person","@id":"https:\/\/staging.varesenews.it\/#\/schema\/person\/1ec987bf360cbcf5fab38b0367dbc9d4","name":"Manuel Sgarella","image":{"@type":"ImageObject","inLanguage":"it-IT","@id":"https:\/\/staging.varesenews.it\/#\/schema\/person\/image\/","url":"https:\/\/staging.varesenews.it\/wp-content\/uploads\/2020\/12\/manuel_sgarella_colori_500.jpg","contentUrl":"https:\/\/staging.varesenews.it\/wp-content\/uploads\/2020\/12\/manuel_sgarella_colori_500.jpg","caption":"Manuel Sgarella"},"description":"A VareseNews dal 1999, da quando ho iniziato a collaborare per la pagina del cinema. Col tempo mi sono occupato della cronaca del territorio di Saronno-Tradate e dell'organizzazione di alcuni progetti speciali di VareseNews, tra cui la produzione del film Digitalife. Dal 2009 sono giornalista professionista. Diplomato alla Civica scuola del cinema di Milano, coltivo da sempre una passione per tutto quello che &egrave; narrazione, soprattutto per film e serie tv. Dal 2014 Pubblico romanzi come autore indipendente.&nbsp;","sameAs":["https:\/\/www.facebook.com\/manuel.sgarella","Sgarel","https:\/\/twitter.com\/Sgarel"],"url":"https:\/\/staging.varesenews.it\/persona\/manuel-sgarella1\/"}]}},"post_meta":{"_edit_lock":"1475763571:51","_edit_last":"51","ratings_users":"0","ratings_score":"0","ratings_average":"0","_category_permalink":"","wdfb_og_title":"","wdfb_og_type":"","wdfb_og_description":"","wdfb_og_images":"a:1:{i:0;s:0:\"\";}","wdfb_og_custom_name":"a:1:{i:0;s:0:\"\";}","wdfb_og_custom_value":"a:1:{i:0;s:0:\"\";}","foto":"466493","firma-personalizzata":"Raffaele Fagioli, presidente del Consiglio comunale","argomento":"Saronno","_jd_twitter":"","_jd_tweet_this":"yes","_wpt_short_url":"http:\/\/www.varesenews.it\/2016\/10\/la-trasparenza-e-oggettiva-in-aumento-per-quantita-e-qualita\/557248\/","_wp_jd_target":"http:\/\/www.varesenews.it\/2016\/10\/la-trasparenza-e-oggettiva-in-aumento-per-quantita-e-qualita\/557248\/","_jd_wp_twitter":"a:1:{i:0;s:181:\"\"La trasparenza \u00e8 oggettiva: in aumento per quantit\u00e0 e qualit\u00e0\" http:\/\/www.varesenews.it\/2016\/10\/la-trasparenza-e-oggettiva-in-aumento-per-quantita-e-qualita\/557248\/ #trasparenza\";}","_wpt_status_message":"Tweet inviato con successo."},"photos":[{"original":"https:\/\/staging.varesenews.it\/photogallery_new\/images\/2015\/07\/il-consiglio-comunale-di-saronno-tutti-i-consiglieri-466493.jpg","full":"https:\/\/staging.varesenews.it\/photogallery_new\/images\/2015\/07\/il-consiglio-comunale-di-saronno-tutti-i-consiglieri-466493.1024x768.jpg","large":"https:\/\/staging.varesenews.it\/photogallery_new\/images\/2015\/07\/il-consiglio-comunale-di-saronno-tutti-i-consiglieri-466493.610x431.jpg"}],"_links":{"self":[{"href":"https:\/\/staging.varesenews.it\/swgapi\/v1\/wp\/v2\/posts\/557248"}],"collection":[{"href":"https:\/\/staging.varesenews.it\/swgapi\/v1\/wp\/v2\/posts"}],"about":[{"href":"https:\/\/staging.varesenews.it\/swgapi\/v1\/wp\/v2\/types\/post"}],"author":[{"embeddable":true,"href":"https:\/\/staging.varesenews.it\/swgapi\/v1\/wp\/v2\/users\/51"}],"replies":[{"embeddable":true,"href":"https:\/\/staging.varesenews.it\/swgapi\/v1\/wp\/v2\/comments?post=557248"}],"version-history":[{"count":0,"href":"https:\/\/staging.varesenews.it\/swgapi\/v1\/wp\/v2\/posts\/557248\/revisions"}],"wp:attachment":[{"href":"https:\/\/staging.varesenews.it\/swgapi\/v1\/wp\/v2\/media?parent=557248"}],"wp:term":[{"taxonomy":"category","embeddable":true,"href":"https:\/\/staging.varesenews.it\/swgapi\/v1\/wp\/v2\/categories?post=557248"},{"taxonomy":"post_tag","embeddable":true,"href":"https:\/\/staging.varesenews.it\/swgapi\/v1\/wp\/v2\/tags?post=557248"}],"curies":[{"name":"wp","href":"https:\/\/api.w.org\/{rel}","templated":true}]}}