{"id":558881,"date":"2016-10-12T11:20:52","date_gmt":"2016-10-12T09:20:52","guid":{"rendered":"http:\/\/www.varesenews.it\/?p=558881"},"modified":"2016-10-12T11:27:41","modified_gmt":"2016-10-12T09:27:41","slug":"niente-pullman-per-andare-a-scuola-e-la-mamma-fa-lautista","status":"publish","type":"post","link":"https:\/\/staging.varesenews.it\/2016\/10\/niente-pullman-per-andare-a-scuola-e-la-mamma-fa-lautista\/558881\/","title":{"rendered":"Niente pullman per andare a scuola e la mamma fa &#8220;l&#8217;autista&#8221;"},"content":{"rendered":"<p>Andare a scuola alle superiori accompagnati dai genitori. Non per un attaccamento\u00a0alle gonne di mamm\u00e0, ma perch\u00e9 altri mezzi di trasporto non ce ne sono. E&#8217; il guaio di vivere nei piccoli paesi di provincia, ma c&#8217;\u00e8 un gruppo di genitori che non si rassegna. <strong>Accade a Inarzo, Cazzago e Bodio e tutto comincia con l&#8217;inizio della scuola<\/strong>.<br \/>\n<strong>Alcune famiglie scelgono di iscrivere i figli al liceo &#8220;Stein&#8221; di Gavirate, una parte allo scientifico e una allo sportivo.\u00a0<\/strong><\/p>\n<p><strong>Tutte sanno bene che il trasferimento dai loro piccolo paesi, a Gavirate non \u00e8 semplice perch\u00e9\u00a0non esiste una rete di trasporto per quella tratta. Ma poich\u00e9 non intendono optare per altre scuole solo perch\u00e9 non c&#8217;\u00e8 modo di raggiungere in pullman quella da loro scelta, decidono di iscrivere i figli allo &#8220;Stein&#8221;. Poi, insieme, si attivano per cercare una soluzione.<\/strong><\/p>\n<p>&#8220;A luglio\u00a0abbiamo scritto subito una lettera ai <strong>sindaci di Inarzo, Cazzago Brabbia e Bodio Lomnago<\/strong> e per conoscenza alle <strong>Autolinee Varesine<\/strong> &#8211; spiega una mamma, Marilena D&#8217;Angelo, portavoce del gruppo dei genitori &#8211; chiedendo se era possibile trovare insieme una soluzione. Allo stato attuale l&#8217;unico pullman\u00a0a disposizione passa da Cassinetta di Biandronno poco dopo le 7 del mattino. Se anche decidessimo di prendere quel mezzo, francamente un po&#8217; scomoda, saremmo poi in difficolt\u00e0 con il ritorno, perch\u00e9 i ragazzi hanno orari diversi e dovremmo comunque andare a\u00a0riprenderli&#8221;.<\/p>\n<p>&#8220;Nella lettera &#8211; continua Marilena D&#8217;Angelo &#8211; chiedevamo \u00a0di valutare la possibilit\u00e0 di una\u00a0<strong>deviazione alla rotonda di Cassinetta della tratta Sesto Calende-Gavirate e ritorno verso i nostri paesi<\/strong>, in modo che anche i nostri ragazzi potessero usufruire del mezzo pubblico a disposizione. I sindaci, a parte quello di Inarzo, non ci hanno neppure risposto; Autolinee Varesine ci ha detto che non \u00e8 possibile adottare questa\u00a0alternativa&#8221;.<\/p>\n<p>Pensare a una sorta di scuolabus con la collaborazione dei comuni? Non se ne parla, non ci sono le risorse, dicono le amministrazioni e <strong>cos\u00ec i genitori si sono attrezzati: a turno caricano i ragazzi, cinque a testa, se si pu\u00f2\u00a0altrimenti\u00a0si usano pi\u00f9 macchine, e ad orari diversi fanno\u00a0la spola avanti e indietro da Gavirate.\u00a0<\/strong><\/p>\n<p>&#8220;Non \u00e8 pensabile che tre paesi, seppur piccoli, siano ridotti in questo modo &#8211; si sfoga mamma Marilena -. Se ci fossero altri ragazzi intenzionati ad andare a scuola a Gavirate che cosa accadrebbe? I genitori lavorano e gi\u00e0 cos\u00ec, in dieci, facciamo i salti mortali per portarli a lezione. Ma \u00e8 possibile condizionare in questo modo le famiglie? O iscriviamo i nostri figli ai licei di Gazzada e di Varese oppure ci arrangiamo. Ma che razza di ragionamento \u00e8 questo? Crediamo che sia un problema anche di chi amministra questi paesi: li vogliono vedere svuotati? Vogliono che le famiglie con figli\u00a0vadano a vivere altrove, dove ci sono i servizi?&#8221;<\/p>\n<p>La soluzione, tuttavia non pare dietro l&#8217;angolo. <strong>Autolinee Varesine ha inviato ai genitori una lunga e dettagliata lettera<\/strong> in cui spiega che non \u00e8 possibile cambiare percorso n\u00e9 aggiungerne di nuovi. Suggerisce, in alternativa all&#8217;auto, di prendere il pullman in vari punti dei tre paesi e cambiare un paio di volte alle stazioni intermedie: &#8220;E&#8217; impossibile &#8211; dice la D&#8217;Angelo &#8211; <strong>in 8 minuti dovrebbero cambiare tre pullman<\/strong>. E&#8217; un&#8217; assurdit\u00e0&#8221;.<\/p>\n<p><strong>Autolinee Varesine spiega in una nota la sua posizione<\/strong>: &#8221; Abbiamo valutato con la massima attenzione, nei mesi scorsi, le richieste di un gruppo di genitori residenti nei Comuni di Inarzo, Bodio Lomnago e Cazzago Brabbia in merito all\u2019introduzione di un servizio autobus da questi paesi verso il distretto scolastico di Gavirate, per agevolare cos\u00ec il trasporto di diversi studenti.<\/p>\n<p>Confrontandosi costantemente con la Provincia di Varese e con l\u2019Agenzia per il Trasporto Pubblico Locale del bacino di Como-Lecco-Varese, l\u2019azienda ha dovuto purtroppo <strong>prendere atto dell\u2019impossibilit\u00e0, al momento attuale, di istituire un servizio del genere a causa della mancanza delle risorse necessarie.<\/strong><br \/>\nPer i residenti di Inarzo, Bodio Lomnago e Cazzago Brabbia resta comunque la possibilit\u00e0 di raggiungere Gavirate tramite l\u2019interscambio a Cassinetta di Biandronno, dove transitano sia la linea N23<br \/>\nVarese-Varano Borghi-Sesto Calende (passante per i paesi in questione), sia la linea N21 Varese-Osmate, che serve il polo scolastico di Gavirate.<br \/>\nAutolinee Varesine resta comunque a disposizione dell\u2019utenza per qualsiasi chiarimento&#8221;.<\/p>\n<p>Per ora, quindi, zaino in spalla, anzi nel bagagliaio e via, avanti e indietro con la macchina di pap\u00e0.<\/p>\n","protected":false},"excerpt":{"rendered":"<p>Accade ad alcune famiglie di Inarzo, Cazzago Brabbia e Bodio Lomnago: hanno iscritto i figli allo &#8220;Stein&#8221; di Gavirate ma da quei paesi non ci sono i mezzi per raggiungere il liceo. E cos\u00ec \u00e8 partita la protesta<\/p>\n","protected":false},"author":49,"featured_media":0,"comment_status":"open","ping_status":"open","sticky":false,"template":"","format":"standard","meta":{"footnotes":""},"categories":[90,2],"tags":[61721,223,915],"acf":[],"yoast_head":"<!-- This site is optimized with the Yoast SEO plugin v20.1 - https:\/\/yoast.com\/wordpress\/plugins\/seo\/ -->\n<title>Niente pullman per andare a scuola e la mamma fa &quot;l&#039;autista&quot;<\/title>\n<meta name=\"description\" content=\"Accade ad alcune famiglie di Inarzo, Cazzago Brabbia e Bodio Lomnago: hanno iscritto i figli allo &quot;Stein&quot; di Gavirate ma da quei paesi non ci sono i mezzi per raggiungere il liceo. E cos\u00ec \u00e8 partita la protesta\" \/>\n<meta name=\"robots\" content=\"noindex, follow, max-snippet:-1, max-image-preview:large, max-video-preview:-1\" \/>\n<meta property=\"og:locale\" content=\"it_IT\" \/>\n<meta property=\"og:type\" content=\"article\" \/>\n<meta property=\"og:title\" content=\"Niente pullman per andare a scuola e la mamma fa &quot;l&#039;autista&quot;\" \/>\n<meta property=\"og:description\" content=\"Accade ad alcune famiglie di Inarzo, Cazzago Brabbia e Bodio Lomnago: hanno iscritto i figli allo &quot;Stein&quot; di Gavirate ma da quei paesi non ci sono i mezzi per raggiungere il liceo. E cos\u00ec \u00e8 partita la protesta\" \/>\n<meta property=\"og:url\" content=\"https:\/\/staging.varesenews.it\/2016\/10\/niente-pullman-per-andare-a-scuola-e-la-mamma-fa-lautista\/558881\/\" \/>\n<meta property=\"og:site_name\" content=\"VareseNews\" \/>\n<meta property=\"article:publisher\" content=\"https:\/\/www.facebook.com\/varesenews\" \/>\n<meta property=\"article:author\" content=\"https:\/\/www.facebook.com\/roberta.bertolini.9\" \/>\n<meta property=\"article:published_time\" content=\"2016-10-12T09:20:52+00:00\" \/>\n<meta property=\"article:modified_time\" content=\"2016-10-12T09:27:41+00:00\" \/>\n<meta name=\"author\" content=\"Roberta Bertolini\" \/>\n<meta name=\"twitter:card\" content=\"summary_large_image\" \/>\n<meta name=\"twitter:creator\" content=\"@robybertolini\" \/>\n<meta name=\"twitter:site\" content=\"@varesenews\" \/>\n<meta name=\"twitter:label1\" content=\"Scritto da\" \/>\n\t<meta name=\"twitter:data1\" content=\"Roberta Bertolini\" \/>\n\t<meta name=\"twitter:label2\" content=\"Tempo di lettura stimato\" \/>\n\t<meta name=\"twitter:data2\" content=\"4 minuti\" \/>\n<script type=\"application\/ld+json\" class=\"yoast-schema-graph\">{\"@context\":\"https:\/\/schema.org\",\"@graph\":[{\"@type\":\"WebPage\",\"@id\":\"https:\/\/staging.varesenews.it\/2016\/10\/niente-pullman-per-andare-a-scuola-e-la-mamma-fa-lautista\/558881\/\",\"url\":\"https:\/\/staging.varesenews.it\/2016\/10\/niente-pullman-per-andare-a-scuola-e-la-mamma-fa-lautista\/558881\/\",\"name\":\"Niente pullman per andare a scuola e la mamma fa \\\"l'autista\\\"\",\"isPartOf\":{\"@id\":\"https:\/\/staging.varesenews.it\/#website\"},\"datePublished\":\"2016-10-12T09:20:52+00:00\",\"dateModified\":\"2016-10-12T09:27:41+00:00\",\"author\":{\"@id\":\"https:\/\/staging.varesenews.it\/#\/schema\/person\/58fbd3e567d5c00f0a64d5137fef3e68\"},\"description\":\"Accade ad alcune famiglie di Inarzo, Cazzago Brabbia e Bodio Lomnago: hanno iscritto i figli allo \\\"Stein\\\" di Gavirate ma da quei paesi non ci sono i mezzi per raggiungere il liceo. E cos\u00ec \u00e8 partita la protesta\",\"breadcrumb\":{\"@id\":\"https:\/\/staging.varesenews.it\/2016\/10\/niente-pullman-per-andare-a-scuola-e-la-mamma-fa-lautista\/558881\/#breadcrumb\"},\"inLanguage\":\"it-IT\",\"potentialAction\":[{\"@type\":\"ReadAction\",\"target\":[\"https:\/\/staging.varesenews.it\/2016\/10\/niente-pullman-per-andare-a-scuola-e-la-mamma-fa-lautista\/558881\/\"]}]},{\"@type\":\"BreadcrumbList\",\"@id\":\"https:\/\/staging.varesenews.it\/2016\/10\/niente-pullman-per-andare-a-scuola-e-la-mamma-fa-lautista\/558881\/#breadcrumb\",\"itemListElement\":[{\"@type\":\"ListItem\",\"position\":1,\"name\":\"Home\",\"item\":\"https:\/\/www.varesenews.it\/\"},{\"@type\":\"ListItem\",\"position\":2,\"name\":\"Niente pullman per andare a scuola e la mamma fa &#8220;l&#8217;autista&#8221;\"}]},{\"@type\":\"WebSite\",\"@id\":\"https:\/\/staging.varesenews.it\/#website\",\"url\":\"https:\/\/staging.varesenews.it\/\",\"name\":\"VareseNews\",\"description\":\"\",\"potentialAction\":[{\"@type\":\"SearchAction\",\"target\":{\"@type\":\"EntryPoint\",\"urlTemplate\":\"https:\/\/staging.varesenews.it\/?s={search_term_string}\"},\"query-input\":\"required name=search_term_string\"}],\"inLanguage\":\"it-IT\"},{\"@type\":\"Person\",\"@id\":\"https:\/\/staging.varesenews.it\/#\/schema\/person\/58fbd3e567d5c00f0a64d5137fef3e68\",\"name\":\"Roberta Bertolini\",\"image\":{\"@type\":\"ImageObject\",\"inLanguage\":\"it-IT\",\"@id\":\"https:\/\/staging.varesenews.it\/#\/schema\/person\/image\/\",\"url\":\"https:\/\/staging.varesenews.it\/wp-content\/uploads\/2020\/12\/roberta_bertolini_colori_500.jpg\",\"contentUrl\":\"https:\/\/staging.varesenews.it\/wp-content\/uploads\/2020\/12\/roberta_bertolini_colori_500.jpg\",\"caption\":\"Roberta Bertolini\"},\"description\":\"Giornalista professionista dal 1991, sono passata, ormai molti anni fa, dalla carta al web. Oggi mi occupo di cronaca locale e guardo con curiosit&agrave; ed attenzione il mondo dei social. Parlo poco, ascolto molto.\",\"sameAs\":[\"https:\/\/www.facebook.com\/roberta.bertolini.9\",\"bettabertolini\",\"https:\/\/www.linkedin.com\/hp\/?dnr=v9e-Gp7a6_oxqTuQyZA0Lf4aEi4t91g6wMH\",\"https:\/\/twitter.com\/robybertolini\"],\"url\":\"https:\/\/staging.varesenews.it\/persona\/roberta-bertolini1\/\"}]}<\/script>\n<!-- \/ Yoast SEO plugin. -->","yoast_head_json":{"title":"Niente pullman per andare a scuola e la mamma fa \"l'autista\"","description":"Accade ad alcune famiglie di Inarzo, Cazzago Brabbia e Bodio Lomnago: hanno iscritto i figli allo \"Stein\" di Gavirate ma da quei paesi non ci sono i mezzi per raggiungere il liceo. E cos\u00ec \u00e8 partita la protesta","robots":{"index":"noindex","follow":"follow","max-snippet":"max-snippet:-1","max-image-preview":"max-image-preview:large","max-video-preview":"max-video-preview:-1"},"og_locale":"it_IT","og_type":"article","og_title":"Niente pullman per andare a scuola e la mamma fa \"l'autista\"","og_description":"Accade ad alcune famiglie di Inarzo, Cazzago Brabbia e Bodio Lomnago: hanno iscritto i figli allo \"Stein\" di Gavirate ma da quei paesi non ci sono i mezzi per raggiungere il liceo. E cos\u00ec \u00e8 partita la protesta","og_url":"https:\/\/staging.varesenews.it\/2016\/10\/niente-pullman-per-andare-a-scuola-e-la-mamma-fa-lautista\/558881\/","og_site_name":"VareseNews","article_publisher":"https:\/\/www.facebook.com\/varesenews","article_author":"https:\/\/www.facebook.com\/roberta.bertolini.9","article_published_time":"2016-10-12T09:20:52+00:00","article_modified_time":"2016-10-12T09:27:41+00:00","author":"Roberta Bertolini","twitter_card":"summary_large_image","twitter_creator":"@robybertolini","twitter_site":"@varesenews","twitter_misc":{"Scritto da":"Roberta Bertolini","Tempo di lettura stimato":"4 minuti"},"schema":{"@context":"https:\/\/schema.org","@graph":[{"@type":"WebPage","@id":"https:\/\/staging.varesenews.it\/2016\/10\/niente-pullman-per-andare-a-scuola-e-la-mamma-fa-lautista\/558881\/","url":"https:\/\/staging.varesenews.it\/2016\/10\/niente-pullman-per-andare-a-scuola-e-la-mamma-fa-lautista\/558881\/","name":"Niente pullman per andare a scuola e la mamma fa \"l'autista\"","isPartOf":{"@id":"https:\/\/staging.varesenews.it\/#website"},"datePublished":"2016-10-12T09:20:52+00:00","dateModified":"2016-10-12T09:27:41+00:00","author":{"@id":"https:\/\/staging.varesenews.it\/#\/schema\/person\/58fbd3e567d5c00f0a64d5137fef3e68"},"description":"Accade ad alcune famiglie di Inarzo, Cazzago Brabbia e Bodio Lomnago: hanno iscritto i figli allo \"Stein\" di Gavirate ma da quei paesi non ci sono i mezzi per raggiungere il liceo. E cos\u00ec \u00e8 partita la protesta","breadcrumb":{"@id":"https:\/\/staging.varesenews.it\/2016\/10\/niente-pullman-per-andare-a-scuola-e-la-mamma-fa-lautista\/558881\/#breadcrumb"},"inLanguage":"it-IT","potentialAction":[{"@type":"ReadAction","target":["https:\/\/staging.varesenews.it\/2016\/10\/niente-pullman-per-andare-a-scuola-e-la-mamma-fa-lautista\/558881\/"]}]},{"@type":"BreadcrumbList","@id":"https:\/\/staging.varesenews.it\/2016\/10\/niente-pullman-per-andare-a-scuola-e-la-mamma-fa-lautista\/558881\/#breadcrumb","itemListElement":[{"@type":"ListItem","position":1,"name":"Home","item":"https:\/\/www.varesenews.it\/"},{"@type":"ListItem","position":2,"name":"Niente pullman per andare a scuola e la mamma fa &#8220;l&#8217;autista&#8221;"}]},{"@type":"WebSite","@id":"https:\/\/staging.varesenews.it\/#website","url":"https:\/\/staging.varesenews.it\/","name":"VareseNews","description":"","potentialAction":[{"@type":"SearchAction","target":{"@type":"EntryPoint","urlTemplate":"https:\/\/staging.varesenews.it\/?s={search_term_string}"},"query-input":"required name=search_term_string"}],"inLanguage":"it-IT"},{"@type":"Person","@id":"https:\/\/staging.varesenews.it\/#\/schema\/person\/58fbd3e567d5c00f0a64d5137fef3e68","name":"Roberta Bertolini","image":{"@type":"ImageObject","inLanguage":"it-IT","@id":"https:\/\/staging.varesenews.it\/#\/schema\/person\/image\/","url":"https:\/\/staging.varesenews.it\/wp-content\/uploads\/2020\/12\/roberta_bertolini_colori_500.jpg","contentUrl":"https:\/\/staging.varesenews.it\/wp-content\/uploads\/2020\/12\/roberta_bertolini_colori_500.jpg","caption":"Roberta Bertolini"},"description":"Giornalista professionista dal 1991, sono passata, ormai molti anni fa, dalla carta al web. Oggi mi occupo di cronaca locale e guardo con curiosit&agrave; ed attenzione il mondo dei social. Parlo poco, ascolto molto.","sameAs":["https:\/\/www.facebook.com\/roberta.bertolini.9","bettabertolini","https:\/\/www.linkedin.com\/hp\/?dnr=v9e-Gp7a6_oxqTuQyZA0Lf4aEi4t91g6wMH","https:\/\/twitter.com\/robybertolini"],"url":"https:\/\/staging.varesenews.it\/persona\/roberta-bertolini1\/"}]}},"post_meta":{"_edit_lock":"1476264942:49","_edit_last":"49","_category_permalink":"2","wdfb_og_title":"","wdfb_og_type":"","wdfb_og_description":"","wdfb_og_images":"a:1:{i:0;s:0:\"\";}","wdfb_og_custom_name":"a:1:{i:0;s:0:\"\";}","wdfb_og_custom_value":"a:1:{i:0;s:0:\"\";}","foto":"156542","firma-personalizzata":"Ro.Ber.","argomento":"Scuola","_jd_twitter":"","_jd_tweet_this":"yes","ratings_users":"0","ratings_score":"0","ratings_average":"0","_wpt_short_url":"http:\/\/www.varesenews.it\/2016\/10\/niente-pullman-per-andare-a-scuola-e-la-mamma-fa-lautista\/558881\/","_wp_jd_target":"http:\/\/www.varesenews.it\/2016\/10\/niente-pullman-per-andare-a-scuola-e-la-mamma-fa-lautista\/558881\/","_jd_wp_twitter":"a:1:{i:0;s:178:\"Niente pullman per andare a scuola e la mamma fa \"l'autista\" http:\/\/www.varesenews.it\/2016\/10\/niente-pullman-per-andare-a-scuola-e-la-mamma-fa-lautista\/558881\/ #scuola #trasporti\";}","_wpt_status_message":"Tweet inviato con successo.","id_leggi_anche":"564857,689754,693022"},"photos":[{"original":"https:\/\/staging.varesenews.it\/photogallery_new\/images\/2012\/10\/studenti-autobus-pullman-scuola-156542.jpg","full":"https:\/\/staging.varesenews.it\/photogallery_new\/images\/2012\/10\/studenti-autobus-pullman-scuola-156542.1024x768.jpg","large":"https:\/\/staging.varesenews.it\/photogallery_new\/images\/2012\/10\/studenti-autobus-pullman-scuola-156542.610x431.jpg"}],"_links":{"self":[{"href":"https:\/\/staging.varesenews.it\/swgapi\/v1\/wp\/v2\/posts\/558881"}],"collection":[{"href":"https:\/\/staging.varesenews.it\/swgapi\/v1\/wp\/v2\/posts"}],"about":[{"href":"https:\/\/staging.varesenews.it\/swgapi\/v1\/wp\/v2\/types\/post"}],"author":[{"embeddable":true,"href":"https:\/\/staging.varesenews.it\/swgapi\/v1\/wp\/v2\/users\/49"}],"replies":[{"embeddable":true,"href":"https:\/\/staging.varesenews.it\/swgapi\/v1\/wp\/v2\/comments?post=558881"}],"version-history":[{"count":0,"href":"https:\/\/staging.varesenews.it\/swgapi\/v1\/wp\/v2\/posts\/558881\/revisions"}],"wp:attachment":[{"href":"https:\/\/staging.varesenews.it\/swgapi\/v1\/wp\/v2\/media?parent=558881"}],"wp:term":[{"taxonomy":"category","embeddable":true,"href":"https:\/\/staging.varesenews.it\/swgapi\/v1\/wp\/v2\/categories?post=558881"},{"taxonomy":"post_tag","embeddable":true,"href":"https:\/\/staging.varesenews.it\/swgapi\/v1\/wp\/v2\/tags?post=558881"}],"curies":[{"name":"wp","href":"https:\/\/api.w.org\/{rel}","templated":true}]}}