{"id":559490,"date":"2016-10-13T20:42:49","date_gmt":"2016-10-13T18:42:49","guid":{"rendered":"http:\/\/www.varesenews.it\/?p=559490"},"modified":"2016-10-13T20:42:49","modified_gmt":"2016-10-13T18:42:49","slug":"storia-e-territorio-nella-134-rassegna-gallaratese-di-storia-e-arte","status":"publish","type":"post","link":"https:\/\/staging.varesenews.it\/2016\/10\/storia-e-territorio-nella-134-rassegna-gallaratese-di-storia-e-arte\/559490\/","title":{"rendered":"Storia e territorio nella 134\u00b0 Rassegna Gallaratese di Storia e Arte"},"content":{"rendered":"<p>Nell&#8217;ambito di<a title=\"Duemilalibri apre la sua edizione \u201cin giallo\u201d\" href=\"http:\/\/www.varesenews.it\/2016\/10\/duemilalibri-apre-la-sua-edizione-in-giallo\/559414\/\"> Duemilalibri<\/a>, sabato 15 ottobre 2016 al Museo della Societ\u00e0 Gallaratese per gli Studi Patri<strong> sar\u00e0 presentata Rassegna Gallaratese di Storia e d\u2019Arte n. 134\/2014-2015<\/strong>, diretta da Pietro Cafaro<\/p>\n<p>Questo nuovo annale \u00e8 composto, <strong>come gi\u00e0 l\u2019ultimo volume edito, da una miscellanea di interventi<\/strong>: \u00e8 infatti una consuetudine consolidata fin dalle origini della Rassegna alternare, senza cadenze prestabilite, numeri monografici con numeri risultanti da ricerche compiute dai numerosi collaboratori.<\/p>\n<p>Al di l\u00e0 delle apparenze che le diverse collocazioni cronologiche dei singoli contributi possono far immaginare, cos\u00ec come i differenti approcci dei differenti ambiti disciplinari, <strong>vi \u00e8 un elemento unificante di grandissima portata: lo scenario che ne fa da cornice<\/strong>. Al lettore si vuole ancora una volta proporre la lettura di lungo periodo di <strong>un territorio di antichissima civilt\u00e0, privilegiato da insediamenti remoti<\/strong>, costantemente forgiato dalla presenza di culture che hanno distillato la realt\u00e0 che oggi ci circonda. Questo numero esce rinnovato nella grafica e per i tipi dell\u2019editore Prodigi, esso stesso espressione del territorio locale.<\/p>\n<p>All&#8217;interno si trovano i contributi Monumenti funerari di et\u00e0 romana nel Varesotto: il recinto (Manuela Mentasti); Frammenti per la storia del Gallaratese nei manoscritti del Dott. Ercole Ferrario: i primi scavi nell\u2019area del Cimitero di Gallarate (Massimo Palazzi); Pievi civili e relative comunit\u00e0 del Vicariato del Seprio nel 1771 (Achille Macchi); Il conte Giacomo Mellerio seniore: dalla Val Vigezzo al cuore della finanza milanese (Gian Filippo de Sio); Alta valle del Ticino, da civilt\u00e0 del fiume a porto di cielo<br \/>\n(Matteo Maggioni); Un progetto inedito di Giulio Minoletti per il centro di Gallarate.<br \/>\n(Matteo Scaltritti); Gian Alberto Bossi, latinista e poeta (Franco Bertolli, Luca Criotti). A questo si aggiungono gli Atti della Societ\u00e0 Gallaratese di Studi Patri.<\/p>\n","protected":false},"excerpt":{"rendered":"<p>Dai monumenti funebri romani alla nascita dell&#8217;industria aeronautica, dal medioevo all&#8217;architettura del Novecento: sabato la presentazione<\/p>\n","protected":false},"author":46,"featured_media":0,"comment_status":"open","ping_status":"open","sticky":false,"template":"","format":"standard","meta":{"footnotes":""},"categories":[18,3],"tags":[41324,7132],"acf":[],"yoast_head":"<!-- This site is optimized with the Yoast SEO plugin v20.1 - https:\/\/yoast.com\/wordpress\/plugins\/seo\/ -->\n<title>Storia e territorio nella 134\u00b0 Rassegna Gallaratese di Storia e Arte<\/title>\n<meta name=\"description\" content=\"Dai monumenti funebri romani alla nascita dell&#039;industria aeronautica, dal medioevo all&#039;architettura del Novecento: sabato la presentazione\" \/>\n<meta name=\"robots\" content=\"noindex, follow, max-snippet:-1, max-image-preview:large, max-video-preview:-1\" \/>\n<meta property=\"og:locale\" content=\"it_IT\" \/>\n<meta property=\"og:type\" content=\"article\" \/>\n<meta property=\"og:title\" content=\"Storia e territorio nella 134\u00b0 Rassegna Gallaratese di Storia e Arte\" \/>\n<meta property=\"og:description\" content=\"Dai monumenti funebri romani alla nascita dell&#039;industria aeronautica, dal medioevo all&#039;architettura del Novecento: sabato la presentazione\" \/>\n<meta property=\"og:url\" content=\"https:\/\/staging.varesenews.it\/2016\/10\/storia-e-territorio-nella-134-rassegna-gallaratese-di-storia-e-arte\/559490\/\" \/>\n<meta property=\"og:site_name\" content=\"VareseNews\" \/>\n<meta property=\"article:publisher\" content=\"https:\/\/www.facebook.com\/varesenews\" \/>\n<meta property=\"article:published_time\" content=\"2016-10-13T18:42:49+00:00\" \/>\n<meta name=\"author\" content=\"Roberto Morandi\" \/>\n<meta name=\"twitter:card\" content=\"summary_large_image\" \/>\n<meta name=\"twitter:creator\" content=\"@ilmorands\" \/>\n<meta name=\"twitter:site\" content=\"@varesenews\" \/>\n<meta name=\"twitter:label1\" content=\"Scritto da\" \/>\n\t<meta name=\"twitter:data1\" content=\"Roberto Morandi\" \/>\n\t<meta name=\"twitter:label2\" content=\"Tempo di lettura stimato\" \/>\n\t<meta name=\"twitter:data2\" content=\"1 minuto\" \/>\n<script type=\"application\/ld+json\" class=\"yoast-schema-graph\">{\"@context\":\"https:\/\/schema.org\",\"@graph\":[{\"@type\":\"WebPage\",\"@id\":\"https:\/\/staging.varesenews.it\/2016\/10\/storia-e-territorio-nella-134-rassegna-gallaratese-di-storia-e-arte\/559490\/\",\"url\":\"https:\/\/staging.varesenews.it\/2016\/10\/storia-e-territorio-nella-134-rassegna-gallaratese-di-storia-e-arte\/559490\/\",\"name\":\"Storia e territorio nella 134\u00b0 Rassegna Gallaratese di Storia e Arte\",\"isPartOf\":{\"@id\":\"https:\/\/staging.varesenews.it\/#website\"},\"datePublished\":\"2016-10-13T18:42:49+00:00\",\"dateModified\":\"2016-10-13T18:42:49+00:00\",\"author\":{\"@id\":\"https:\/\/staging.varesenews.it\/#\/schema\/person\/efe592ae4c76536b551f89d8b6674bc3\"},\"description\":\"Dai monumenti funebri romani alla nascita dell'industria aeronautica, dal medioevo all'architettura del Novecento: sabato la presentazione\",\"breadcrumb\":{\"@id\":\"https:\/\/staging.varesenews.it\/2016\/10\/storia-e-territorio-nella-134-rassegna-gallaratese-di-storia-e-arte\/559490\/#breadcrumb\"},\"inLanguage\":\"it-IT\",\"potentialAction\":[{\"@type\":\"ReadAction\",\"target\":[\"https:\/\/staging.varesenews.it\/2016\/10\/storia-e-territorio-nella-134-rassegna-gallaratese-di-storia-e-arte\/559490\/\"]}]},{\"@type\":\"BreadcrumbList\",\"@id\":\"https:\/\/staging.varesenews.it\/2016\/10\/storia-e-territorio-nella-134-rassegna-gallaratese-di-storia-e-arte\/559490\/#breadcrumb\",\"itemListElement\":[{\"@type\":\"ListItem\",\"position\":1,\"name\":\"Home\",\"item\":\"https:\/\/www.varesenews.it\/\"},{\"@type\":\"ListItem\",\"position\":2,\"name\":\"Storia e territorio nella 134\u00b0 Rassegna Gallaratese di Storia e Arte\"}]},{\"@type\":\"WebSite\",\"@id\":\"https:\/\/staging.varesenews.it\/#website\",\"url\":\"https:\/\/staging.varesenews.it\/\",\"name\":\"VareseNews\",\"description\":\"\",\"potentialAction\":[{\"@type\":\"SearchAction\",\"target\":{\"@type\":\"EntryPoint\",\"urlTemplate\":\"https:\/\/staging.varesenews.it\/?s={search_term_string}\"},\"query-input\":\"required name=search_term_string\"}],\"inLanguage\":\"it-IT\"},{\"@type\":\"Person\",\"@id\":\"https:\/\/staging.varesenews.it\/#\/schema\/person\/efe592ae4c76536b551f89d8b6674bc3\",\"name\":\"Roberto Morandi\",\"image\":{\"@type\":\"ImageObject\",\"inLanguage\":\"it-IT\",\"@id\":\"https:\/\/staging.varesenews.it\/#\/schema\/person\/image\/\",\"url\":\"https:\/\/staging.varesenews.it\/wp-content\/uploads\/2020\/12\/roberto_morandi_colori_500.jpg\",\"contentUrl\":\"https:\/\/staging.varesenews.it\/wp-content\/uploads\/2020\/12\/roberto_morandi_colori_500.jpg\",\"caption\":\"Roberto Morandi\"},\"description\":\"Classe 1980, laureato in storia, mi occupo dell&rsquo;area di Gallarate e di Malpensa, di trasporti e mobilit&agrave;. Amo molto la dimensione della citt&agrave;, come luogo d&rsquo;incontro di persone diverse e come organismo che si trasforma costantemente. Mi piace anche raccontare le piccole e grandi vicende, anche locali, che compongono la Storia con la S maiuscola. Appassionato di bicicletta: la macchina perfetta per muoversi in citt&agrave; e per viaggiare.\",\"sameAs\":[\"https:\/\/twitter.com\/ilmorands\"],\"url\":\"https:\/\/staging.varesenews.it\/persona\/roberto-morandi1\/\"}]}<\/script>\n<!-- \/ Yoast SEO plugin. -->","yoast_head_json":{"title":"Storia e territorio nella 134\u00b0 Rassegna Gallaratese di Storia e Arte","description":"Dai monumenti funebri romani alla nascita dell'industria aeronautica, dal medioevo all'architettura del Novecento: sabato la presentazione","robots":{"index":"noindex","follow":"follow","max-snippet":"max-snippet:-1","max-image-preview":"max-image-preview:large","max-video-preview":"max-video-preview:-1"},"og_locale":"it_IT","og_type":"article","og_title":"Storia e territorio nella 134\u00b0 Rassegna Gallaratese di Storia e Arte","og_description":"Dai monumenti funebri romani alla nascita dell'industria aeronautica, dal medioevo all'architettura del Novecento: sabato la presentazione","og_url":"https:\/\/staging.varesenews.it\/2016\/10\/storia-e-territorio-nella-134-rassegna-gallaratese-di-storia-e-arte\/559490\/","og_site_name":"VareseNews","article_publisher":"https:\/\/www.facebook.com\/varesenews","article_published_time":"2016-10-13T18:42:49+00:00","author":"Roberto Morandi","twitter_card":"summary_large_image","twitter_creator":"@ilmorands","twitter_site":"@varesenews","twitter_misc":{"Scritto da":"Roberto Morandi","Tempo di lettura stimato":"1 minuto"},"schema":{"@context":"https:\/\/schema.org","@graph":[{"@type":"WebPage","@id":"https:\/\/staging.varesenews.it\/2016\/10\/storia-e-territorio-nella-134-rassegna-gallaratese-di-storia-e-arte\/559490\/","url":"https:\/\/staging.varesenews.it\/2016\/10\/storia-e-territorio-nella-134-rassegna-gallaratese-di-storia-e-arte\/559490\/","name":"Storia e territorio nella 134\u00b0 Rassegna Gallaratese di Storia e Arte","isPartOf":{"@id":"https:\/\/staging.varesenews.it\/#website"},"datePublished":"2016-10-13T18:42:49+00:00","dateModified":"2016-10-13T18:42:49+00:00","author":{"@id":"https:\/\/staging.varesenews.it\/#\/schema\/person\/efe592ae4c76536b551f89d8b6674bc3"},"description":"Dai monumenti funebri romani alla nascita dell'industria aeronautica, dal medioevo all'architettura del Novecento: sabato la presentazione","breadcrumb":{"@id":"https:\/\/staging.varesenews.it\/2016\/10\/storia-e-territorio-nella-134-rassegna-gallaratese-di-storia-e-arte\/559490\/#breadcrumb"},"inLanguage":"it-IT","potentialAction":[{"@type":"ReadAction","target":["https:\/\/staging.varesenews.it\/2016\/10\/storia-e-territorio-nella-134-rassegna-gallaratese-di-storia-e-arte\/559490\/"]}]},{"@type":"BreadcrumbList","@id":"https:\/\/staging.varesenews.it\/2016\/10\/storia-e-territorio-nella-134-rassegna-gallaratese-di-storia-e-arte\/559490\/#breadcrumb","itemListElement":[{"@type":"ListItem","position":1,"name":"Home","item":"https:\/\/www.varesenews.it\/"},{"@type":"ListItem","position":2,"name":"Storia e territorio nella 134\u00b0 Rassegna Gallaratese di Storia e Arte"}]},{"@type":"WebSite","@id":"https:\/\/staging.varesenews.it\/#website","url":"https:\/\/staging.varesenews.it\/","name":"VareseNews","description":"","potentialAction":[{"@type":"SearchAction","target":{"@type":"EntryPoint","urlTemplate":"https:\/\/staging.varesenews.it\/?s={search_term_string}"},"query-input":"required name=search_term_string"}],"inLanguage":"it-IT"},{"@type":"Person","@id":"https:\/\/staging.varesenews.it\/#\/schema\/person\/efe592ae4c76536b551f89d8b6674bc3","name":"Roberto Morandi","image":{"@type":"ImageObject","inLanguage":"it-IT","@id":"https:\/\/staging.varesenews.it\/#\/schema\/person\/image\/","url":"https:\/\/staging.varesenews.it\/wp-content\/uploads\/2020\/12\/roberto_morandi_colori_500.jpg","contentUrl":"https:\/\/staging.varesenews.it\/wp-content\/uploads\/2020\/12\/roberto_morandi_colori_500.jpg","caption":"Roberto Morandi"},"description":"Classe 1980, laureato in storia, mi occupo dell&rsquo;area di Gallarate e di Malpensa, di trasporti e mobilit&agrave;. Amo molto la dimensione della citt&agrave;, come luogo d&rsquo;incontro di persone diverse e come organismo che si trasforma costantemente. Mi piace anche raccontare le piccole e grandi vicende, anche locali, che compongono la Storia con la S maiuscola. Appassionato di bicicletta: la macchina perfetta per muoversi in citt&agrave; e per viaggiare.","sameAs":["https:\/\/twitter.com\/ilmorands"],"url":"https:\/\/staging.varesenews.it\/persona\/roberto-morandi1\/"}]}},"post_meta":{"_edit_lock":"1476384214:46","_edit_last":"46","_category_permalink":"3","ratings_users":"0","ratings_score":"0","ratings_average":"0","wdfb_og_title":"","wdfb_og_type":"","wdfb_og_description":"","wdfb_og_images":"a:1:{i:0;s:0:\"\";}","wdfb_og_custom_name":"a:1:{i:0;s:0:\"\";}","wdfb_og_custom_value":"a:1:{i:0;s:0:\"\";}","foto":"572937,","firma_come_redazione":"1","argomento":"Gallarate","_jd_twitter":"","_jd_tweet_this":"yes","_wpt_short_url":"http:\/\/www.varesenews.it\/2016\/10\/storia-e-territorio-nella-134-rassegna-gallaratese-di-storia-e-arte\/559490\/","_wp_jd_target":"http:\/\/www.varesenews.it\/2016\/10\/storia-e-territorio-nella-134-rassegna-gallaratese-di-storia-e-arte\/559490\/","_jd_wp_twitter":"a:1:{i:0;s:189:\"Storia e territorio nella 134\u00b0 Rassegna Gallaratese di Storia e Arte http:\/\/www.varesenews.it\/2016\/10\/storia-e-territorio-nella-134-rassegna-gallaratese-di-storia-e-arte\/559490\/ #gallarate\";}","_wpt_status_message":"Tweet inviato con successo."},"photos":[{"original":"https:\/\/staging.varesenews.it\/photogallery_new\/images\/2016\/10\/rassegna-gallaratese-di-storia-e-d-arte-572937.jpg","full":"https:\/\/staging.varesenews.it\/photogallery_new\/images\/2016\/10\/rassegna-gallaratese-di-storia-e-d-arte-572937.1024x768.jpg","large":"https:\/\/staging.varesenews.it\/photogallery_new\/images\/2016\/10\/rassegna-gallaratese-di-storia-e-d-arte-572937.610x431.jpg"},{"original":false,"full":false,"large":false}],"_links":{"self":[{"href":"https:\/\/staging.varesenews.it\/swgapi\/v1\/wp\/v2\/posts\/559490"}],"collection":[{"href":"https:\/\/staging.varesenews.it\/swgapi\/v1\/wp\/v2\/posts"}],"about":[{"href":"https:\/\/staging.varesenews.it\/swgapi\/v1\/wp\/v2\/types\/post"}],"author":[{"embeddable":true,"href":"https:\/\/staging.varesenews.it\/swgapi\/v1\/wp\/v2\/users\/46"}],"replies":[{"embeddable":true,"href":"https:\/\/staging.varesenews.it\/swgapi\/v1\/wp\/v2\/comments?post=559490"}],"version-history":[{"count":0,"href":"https:\/\/staging.varesenews.it\/swgapi\/v1\/wp\/v2\/posts\/559490\/revisions"}],"wp:attachment":[{"href":"https:\/\/staging.varesenews.it\/swgapi\/v1\/wp\/v2\/media?parent=559490"}],"wp:term":[{"taxonomy":"category","embeddable":true,"href":"https:\/\/staging.varesenews.it\/swgapi\/v1\/wp\/v2\/categories?post=559490"},{"taxonomy":"post_tag","embeddable":true,"href":"https:\/\/staging.varesenews.it\/swgapi\/v1\/wp\/v2\/tags?post=559490"}],"curies":[{"name":"wp","href":"https:\/\/api.w.org\/{rel}","templated":true}]}}