{"id":559665,"date":"2016-10-14T10:27:46","date_gmt":"2016-10-14T08:27:46","guid":{"rendered":"http:\/\/www.varesenews.it\/?p=559665"},"modified":"2016-10-14T10:27:46","modified_gmt":"2016-10-14T08:27:46","slug":"il-prof-marco-trabucchi-ospite-per-il-progetto-rughe","status":"publish","type":"post","link":"https:\/\/staging.varesenews.it\/2016\/10\/il-prof-marco-trabucchi-ospite-per-il-progetto-rughe\/559665\/","title":{"rendered":"Il prof. Marco Trabucchi ospite per il Progetto Rughe"},"content":{"rendered":"<div><strong>Mercoled\u00ec 26 ottobre a Gavirate<\/strong>, in <strong>Sala Consiliare alle 20.30 il Prof. Marco Trabucchi<\/strong> parler\u00e0 del tema &#8220;Si possono prevenire le demenze? Verit\u00e0 scientifiche e false certezze&#8221;; presenter\u00e0 l&#8217;incontro <strong>Michele Farina, giornalista del Corriere della sera.<\/strong><\/div>\n<div><\/div>\n<div>L&#8217;incontro, organizzato dal <strong>Progetto Rughe di Gavirate,<\/strong> formato da volontari di Croce Rossa Italiana &#8211; Comitato Locale Medio Verbano Gavirate, della ProLoco di Gavirate e del Gruppo operativo gaviratese di Varese Alzheimer , \u00e8 molto importante, sia per il tema, centrale in una societ\u00e0 che vede crescere il numero di persone anche molto anziane, che per il relatore, geriatra e ricercatore di grande rilevanza.<\/div>\n<div><strong>Il professor Marco Trabucchi \u00e8 infatti uno tra i massimi esperti di demenze in Italia:<\/strong> \u00e8 Presidente dell&#8217;Associazione di Psicogeriatria, \u00e8 Direttore scientifico del Gruppo di ricerca geriatrica (Grg) di Brescia, insegna Neuropsicofarmacologia all&#8217;Universit\u00e0 di Roma Tor Vergata.Autore di numerose pubblicazioni specialistiche e divulgative, ha pubblicato di recente per San Paolo Edizioni l&#8217;interessante volume dal titolo &#8220;I volti dell&#8217;invecchiare&#8221; nel quale affronta tutti gli aspetti dell&#8217;invecchiamento, ponendo al centro la persona, nella sua irrinunciabile singolarit\u00e0..<\/div>\n<div>Michele Farina, giornalista del Corriere della Sera, ha pubblicato per Rizzoli &#8220;Quando andiamo a casa?&#8221;, un viaggio nell&#8217;amore e nel dolore per la madre malata di Alzheimer, che il Gruppo Rughe ha presentato lo scorso anno a Gavirate con grande successo di pubblico.<\/div>\n","protected":false},"excerpt":{"rendered":"<p>Mercoled\u00ec 26 ottobre in Sala Consiliare si parler\u00e0 del tema &#8220;Si possono prevenire le demenze? Verit\u00e0 scientifiche e false certezze&#8221;<\/p>\n","protected":false},"author":33,"featured_media":0,"comment_status":"open","ping_status":"open","sticky":false,"template":"","format":"standard","meta":{"footnotes":""},"categories":[24,21],"tags":[574,59858,55037],"acf":[],"yoast_head":"<!-- This site is optimized with the Yoast SEO plugin v20.1 - https:\/\/yoast.com\/wordpress\/plugins\/seo\/ -->\n<title>Il prof. Marco Trabucchi ospite per il Progetto Rughe<\/title>\n<meta name=\"description\" content=\"Mercoled\u00ec 26 ottobre in Sala Consiliare si parler\u00e0 del tema &quot;Si possono prevenire le demenze? Verit\u00e0 scientifiche e false certezze&quot;\" \/>\n<meta name=\"robots\" content=\"noindex, follow, max-snippet:-1, max-image-preview:large, max-video-preview:-1\" \/>\n<meta property=\"og:locale\" content=\"it_IT\" \/>\n<meta property=\"og:type\" content=\"article\" \/>\n<meta property=\"og:title\" content=\"Il prof. Marco Trabucchi ospite per il Progetto Rughe\" \/>\n<meta property=\"og:description\" content=\"Mercoled\u00ec 26 ottobre in Sala Consiliare si parler\u00e0 del tema &quot;Si possono prevenire le demenze? Verit\u00e0 scientifiche e false certezze&quot;\" \/>\n<meta property=\"og:url\" content=\"https:\/\/staging.varesenews.it\/2016\/10\/il-prof-marco-trabucchi-ospite-per-il-progetto-rughe\/559665\/\" \/>\n<meta property=\"og:site_name\" content=\"VareseNews\" \/>\n<meta property=\"article:publisher\" content=\"https:\/\/www.facebook.com\/varesenews\" \/>\n<meta property=\"article:author\" content=\"alessandra.toni7\" \/>\n<meta property=\"article:published_time\" content=\"2016-10-14T08:27:46+00:00\" \/>\n<meta name=\"author\" content=\"Alessandra Toni\" \/>\n<meta name=\"twitter:card\" content=\"summary_large_image\" \/>\n<meta name=\"twitter:creator\" content=\"@alessandra_toni\" \/>\n<meta name=\"twitter:site\" content=\"@varesenews\" \/>\n<meta name=\"twitter:label1\" content=\"Scritto da\" \/>\n\t<meta name=\"twitter:data1\" content=\"Alessandra Toni\" \/>\n\t<meta name=\"twitter:label2\" content=\"Tempo di lettura stimato\" \/>\n\t<meta name=\"twitter:data2\" content=\"1 minuto\" \/>\n<script type=\"application\/ld+json\" class=\"yoast-schema-graph\">{\"@context\":\"https:\/\/schema.org\",\"@graph\":[{\"@type\":\"WebPage\",\"@id\":\"https:\/\/staging.varesenews.it\/2016\/10\/il-prof-marco-trabucchi-ospite-per-il-progetto-rughe\/559665\/\",\"url\":\"https:\/\/staging.varesenews.it\/2016\/10\/il-prof-marco-trabucchi-ospite-per-il-progetto-rughe\/559665\/\",\"name\":\"Il prof. Marco Trabucchi ospite per il Progetto Rughe\",\"isPartOf\":{\"@id\":\"https:\/\/staging.varesenews.it\/#website\"},\"datePublished\":\"2016-10-14T08:27:46+00:00\",\"dateModified\":\"2016-10-14T08:27:46+00:00\",\"author\":{\"@id\":\"https:\/\/staging.varesenews.it\/#\/schema\/person\/2643ce123d4a3c9511e015dc548779b8\"},\"description\":\"Mercoled\u00ec 26 ottobre in Sala Consiliare si parler\u00e0 del tema \\\"Si possono prevenire le demenze? Verit\u00e0 scientifiche e false certezze\\\"\",\"breadcrumb\":{\"@id\":\"https:\/\/staging.varesenews.it\/2016\/10\/il-prof-marco-trabucchi-ospite-per-il-progetto-rughe\/559665\/#breadcrumb\"},\"inLanguage\":\"it-IT\",\"potentialAction\":[{\"@type\":\"ReadAction\",\"target\":[\"https:\/\/staging.varesenews.it\/2016\/10\/il-prof-marco-trabucchi-ospite-per-il-progetto-rughe\/559665\/\"]}]},{\"@type\":\"BreadcrumbList\",\"@id\":\"https:\/\/staging.varesenews.it\/2016\/10\/il-prof-marco-trabucchi-ospite-per-il-progetto-rughe\/559665\/#breadcrumb\",\"itemListElement\":[{\"@type\":\"ListItem\",\"position\":1,\"name\":\"Home\",\"item\":\"https:\/\/www.varesenews.it\/\"},{\"@type\":\"ListItem\",\"position\":2,\"name\":\"Il prof. Marco Trabucchi ospite per il Progetto Rughe\"}]},{\"@type\":\"WebSite\",\"@id\":\"https:\/\/staging.varesenews.it\/#website\",\"url\":\"https:\/\/staging.varesenews.it\/\",\"name\":\"VareseNews\",\"description\":\"\",\"potentialAction\":[{\"@type\":\"SearchAction\",\"target\":{\"@type\":\"EntryPoint\",\"urlTemplate\":\"https:\/\/staging.varesenews.it\/?s={search_term_string}\"},\"query-input\":\"required name=search_term_string\"}],\"inLanguage\":\"it-IT\"},{\"@type\":\"Person\",\"@id\":\"https:\/\/staging.varesenews.it\/#\/schema\/person\/2643ce123d4a3c9511e015dc548779b8\",\"name\":\"Alessandra Toni\",\"image\":{\"@type\":\"ImageObject\",\"inLanguage\":\"it-IT\",\"@id\":\"https:\/\/staging.varesenews.it\/#\/schema\/person\/image\/\",\"url\":\"https:\/\/staging.varesenews.it\/wp-content\/uploads\/2020\/12\/alessandra_toni_colori_500.jpg\",\"contentUrl\":\"https:\/\/staging.varesenews.it\/wp-content\/uploads\/2020\/12\/alessandra_toni_colori_500.jpg\",\"caption\":\"Alessandra Toni\"},\"description\":\"Sono entrata nella redazione di VareseNews nel lontano anno 2000. Ero reduce da una bellissima esperienza nella redazione giornalistica della TV Nuova Antennatre, sotto la direzione dell'indimenticabile direttore Adolfo Caldarini. Sono arrivata quando era ancora una piccola realt\u00e0 editoriale e insieme abbiamo fatto un lungo ed entusiasmante lavoro. Mi occupo prevalentemente di scuola e di sanit\u00e0, settori impegnativi di grande valore sociale.\u00a0\",\"sameAs\":[\"alessandra.toni7\",\"alessandra.toni\",\"https:\/\/twitter.com\/alessandra_toni\"],\"url\":\"https:\/\/staging.varesenews.it\/persona\/alessandra_toni1\/\"}]}<\/script>\n<!-- \/ Yoast SEO plugin. -->","yoast_head_json":{"title":"Il prof. Marco Trabucchi ospite per il Progetto Rughe","description":"Mercoled\u00ec 26 ottobre in Sala Consiliare si parler\u00e0 del tema \"Si possono prevenire le demenze? Verit\u00e0 scientifiche e false certezze\"","robots":{"index":"noindex","follow":"follow","max-snippet":"max-snippet:-1","max-image-preview":"max-image-preview:large","max-video-preview":"max-video-preview:-1"},"og_locale":"it_IT","og_type":"article","og_title":"Il prof. Marco Trabucchi ospite per il Progetto Rughe","og_description":"Mercoled\u00ec 26 ottobre in Sala Consiliare si parler\u00e0 del tema \"Si possono prevenire le demenze? Verit\u00e0 scientifiche e false certezze\"","og_url":"https:\/\/staging.varesenews.it\/2016\/10\/il-prof-marco-trabucchi-ospite-per-il-progetto-rughe\/559665\/","og_site_name":"VareseNews","article_publisher":"https:\/\/www.facebook.com\/varesenews","article_author":"alessandra.toni7","article_published_time":"2016-10-14T08:27:46+00:00","author":"Alessandra Toni","twitter_card":"summary_large_image","twitter_creator":"@alessandra_toni","twitter_site":"@varesenews","twitter_misc":{"Scritto da":"Alessandra Toni","Tempo di lettura stimato":"1 minuto"},"schema":{"@context":"https:\/\/schema.org","@graph":[{"@type":"WebPage","@id":"https:\/\/staging.varesenews.it\/2016\/10\/il-prof-marco-trabucchi-ospite-per-il-progetto-rughe\/559665\/","url":"https:\/\/staging.varesenews.it\/2016\/10\/il-prof-marco-trabucchi-ospite-per-il-progetto-rughe\/559665\/","name":"Il prof. Marco Trabucchi ospite per il Progetto Rughe","isPartOf":{"@id":"https:\/\/staging.varesenews.it\/#website"},"datePublished":"2016-10-14T08:27:46+00:00","dateModified":"2016-10-14T08:27:46+00:00","author":{"@id":"https:\/\/staging.varesenews.it\/#\/schema\/person\/2643ce123d4a3c9511e015dc548779b8"},"description":"Mercoled\u00ec 26 ottobre in Sala Consiliare si parler\u00e0 del tema \"Si possono prevenire le demenze? Verit\u00e0 scientifiche e false certezze\"","breadcrumb":{"@id":"https:\/\/staging.varesenews.it\/2016\/10\/il-prof-marco-trabucchi-ospite-per-il-progetto-rughe\/559665\/#breadcrumb"},"inLanguage":"it-IT","potentialAction":[{"@type":"ReadAction","target":["https:\/\/staging.varesenews.it\/2016\/10\/il-prof-marco-trabucchi-ospite-per-il-progetto-rughe\/559665\/"]}]},{"@type":"BreadcrumbList","@id":"https:\/\/staging.varesenews.it\/2016\/10\/il-prof-marco-trabucchi-ospite-per-il-progetto-rughe\/559665\/#breadcrumb","itemListElement":[{"@type":"ListItem","position":1,"name":"Home","item":"https:\/\/www.varesenews.it\/"},{"@type":"ListItem","position":2,"name":"Il prof. Marco Trabucchi ospite per il Progetto Rughe"}]},{"@type":"WebSite","@id":"https:\/\/staging.varesenews.it\/#website","url":"https:\/\/staging.varesenews.it\/","name":"VareseNews","description":"","potentialAction":[{"@type":"SearchAction","target":{"@type":"EntryPoint","urlTemplate":"https:\/\/staging.varesenews.it\/?s={search_term_string}"},"query-input":"required name=search_term_string"}],"inLanguage":"it-IT"},{"@type":"Person","@id":"https:\/\/staging.varesenews.it\/#\/schema\/person\/2643ce123d4a3c9511e015dc548779b8","name":"Alessandra Toni","image":{"@type":"ImageObject","inLanguage":"it-IT","@id":"https:\/\/staging.varesenews.it\/#\/schema\/person\/image\/","url":"https:\/\/staging.varesenews.it\/wp-content\/uploads\/2020\/12\/alessandra_toni_colori_500.jpg","contentUrl":"https:\/\/staging.varesenews.it\/wp-content\/uploads\/2020\/12\/alessandra_toni_colori_500.jpg","caption":"Alessandra Toni"},"description":"Sono entrata nella redazione di VareseNews nel lontano anno 2000. Ero reduce da una bellissima esperienza nella redazione giornalistica della TV Nuova Antennatre, sotto la direzione dell'indimenticabile direttore Adolfo Caldarini. Sono arrivata quando era ancora una piccola realt\u00e0 editoriale e insieme abbiamo fatto un lungo ed entusiasmante lavoro. Mi occupo prevalentemente di scuola e di sanit\u00e0, settori impegnativi di grande valore sociale.\u00a0","sameAs":["alessandra.toni7","alessandra.toni","https:\/\/twitter.com\/alessandra_toni"],"url":"https:\/\/staging.varesenews.it\/persona\/alessandra_toni1\/"}]}},"post_meta":{"_edit_lock":"1476433617:33","_edit_last":"33","_category_permalink":"21","wdfb_og_title":"","wdfb_og_type":"","wdfb_og_description":"","wdfb_og_images":"a:1:{i:0;s:0:\"\";}","wdfb_og_custom_name":"a:1:{i:0;s:0:\"\";}","wdfb_og_custom_value":"a:1:{i:0;s:0:\"\";}","foto":"28434","firma_come_redazione":"1","argomento":"Gavirate","_jd_twitter":"","_jd_tweet_this":"yes","ratings_users":"0","ratings_score":"0","ratings_average":"0","_wpt_short_url":"http:\/\/www.varesenews.it\/2016\/10\/il-prof-marco-trabucchi-ospite-per-il-progetto-rughe\/559665\/","_wp_jd_target":"http:\/\/www.varesenews.it\/2016\/10\/il-prof-marco-trabucchi-ospite-per-il-progetto-rughe\/559665\/","_jd_wp_twitter":"a:1:{i:0;s:189:\"Il prof. Marco Trabucchi ospite per il Progetto Rughe http:\/\/www.varesenews.it\/2016\/10\/il-prof-marco-trabucchi-ospite-per-il-progetto-rughe\/559665\/ #alzheimer #incontromedico #progettorughe\";}","_wpt_status_message":"Tweet inviato con successo."},"photos":[{"original":"https:\/\/staging.varesenews.it\/photogallery_new\/images\/2013\/01\/nonnino-alzheimer-28434.jpg","full":"https:\/\/staging.varesenews.it\/photogallery_new\/images\/2013\/01\/nonnino-alzheimer-28434.1024x768.jpg","large":"https:\/\/staging.varesenews.it\/photogallery_new\/images\/2013\/01\/nonnino-alzheimer-28434.610x431.jpg"}],"_links":{"self":[{"href":"https:\/\/staging.varesenews.it\/swgapi\/v1\/wp\/v2\/posts\/559665"}],"collection":[{"href":"https:\/\/staging.varesenews.it\/swgapi\/v1\/wp\/v2\/posts"}],"about":[{"href":"https:\/\/staging.varesenews.it\/swgapi\/v1\/wp\/v2\/types\/post"}],"author":[{"embeddable":true,"href":"https:\/\/staging.varesenews.it\/swgapi\/v1\/wp\/v2\/users\/33"}],"replies":[{"embeddable":true,"href":"https:\/\/staging.varesenews.it\/swgapi\/v1\/wp\/v2\/comments?post=559665"}],"version-history":[{"count":0,"href":"https:\/\/staging.varesenews.it\/swgapi\/v1\/wp\/v2\/posts\/559665\/revisions"}],"wp:attachment":[{"href":"https:\/\/staging.varesenews.it\/swgapi\/v1\/wp\/v2\/media?parent=559665"}],"wp:term":[{"taxonomy":"category","embeddable":true,"href":"https:\/\/staging.varesenews.it\/swgapi\/v1\/wp\/v2\/categories?post=559665"},{"taxonomy":"post_tag","embeddable":true,"href":"https:\/\/staging.varesenews.it\/swgapi\/v1\/wp\/v2\/tags?post=559665"}],"curies":[{"name":"wp","href":"https:\/\/api.w.org\/{rel}","templated":true}]}}