{"id":560285,"date":"2016-10-16T19:00:54","date_gmt":"2016-10-16T17:00:54","guid":{"rendered":"http:\/\/www.varesenews.it\/?p=560285"},"modified":"2016-10-16T19:00:54","modified_gmt":"2016-10-16T17:00:54","slug":"baiano-ce-da-lavorare-ma-la-squadra-mi-ha-seguito","status":"publish","type":"post","link":"https:\/\/staging.varesenews.it\/2016\/10\/baiano-ce-da-lavorare-ma-la-squadra-mi-ha-seguito\/560285\/","title":{"rendered":"Baiano: &#8220;C&#8217;\u00e8 da lavorare ma la squadra mi ha seguito&#8221;"},"content":{"rendered":"<p>Sotto gli occhi di <strong>Beppe Sannino<\/strong> per <strong>Ciccio Baiano<\/strong> \u00e8 arrivata una vittoria all&#8217;esordio sulla panchina del Varese. Le parole del tecnico biancorosso nel dopo partita rispecchiano a grandi linee quello che hanno pensato gli spettatori in tribuna: bene la vittoria ma questa squadra ha ancora tanto lavoro davanti per confermarsi ai vertici del campionato.<\/p>\n<p>Le parole del mister <strong>Baiano<\/strong>: \u00abTutte le squadre in questo girone hanno qualit\u00e0, vedi Gasbarroni: i piedi non invecchiano. Non era semplice vincere questa partita, ma ci\u00f2 che ho chiesto era di dare il massimo e fare le cose che avevamo provato in questi pochi giorni. Detto questo c&#8217;\u00e8 da migliorare e lavorare tanto: voglio una squadra molto pi\u00f9 aggressiva perch\u00e9 la qualit\u00e0 non basta. Scordiamoci di vincere le partite solo con la tecnica, questo dev&#8217;essere un di pi\u00f9 rispetto alla grinta e alla corsa. Sono comunque felice perch\u00e9\u00a0i ragazzi\u00a0hanno cercato di fare tutto quello che ho chiesto. \u00a0Voglio un Varese che giochi in trenta metri, aggressivo e organizzato\u00bb.<\/p>\n<p>Sulle lacune viste sulla linea mediana <strong>Baiano<\/strong> risponde cos\u00ec: \u00abCredo che questo centrocampo possa migliorare notevolmente perch\u00e9 le qualit\u00e0 ci sono.\u00a0Zazzi? Vi sarete chiesti se sono matto ma ho fatto delle scelte perch\u00e9 avevo bisogno di un giocatore di corsa e ho puntato su Cusinato che mi \u00e8 piaciuto molto. Attenzione: non \u00e8 un problema far giocare 5 o 6 under: volevo pi\u00f9 corsa. Poi quando \u00e8 entrato si \u00e8 vista la sua qualit\u00e0. Ci siamo parlati prima della partita, gli ho ribadito il fatto che lo ritengo importante ma non dobbiamo pensare al Varese in senso individuale: ragioniamo come squadra\u00bb.<\/p>\n<p>Le parole di <strong>Giovio<\/strong>, uno degli eroi di giornata: \u00abL&#8217;ho visto bene, parte da esterno ma poi deve andare a fare gol e oggi c&#8217;\u00e8 riuscito. E mi sono piaciuti i ragazzi che sono subentrati: non parliamo di una squadra di 11 ma di 14 elementi perch\u00e8 chi \u00e8 entrato ha dato valore a tutta la squadra\u00bb.<\/p>\n<p>Questo, invece, il commento\u00a0di un uomo di grande esperienza come <strong>Gasbarroni<\/strong>, applaudito dal suo ex-pubblico: \u00abPeccato per quella traversa ma al di l\u00e0 di quello penso che abbiamo fatto un bel primo tempo ma non abbiamo segnato e per vincere bisogna fare gol. Poi il Varese \u00e8 cresciuto e ha vinto: fino a un certo punto meritavamo un pareggio. Sono felice di\u00a0essere stato applaudito: a Varese ho ricordi straordinari, grazie a quell&#8217;anno da ragazzino iniziai una carriera importante perch\u00e9 mi ha acquistato la Sampdoria. E&#8217; sempre bello tornare qui. Mi diverto ancora, cerco di giocare nel migliore dei modi\u00bb.<\/p>\n<p>Anche<strong> Rolando<\/strong> ha parlato nel post-partita, rinfrancato da un bel gol: \u00abCi avevo provato qualche volta, oggi \u00e8 arrivato il primo gol. Ho provato a mettere in pratica quello che ci ha chiesto il mister, in generale sono contento anche se \u00e8 chiaro che c&#8217;\u00e8 da lavorare: pensiamo positivo\u00bb.<\/p>\n<p>Soddisfazione anche per <strong>Piraccini<\/strong>, assist-man in occasione del gol di Giovio: \u00abLe partite per me sono tutte importanti. La mia esultanza sul secondo gol? Beh, ero quasi pi\u00f9 contento di Giovio, anche perch\u00e9 la cosa pi\u00f9 importante \u00e8 che tutti remino dalla stessa parte\u00bb.<\/p>\n<p><strong>PISSARDO 7<\/strong> &#8211; Sicuro tra i pali per tutta la partita, quando serve mantenere la porta inviolata risponde alla grande con due parate da applausi.<\/p>\n<p><strong>TALARICO 6<\/strong> &#8211; Prova onesta sulla fascia destra senza particolari difficolt\u00e0 in copertura e con qualche guizzo (non sempre preciso) in fase offensiva.<\/p>\n<p><strong>LUONI 6,5<\/strong> &#8211; Disimpegna con buona sicurezza l&#8217;area di rigore in pi\u00f9 occasioni svettando di testa pi\u00f9 alto degli attaccanti piemontesi. Non perfetto nei rilanci ma il suo compito \u00e8 assolto in pieno.<\/p>\n<p><strong>FERRI 6<\/strong> \u2013 Stiracchiato, questa volta. Non tanto per quanto fatto al centro della difesa dove ha comunque limitato Gio\u00e9, quanto per le troppe sbavature in impostazione e nel liberare l&#8217;area.<\/p>\n<p><strong>GRANZOTTO 6,5<\/strong> &#8211; E&#8217; il pi\u00f9 propositivo tra i tre under di movimento schierati da Baiano. Cross non sempre efficaci per\u00f2 dalla sua parte c&#8217;\u00e8 tanta vivacit\u00e0.<\/p>\n<p><strong>CUSINATO 5,5<\/strong> &#8211; Nello scialbo trio di centrocampo \u00e8 quello che, per esperienza e aspettative, ha meno responsabilit\u00e0. Detto questo appare spesso impreciso e\u00a0incisivo solo a corrente alternata.<br \/>\n(<strong>Zazzi 7,5<\/strong> \u2013 Il migliore in campo, senza alcun dubbio: entra a ripresa inoltrata e trasforma in oro ogni pallone che tocca).<\/p>\n<p><strong>GAZO 5<\/strong> &#8211; Discorso simile a quello fatto sotto per Calzi: in questa categoria due come loro dovrebbero trovare sempre la maniera per cavarsela. Oggi invece in mediana il Varese ha faticato davvero troppo. Rispetto al compagno di reparto Gazo si \u00e8 fatto sentire di pi\u00f9 nell&#8217;interdizione ma il voto resta negativo.<\/p>\n<p><strong>CALZI 5<\/strong> &#8211; Probabilmente il peggiore in campo: non crea occasioni, \u00e8 spesso in ritardo. Lo si vede pi\u00f9 spesso protestare che impostare il gioco. Da uno con la sua esperienza ci si aspetta una partita di ben altro spessore soprattutto contro avversari non irresistibili.<\/p>\n<p><strong>ROLANDO 6<\/strong> \u2013 Il suo gol \u00e8 come quell&#8217;interrogazione del 3 di giugno, ben fatta dopo un anno di sofferenze. Quella, insomma, che ti evita l&#8217;esame a settembre. Fino alla rete infatti, era stato impalpabile e aveva sbagliato anche una occasione limpida. (<strong>Viscomi s.v.<\/strong>)<\/p>\n<p><strong>SCAPINI 6 \u2013<\/strong> Non ci sembra la causa del brutto Varese visto per un&#8217;ora. Piuttosto, ha provato a farsi notare nonostante i pochi palloni buoni che gli sono arrivati.<\/p>\n<p>(<strong>Piraccini 6,5<\/strong> \u2013 Eccellente la sponda per il gol di Giovio)<\/p>\n<p><strong>GIOVIO 6,5<\/strong> &#8211; Fa e disfa per buona parte della gara, nel senso che prova diverse volte a lasciare il segno finendo per\u00f2 per girare a vuoto in pi\u00f9 di un&#8217;occasione. L&#8217;aspetto positivo \u00e8 che non perde mai la prontezza quando vede l&#8217;area di rigore: non a caso sul pallone buono servito da Piraccini trova il modo di inchiodare in rete il 2-0.<\/p>\n","protected":false},"excerpt":{"rendered":"<p>Soddisfazione da parte del nuovo allenatore biancorosso, sotto gli occhi di un applauditissimo Beppe Sannino: &#8220;Non importa quanti under ci sono in campo, conta giocare da squadra&#8221;<\/p>\n","protected":false},"author":38,"featured_media":0,"comment_status":"open","ping_status":"open","sticky":false,"template":"","format":"standard","meta":{"footnotes":""},"categories":[14],"tags":[207,9192],"acf":[],"yoast_head":"<!-- This site is optimized with the Yoast SEO plugin v20.1 - https:\/\/yoast.com\/wordpress\/plugins\/seo\/ -->\n<title>Baiano: &quot;C&#039;\u00e8 da lavorare ma la squadra mi ha seguito&quot;<\/title>\n<meta name=\"description\" content=\"Soddisfazione da parte del nuovo allenatore biancorosso, sotto gli occhi di un applauditissimo Beppe Sannino: &quot;Non importa quanti under ci sono in campo, conta giocare da squadra&quot;\" \/>\n<meta name=\"robots\" content=\"noindex, follow, max-snippet:-1, max-image-preview:large, max-video-preview:-1\" \/>\n<meta property=\"og:locale\" content=\"it_IT\" \/>\n<meta property=\"og:type\" content=\"article\" \/>\n<meta property=\"og:title\" content=\"Baiano: &quot;C&#039;\u00e8 da lavorare ma la squadra mi ha seguito&quot;\" \/>\n<meta property=\"og:description\" content=\"Soddisfazione da parte del nuovo allenatore biancorosso, sotto gli occhi di un applauditissimo Beppe Sannino: &quot;Non importa quanti under ci sono in campo, conta giocare da squadra&quot;\" \/>\n<meta property=\"og:url\" content=\"https:\/\/staging.varesenews.it\/2016\/10\/baiano-ce-da-lavorare-ma-la-squadra-mi-ha-seguito\/560285\/\" \/>\n<meta property=\"og:site_name\" content=\"VareseNews\" \/>\n<meta property=\"article:publisher\" content=\"https:\/\/www.facebook.com\/varesenews\" \/>\n<meta property=\"article:published_time\" content=\"2016-10-16T17:00:54+00:00\" \/>\n<meta name=\"author\" content=\"Damiano Franzetti\" \/>\n<meta name=\"twitter:card\" content=\"summary_large_image\" \/>\n<meta name=\"twitter:creator\" content=\"@damianofranz\" \/>\n<meta name=\"twitter:site\" content=\"@varesenews\" \/>\n<meta name=\"twitter:label1\" content=\"Scritto da\" \/>\n\t<meta name=\"twitter:data1\" content=\"Damiano Franzetti\" \/>\n\t<meta name=\"twitter:label2\" content=\"Tempo di lettura stimato\" \/>\n\t<meta name=\"twitter:data2\" content=\"5 minuti\" \/>\n<script type=\"application\/ld+json\" class=\"yoast-schema-graph\">{\"@context\":\"https:\/\/schema.org\",\"@graph\":[{\"@type\":\"WebPage\",\"@id\":\"https:\/\/staging.varesenews.it\/2016\/10\/baiano-ce-da-lavorare-ma-la-squadra-mi-ha-seguito\/560285\/\",\"url\":\"https:\/\/staging.varesenews.it\/2016\/10\/baiano-ce-da-lavorare-ma-la-squadra-mi-ha-seguito\/560285\/\",\"name\":\"Baiano: \\\"C'\u00e8 da lavorare ma la squadra mi ha seguito\\\"\",\"isPartOf\":{\"@id\":\"https:\/\/staging.varesenews.it\/#website\"},\"datePublished\":\"2016-10-16T17:00:54+00:00\",\"dateModified\":\"2016-10-16T17:00:54+00:00\",\"author\":{\"@id\":\"https:\/\/staging.varesenews.it\/#\/schema\/person\/709ae3769f6b4dbde8ec332baede8a5b\"},\"description\":\"Soddisfazione da parte del nuovo allenatore biancorosso, sotto gli occhi di un applauditissimo Beppe Sannino: \\\"Non importa quanti under ci sono in campo, conta giocare da squadra\\\"\",\"breadcrumb\":{\"@id\":\"https:\/\/staging.varesenews.it\/2016\/10\/baiano-ce-da-lavorare-ma-la-squadra-mi-ha-seguito\/560285\/#breadcrumb\"},\"inLanguage\":\"it-IT\",\"potentialAction\":[{\"@type\":\"ReadAction\",\"target\":[\"https:\/\/staging.varesenews.it\/2016\/10\/baiano-ce-da-lavorare-ma-la-squadra-mi-ha-seguito\/560285\/\"]}]},{\"@type\":\"BreadcrumbList\",\"@id\":\"https:\/\/staging.varesenews.it\/2016\/10\/baiano-ce-da-lavorare-ma-la-squadra-mi-ha-seguito\/560285\/#breadcrumb\",\"itemListElement\":[{\"@type\":\"ListItem\",\"position\":1,\"name\":\"Home\",\"item\":\"https:\/\/www.varesenews.it\/\"},{\"@type\":\"ListItem\",\"position\":2,\"name\":\"Baiano: &#8220;C&#8217;\u00e8 da lavorare ma la squadra mi ha seguito&#8221;\"}]},{\"@type\":\"WebSite\",\"@id\":\"https:\/\/staging.varesenews.it\/#website\",\"url\":\"https:\/\/staging.varesenews.it\/\",\"name\":\"VareseNews\",\"description\":\"\",\"potentialAction\":[{\"@type\":\"SearchAction\",\"target\":{\"@type\":\"EntryPoint\",\"urlTemplate\":\"https:\/\/staging.varesenews.it\/?s={search_term_string}\"},\"query-input\":\"required name=search_term_string\"}],\"inLanguage\":\"it-IT\"},{\"@type\":\"Person\",\"@id\":\"https:\/\/staging.varesenews.it\/#\/schema\/person\/709ae3769f6b4dbde8ec332baede8a5b\",\"name\":\"Damiano Franzetti\",\"image\":{\"@type\":\"ImageObject\",\"inLanguage\":\"it-IT\",\"@id\":\"https:\/\/staging.varesenews.it\/#\/schema\/person\/image\/\",\"url\":\"https:\/\/staging.varesenews.it\/wp-content\/uploads\/2020\/12\/damiano_franzetti_colori_500.jpg\",\"contentUrl\":\"https:\/\/staging.varesenews.it\/wp-content\/uploads\/2020\/12\/damiano_franzetti_colori_500.jpg\",\"caption\":\"Damiano Franzetti\"},\"description\":\"Classe 1976, una laurea (nel cassetto) in scienze e tecnologie alimentari; sono giornalista professionista dal 2009 nato e cresciuto con VareseNews dove mi occupo soprattutto di sport ormai da vent&rsquo;anni. Inviato sui campi (sulle piste, sulle strade...), intervistatore, coordinatore e responsabile delle pagine sportive, mi ritaglio volentieri lo spazio per scrivere di birra sul blog Malto Gradimento. Ho seguito innumerevoli campionati di Serie A di basket, di serie B di calcio, due Mondiali di ciclismo, qualche Giro d&rsquo;;Italia e tanto altro ancora. Collaboro con Tuttosport e altre testate, mi diletto di social. Ho una moglie, un figlio, vivo nella mia Gemonio e ho purtroppo smesso con il basket giocato. &nbsp;\",\"sameAs\":[\"damianofranz\",\"https:\/\/www.linkedin.com\/profile\/view?id=241597124&trk=nav_responsive_tab_profile\",\"https:\/\/twitter.com\/damianofranz\"],\"url\":\"https:\/\/staging.varesenews.it\/persona\/damiano_franzetti-2\/\"}]}<\/script>\n<!-- \/ Yoast SEO plugin. -->","yoast_head_json":{"title":"Baiano: \"C'\u00e8 da lavorare ma la squadra mi ha seguito\"","description":"Soddisfazione da parte del nuovo allenatore biancorosso, sotto gli occhi di un applauditissimo Beppe Sannino: \"Non importa quanti under ci sono in campo, conta giocare da squadra\"","robots":{"index":"noindex","follow":"follow","max-snippet":"max-snippet:-1","max-image-preview":"max-image-preview:large","max-video-preview":"max-video-preview:-1"},"og_locale":"it_IT","og_type":"article","og_title":"Baiano: \"C'\u00e8 da lavorare ma la squadra mi ha seguito\"","og_description":"Soddisfazione da parte del nuovo allenatore biancorosso, sotto gli occhi di un applauditissimo Beppe Sannino: \"Non importa quanti under ci sono in campo, conta giocare da squadra\"","og_url":"https:\/\/staging.varesenews.it\/2016\/10\/baiano-ce-da-lavorare-ma-la-squadra-mi-ha-seguito\/560285\/","og_site_name":"VareseNews","article_publisher":"https:\/\/www.facebook.com\/varesenews","article_published_time":"2016-10-16T17:00:54+00:00","author":"Damiano Franzetti","twitter_card":"summary_large_image","twitter_creator":"@damianofranz","twitter_site":"@varesenews","twitter_misc":{"Scritto da":"Damiano Franzetti","Tempo di lettura stimato":"5 minuti"},"schema":{"@context":"https:\/\/schema.org","@graph":[{"@type":"WebPage","@id":"https:\/\/staging.varesenews.it\/2016\/10\/baiano-ce-da-lavorare-ma-la-squadra-mi-ha-seguito\/560285\/","url":"https:\/\/staging.varesenews.it\/2016\/10\/baiano-ce-da-lavorare-ma-la-squadra-mi-ha-seguito\/560285\/","name":"Baiano: \"C'\u00e8 da lavorare ma la squadra mi ha seguito\"","isPartOf":{"@id":"https:\/\/staging.varesenews.it\/#website"},"datePublished":"2016-10-16T17:00:54+00:00","dateModified":"2016-10-16T17:00:54+00:00","author":{"@id":"https:\/\/staging.varesenews.it\/#\/schema\/person\/709ae3769f6b4dbde8ec332baede8a5b"},"description":"Soddisfazione da parte del nuovo allenatore biancorosso, sotto gli occhi di un applauditissimo Beppe Sannino: \"Non importa quanti under ci sono in campo, conta giocare da squadra\"","breadcrumb":{"@id":"https:\/\/staging.varesenews.it\/2016\/10\/baiano-ce-da-lavorare-ma-la-squadra-mi-ha-seguito\/560285\/#breadcrumb"},"inLanguage":"it-IT","potentialAction":[{"@type":"ReadAction","target":["https:\/\/staging.varesenews.it\/2016\/10\/baiano-ce-da-lavorare-ma-la-squadra-mi-ha-seguito\/560285\/"]}]},{"@type":"BreadcrumbList","@id":"https:\/\/staging.varesenews.it\/2016\/10\/baiano-ce-da-lavorare-ma-la-squadra-mi-ha-seguito\/560285\/#breadcrumb","itemListElement":[{"@type":"ListItem","position":1,"name":"Home","item":"https:\/\/www.varesenews.it\/"},{"@type":"ListItem","position":2,"name":"Baiano: &#8220;C&#8217;\u00e8 da lavorare ma la squadra mi ha seguito&#8221;"}]},{"@type":"WebSite","@id":"https:\/\/staging.varesenews.it\/#website","url":"https:\/\/staging.varesenews.it\/","name":"VareseNews","description":"","potentialAction":[{"@type":"SearchAction","target":{"@type":"EntryPoint","urlTemplate":"https:\/\/staging.varesenews.it\/?s={search_term_string}"},"query-input":"required name=search_term_string"}],"inLanguage":"it-IT"},{"@type":"Person","@id":"https:\/\/staging.varesenews.it\/#\/schema\/person\/709ae3769f6b4dbde8ec332baede8a5b","name":"Damiano Franzetti","image":{"@type":"ImageObject","inLanguage":"it-IT","@id":"https:\/\/staging.varesenews.it\/#\/schema\/person\/image\/","url":"https:\/\/staging.varesenews.it\/wp-content\/uploads\/2020\/12\/damiano_franzetti_colori_500.jpg","contentUrl":"https:\/\/staging.varesenews.it\/wp-content\/uploads\/2020\/12\/damiano_franzetti_colori_500.jpg","caption":"Damiano Franzetti"},"description":"Classe 1976, una laurea (nel cassetto) in scienze e tecnologie alimentari; sono giornalista professionista dal 2009 nato e cresciuto con VareseNews dove mi occupo soprattutto di sport ormai da vent&rsquo;anni. Inviato sui campi (sulle piste, sulle strade...), intervistatore, coordinatore e responsabile delle pagine sportive, mi ritaglio volentieri lo spazio per scrivere di birra sul blog Malto Gradimento. Ho seguito innumerevoli campionati di Serie A di basket, di serie B di calcio, due Mondiali di ciclismo, qualche Giro d&rsquo;;Italia e tanto altro ancora. Collaboro con Tuttosport e altre testate, mi diletto di social. Ho una moglie, un figlio, vivo nella mia Gemonio e ho purtroppo smesso con il basket giocato. &nbsp;","sameAs":["damianofranz","https:\/\/www.linkedin.com\/profile\/view?id=241597124&trk=nav_responsive_tab_profile","https:\/\/twitter.com\/damianofranz"],"url":"https:\/\/staging.varesenews.it\/persona\/damiano_franzetti-2\/"}]}},"post_meta":{"_edit_lock":"1476637172:47","_edit_last":"47","_category_permalink":"","wdfb_og_title":"","wdfb_og_type":"","wdfb_og_description":"","wdfb_og_images":"a:1:{i:0;s:0:\"\";}","wdfb_og_custom_name":"a:1:{i:0;s:0:\"\";}","wdfb_og_custom_value":"a:1:{i:0;s:0:\"\";}","_jd_twitter":"","_jd_tweet_this":"yes","ratings_users":"0","ratings_score":"0","ratings_average":"0","foto":"573371","argomento":"Interviste e pagelle","_wpt_short_url":"http:\/\/www.varesenews.it\/2016\/10\/baiano-ce-da-lavorare-ma-la-squadra-mi-ha-seguito\/560285\/","_wp_jd_target":"http:\/\/www.varesenews.it\/2016\/10\/baiano-ce-da-lavorare-ma-la-squadra-mi-ha-seguito\/560285\/","_jd_wp_twitter":"a:1:{i:0;s:167:\"Baiano: \"C'\u00e8 da lavorare ma la squadra mi ha seguito\" http:\/\/www.varesenews.it\/2016\/10\/baiano-ce-da-lavorare-ma-la-squadra-mi-ha-seguito\/560285\/ #seried #varesecalcio\";}","_wpt_status_message":"Tweet inviato con successo."},"photos":[{"original":"https:\/\/staging.varesenews.it\/photogallery_new\/images\/2016\/10\/caricamento-temporaneo-per-contributo-2buh5dp9fd-573371.jpg","full":"https:\/\/staging.varesenews.it\/photogallery_new\/images\/2016\/10\/caricamento-temporaneo-per-contributo-2buh5dp9fd-573371.1024x768.jpg","large":"https:\/\/staging.varesenews.it\/photogallery_new\/images\/2016\/10\/caricamento-temporaneo-per-contributo-2buh5dp9fd-573371.610x431.jpg"}],"_links":{"self":[{"href":"https:\/\/staging.varesenews.it\/swgapi\/v1\/wp\/v2\/posts\/560285"}],"collection":[{"href":"https:\/\/staging.varesenews.it\/swgapi\/v1\/wp\/v2\/posts"}],"about":[{"href":"https:\/\/staging.varesenews.it\/swgapi\/v1\/wp\/v2\/types\/post"}],"author":[{"embeddable":true,"href":"https:\/\/staging.varesenews.it\/swgapi\/v1\/wp\/v2\/users\/38"}],"replies":[{"embeddable":true,"href":"https:\/\/staging.varesenews.it\/swgapi\/v1\/wp\/v2\/comments?post=560285"}],"version-history":[{"count":0,"href":"https:\/\/staging.varesenews.it\/swgapi\/v1\/wp\/v2\/posts\/560285\/revisions"}],"wp:attachment":[{"href":"https:\/\/staging.varesenews.it\/swgapi\/v1\/wp\/v2\/media?parent=560285"}],"wp:term":[{"taxonomy":"category","embeddable":true,"href":"https:\/\/staging.varesenews.it\/swgapi\/v1\/wp\/v2\/categories?post=560285"},{"taxonomy":"post_tag","embeddable":true,"href":"https:\/\/staging.varesenews.it\/swgapi\/v1\/wp\/v2\/tags?post=560285"}],"curies":[{"name":"wp","href":"https:\/\/api.w.org\/{rel}","templated":true}]}}