{"id":562590,"date":"2016-10-24T15:02:45","date_gmt":"2016-10-24T13:02:45","guid":{"rendered":"http:\/\/www.varesenews.it\/?p=562590"},"modified":"2016-10-24T15:02:45","modified_gmt":"2016-10-24T13:02:45","slug":"linfluenza-e-in-arrivo-tu-da-che-parte-stai","status":"publish","type":"post","link":"https:\/\/staging.varesenews.it\/2016\/10\/linfluenza-e-in-arrivo-tu-da-che-parte-stai\/562590\/","title":{"rendered":"L&#8217;influenza \u00e8 in arrivo: &#8220;tu da che parte stai?&#8221;"},"content":{"rendered":"<p class=\"p1\"><span class=\"s1\"><strong>Dal 3 novembre<\/strong> <strong>sar\u00e0 possibile sottoporsi alla vaccinazione antinfluenzale.<\/strong> Quest&#8217;anno, anche in virt\u00f9 della Riforma della Sanit\u00e0 che ha suddiviso la competenza tra Ats e Asst, salgono <strong>a 52 le sedi <\/strong>a cui sar\u00e0 possibile chiedere il vaccino, oltre che<strong> al proprio medico curante.<\/strong><\/span><\/p>\n<p class=\"p1\"><strong><a href=\"http:\/\/www.ats-insubria.it\/aree-tematiche\/vaccinazioni\/vaccinazione-antinfluenzale\" target=\"_blank\"><span class=\"s1\">A questo link sar\u00e0 possibile avere indicazione dei giorni e delle sedi nel proprio distretto di residenza.<\/span><\/a><\/strong><\/p>\n<p class=\"p1\"><span class=\"s1\"><b>COME SAR\u00e0 L&#8217;INFLUENZA IN ARRIVO?<br \/>\n<\/b><\/span>Le notizie circolate nei giorni scorsi hanno parlato di virus aggressivi: \u00abNon risulta che gli effetti della malattia siano differenti da quelli dell&#8217;anno passato &#8211; assicura la responsabile del reparto di<strong> malattie infettive dell\u2019ASST Valle Olona d.ssa Tiziana Quirino<\/strong> &#8211; questo non vuol dire che si possa abbassare la guardia: il rischio \u00e8 legato alle complicanze che pu\u00f2 ingenerare nei soggetti a rischio\u00bb. Il vaccino comprende il tradizionale ceppo virale panegirico H1N1 e altri due ceppi nuovi rispetto allo scorso anno.<\/p>\n<p class=\"p1\"><span class=\"s1\"><b>A CHI E&#8217; RISERVATA LA VACCINAZIONE GRATUITA?<br \/>\n<\/b><\/span>Le categorie sono sempre le stesse: gli over 65enni, le persone affette da malattie croniche \u00a0di tipo cardiaco, metabolico o polmonare, gli operatori che stanno in contatto con anziani e ammalati, le forze dell&#8217;ordine, i bambini su indicazione del pediatra, le donne in gravidanza se dopo il primo trimestre di gestazione. \u00abL\u2019obiettivo nazionale &#8211; ha spiegato <strong>la dottoressa Anna Maria Maestroni, direttore sanitario del&#8217;Ats Insubria<\/strong> &#8211; \u00e8 quello di arrivare a una copertura del 75%. Il traguardo, per\u00f2, \u00e8 molto lontano: <strong>lo scorso anno si \u00e8 sottoposto a vaccino il 40% degli aventi diritto.<\/strong> Noi siamo pronti con 100.000 dosi aumentabili per rispondere alla richiesta di tutti. Abbiamo avviato una campagna di sensibilizzazione a tappeto perch\u00e9 pi\u00f9 si crea un ambiente sano e coperto, pi\u00f9 si assicura benessere e salute a tutti\u00bb<\/p>\n<p class=\"p1\"><span class=\"s1\"><b>PERCHE&#8217; VACCINARSI?<br \/>\n<\/b><\/span>Negli ultimi anni, in Italia si assiste a una diminuzione costante di vaccinazioni. Il discorso vale per l&#8217;influenza ma si estende alle <strong>malattie pi\u00f9 gravi per le quali si consiglia la copertura vaccinale tra i bambini<\/strong>: \u00a0\u00abC&#8217;\u00e8 confusione e poca conoscenza del sistema di vigilanza farmacologico &#8211; ha spiegato il <strong>dr Aldo Palumbo del servizio di Igiene e sanit\u00e0 pubblica dell\u2019Ats Insubria<\/strong> &#8211; il sistema di sorveglianza \u00e8 sia sull&#8217;andamento della malattia sia sulle eventuali reazioni ai vaccini che si registrano. Ogni informazione viene raccolta e valutata approfonditamente per migliorare sempre la risposta\u00bb. \u00ab Siamo molto preoccupati per il\u00a0trend: la percentuale di bimbi vaccinati \u00e8 scesa sotto il 95% per tutte le malattie &#8211; ha aggiunto\u00a0 la d.ssa Quirino- \u00a0<strong>c&#8217;\u00e8 il grosso rischio del ritorno di malattie pericolose<\/strong> e non \u00e8 una questione di flussi migratori\u00bb. La scorsa stagione, il picco endemico si \u00e8 registrato l&#8217;ottava settimana ed \u00e8 durata 12 settimane: i casi gravi sono stati 89 e i decessi 32.<\/p>\n<p class=\"p1\"><span class=\"s1\"><b>QUANTE SONO LE DOSI A DISPOSIZIONE<br \/>\n<\/b><\/span>Sono state acquistate<strong> 100.000 dosi<\/strong> per rispondere alla domanda dei 202.000 ultra sessantacinquenni della provincia e delle categorie a rischio. Una promozione speciale \u00e8 stata pensata per<strong> i neo 65enni, circa 11.700 persone,<\/strong> che riceveranno una cartolina personalizzata: \u00ab \u00c8 un&#8217;et\u00e0 in cui ci si sente giovane e in forma -. ha spiegato il direttore sanitario &#8211; ma si dimentica il problema della copertura sociale che fa da scudo anche a chi non si trova in condizioni \u00a0fisiche perfette\u201d\u00bb.<\/p>\n<p class=\"p1\"><strong><span class=\"s1\">I\u00a0BAMBINI<br \/>\n<\/span><\/strong>\u00abNelle nostre sedi di Varese &#8211; ha spiegato i<strong>l dottor Alberto Macchi dell\u2019ASST Sette Laghi<\/strong> &#8211; abbiamo riservato alcune sedute ai bambini che potranno prenotarsi. Per tutti gli altri, l\u2019accesso \u00e8 libero\u00bb<\/p>\n<p class=\"p1\"><strong><span class=\"s1\">TU DA CHE PARTE STAI?<br \/>\n<\/span><\/strong>Questo \u00e8 lo slogan scelto per arrivare a coinvolgere una fetta sempre maggiore di popolazione a rischio. Saranno coinvolti anche <strong>gli oratori<\/strong> nell\u2019opera di promozione dei benefici del vaccino, ma brochure esplicative si potranno trovare nei distretti, dai medici e in altri luoghi di socialit\u00e0. Chi non dovesse rientrare nelle categorie a rischio ma vuole ottenere la copertura pu\u00f2 rivolgersi<strong>, a pagamento, alle farmacie.<\/strong><\/p>\n","protected":false},"excerpt":{"rendered":"<p>Dal 3 novembre sar\u00e0 possibile ottenere il vaccino in uno dei 52 punti di erogazione del territorio a cui si aggiungono i medici di base. L&#8217;appello dei sanitari: &#8221; Vaccinatevi per favorire un ambiente sano&#8221;<\/p>\n","protected":false},"author":33,"featured_media":0,"comment_status":"open","ping_status":"open","sticky":false,"template":"","format":"standard","meta":{"footnotes":""},"categories":[4,3,24,5,2],"tags":[56136,11159,1040],"acf":[],"yoast_head":"<!-- This site is optimized with the Yoast SEO plugin v20.1 - https:\/\/yoast.com\/wordpress\/plugins\/seo\/ -->\n<title>L&#039;influenza \u00e8 in arrivo: &quot;tu da che parte stai?&quot;<\/title>\n<meta name=\"description\" content=\"Dal 3 novembre sar\u00e0 possibile ottenere il vaccino in uno dei 52 punti di erogazione del territorio a cui si aggiungono i medici di base. L&#039;appello dei sanitari: &quot; Vaccinatevi per favorire un ambiente sano&quot;\" \/>\n<meta name=\"robots\" content=\"noindex, follow, max-snippet:-1, max-image-preview:large, max-video-preview:-1\" \/>\n<meta property=\"og:locale\" content=\"it_IT\" \/>\n<meta property=\"og:type\" content=\"article\" \/>\n<meta property=\"og:title\" content=\"L&#039;influenza \u00e8 in arrivo: &quot;tu da che parte stai?&quot;\" \/>\n<meta property=\"og:description\" content=\"Dal 3 novembre sar\u00e0 possibile ottenere il vaccino in uno dei 52 punti di erogazione del territorio a cui si aggiungono i medici di base. L&#039;appello dei sanitari: &quot; Vaccinatevi per favorire un ambiente sano&quot;\" \/>\n<meta property=\"og:url\" content=\"https:\/\/staging.varesenews.it\/2016\/10\/linfluenza-e-in-arrivo-tu-da-che-parte-stai\/562590\/\" \/>\n<meta property=\"og:site_name\" content=\"VareseNews\" \/>\n<meta property=\"article:publisher\" content=\"https:\/\/www.facebook.com\/varesenews\" \/>\n<meta property=\"article:author\" content=\"alessandra.toni7\" \/>\n<meta property=\"article:published_time\" content=\"2016-10-24T13:02:45+00:00\" \/>\n<meta name=\"author\" content=\"Alessandra Toni\" \/>\n<meta name=\"twitter:card\" content=\"summary_large_image\" \/>\n<meta name=\"twitter:creator\" content=\"@alessandra_toni\" \/>\n<meta name=\"twitter:site\" content=\"@varesenews\" \/>\n<meta name=\"twitter:label1\" content=\"Scritto da\" \/>\n\t<meta name=\"twitter:data1\" content=\"Alessandra Toni\" \/>\n\t<meta name=\"twitter:label2\" content=\"Tempo di lettura stimato\" \/>\n\t<meta name=\"twitter:data2\" content=\"3 minuti\" \/>\n<script type=\"application\/ld+json\" class=\"yoast-schema-graph\">{\"@context\":\"https:\/\/schema.org\",\"@graph\":[{\"@type\":\"WebPage\",\"@id\":\"https:\/\/staging.varesenews.it\/2016\/10\/linfluenza-e-in-arrivo-tu-da-che-parte-stai\/562590\/\",\"url\":\"https:\/\/staging.varesenews.it\/2016\/10\/linfluenza-e-in-arrivo-tu-da-che-parte-stai\/562590\/\",\"name\":\"L'influenza \u00e8 in arrivo: \\\"tu da che parte stai?\\\"\",\"isPartOf\":{\"@id\":\"https:\/\/staging.varesenews.it\/#website\"},\"datePublished\":\"2016-10-24T13:02:45+00:00\",\"dateModified\":\"2016-10-24T13:02:45+00:00\",\"author\":{\"@id\":\"https:\/\/staging.varesenews.it\/#\/schema\/person\/2643ce123d4a3c9511e015dc548779b8\"},\"description\":\"Dal 3 novembre sar\u00e0 possibile ottenere il vaccino in uno dei 52 punti di erogazione del territorio a cui si aggiungono i medici di base. L'appello dei sanitari: \\\" Vaccinatevi per favorire un ambiente sano\\\"\",\"breadcrumb\":{\"@id\":\"https:\/\/staging.varesenews.it\/2016\/10\/linfluenza-e-in-arrivo-tu-da-che-parte-stai\/562590\/#breadcrumb\"},\"inLanguage\":\"it-IT\",\"potentialAction\":[{\"@type\":\"ReadAction\",\"target\":[\"https:\/\/staging.varesenews.it\/2016\/10\/linfluenza-e-in-arrivo-tu-da-che-parte-stai\/562590\/\"]}]},{\"@type\":\"BreadcrumbList\",\"@id\":\"https:\/\/staging.varesenews.it\/2016\/10\/linfluenza-e-in-arrivo-tu-da-che-parte-stai\/562590\/#breadcrumb\",\"itemListElement\":[{\"@type\":\"ListItem\",\"position\":1,\"name\":\"Home\",\"item\":\"https:\/\/www.varesenews.it\/\"},{\"@type\":\"ListItem\",\"position\":2,\"name\":\"L&#8217;influenza \u00e8 in arrivo: &#8220;tu da che parte stai?&#8221;\"}]},{\"@type\":\"WebSite\",\"@id\":\"https:\/\/staging.varesenews.it\/#website\",\"url\":\"https:\/\/staging.varesenews.it\/\",\"name\":\"VareseNews\",\"description\":\"\",\"potentialAction\":[{\"@type\":\"SearchAction\",\"target\":{\"@type\":\"EntryPoint\",\"urlTemplate\":\"https:\/\/staging.varesenews.it\/?s={search_term_string}\"},\"query-input\":\"required name=search_term_string\"}],\"inLanguage\":\"it-IT\"},{\"@type\":\"Person\",\"@id\":\"https:\/\/staging.varesenews.it\/#\/schema\/person\/2643ce123d4a3c9511e015dc548779b8\",\"name\":\"Alessandra Toni\",\"image\":{\"@type\":\"ImageObject\",\"inLanguage\":\"it-IT\",\"@id\":\"https:\/\/staging.varesenews.it\/#\/schema\/person\/image\/\",\"url\":\"https:\/\/staging.varesenews.it\/wp-content\/uploads\/2020\/12\/alessandra_toni_colori_500.jpg\",\"contentUrl\":\"https:\/\/staging.varesenews.it\/wp-content\/uploads\/2020\/12\/alessandra_toni_colori_500.jpg\",\"caption\":\"Alessandra Toni\"},\"description\":\"Sono entrata nella redazione di VareseNews nel lontano anno 2000. Ero reduce da una bellissima esperienza nella redazione giornalistica della TV Nuova Antennatre, sotto la direzione dell'indimenticabile direttore Adolfo Caldarini. Sono arrivata quando era ancora una piccola realt\u00e0 editoriale e insieme abbiamo fatto un lungo ed entusiasmante lavoro. Mi occupo prevalentemente di scuola e di sanit\u00e0, settori impegnativi di grande valore sociale.\u00a0\",\"sameAs\":[\"alessandra.toni7\",\"alessandra.toni\",\"https:\/\/twitter.com\/alessandra_toni\"],\"url\":\"https:\/\/staging.varesenews.it\/persona\/alessandra_toni1\/\"}]}<\/script>\n<!-- \/ Yoast SEO plugin. -->","yoast_head_json":{"title":"L'influenza \u00e8 in arrivo: \"tu da che parte stai?\"","description":"Dal 3 novembre sar\u00e0 possibile ottenere il vaccino in uno dei 52 punti di erogazione del territorio a cui si aggiungono i medici di base. L'appello dei sanitari: \" Vaccinatevi per favorire un ambiente sano\"","robots":{"index":"noindex","follow":"follow","max-snippet":"max-snippet:-1","max-image-preview":"max-image-preview:large","max-video-preview":"max-video-preview:-1"},"og_locale":"it_IT","og_type":"article","og_title":"L'influenza \u00e8 in arrivo: \"tu da che parte stai?\"","og_description":"Dal 3 novembre sar\u00e0 possibile ottenere il vaccino in uno dei 52 punti di erogazione del territorio a cui si aggiungono i medici di base. L'appello dei sanitari: \" Vaccinatevi per favorire un ambiente sano\"","og_url":"https:\/\/staging.varesenews.it\/2016\/10\/linfluenza-e-in-arrivo-tu-da-che-parte-stai\/562590\/","og_site_name":"VareseNews","article_publisher":"https:\/\/www.facebook.com\/varesenews","article_author":"alessandra.toni7","article_published_time":"2016-10-24T13:02:45+00:00","author":"Alessandra Toni","twitter_card":"summary_large_image","twitter_creator":"@alessandra_toni","twitter_site":"@varesenews","twitter_misc":{"Scritto da":"Alessandra Toni","Tempo di lettura stimato":"3 minuti"},"schema":{"@context":"https:\/\/schema.org","@graph":[{"@type":"WebPage","@id":"https:\/\/staging.varesenews.it\/2016\/10\/linfluenza-e-in-arrivo-tu-da-che-parte-stai\/562590\/","url":"https:\/\/staging.varesenews.it\/2016\/10\/linfluenza-e-in-arrivo-tu-da-che-parte-stai\/562590\/","name":"L'influenza \u00e8 in arrivo: \"tu da che parte stai?\"","isPartOf":{"@id":"https:\/\/staging.varesenews.it\/#website"},"datePublished":"2016-10-24T13:02:45+00:00","dateModified":"2016-10-24T13:02:45+00:00","author":{"@id":"https:\/\/staging.varesenews.it\/#\/schema\/person\/2643ce123d4a3c9511e015dc548779b8"},"description":"Dal 3 novembre sar\u00e0 possibile ottenere il vaccino in uno dei 52 punti di erogazione del territorio a cui si aggiungono i medici di base. L'appello dei sanitari: \" Vaccinatevi per favorire un ambiente sano\"","breadcrumb":{"@id":"https:\/\/staging.varesenews.it\/2016\/10\/linfluenza-e-in-arrivo-tu-da-che-parte-stai\/562590\/#breadcrumb"},"inLanguage":"it-IT","potentialAction":[{"@type":"ReadAction","target":["https:\/\/staging.varesenews.it\/2016\/10\/linfluenza-e-in-arrivo-tu-da-che-parte-stai\/562590\/"]}]},{"@type":"BreadcrumbList","@id":"https:\/\/staging.varesenews.it\/2016\/10\/linfluenza-e-in-arrivo-tu-da-che-parte-stai\/562590\/#breadcrumb","itemListElement":[{"@type":"ListItem","position":1,"name":"Home","item":"https:\/\/www.varesenews.it\/"},{"@type":"ListItem","position":2,"name":"L&#8217;influenza \u00e8 in arrivo: &#8220;tu da che parte stai?&#8221;"}]},{"@type":"WebSite","@id":"https:\/\/staging.varesenews.it\/#website","url":"https:\/\/staging.varesenews.it\/","name":"VareseNews","description":"","potentialAction":[{"@type":"SearchAction","target":{"@type":"EntryPoint","urlTemplate":"https:\/\/staging.varesenews.it\/?s={search_term_string}"},"query-input":"required name=search_term_string"}],"inLanguage":"it-IT"},{"@type":"Person","@id":"https:\/\/staging.varesenews.it\/#\/schema\/person\/2643ce123d4a3c9511e015dc548779b8","name":"Alessandra Toni","image":{"@type":"ImageObject","inLanguage":"it-IT","@id":"https:\/\/staging.varesenews.it\/#\/schema\/person\/image\/","url":"https:\/\/staging.varesenews.it\/wp-content\/uploads\/2020\/12\/alessandra_toni_colori_500.jpg","contentUrl":"https:\/\/staging.varesenews.it\/wp-content\/uploads\/2020\/12\/alessandra_toni_colori_500.jpg","caption":"Alessandra Toni"},"description":"Sono entrata nella redazione di VareseNews nel lontano anno 2000. Ero reduce da una bellissima esperienza nella redazione giornalistica della TV Nuova Antennatre, sotto la direzione dell'indimenticabile direttore Adolfo Caldarini. Sono arrivata quando era ancora una piccola realt\u00e0 editoriale e insieme abbiamo fatto un lungo ed entusiasmante lavoro. Mi occupo prevalentemente di scuola e di sanit\u00e0, settori impegnativi di grande valore sociale.\u00a0","sameAs":["alessandra.toni7","alessandra.toni","https:\/\/twitter.com\/alessandra_toni"],"url":"https:\/\/staging.varesenews.it\/persona\/alessandra_toni1\/"}]}},"post_meta":{"_edit_lock":"1477337744:33","_edit_last":"33","_category_permalink":"24","wdfb_og_title":"","wdfb_og_type":"","wdfb_og_description":"","wdfb_og_images":"a:1:{i:0;s:0:\"\";}","wdfb_og_custom_name":"a:1:{i:0;s:0:\"\";}","wdfb_og_custom_value":"a:1:{i:0;s:0:\"\";}","foto":"222315","argomento":"Varese","_jd_twitter":"","_jd_tweet_this":"yes","id_video_vzaar":"8485243","_yoast_wpseo_focuskw":"vaccino antinfluenzale","ratings_users":"0","ratings_score":"0","ratings_average":"0","_wpt_short_url":"http:\/\/www.varesenews.it\/2016\/10\/linfluenza-e-in-arrivo-tu-da-che-parte-stai\/562590\/","_wp_jd_target":"http:\/\/www.varesenews.it\/2016\/10\/linfluenza-e-in-arrivo-tu-da-che-parte-stai\/562590\/","_jd_wp_twitter":"a:1:{i:0;s:172:\"L'influenza \u00e8 in arrivo: \"tu da che parte stai?\" http:\/\/www.varesenews.it\/2016\/10\/linfluenza-e-in-arrivo-tu-da-che-parte-stai\/562590\/ #atsinsubria #influenza #vaccinazioni\";}","_wpt_status_message":"Tweet inviato con successo.","_yoast_wpseo_linkdex":"64","id_leggi_anche":"571509,581938,583200"},"photos":[{"original":"https:\/\/staging.varesenews.it\/photogallery_new\/images\/2011\/11\/influenza-apertura-222315.jpg","full":"https:\/\/staging.varesenews.it\/photogallery_new\/images\/2011\/11\/influenza-apertura-222315.1024x768.jpg","large":"https:\/\/staging.varesenews.it\/photogallery_new\/images\/2011\/11\/influenza-apertura-222315.610x431.jpg"}],"_links":{"self":[{"href":"https:\/\/staging.varesenews.it\/swgapi\/v1\/wp\/v2\/posts\/562590"}],"collection":[{"href":"https:\/\/staging.varesenews.it\/swgapi\/v1\/wp\/v2\/posts"}],"about":[{"href":"https:\/\/staging.varesenews.it\/swgapi\/v1\/wp\/v2\/types\/post"}],"author":[{"embeddable":true,"href":"https:\/\/staging.varesenews.it\/swgapi\/v1\/wp\/v2\/users\/33"}],"replies":[{"embeddable":true,"href":"https:\/\/staging.varesenews.it\/swgapi\/v1\/wp\/v2\/comments?post=562590"}],"version-history":[{"count":0,"href":"https:\/\/staging.varesenews.it\/swgapi\/v1\/wp\/v2\/posts\/562590\/revisions"}],"wp:attachment":[{"href":"https:\/\/staging.varesenews.it\/swgapi\/v1\/wp\/v2\/media?parent=562590"}],"wp:term":[{"taxonomy":"category","embeddable":true,"href":"https:\/\/staging.varesenews.it\/swgapi\/v1\/wp\/v2\/categories?post=562590"},{"taxonomy":"post_tag","embeddable":true,"href":"https:\/\/staging.varesenews.it\/swgapi\/v1\/wp\/v2\/tags?post=562590"}],"curies":[{"name":"wp","href":"https:\/\/api.w.org\/{rel}","templated":true}]}}