{"id":562938,"date":"2016-10-25T12:03:17","date_gmt":"2016-10-25T10:03:17","guid":{"rendered":"http:\/\/www.varesenews.it\/?p=562938"},"modified":"2016-10-25T12:03:17","modified_gmt":"2016-10-25T10:03:17","slug":"da-expo-al-mall-di-arese-le-imprese-della-ndrangheta-nel-mirino","status":"publish","type":"post","link":"https:\/\/staging.varesenews.it\/2016\/10\/da-expo-al-mall-di-arese-le-imprese-della-ndrangheta-nel-mirino\/562938\/","title":{"rendered":"Da Expo al mall di Arese, le imprese della &#8216;ndrangheta nel mirino"},"content":{"rendered":"<p>Non se ne sono mai andati, hanno solo cambiato i nomi delle societ\u00e0 ma loro stanno sempre l\u00ec nonostante le continue operazioni da parte della magistratura. Finch\u00e8 ci sono appalti e sub-appalti loro possono operare nonostante l&#8217;Anac, i controlli dei Prefetti sulle imprese, le dichiarazioni del governo.<\/p>\n<p><strong> I clan della &#8216;ndrangheta sono riusciti a mettere piede in Expo 2015<\/strong> costruendo i padiglioni di <strong>Cina ed Ecuador<\/strong>, delle opere di urbanizzazione e delle infrastrutture base, nei subappalti di <strong>Ferrovie Nord Milano<\/strong> del <strong>maxi-centro commerciale di Arese<\/strong>, del consorzio di Bereguardo (Pv) e anche di grandi resort in <strong>Romania<\/strong> con una pioggia di milioni provenienti dall&#8217;Unione Europea.<\/p>\n<p>La <strong>Guardia di Finanza di Reggio Calabria<\/strong>, su ordine della Dda reggina, sta eseguendo arresti e perquisizioni nelle province di di <strong>Milano, Reggio Calabria, Catanzaro, Catania, Bergamo, Bologna, Brescia e Mantova<\/strong>, nei confronti di un gruppo di persone ritenute responsabili, a vario titolo, di associazione di tipo mafioso, riciclaggio, estorsione, induzione alla prostituzione, detenzione illecita di armi da fuoco, con l\u2019aggravante del metodo mafioso, operanti in diversi comuni della Calabria, Lombardia ed Emilia Romagna.<\/p>\n<p>L\u2019indagine, condotta sotto la direzione della D.D.A. di Reggio Calabria, prende le mosse da un\u2019intensa attivit\u00e0 investigativa volta a disarticolare un sodalizio criminale calabrese facente capo ai clan <strong>Aquino\/Coluccio di Marina di Gioiosa Jonica (RC) e\u00a0<\/strong><strong>Piromalli-Bellocco,<\/strong> operative nella zona di Rosarno (RC), dedito al controllo di diverse attivit\u00e0 economiche fittiziamente intestate a soggetti compiacenti aggiudicandosi, anche con il ricorso di metodi mafiosi, appalti e sub-appalti per la realizzazione di opere importanti.<\/p>\n<p>L\u2019operazione, convenzionalmente denominata \u201cRent\u201d \u00e8 la <a title=\"Tangenti in cambio di appalti, 14 arresti in Lombardia\" href=\"http:\/\/www.varesenews.it\/2016\/10\/tangenti-in-cambio-di-appalti-14-arresti-in-lombardia\/556087\/\">continuazione dell&#8217;operazione della Dda di Milano denominata &#8220;Underground&#8221;<\/a> che ha smantellato un cartello di imprenditori che si aggiudicava la realizzazione di opere pubbliche (tra queste anche il collegamento ferroviario T1-T2 a Malpensa, ndr), ha interessato, per la specificit\u00e0 dell\u2019organizzazione indagata, sia l\u2019ambito nazionale che quello internazionale.<\/p>\n<p>Proprio in ordine a tale ultimo aspetto, nel corso dell\u2019attivit\u00e0 investigativa sono stati\u00a0monitorati ulteriori lavori per la realizzazione di un complesso turistico-sportivo, in\u00a0localit\u00e0 Arges Pitesti (Romania) e del resort Molivi\u015fu, per un valore complessivo di 80\u00a0milioni di euro di cui 27 a carico dell\u2019Unione Europea, nonch\u00e9 di un immobile in\u00a0Marocco.<\/p>\n<p>Oltre al provvedimento di perquisizione, sono stati eseguiti i sequestri patrimoniali di\u00a0beni immobili (appartamenti e locali), mobili registrati (autoveicoli di lusso,\u00a0motoveicoli e autocarri), societ\u00e0, polizze assicurative e conti correnti bancari e postali,<br \/>\nper un valore prudenzialmente stimato in oltre <strong>15.000.000 di euro<\/strong>.<\/p>\n<p>L\u2019esecuzione dei provvedimenti cautelari reali risponde ad una precisa strategia della Direzione distrettuale calabrese, che punta ad accertare i patrimoni degli\u00a0indagati, con l&#8217;obiettivo di sottrarre loro le ingenti risorse economiche frutto di investimenti effettuati con proventi illeciti e colpire, quindi, in maniera incisiva il gruppo\u00a0criminale ed i soggetti prestanome (spesso legati da vincoli di parentela e\/o affinit\u00e0)\u00a0utilizzati come fittizi intestatari dei beni.<\/p>\n","protected":false},"excerpt":{"rendered":"<p>Maxi-operazione della Guardia di Finanza e della Dda di Reggio Calabria contro le cosche Piromalli-Bellocco e Acquino\/Coluccio. Attraverso imprese del nord operavano in cantieri pubblici e privati<\/p>\n","protected":false},"author":47,"featured_media":0,"comment_status":"open","ping_status":"open","sticky":false,"template":"","format":"standard","meta":{"footnotes":""},"categories":[4,9,7],"tags":[1266,4173,299,4981],"acf":[],"yoast_head":"<!-- This site is optimized with the Yoast SEO plugin v20.1 - https:\/\/yoast.com\/wordpress\/plugins\/seo\/ -->\n<title>Da Expo al mall di Arese, le imprese della &#039;ndrangheta nel mirino<\/title>\n<meta name=\"description\" content=\"Maxi-operazione della Guardia di Finanza e della Dda di Reggio Calabria contro le cosche Piromalli-Bellocco e Acquino\/Coluccio. Attraverso imprese del nord operavano in cantieri pubblici e privati\" \/>\n<meta name=\"robots\" content=\"noindex, follow, max-snippet:-1, max-image-preview:large, max-video-preview:-1\" \/>\n<meta property=\"og:locale\" content=\"it_IT\" \/>\n<meta property=\"og:type\" content=\"article\" \/>\n<meta property=\"og:title\" content=\"Da Expo al mall di Arese, le imprese della &#039;ndrangheta nel mirino\" \/>\n<meta property=\"og:description\" content=\"Maxi-operazione della Guardia di Finanza e della Dda di Reggio Calabria contro le cosche Piromalli-Bellocco e Acquino\/Coluccio. Attraverso imprese del nord operavano in cantieri pubblici e privati\" \/>\n<meta property=\"og:url\" content=\"https:\/\/staging.varesenews.it\/2016\/10\/da-expo-al-mall-di-arese-le-imprese-della-ndrangheta-nel-mirino\/562938\/\" \/>\n<meta property=\"og:site_name\" content=\"VareseNews\" \/>\n<meta property=\"article:publisher\" content=\"https:\/\/www.facebook.com\/varesenews\" \/>\n<meta property=\"article:published_time\" content=\"2016-10-25T10:03:17+00:00\" \/>\n<meta name=\"author\" content=\"Orlando Mastrillo\" \/>\n<meta name=\"twitter:card\" content=\"summary_large_image\" \/>\n<meta name=\"twitter:creator\" content=\"@nando_mastrillo\" \/>\n<meta name=\"twitter:site\" content=\"@varesenews\" \/>\n<meta name=\"twitter:label1\" content=\"Scritto da\" \/>\n\t<meta name=\"twitter:data1\" content=\"Orlando Mastrillo\" \/>\n\t<meta name=\"twitter:label2\" content=\"Tempo di lettura stimato\" \/>\n\t<meta name=\"twitter:data2\" content=\"2 minuti\" \/>\n<script type=\"application\/ld+json\" class=\"yoast-schema-graph\">{\"@context\":\"https:\/\/schema.org\",\"@graph\":[{\"@type\":\"WebPage\",\"@id\":\"https:\/\/staging.varesenews.it\/2016\/10\/da-expo-al-mall-di-arese-le-imprese-della-ndrangheta-nel-mirino\/562938\/\",\"url\":\"https:\/\/staging.varesenews.it\/2016\/10\/da-expo-al-mall-di-arese-le-imprese-della-ndrangheta-nel-mirino\/562938\/\",\"name\":\"Da Expo al mall di Arese, le imprese della 'ndrangheta nel mirino\",\"isPartOf\":{\"@id\":\"https:\/\/staging.varesenews.it\/#website\"},\"datePublished\":\"2016-10-25T10:03:17+00:00\",\"dateModified\":\"2016-10-25T10:03:17+00:00\",\"author\":{\"@id\":\"https:\/\/staging.varesenews.it\/#\/schema\/person\/14c47ccce537a9058dddce296f10b296\"},\"description\":\"Maxi-operazione della Guardia di Finanza e della Dda di Reggio Calabria contro le cosche Piromalli-Bellocco e Acquino\/Coluccio. Attraverso imprese del nord operavano in cantieri pubblici e privati\",\"breadcrumb\":{\"@id\":\"https:\/\/staging.varesenews.it\/2016\/10\/da-expo-al-mall-di-arese-le-imprese-della-ndrangheta-nel-mirino\/562938\/#breadcrumb\"},\"inLanguage\":\"it-IT\",\"potentialAction\":[{\"@type\":\"ReadAction\",\"target\":[\"https:\/\/staging.varesenews.it\/2016\/10\/da-expo-al-mall-di-arese-le-imprese-della-ndrangheta-nel-mirino\/562938\/\"]}]},{\"@type\":\"BreadcrumbList\",\"@id\":\"https:\/\/staging.varesenews.it\/2016\/10\/da-expo-al-mall-di-arese-le-imprese-della-ndrangheta-nel-mirino\/562938\/#breadcrumb\",\"itemListElement\":[{\"@type\":\"ListItem\",\"position\":1,\"name\":\"Home\",\"item\":\"https:\/\/www.varesenews.it\/\"},{\"@type\":\"ListItem\",\"position\":2,\"name\":\"Da Expo al mall di Arese, le imprese della &#8216;ndrangheta nel mirino\"}]},{\"@type\":\"WebSite\",\"@id\":\"https:\/\/staging.varesenews.it\/#website\",\"url\":\"https:\/\/staging.varesenews.it\/\",\"name\":\"VareseNews\",\"description\":\"\",\"potentialAction\":[{\"@type\":\"SearchAction\",\"target\":{\"@type\":\"EntryPoint\",\"urlTemplate\":\"https:\/\/staging.varesenews.it\/?s={search_term_string}\"},\"query-input\":\"required name=search_term_string\"}],\"inLanguage\":\"it-IT\"},{\"@type\":\"Person\",\"@id\":\"https:\/\/staging.varesenews.it\/#\/schema\/person\/14c47ccce537a9058dddce296f10b296\",\"name\":\"Orlando Mastrillo\",\"image\":{\"@type\":\"ImageObject\",\"inLanguage\":\"it-IT\",\"@id\":\"https:\/\/staging.varesenews.it\/#\/schema\/person\/image\/\",\"url\":\"https:\/\/staging.varesenews.it\/wp-content\/uploads\/2020\/12\/orlando_mastrillo_colori_500.jpg\",\"contentUrl\":\"https:\/\/staging.varesenews.it\/wp-content\/uploads\/2020\/12\/orlando_mastrillo_colori_500.jpg\",\"caption\":\"Orlando Mastrillo\"},\"description\":\"Nasco a Luino nel 1981, ho iniziato questo lavoro nell'estate del 2003 nella redazione de Il Giorno di Varese e dall'anno successivo ho intrapreso la collaborazione con VareseNews. Dopo anni nell'Alto Varesotto mi sono trasferito a Busto Arsizio nel 2007, territorio che ho iniziato a seguire e che seguo tutt'oggi. Nel 2013 sono diventato giornalista professionista. Mi occupo di cronaca politica, giudiziaria e nera in una vasta area che comprende anche parte della Valle Olona e il Legnanese. Sono sposato con Valeria Arini e ho due splendide figlie.\",\"sameAs\":[\"or_ma\",\"https:\/\/twitter.com\/nando_mastrillo\"],\"url\":\"https:\/\/staging.varesenews.it\/persona\/orlando-mastrillo1\/\"}]}<\/script>\n<!-- \/ Yoast SEO plugin. -->","yoast_head_json":{"title":"Da Expo al mall di Arese, le imprese della 'ndrangheta nel mirino","description":"Maxi-operazione della Guardia di Finanza e della Dda di Reggio Calabria contro le cosche Piromalli-Bellocco e Acquino\/Coluccio. Attraverso imprese del nord operavano in cantieri pubblici e privati","robots":{"index":"noindex","follow":"follow","max-snippet":"max-snippet:-1","max-image-preview":"max-image-preview:large","max-video-preview":"max-video-preview:-1"},"og_locale":"it_IT","og_type":"article","og_title":"Da Expo al mall di Arese, le imprese della 'ndrangheta nel mirino","og_description":"Maxi-operazione della Guardia di Finanza e della Dda di Reggio Calabria contro le cosche Piromalli-Bellocco e Acquino\/Coluccio. Attraverso imprese del nord operavano in cantieri pubblici e privati","og_url":"https:\/\/staging.varesenews.it\/2016\/10\/da-expo-al-mall-di-arese-le-imprese-della-ndrangheta-nel-mirino\/562938\/","og_site_name":"VareseNews","article_publisher":"https:\/\/www.facebook.com\/varesenews","article_published_time":"2016-10-25T10:03:17+00:00","author":"Orlando Mastrillo","twitter_card":"summary_large_image","twitter_creator":"@nando_mastrillo","twitter_site":"@varesenews","twitter_misc":{"Scritto da":"Orlando Mastrillo","Tempo di lettura stimato":"2 minuti"},"schema":{"@context":"https:\/\/schema.org","@graph":[{"@type":"WebPage","@id":"https:\/\/staging.varesenews.it\/2016\/10\/da-expo-al-mall-di-arese-le-imprese-della-ndrangheta-nel-mirino\/562938\/","url":"https:\/\/staging.varesenews.it\/2016\/10\/da-expo-al-mall-di-arese-le-imprese-della-ndrangheta-nel-mirino\/562938\/","name":"Da Expo al mall di Arese, le imprese della 'ndrangheta nel mirino","isPartOf":{"@id":"https:\/\/staging.varesenews.it\/#website"},"datePublished":"2016-10-25T10:03:17+00:00","dateModified":"2016-10-25T10:03:17+00:00","author":{"@id":"https:\/\/staging.varesenews.it\/#\/schema\/person\/14c47ccce537a9058dddce296f10b296"},"description":"Maxi-operazione della Guardia di Finanza e della Dda di Reggio Calabria contro le cosche Piromalli-Bellocco e Acquino\/Coluccio. Attraverso imprese del nord operavano in cantieri pubblici e privati","breadcrumb":{"@id":"https:\/\/staging.varesenews.it\/2016\/10\/da-expo-al-mall-di-arese-le-imprese-della-ndrangheta-nel-mirino\/562938\/#breadcrumb"},"inLanguage":"it-IT","potentialAction":[{"@type":"ReadAction","target":["https:\/\/staging.varesenews.it\/2016\/10\/da-expo-al-mall-di-arese-le-imprese-della-ndrangheta-nel-mirino\/562938\/"]}]},{"@type":"BreadcrumbList","@id":"https:\/\/staging.varesenews.it\/2016\/10\/da-expo-al-mall-di-arese-le-imprese-della-ndrangheta-nel-mirino\/562938\/#breadcrumb","itemListElement":[{"@type":"ListItem","position":1,"name":"Home","item":"https:\/\/www.varesenews.it\/"},{"@type":"ListItem","position":2,"name":"Da Expo al mall di Arese, le imprese della &#8216;ndrangheta nel mirino"}]},{"@type":"WebSite","@id":"https:\/\/staging.varesenews.it\/#website","url":"https:\/\/staging.varesenews.it\/","name":"VareseNews","description":"","potentialAction":[{"@type":"SearchAction","target":{"@type":"EntryPoint","urlTemplate":"https:\/\/staging.varesenews.it\/?s={search_term_string}"},"query-input":"required name=search_term_string"}],"inLanguage":"it-IT"},{"@type":"Person","@id":"https:\/\/staging.varesenews.it\/#\/schema\/person\/14c47ccce537a9058dddce296f10b296","name":"Orlando Mastrillo","image":{"@type":"ImageObject","inLanguage":"it-IT","@id":"https:\/\/staging.varesenews.it\/#\/schema\/person\/image\/","url":"https:\/\/staging.varesenews.it\/wp-content\/uploads\/2020\/12\/orlando_mastrillo_colori_500.jpg","contentUrl":"https:\/\/staging.varesenews.it\/wp-content\/uploads\/2020\/12\/orlando_mastrillo_colori_500.jpg","caption":"Orlando Mastrillo"},"description":"Nasco a Luino nel 1981, ho iniziato questo lavoro nell'estate del 2003 nella redazione de Il Giorno di Varese e dall'anno successivo ho intrapreso la collaborazione con VareseNews. Dopo anni nell'Alto Varesotto mi sono trasferito a Busto Arsizio nel 2007, territorio che ho iniziato a seguire e che seguo tutt'oggi. Nel 2013 sono diventato giornalista professionista. Mi occupo di cronaca politica, giudiziaria e nera in una vasta area che comprende anche parte della Valle Olona e il Legnanese. Sono sposato con Valeria Arini e ho due splendide figlie.","sameAs":["or_ma","https:\/\/twitter.com\/nando_mastrillo"],"url":"https:\/\/staging.varesenews.it\/persona\/orlando-mastrillo1\/"}]}},"post_meta":{"_edit_lock":"1477398980:47","_edit_last":"47","ratings_users":"0","ratings_score":"0","ratings_average":"0","_category_permalink":"","wdfb_og_title":"","wdfb_og_type":"","wdfb_og_description":"","wdfb_og_images":"a:1:{i:0;s:0:\"\";}","wdfb_og_custom_name":"a:1:{i:0;s:0:\"\";}","wdfb_og_custom_value":"a:1:{i:0;s:0:\"\";}","foto":"452399","argomento":"Milano","_jd_twitter":"","_jd_tweet_this":"yes","_wpt_short_url":"http:\/\/www.varesenews.it\/2016\/10\/da-expo-al-mall-di-arese-le-imprese-della-ndrangheta-nel-mirino\/562938\/","_wp_jd_target":"http:\/\/www.varesenews.it\/2016\/10\/da-expo-al-mall-di-arese-le-imprese-della-ndrangheta-nel-mirino\/562938\/","_jd_wp_twitter":"a:1:{i:0;s:197:\"Da Expo al mall di Arese, le imprese della 'ndrangheta nel mirino http:\/\/www.varesenews.it\/2016\/10\/da-expo-al-mall-di-arese-le-imprese-della-ndrangheta-nel-mirino\/562938\/ #ndrangheta #dda #expo2015\";}","_wpt_status_message":"Tweet inviato con successo."},"photos":[{"original":"https:\/\/staging.varesenews.it\/photogallery_new\/images\/2015\/05\/varie-452399.jpg","full":"https:\/\/staging.varesenews.it\/photogallery_new\/images\/2015\/05\/varie-452399.1024x768.jpg","large":"https:\/\/staging.varesenews.it\/photogallery_new\/images\/2015\/05\/varie-452399.610x431.jpg"}],"_links":{"self":[{"href":"https:\/\/staging.varesenews.it\/swgapi\/v1\/wp\/v2\/posts\/562938"}],"collection":[{"href":"https:\/\/staging.varesenews.it\/swgapi\/v1\/wp\/v2\/posts"}],"about":[{"href":"https:\/\/staging.varesenews.it\/swgapi\/v1\/wp\/v2\/types\/post"}],"author":[{"embeddable":true,"href":"https:\/\/staging.varesenews.it\/swgapi\/v1\/wp\/v2\/users\/47"}],"replies":[{"embeddable":true,"href":"https:\/\/staging.varesenews.it\/swgapi\/v1\/wp\/v2\/comments?post=562938"}],"version-history":[{"count":0,"href":"https:\/\/staging.varesenews.it\/swgapi\/v1\/wp\/v2\/posts\/562938\/revisions"}],"wp:attachment":[{"href":"https:\/\/staging.varesenews.it\/swgapi\/v1\/wp\/v2\/media?parent=562938"}],"wp:term":[{"taxonomy":"category","embeddable":true,"href":"https:\/\/staging.varesenews.it\/swgapi\/v1\/wp\/v2\/categories?post=562938"},{"taxonomy":"post_tag","embeddable":true,"href":"https:\/\/staging.varesenews.it\/swgapi\/v1\/wp\/v2\/tags?post=562938"}],"curies":[{"name":"wp","href":"https:\/\/api.w.org\/{rel}","templated":true}]}}