{"id":563379,"date":"2016-10-26T15:00:12","date_gmt":"2016-10-26T13:00:12","guid":{"rendered":"http:\/\/www.varesenews.it\/?p=563379"},"modified":"2016-10-26T15:00:46","modified_gmt":"2016-10-26T13:00:46","slug":"alfieri-pd-grave-assenza-di-campiotti-in-commissione","status":"publish","type":"post","link":"https:\/\/staging.varesenews.it\/2016\/10\/alfieri-pd-grave-assenza-di-campiotti-in-commissione\/563379\/","title":{"rendered":"Alfieri, Pd: &#8220;Grave assenza di Campiotti in commissione&#8221;"},"content":{"rendered":"<p>\u00ab<strong>\u00c8 grave l&#8217;assenza di Campiotti in commissione<\/strong>, ora l&#8217;ATS deve completare al pi\u00f9 presto le verifiche al fine di controllare la legittimit\u00e0 delle operazioni finanziarie, a cominciare dalla titolarit\u00e0 o meno del presidente ad eseguirle\u00bb.<\/p>\n<p>Il segretario regionale del Pd lombardo<strong> Alessandro Alfieri interviene a seguito dell&#8217;audizione<\/strong>, questa mattina in commissione sanit\u00e0 del Consiglio regionale,<strong> dei vertici dell&#8217;ATS di Varese in merito alla <a title=\"Le problematiche finanziarie del Molina nell\u2019audizione in Regione\" href=\"http:\/\/www.varesenews.it\/2016\/10\/le-problematiche-finanziarie-del-molina-nellaudizione-in-regione\/562634\/\">vicenda della fondazione Molina<\/a><\/strong>.<\/p>\n<p>\u00abUna volta terminati i controlli<strong> l&#8217;obiettivo \u00e8 una riconvocazione in tempi brevi della Fondazione Molina<\/strong> <strong>e dell&#8217;ATS<\/strong> per fare definitivamente luce su una vicenda che rischia di gettare ombre su un&#8217;istituzione cos\u00ec importante per la citt\u00e0 di Varese\u00bb.<\/p>\n","protected":false},"excerpt":{"rendered":"<p>Il segretario regionale del Pd interviene sull&#8217;audizione sul caso Molina. &#8220;Chiederemo la riconvocazione del presidente e dell&#8217;ATS&#8221;<\/p>\n","protected":false},"author":46,"featured_media":0,"comment_status":"open","ping_status":"open","sticky":false,"template":"","format":"standard","meta":{"footnotes":""},"categories":[16,2],"tags":[1734],"acf":[],"yoast_head":"<!-- This site is optimized with the Yoast SEO plugin v20.1 - https:\/\/yoast.com\/wordpress\/plugins\/seo\/ -->\n<title>Alfieri, Pd: &quot;Grave assenza di Campiotti in commissione&quot;<\/title>\n<meta name=\"description\" content=\"Il segretario regionale del Pd interviene sull&#039;audizione sul caso Molina. &quot;Chiederemo la riconvocazione del presidente e dell&#039;ATS&quot;\" \/>\n<meta name=\"robots\" content=\"noindex, follow, max-snippet:-1, max-image-preview:large, max-video-preview:-1\" \/>\n<meta property=\"og:locale\" content=\"it_IT\" \/>\n<meta property=\"og:type\" content=\"article\" \/>\n<meta property=\"og:title\" content=\"Alfieri, Pd: &quot;Grave assenza di Campiotti in commissione&quot;\" \/>\n<meta property=\"og:description\" content=\"Il segretario regionale del Pd interviene sull&#039;audizione sul caso Molina. &quot;Chiederemo la riconvocazione del presidente e dell&#039;ATS&quot;\" \/>\n<meta property=\"og:url\" content=\"https:\/\/staging.varesenews.it\/2016\/10\/alfieri-pd-grave-assenza-di-campiotti-in-commissione\/563379\/\" \/>\n<meta property=\"og:site_name\" content=\"VareseNews\" \/>\n<meta property=\"article:publisher\" content=\"https:\/\/www.facebook.com\/varesenews\" \/>\n<meta property=\"article:published_time\" content=\"2016-10-26T13:00:12+00:00\" \/>\n<meta property=\"article:modified_time\" content=\"2016-10-26T13:00:46+00:00\" \/>\n<meta name=\"author\" content=\"Roberto Morandi\" \/>\n<meta name=\"twitter:card\" content=\"summary_large_image\" \/>\n<meta name=\"twitter:creator\" content=\"@ilmorands\" \/>\n<meta name=\"twitter:site\" content=\"@varesenews\" \/>\n<meta name=\"twitter:label1\" content=\"Scritto da\" \/>\n\t<meta name=\"twitter:data1\" content=\"Roberto Morandi\" \/>\n\t<meta name=\"twitter:label2\" content=\"Tempo di lettura stimato\" \/>\n\t<meta name=\"twitter:data2\" content=\"1 minuto\" \/>\n<script type=\"application\/ld+json\" class=\"yoast-schema-graph\">{\"@context\":\"https:\/\/schema.org\",\"@graph\":[{\"@type\":\"WebPage\",\"@id\":\"https:\/\/staging.varesenews.it\/2016\/10\/alfieri-pd-grave-assenza-di-campiotti-in-commissione\/563379\/\",\"url\":\"https:\/\/staging.varesenews.it\/2016\/10\/alfieri-pd-grave-assenza-di-campiotti-in-commissione\/563379\/\",\"name\":\"Alfieri, Pd: \\\"Grave assenza di Campiotti in commissione\\\"\",\"isPartOf\":{\"@id\":\"https:\/\/staging.varesenews.it\/#website\"},\"datePublished\":\"2016-10-26T13:00:12+00:00\",\"dateModified\":\"2016-10-26T13:00:46+00:00\",\"author\":{\"@id\":\"https:\/\/staging.varesenews.it\/#\/schema\/person\/efe592ae4c76536b551f89d8b6674bc3\"},\"description\":\"Il segretario regionale del Pd interviene sull'audizione sul caso Molina. \\\"Chiederemo la riconvocazione del presidente e dell'ATS\\\"\",\"breadcrumb\":{\"@id\":\"https:\/\/staging.varesenews.it\/2016\/10\/alfieri-pd-grave-assenza-di-campiotti-in-commissione\/563379\/#breadcrumb\"},\"inLanguage\":\"it-IT\",\"potentialAction\":[{\"@type\":\"ReadAction\",\"target\":[\"https:\/\/staging.varesenews.it\/2016\/10\/alfieri-pd-grave-assenza-di-campiotti-in-commissione\/563379\/\"]}]},{\"@type\":\"BreadcrumbList\",\"@id\":\"https:\/\/staging.varesenews.it\/2016\/10\/alfieri-pd-grave-assenza-di-campiotti-in-commissione\/563379\/#breadcrumb\",\"itemListElement\":[{\"@type\":\"ListItem\",\"position\":1,\"name\":\"Home\",\"item\":\"https:\/\/www.varesenews.it\/\"},{\"@type\":\"ListItem\",\"position\":2,\"name\":\"Alfieri, Pd: &#8220;Grave assenza di Campiotti in commissione&#8221;\"}]},{\"@type\":\"WebSite\",\"@id\":\"https:\/\/staging.varesenews.it\/#website\",\"url\":\"https:\/\/staging.varesenews.it\/\",\"name\":\"VareseNews\",\"description\":\"\",\"potentialAction\":[{\"@type\":\"SearchAction\",\"target\":{\"@type\":\"EntryPoint\",\"urlTemplate\":\"https:\/\/staging.varesenews.it\/?s={search_term_string}\"},\"query-input\":\"required name=search_term_string\"}],\"inLanguage\":\"it-IT\"},{\"@type\":\"Person\",\"@id\":\"https:\/\/staging.varesenews.it\/#\/schema\/person\/efe592ae4c76536b551f89d8b6674bc3\",\"name\":\"Roberto Morandi\",\"image\":{\"@type\":\"ImageObject\",\"inLanguage\":\"it-IT\",\"@id\":\"https:\/\/staging.varesenews.it\/#\/schema\/person\/image\/\",\"url\":\"https:\/\/staging.varesenews.it\/wp-content\/uploads\/2020\/12\/roberto_morandi_colori_500.jpg\",\"contentUrl\":\"https:\/\/staging.varesenews.it\/wp-content\/uploads\/2020\/12\/roberto_morandi_colori_500.jpg\",\"caption\":\"Roberto Morandi\"},\"description\":\"Classe 1980, laureato in storia, mi occupo dell&rsquo;area di Gallarate e di Malpensa, di trasporti e mobilit&agrave;. Amo molto la dimensione della citt&agrave;, come luogo d&rsquo;incontro di persone diverse e come organismo che si trasforma costantemente. Mi piace anche raccontare le piccole e grandi vicende, anche locali, che compongono la Storia con la S maiuscola. Appassionato di bicicletta: la macchina perfetta per muoversi in citt&agrave; e per viaggiare.\",\"sameAs\":[\"https:\/\/twitter.com\/ilmorands\"],\"url\":\"https:\/\/staging.varesenews.it\/persona\/roberto-morandi1\/\"}]}<\/script>\n<!-- \/ Yoast SEO plugin. -->","yoast_head_json":{"title":"Alfieri, Pd: \"Grave assenza di Campiotti in commissione\"","description":"Il segretario regionale del Pd interviene sull'audizione sul caso Molina. \"Chiederemo la riconvocazione del presidente e dell'ATS\"","robots":{"index":"noindex","follow":"follow","max-snippet":"max-snippet:-1","max-image-preview":"max-image-preview:large","max-video-preview":"max-video-preview:-1"},"og_locale":"it_IT","og_type":"article","og_title":"Alfieri, Pd: \"Grave assenza di Campiotti in commissione\"","og_description":"Il segretario regionale del Pd interviene sull'audizione sul caso Molina. \"Chiederemo la riconvocazione del presidente e dell'ATS\"","og_url":"https:\/\/staging.varesenews.it\/2016\/10\/alfieri-pd-grave-assenza-di-campiotti-in-commissione\/563379\/","og_site_name":"VareseNews","article_publisher":"https:\/\/www.facebook.com\/varesenews","article_published_time":"2016-10-26T13:00:12+00:00","article_modified_time":"2016-10-26T13:00:46+00:00","author":"Roberto Morandi","twitter_card":"summary_large_image","twitter_creator":"@ilmorands","twitter_site":"@varesenews","twitter_misc":{"Scritto da":"Roberto Morandi","Tempo di lettura stimato":"1 minuto"},"schema":{"@context":"https:\/\/schema.org","@graph":[{"@type":"WebPage","@id":"https:\/\/staging.varesenews.it\/2016\/10\/alfieri-pd-grave-assenza-di-campiotti-in-commissione\/563379\/","url":"https:\/\/staging.varesenews.it\/2016\/10\/alfieri-pd-grave-assenza-di-campiotti-in-commissione\/563379\/","name":"Alfieri, Pd: \"Grave assenza di Campiotti in commissione\"","isPartOf":{"@id":"https:\/\/staging.varesenews.it\/#website"},"datePublished":"2016-10-26T13:00:12+00:00","dateModified":"2016-10-26T13:00:46+00:00","author":{"@id":"https:\/\/staging.varesenews.it\/#\/schema\/person\/efe592ae4c76536b551f89d8b6674bc3"},"description":"Il segretario regionale del Pd interviene sull'audizione sul caso Molina. \"Chiederemo la riconvocazione del presidente e dell'ATS\"","breadcrumb":{"@id":"https:\/\/staging.varesenews.it\/2016\/10\/alfieri-pd-grave-assenza-di-campiotti-in-commissione\/563379\/#breadcrumb"},"inLanguage":"it-IT","potentialAction":[{"@type":"ReadAction","target":["https:\/\/staging.varesenews.it\/2016\/10\/alfieri-pd-grave-assenza-di-campiotti-in-commissione\/563379\/"]}]},{"@type":"BreadcrumbList","@id":"https:\/\/staging.varesenews.it\/2016\/10\/alfieri-pd-grave-assenza-di-campiotti-in-commissione\/563379\/#breadcrumb","itemListElement":[{"@type":"ListItem","position":1,"name":"Home","item":"https:\/\/www.varesenews.it\/"},{"@type":"ListItem","position":2,"name":"Alfieri, Pd: &#8220;Grave assenza di Campiotti in commissione&#8221;"}]},{"@type":"WebSite","@id":"https:\/\/staging.varesenews.it\/#website","url":"https:\/\/staging.varesenews.it\/","name":"VareseNews","description":"","potentialAction":[{"@type":"SearchAction","target":{"@type":"EntryPoint","urlTemplate":"https:\/\/staging.varesenews.it\/?s={search_term_string}"},"query-input":"required name=search_term_string"}],"inLanguage":"it-IT"},{"@type":"Person","@id":"https:\/\/staging.varesenews.it\/#\/schema\/person\/efe592ae4c76536b551f89d8b6674bc3","name":"Roberto Morandi","image":{"@type":"ImageObject","inLanguage":"it-IT","@id":"https:\/\/staging.varesenews.it\/#\/schema\/person\/image\/","url":"https:\/\/staging.varesenews.it\/wp-content\/uploads\/2020\/12\/roberto_morandi_colori_500.jpg","contentUrl":"https:\/\/staging.varesenews.it\/wp-content\/uploads\/2020\/12\/roberto_morandi_colori_500.jpg","caption":"Roberto Morandi"},"description":"Classe 1980, laureato in storia, mi occupo dell&rsquo;area di Gallarate e di Malpensa, di trasporti e mobilit&agrave;. Amo molto la dimensione della citt&agrave;, come luogo d&rsquo;incontro di persone diverse e come organismo che si trasforma costantemente. Mi piace anche raccontare le piccole e grandi vicende, anche locali, che compongono la Storia con la S maiuscola. Appassionato di bicicletta: la macchina perfetta per muoversi in citt&agrave; e per viaggiare.","sameAs":["https:\/\/twitter.com\/ilmorands"],"url":"https:\/\/staging.varesenews.it\/persona\/roberto-morandi1\/"}]}},"post_meta":{"_edit_lock":"1477486727:46","_edit_last":"46","_category_permalink":"2","ratings_users":"0","ratings_score":"0","ratings_average":"0","wdfb_og_title":"","wdfb_og_type":"","wdfb_og_description":"","wdfb_og_images":"a:1:{i:0;s:0:\"\";}","wdfb_og_custom_name":"a:1:{i:0;s:0:\"\";}","wdfb_og_custom_value":"a:1:{i:0;s:0:\"\";}","foto":"527498","argomento":"Varese - Milano","_jd_twitter":"","_jd_tweet_this":"yes","_wpt_short_url":"http:\/\/www.varesenews.it\/2016\/10\/alfieri-pd-grave-assenza-di-campiotti-in-commissione\/563379\/","_wp_jd_target":"http:\/\/www.varesenews.it\/2016\/10\/alfieri-pd-grave-assenza-di-campiotti-in-commissione\/563379\/","_jd_wp_twitter":"a:1:{i:0;s:151:\"Alfieri, Pd: \"Grave assenza di Campiotti in commissione\" http:\/\/www.varesenews.it\/2016\/10\/alfieri-pd-grave-assenza-di-campiotti-in-commissione\/563379\/ \";}","_wpt_status_message":"Tweet inviato con successo.","firma_come_redazione":"1"},"photos":[{"original":"https:\/\/staging.varesenews.it\/photogallery_new\/images\/2016\/03\/galimberti-centrosinistra-varese-527498.jpg","full":"https:\/\/staging.varesenews.it\/photogallery_new\/images\/2016\/03\/galimberti-centrosinistra-varese-527498.1024x768.jpg","large":"https:\/\/staging.varesenews.it\/photogallery_new\/images\/2016\/03\/galimberti-centrosinistra-varese-527498.610x431.jpg"}],"_links":{"self":[{"href":"https:\/\/staging.varesenews.it\/swgapi\/v1\/wp\/v2\/posts\/563379"}],"collection":[{"href":"https:\/\/staging.varesenews.it\/swgapi\/v1\/wp\/v2\/posts"}],"about":[{"href":"https:\/\/staging.varesenews.it\/swgapi\/v1\/wp\/v2\/types\/post"}],"author":[{"embeddable":true,"href":"https:\/\/staging.varesenews.it\/swgapi\/v1\/wp\/v2\/users\/46"}],"replies":[{"embeddable":true,"href":"https:\/\/staging.varesenews.it\/swgapi\/v1\/wp\/v2\/comments?post=563379"}],"version-history":[{"count":0,"href":"https:\/\/staging.varesenews.it\/swgapi\/v1\/wp\/v2\/posts\/563379\/revisions"}],"wp:attachment":[{"href":"https:\/\/staging.varesenews.it\/swgapi\/v1\/wp\/v2\/media?parent=563379"}],"wp:term":[{"taxonomy":"category","embeddable":true,"href":"https:\/\/staging.varesenews.it\/swgapi\/v1\/wp\/v2\/categories?post=563379"},{"taxonomy":"post_tag","embeddable":true,"href":"https:\/\/staging.varesenews.it\/swgapi\/v1\/wp\/v2\/tags?post=563379"}],"curies":[{"name":"wp","href":"https:\/\/api.w.org\/{rel}","templated":true}]}}