{"id":564264,"date":"2016-10-28T16:14:05","date_gmt":"2016-10-28T14:14:05","guid":{"rendered":"http:\/\/www.varesenews.it\/?p=564264"},"modified":"2016-10-28T16:14:05","modified_gmt":"2016-10-28T14:14:05","slug":"la-sab-vuole-confermarsi-anche-a-settimo-torinese","status":"publish","type":"post","link":"https:\/\/staging.varesenews.it\/2016\/10\/la-sab-vuole-confermarsi-anche-a-settimo-torinese\/564264\/","title":{"rendered":"La Sab vuole confermarsi anche a Settimo Torinese"},"content":{"rendered":"<p>Scontro al vertice per la <strong>SAB Grima Legnano<\/strong>, un risultato che in pochi avrebbero pronosticato alla vigilia del campionato, ma la sfida della terza giornata tra le legnanesi e la Lilliput Settimo Torinese vale gi\u00e0 per le prime posizioni in classifica della Samsung Gear Volley Cup di Serie A2.<\/p>\n<p>Dopo le due vittorie contro Soverato e Mondov\u00ec, <strong>la SAB si trova infatti al primo posto a punteggio pieno<\/strong>, mentre le torinesi seguono a ruota con 5 punti, conquistati grazie ai successi su Palmi e Olbia.<\/p>\n<p>Per le giallonere, quella di domenica 30 ottobre sar\u00e0 la prima di due trasferte consecutive in Piemonte: la successiva il 6 novembre a Chieri. La partita avr\u00e0 inizio alle 17 al <strong>Palazzetto dello Sport di Settimo Torinese<\/strong> (via San Benigno 3).<\/p>\n<p>In settimana la squadra legnanese si \u00e8 allenata con regolarit\u00e0: la notizia pi\u00f9 importante \u00e8 il recupero di Sara De Lellis, che dopo l&#8217;infortunio alla caviglia accusato domenica scorsa contro Mondov\u00ec ha ripreso il lavoro con le compagne e potr\u00e0 essere in campo gi\u00e0 domenica.<strong> Il sestetto di partenza dovrebbe dunque essere quello gi\u00e0 visto all&#8217;opera nelle prime due partite<\/strong>, con Mingardi opposto, Facchinetti e Furlan al centro, Grigolo e Coneo schiacciatrici e Paris libero.<\/p>\n<p>\u00abSar\u00e0 una partita difficile &#8211; <strong>ammonisce il coach Andrea Pistola<\/strong> &#8211; in cui dovremo cercare di fare il nostro gioco e portare avanti il nostro percorso di crescita. La classifica la lasciamo guardare ad altri. Settimo ha un sestetto collaudato, con giocatrici che hanno gi\u00e0 fatto bene in A2 come Parlangeli, Akrari e Biganzoli, a cui si sono aggiunte altre atlete di valore: anche loro fanno del gioco di squadra un punto di forza. Noi dobbiamo sicuramente migliorare nella gestione dei momenti delicati della partita e dare pi\u00f9 continuit\u00e0 al nostro gioco; dobbiamo puntare a mantenere, a livello di concentrazione e intensit\u00e0, gli standard mostrati nel primo set e mezzo contro Mondov\u00ec\u00bb.<\/p>\n<p>La Lilliput Settimo Torinese, ripescata dopo la retrocessione dello scorso anno, \u00e8 al suo secondo campionato in Serie A2. <strong>Il nuovo allenatore Maurizio Venco,<\/strong> reduce dalla promozione con Mondov\u00ec, guida una squadra ancora incentrata sulla &#8220;vecchia guardia&#8221;: accanto al capitano Federica Biganzoli, volto noto agli appassionati di Legnano per aver giocato diverse stagioni con la maglia della Focol, sono state confermate anche le centrali Alessia Midriano e Yasmina Akrari e il libero Francesca Parlangeli. Nuove invece la palleggiatrice Maria Luisa Cumino, proveniente da Soverato, l&#8217;opposto Emanuela Fiore, gi\u00e0 in A2 a Frosinone, Scandicci e Caserta, e l&#8217;altra schiacciatrice Adriana Vilcu, ex Olbia.<\/p>\n<p>Partono dalla panchina l&#8217;alzatrice Malvicini, le bande Cortelazzo e De Stefani e la centrale Kone.<\/p>\n<p><strong>Lilliput Settimo Torinese &#8211; SAB Grima Legnano<\/strong><br \/>\n<strong>Lilliput Settimo Torinese:<\/strong> 4 Fiore, 5 Malvicini, 6 Midriano, 7 Cumino, 9 De Stefani, 10 Parlangeli (L), 11 Vilcu, 12 Biganzoli, 14 Kone, 15 Cortelazzo, 18 Akrari.<br \/>\n<strong>SAB Grima Legnano:<\/strong> 1 Figini, 2 Paris (L), 5 Furlan, 7 Muzi, 9 Mingardi, 11 Coneo, 12 Grigolo, 13 Facchinetti, 15 Kosareva, 16 Bossi (L), 17 De Lellis, 18 Mazzotti.<br \/>\nArbitri: Guarneri e Di Blasi.<\/p>\n<p><strong>Il programma della 3\u00b0 di andata:<\/strong> Soverato-Caserta, Pesaro-Chieri, Filottrano-Palmi, Trentino-Marignano, Mondov\u00ec-Olbia, Brescia-Cisterna, Settimo torinese-Legnano.<\/p>\n<p><strong>Classifica<\/strong>: Pesaro, Filottrano e Legnano 6, Trentino e Settimo Torinese 5, Brescia 4, Chieri e Caserta 3, Marignano e Olbia 2, Soverato, Palmi. Mondov\u00ec e Cisterna 0.<\/p>\n","protected":false},"excerpt":{"rendered":"<p>Domenica 30 ottobre le legnanesi faranno visita alla Lilliput cercando un&#8217;altra vittoria<\/p>\n","protected":false},"author":37,"featured_media":0,"comment_status":"open","ping_status":"open","sticky":false,"template":"","format":"standard","meta":{"footnotes":""},"categories":[14],"tags":[255,54767],"acf":[],"yoast_head":"<!-- This site is optimized with the Yoast SEO plugin v20.1 - https:\/\/yoast.com\/wordpress\/plugins\/seo\/ -->\n<title>La Sab vuole confermarsi anche a Settimo Torinese<\/title>\n<meta name=\"description\" content=\"Domenica 30 ottobre le legnanesi faranno visita alla Lilliput cercando un&#039;altra vittoria\" \/>\n<meta name=\"robots\" content=\"noindex, follow, max-snippet:-1, max-image-preview:large, max-video-preview:-1\" \/>\n<meta property=\"og:locale\" content=\"it_IT\" \/>\n<meta property=\"og:type\" content=\"article\" \/>\n<meta property=\"og:title\" content=\"La Sab vuole confermarsi anche a Settimo Torinese\" \/>\n<meta property=\"og:description\" content=\"Domenica 30 ottobre le legnanesi faranno visita alla Lilliput cercando un&#039;altra vittoria\" \/>\n<meta property=\"og:url\" content=\"https:\/\/staging.varesenews.it\/2016\/10\/la-sab-vuole-confermarsi-anche-a-settimo-torinese\/564264\/\" \/>\n<meta property=\"og:site_name\" content=\"VareseNews\" \/>\n<meta property=\"article:publisher\" content=\"https:\/\/www.facebook.com\/varesenews\" \/>\n<meta property=\"article:published_time\" content=\"2016-10-28T14:14:05+00:00\" \/>\n<meta name=\"author\" content=\"Francesco Mazzoleni\" \/>\n<meta name=\"twitter:card\" content=\"summary_large_image\" \/>\n<meta name=\"twitter:creator\" content=\"@fmazzof\" \/>\n<meta name=\"twitter:site\" content=\"@varesenews\" \/>\n<meta name=\"twitter:label1\" content=\"Scritto da\" \/>\n\t<meta name=\"twitter:data1\" content=\"Francesco Mazzoleni\" \/>\n\t<meta name=\"twitter:label2\" content=\"Tempo di lettura stimato\" \/>\n\t<meta name=\"twitter:data2\" content=\"3 minuti\" \/>\n<script type=\"application\/ld+json\" class=\"yoast-schema-graph\">{\"@context\":\"https:\/\/schema.org\",\"@graph\":[{\"@type\":\"WebPage\",\"@id\":\"https:\/\/staging.varesenews.it\/2016\/10\/la-sab-vuole-confermarsi-anche-a-settimo-torinese\/564264\/\",\"url\":\"https:\/\/staging.varesenews.it\/2016\/10\/la-sab-vuole-confermarsi-anche-a-settimo-torinese\/564264\/\",\"name\":\"La Sab vuole confermarsi anche a Settimo Torinese\",\"isPartOf\":{\"@id\":\"https:\/\/staging.varesenews.it\/#website\"},\"datePublished\":\"2016-10-28T14:14:05+00:00\",\"dateModified\":\"2016-10-28T14:14:05+00:00\",\"author\":{\"@id\":\"https:\/\/staging.varesenews.it\/#\/schema\/person\/e82236e79160d30d4e1f942004ac3038\"},\"description\":\"Domenica 30 ottobre le legnanesi faranno visita alla Lilliput cercando un'altra vittoria\",\"breadcrumb\":{\"@id\":\"https:\/\/staging.varesenews.it\/2016\/10\/la-sab-vuole-confermarsi-anche-a-settimo-torinese\/564264\/#breadcrumb\"},\"inLanguage\":\"it-IT\",\"potentialAction\":[{\"@type\":\"ReadAction\",\"target\":[\"https:\/\/staging.varesenews.it\/2016\/10\/la-sab-vuole-confermarsi-anche-a-settimo-torinese\/564264\/\"]}]},{\"@type\":\"BreadcrumbList\",\"@id\":\"https:\/\/staging.varesenews.it\/2016\/10\/la-sab-vuole-confermarsi-anche-a-settimo-torinese\/564264\/#breadcrumb\",\"itemListElement\":[{\"@type\":\"ListItem\",\"position\":1,\"name\":\"Home\",\"item\":\"https:\/\/www.varesenews.it\/\"},{\"@type\":\"ListItem\",\"position\":2,\"name\":\"La Sab vuole confermarsi anche a Settimo Torinese\"}]},{\"@type\":\"WebSite\",\"@id\":\"https:\/\/staging.varesenews.it\/#website\",\"url\":\"https:\/\/staging.varesenews.it\/\",\"name\":\"VareseNews\",\"description\":\"\",\"potentialAction\":[{\"@type\":\"SearchAction\",\"target\":{\"@type\":\"EntryPoint\",\"urlTemplate\":\"https:\/\/staging.varesenews.it\/?s={search_term_string}\"},\"query-input\":\"required name=search_term_string\"}],\"inLanguage\":\"it-IT\"},{\"@type\":\"Person\",\"@id\":\"https:\/\/staging.varesenews.it\/#\/schema\/person\/e82236e79160d30d4e1f942004ac3038\",\"name\":\"Francesco Mazzoleni\",\"image\":{\"@type\":\"ImageObject\",\"inLanguage\":\"it-IT\",\"@id\":\"https:\/\/staging.varesenews.it\/#\/schema\/person\/image\/\",\"url\":\"https:\/\/staging.varesenews.it\/wp-content\/uploads\/2020\/12\/francesco_mazzoleni_colori_500-1.jpg\",\"contentUrl\":\"https:\/\/staging.varesenews.it\/wp-content\/uploads\/2020\/12\/francesco_mazzoleni_colori_500-1.jpg\",\"caption\":\"Francesco Mazzoleni\"},\"description\":\"\\\"Uomo di campo\\\" della redazione sportiva. Nutro una vera passione per il calcio, che sia ad alti livelli, sui campi di provincia o in altri continenti. Sono nato a Varese nel 1984, vivo da sempre a Malnate e ho una laurea in Scienze Motorie. Ho mosso i primi passi a VareseNews da stagista nel 2002; nel 2008 ho iniziato a collaborare con maggiore continuit\u00e0 e dal 2018 sono giornalista professionista. Orgoglioso pap\u00e0 di Federico e Adelaide.\",\"sameAs\":[\"fmazzof\",\"it.linkedin.com\/in\/francescomazzolenif\",\"https:\/\/twitter.com\/fmazzof\"],\"url\":\"https:\/\/staging.varesenews.it\/persona\/francesco_mazzoleniferracini\/\"}]}<\/script>\n<!-- \/ Yoast SEO plugin. -->","yoast_head_json":{"title":"La Sab vuole confermarsi anche a Settimo Torinese","description":"Domenica 30 ottobre le legnanesi faranno visita alla Lilliput cercando un'altra vittoria","robots":{"index":"noindex","follow":"follow","max-snippet":"max-snippet:-1","max-image-preview":"max-image-preview:large","max-video-preview":"max-video-preview:-1"},"og_locale":"it_IT","og_type":"article","og_title":"La Sab vuole confermarsi anche a Settimo Torinese","og_description":"Domenica 30 ottobre le legnanesi faranno visita alla Lilliput cercando un'altra vittoria","og_url":"https:\/\/staging.varesenews.it\/2016\/10\/la-sab-vuole-confermarsi-anche-a-settimo-torinese\/564264\/","og_site_name":"VareseNews","article_publisher":"https:\/\/www.facebook.com\/varesenews","article_published_time":"2016-10-28T14:14:05+00:00","author":"Francesco Mazzoleni","twitter_card":"summary_large_image","twitter_creator":"@fmazzof","twitter_site":"@varesenews","twitter_misc":{"Scritto da":"Francesco Mazzoleni","Tempo di lettura stimato":"3 minuti"},"schema":{"@context":"https:\/\/schema.org","@graph":[{"@type":"WebPage","@id":"https:\/\/staging.varesenews.it\/2016\/10\/la-sab-vuole-confermarsi-anche-a-settimo-torinese\/564264\/","url":"https:\/\/staging.varesenews.it\/2016\/10\/la-sab-vuole-confermarsi-anche-a-settimo-torinese\/564264\/","name":"La Sab vuole confermarsi anche a Settimo Torinese","isPartOf":{"@id":"https:\/\/staging.varesenews.it\/#website"},"datePublished":"2016-10-28T14:14:05+00:00","dateModified":"2016-10-28T14:14:05+00:00","author":{"@id":"https:\/\/staging.varesenews.it\/#\/schema\/person\/e82236e79160d30d4e1f942004ac3038"},"description":"Domenica 30 ottobre le legnanesi faranno visita alla Lilliput cercando un'altra vittoria","breadcrumb":{"@id":"https:\/\/staging.varesenews.it\/2016\/10\/la-sab-vuole-confermarsi-anche-a-settimo-torinese\/564264\/#breadcrumb"},"inLanguage":"it-IT","potentialAction":[{"@type":"ReadAction","target":["https:\/\/staging.varesenews.it\/2016\/10\/la-sab-vuole-confermarsi-anche-a-settimo-torinese\/564264\/"]}]},{"@type":"BreadcrumbList","@id":"https:\/\/staging.varesenews.it\/2016\/10\/la-sab-vuole-confermarsi-anche-a-settimo-torinese\/564264\/#breadcrumb","itemListElement":[{"@type":"ListItem","position":1,"name":"Home","item":"https:\/\/www.varesenews.it\/"},{"@type":"ListItem","position":2,"name":"La Sab vuole confermarsi anche a Settimo Torinese"}]},{"@type":"WebSite","@id":"https:\/\/staging.varesenews.it\/#website","url":"https:\/\/staging.varesenews.it\/","name":"VareseNews","description":"","potentialAction":[{"@type":"SearchAction","target":{"@type":"EntryPoint","urlTemplate":"https:\/\/staging.varesenews.it\/?s={search_term_string}"},"query-input":"required name=search_term_string"}],"inLanguage":"it-IT"},{"@type":"Person","@id":"https:\/\/staging.varesenews.it\/#\/schema\/person\/e82236e79160d30d4e1f942004ac3038","name":"Francesco Mazzoleni","image":{"@type":"ImageObject","inLanguage":"it-IT","@id":"https:\/\/staging.varesenews.it\/#\/schema\/person\/image\/","url":"https:\/\/staging.varesenews.it\/wp-content\/uploads\/2020\/12\/francesco_mazzoleni_colori_500-1.jpg","contentUrl":"https:\/\/staging.varesenews.it\/wp-content\/uploads\/2020\/12\/francesco_mazzoleni_colori_500-1.jpg","caption":"Francesco Mazzoleni"},"description":"\"Uomo di campo\" della redazione sportiva. Nutro una vera passione per il calcio, che sia ad alti livelli, sui campi di provincia o in altri continenti. Sono nato a Varese nel 1984, vivo da sempre a Malnate e ho una laurea in Scienze Motorie. Ho mosso i primi passi a VareseNews da stagista nel 2002; nel 2008 ho iniziato a collaborare con maggiore continuit\u00e0 e dal 2018 sono giornalista professionista. Orgoglioso pap\u00e0 di Federico e Adelaide.","sameAs":["fmazzof","it.linkedin.com\/in\/francescomazzolenif","https:\/\/twitter.com\/fmazzof"],"url":"https:\/\/staging.varesenews.it\/persona\/francesco_mazzoleniferracini\/"}]}},"post_meta":{"_edit_lock":"1477664090:37","_edit_last":"37","_category_permalink":"14","ratings_users":"0","ratings_score":"0","ratings_average":"0","wdfb_og_title":"","wdfb_og_type":"","wdfb_og_description":"","wdfb_og_images":"a:1:{i:0;s:0:\"\";}","wdfb_og_custom_name":"a:1:{i:0;s:0:\"\";}","wdfb_og_custom_value":"a:1:{i:0;s:0:\"\";}","foto":"575875","firma_come_redazione":"1","argomento":"Pallavolo","_yoast_wpseo_focuskw":"sab","_jd_twitter":"","_jd_tweet_this":"yes","_wpt_short_url":"http:\/\/www.varesenews.it\/2016\/10\/la-sab-vuole-confermarsi-anche-a-settimo-torinese\/564264\/","_wp_jd_target":"http:\/\/www.varesenews.it\/2016\/10\/la-sab-vuole-confermarsi-anche-a-settimo-torinese\/564264\/","_jd_wp_twitter":"a:1:{i:0;s:162:\"La Sab vuole confermarsi anche a Settimo Torinese http:\/\/www.varesenews.it\/2016\/10\/la-sab-vuole-confermarsi-anche-a-settimo-torinese\/564264\/ #pallavolo #sabvolley\";}","_wpt_status_message":"Tweet inviato con successo.","_yoast_wpseo_linkdex":"73"},"photos":[{"original":"https:\/\/staging.varesenews.it\/photogallery_new\/images\/2016\/10\/sab-volley-575875.jpg","full":"https:\/\/staging.varesenews.it\/photogallery_new\/images\/2016\/10\/sab-volley-575875.1024x768.jpg","large":"https:\/\/staging.varesenews.it\/photogallery_new\/images\/2016\/10\/sab-volley-575875.610x431.jpg"}],"_links":{"self":[{"href":"https:\/\/staging.varesenews.it\/swgapi\/v1\/wp\/v2\/posts\/564264"}],"collection":[{"href":"https:\/\/staging.varesenews.it\/swgapi\/v1\/wp\/v2\/posts"}],"about":[{"href":"https:\/\/staging.varesenews.it\/swgapi\/v1\/wp\/v2\/types\/post"}],"author":[{"embeddable":true,"href":"https:\/\/staging.varesenews.it\/swgapi\/v1\/wp\/v2\/users\/37"}],"replies":[{"embeddable":true,"href":"https:\/\/staging.varesenews.it\/swgapi\/v1\/wp\/v2\/comments?post=564264"}],"version-history":[{"count":0,"href":"https:\/\/staging.varesenews.it\/swgapi\/v1\/wp\/v2\/posts\/564264\/revisions"}],"wp:attachment":[{"href":"https:\/\/staging.varesenews.it\/swgapi\/v1\/wp\/v2\/media?parent=564264"}],"wp:term":[{"taxonomy":"category","embeddable":true,"href":"https:\/\/staging.varesenews.it\/swgapi\/v1\/wp\/v2\/categories?post=564264"},{"taxonomy":"post_tag","embeddable":true,"href":"https:\/\/staging.varesenews.it\/swgapi\/v1\/wp\/v2\/tags?post=564264"}],"curies":[{"name":"wp","href":"https:\/\/api.w.org\/{rel}","templated":true}]}}