{"id":565364,"date":"2016-11-02T16:04:40","date_gmt":"2016-11-02T15:04:40","guid":{"rendered":"http:\/\/www.varesenews.it\/?p=565364"},"modified":"2016-11-02T16:36:42","modified_gmt":"2016-11-02T15:36:42","slug":"andrea-badoglio-e-morto-per-cause-naturali","status":"publish","type":"post","link":"https:\/\/staging.varesenews.it\/2016\/11\/andrea-badoglio-e-morto-per-cause-naturali\/565364\/","title":{"rendered":"Andrea Badoglio \u00e8 morto per cause naturali"},"content":{"rendered":"<p>Ora \u00e8 ufficiale: <strong>Andrea Badoglio \u00e8 deceduto per morte naturale.<\/strong> In sostanza, gli ha ceduto il cuore. L&#8217;ex <a title=\"Andrea Badoglio annuncia la sua candidatura\" href=\"http:\/\/www.varesenews.it\/2016\/02\/andrea-badoglio-annuncia-la-sua-candidatura\/488838\/\">candidato sindaco<\/a>, secondo quanto risulta dall&#8217;autopsia effettuata dal <strong>medico legale dottor Marco Motta<\/strong> su disposizione del pm <strong>Annalisa Palomba<\/strong>, aveva gi\u00e0 in corso probabilmente una patologia cardiaca. Il decesso sarebbe intervenuto per il cedimento di una parete del cuore che ha provocato l&#8217;improvviso sanguinamento interno, tecnicamente chiamato un &#8220;livellamento&#8221; della parete del cuore.<\/p>\n<p>L&#8217;improvviso problema cardiaco non ha potuto purtroppo lasciare scampo all&#8217;ex candidato sindaco, che sarebbe <strong>deceduto con ogni probabilit\u00e0 nelle prime ore della mattina di domenica<\/strong>. Diversi amici e conoscenti hanno infatti ricevuto suoi messaggi SMS intorno alle 6 e 30, mentre gi\u00e0 alle 8 non rispondeva pi\u00f9 alle sollecitazioni. <strong>L&#8217;ultimo saluto si terr\u00e0 alla sala del commiato di Giubiano<\/strong>, sar\u00e0 cura della famiglia comunicare gli orari e il giorno.<\/p>\n<p>Per chi volesse lasciare un ricordo per Andrea Badoglio:<br \/>\n<a href=\"http:\/\/necrologie.varesenews.it\/annuncio-famiglia\/andrea-badoglio\/\" target=\"_blank\"> <img loading=\"lazy\" decoding=\"async\" src=\"http:\/\/www.varesenews.it\/photogallery_new\/images\/2016\/02\/necrologie-513306.jpg\" alt=\"\" width=\"600\" height=\"60\" border=\"0\" \/><\/a><\/p>\n","protected":false},"excerpt":{"rendered":"<p>Gli ha ceduto il cuore, probabilmente per una patologia congenita. Il responso dall&#8217;autopsia<\/p>\n","protected":false},"author":46,"featured_media":0,"comment_status":"open","ping_status":"open","sticky":false,"template":"","format":"standard","meta":{"footnotes":""},"categories":[2],"tags":[],"acf":[],"yoast_head":"<!-- This site is optimized with the Yoast SEO plugin v20.1 - https:\/\/yoast.com\/wordpress\/plugins\/seo\/ -->\n<title>Andrea Badoglio \u00e8 morto per cause naturali<\/title>\n<meta name=\"description\" content=\"Gli ha ceduto il cuore, probabilmente per una patologia congenita. Il responso dall&#039;autopsia\" \/>\n<meta name=\"robots\" content=\"noindex, follow, max-snippet:-1, max-image-preview:large, max-video-preview:-1\" \/>\n<meta property=\"og:locale\" content=\"it_IT\" \/>\n<meta property=\"og:type\" content=\"article\" \/>\n<meta property=\"og:title\" content=\"Andrea Badoglio \u00e8 morto per cause naturali\" \/>\n<meta property=\"og:description\" content=\"Gli ha ceduto il cuore, probabilmente per una patologia congenita. Il responso dall&#039;autopsia\" \/>\n<meta property=\"og:url\" content=\"https:\/\/staging.varesenews.it\/2016\/11\/andrea-badoglio-e-morto-per-cause-naturali\/565364\/\" \/>\n<meta property=\"og:site_name\" content=\"VareseNews\" \/>\n<meta property=\"article:publisher\" content=\"https:\/\/www.facebook.com\/varesenews\" \/>\n<meta property=\"article:published_time\" content=\"2016-11-02T15:04:40+00:00\" \/>\n<meta property=\"article:modified_time\" content=\"2016-11-02T15:36:42+00:00\" \/>\n<meta property=\"og:image\" content=\"http:\/\/www.varesenews.it\/photogallery_new\/images\/2016\/02\/necrologie-513306.jpg\" \/>\n<meta name=\"author\" content=\"Roberto Morandi\" \/>\n<meta name=\"twitter:card\" content=\"summary_large_image\" \/>\n<meta name=\"twitter:creator\" content=\"@ilmorands\" \/>\n<meta name=\"twitter:site\" content=\"@varesenews\" \/>\n<meta name=\"twitter:label1\" content=\"Scritto da\" \/>\n\t<meta name=\"twitter:data1\" content=\"Roberto Morandi\" \/>\n\t<meta name=\"twitter:label2\" content=\"Tempo di lettura stimato\" \/>\n\t<meta name=\"twitter:data2\" content=\"1 minuto\" \/>\n<script type=\"application\/ld+json\" class=\"yoast-schema-graph\">{\"@context\":\"https:\/\/schema.org\",\"@graph\":[{\"@type\":\"WebPage\",\"@id\":\"https:\/\/staging.varesenews.it\/2016\/11\/andrea-badoglio-e-morto-per-cause-naturali\/565364\/\",\"url\":\"https:\/\/staging.varesenews.it\/2016\/11\/andrea-badoglio-e-morto-per-cause-naturali\/565364\/\",\"name\":\"Andrea Badoglio \u00e8 morto per cause naturali\",\"isPartOf\":{\"@id\":\"https:\/\/staging.varesenews.it\/#website\"},\"datePublished\":\"2016-11-02T15:04:40+00:00\",\"dateModified\":\"2016-11-02T15:36:42+00:00\",\"author\":{\"@id\":\"https:\/\/staging.varesenews.it\/#\/schema\/person\/efe592ae4c76536b551f89d8b6674bc3\"},\"description\":\"Gli ha ceduto il cuore, probabilmente per una patologia congenita. Il responso dall'autopsia\",\"breadcrumb\":{\"@id\":\"https:\/\/staging.varesenews.it\/2016\/11\/andrea-badoglio-e-morto-per-cause-naturali\/565364\/#breadcrumb\"},\"inLanguage\":\"it-IT\",\"potentialAction\":[{\"@type\":\"ReadAction\",\"target\":[\"https:\/\/staging.varesenews.it\/2016\/11\/andrea-badoglio-e-morto-per-cause-naturali\/565364\/\"]}]},{\"@type\":\"BreadcrumbList\",\"@id\":\"https:\/\/staging.varesenews.it\/2016\/11\/andrea-badoglio-e-morto-per-cause-naturali\/565364\/#breadcrumb\",\"itemListElement\":[{\"@type\":\"ListItem\",\"position\":1,\"name\":\"Home\",\"item\":\"https:\/\/www.varesenews.it\/\"},{\"@type\":\"ListItem\",\"position\":2,\"name\":\"Andrea Badoglio \u00e8 morto per cause naturali\"}]},{\"@type\":\"WebSite\",\"@id\":\"https:\/\/staging.varesenews.it\/#website\",\"url\":\"https:\/\/staging.varesenews.it\/\",\"name\":\"VareseNews\",\"description\":\"\",\"potentialAction\":[{\"@type\":\"SearchAction\",\"target\":{\"@type\":\"EntryPoint\",\"urlTemplate\":\"https:\/\/staging.varesenews.it\/?s={search_term_string}\"},\"query-input\":\"required name=search_term_string\"}],\"inLanguage\":\"it-IT\"},{\"@type\":\"Person\",\"@id\":\"https:\/\/staging.varesenews.it\/#\/schema\/person\/efe592ae4c76536b551f89d8b6674bc3\",\"name\":\"Roberto Morandi\",\"image\":{\"@type\":\"ImageObject\",\"inLanguage\":\"it-IT\",\"@id\":\"https:\/\/staging.varesenews.it\/#\/schema\/person\/image\/\",\"url\":\"https:\/\/staging.varesenews.it\/wp-content\/uploads\/2020\/12\/roberto_morandi_colori_500.jpg\",\"contentUrl\":\"https:\/\/staging.varesenews.it\/wp-content\/uploads\/2020\/12\/roberto_morandi_colori_500.jpg\",\"caption\":\"Roberto Morandi\"},\"description\":\"Classe 1980, laureato in storia, mi occupo dell&rsquo;area di Gallarate e di Malpensa, di trasporti e mobilit&agrave;. Amo molto la dimensione della citt&agrave;, come luogo d&rsquo;incontro di persone diverse e come organismo che si trasforma costantemente. Mi piace anche raccontare le piccole e grandi vicende, anche locali, che compongono la Storia con la S maiuscola. Appassionato di bicicletta: la macchina perfetta per muoversi in citt&agrave; e per viaggiare.\",\"sameAs\":[\"https:\/\/twitter.com\/ilmorands\"],\"url\":\"https:\/\/staging.varesenews.it\/persona\/roberto-morandi1\/\"}]}<\/script>\n<!-- \/ Yoast SEO plugin. -->","yoast_head_json":{"title":"Andrea Badoglio \u00e8 morto per cause naturali","description":"Gli ha ceduto il cuore, probabilmente per una patologia congenita. Il responso dall'autopsia","robots":{"index":"noindex","follow":"follow","max-snippet":"max-snippet:-1","max-image-preview":"max-image-preview:large","max-video-preview":"max-video-preview:-1"},"og_locale":"it_IT","og_type":"article","og_title":"Andrea Badoglio \u00e8 morto per cause naturali","og_description":"Gli ha ceduto il cuore, probabilmente per una patologia congenita. Il responso dall'autopsia","og_url":"https:\/\/staging.varesenews.it\/2016\/11\/andrea-badoglio-e-morto-per-cause-naturali\/565364\/","og_site_name":"VareseNews","article_publisher":"https:\/\/www.facebook.com\/varesenews","article_published_time":"2016-11-02T15:04:40+00:00","article_modified_time":"2016-11-02T15:36:42+00:00","og_image":[{"url":"http:\/\/www.varesenews.it\/photogallery_new\/images\/2016\/02\/necrologie-513306.jpg"}],"author":"Roberto Morandi","twitter_card":"summary_large_image","twitter_creator":"@ilmorands","twitter_site":"@varesenews","twitter_misc":{"Scritto da":"Roberto Morandi","Tempo di lettura stimato":"1 minuto"},"schema":{"@context":"https:\/\/schema.org","@graph":[{"@type":"WebPage","@id":"https:\/\/staging.varesenews.it\/2016\/11\/andrea-badoglio-e-morto-per-cause-naturali\/565364\/","url":"https:\/\/staging.varesenews.it\/2016\/11\/andrea-badoglio-e-morto-per-cause-naturali\/565364\/","name":"Andrea Badoglio \u00e8 morto per cause naturali","isPartOf":{"@id":"https:\/\/staging.varesenews.it\/#website"},"datePublished":"2016-11-02T15:04:40+00:00","dateModified":"2016-11-02T15:36:42+00:00","author":{"@id":"https:\/\/staging.varesenews.it\/#\/schema\/person\/efe592ae4c76536b551f89d8b6674bc3"},"description":"Gli ha ceduto il cuore, probabilmente per una patologia congenita. Il responso dall'autopsia","breadcrumb":{"@id":"https:\/\/staging.varesenews.it\/2016\/11\/andrea-badoglio-e-morto-per-cause-naturali\/565364\/#breadcrumb"},"inLanguage":"it-IT","potentialAction":[{"@type":"ReadAction","target":["https:\/\/staging.varesenews.it\/2016\/11\/andrea-badoglio-e-morto-per-cause-naturali\/565364\/"]}]},{"@type":"BreadcrumbList","@id":"https:\/\/staging.varesenews.it\/2016\/11\/andrea-badoglio-e-morto-per-cause-naturali\/565364\/#breadcrumb","itemListElement":[{"@type":"ListItem","position":1,"name":"Home","item":"https:\/\/www.varesenews.it\/"},{"@type":"ListItem","position":2,"name":"Andrea Badoglio \u00e8 morto per cause naturali"}]},{"@type":"WebSite","@id":"https:\/\/staging.varesenews.it\/#website","url":"https:\/\/staging.varesenews.it\/","name":"VareseNews","description":"","potentialAction":[{"@type":"SearchAction","target":{"@type":"EntryPoint","urlTemplate":"https:\/\/staging.varesenews.it\/?s={search_term_string}"},"query-input":"required name=search_term_string"}],"inLanguage":"it-IT"},{"@type":"Person","@id":"https:\/\/staging.varesenews.it\/#\/schema\/person\/efe592ae4c76536b551f89d8b6674bc3","name":"Roberto Morandi","image":{"@type":"ImageObject","inLanguage":"it-IT","@id":"https:\/\/staging.varesenews.it\/#\/schema\/person\/image\/","url":"https:\/\/staging.varesenews.it\/wp-content\/uploads\/2020\/12\/roberto_morandi_colori_500.jpg","contentUrl":"https:\/\/staging.varesenews.it\/wp-content\/uploads\/2020\/12\/roberto_morandi_colori_500.jpg","caption":"Roberto Morandi"},"description":"Classe 1980, laureato in storia, mi occupo dell&rsquo;area di Gallarate e di Malpensa, di trasporti e mobilit&agrave;. Amo molto la dimensione della citt&agrave;, come luogo d&rsquo;incontro di persone diverse e come organismo che si trasforma costantemente. Mi piace anche raccontare le piccole e grandi vicende, anche locali, che compongono la Storia con la S maiuscola. Appassionato di bicicletta: la macchina perfetta per muoversi in citt&agrave; e per viaggiare.","sameAs":["https:\/\/twitter.com\/ilmorands"],"url":"https:\/\/staging.varesenews.it\/persona\/roberto-morandi1\/"}]}},"post_meta":{"_edit_lock":"1478101015:5428","_edit_last":"5428","_category_permalink":"2","ratings_users":"0","ratings_score":"0","ratings_average":"0","wdfb_og_title":"","wdfb_og_type":"","wdfb_og_description":"","wdfb_og_images":"a:1:{i:0;s:0:\"\";}","wdfb_og_custom_name":"a:1:{i:0;s:0:\"\";}","wdfb_og_custom_value":"a:1:{i:0;s:0:\"\";}","foto":"576251","firma_come_redazione":"1","firma-personalizzata":"Roberto Rotondo","argomento":"Varese","_jd_twitter":"","_jd_tweet_this":"yes","_wpt_short_url":"http:\/\/www.varesenews.it\/2016\/11\/andrea-badoglio-e-morto-per-cause-naturali\/565364\/","_wp_jd_target":"http:\/\/www.varesenews.it\/2016\/11\/andrea-badoglio-e-morto-per-cause-naturali\/565364\/","_jd_wp_twitter":"a:1:{i:0;s:128:\"Andrea Badoglio \u00e8 morto per cause naturali http:\/\/www.varesenews.it\/2016\/11\/andrea-badoglio-e-morto-per-cause-naturali\/565364\/ \";}","_wpt_status_message":"Tweet inviato con successo.","id_leggi_anche":"566063,1395248"},"photos":[{"original":"https:\/\/staging.varesenews.it\/photogallery_new\/images\/2016\/10\/andrea-badoglio-576251.jpg","full":"https:\/\/staging.varesenews.it\/photogallery_new\/images\/2016\/10\/andrea-badoglio-576251.1024x768.jpg","large":"https:\/\/staging.varesenews.it\/photogallery_new\/images\/2016\/10\/andrea-badoglio-576251.610x431.jpg"}],"_links":{"self":[{"href":"https:\/\/staging.varesenews.it\/swgapi\/v1\/wp\/v2\/posts\/565364"}],"collection":[{"href":"https:\/\/staging.varesenews.it\/swgapi\/v1\/wp\/v2\/posts"}],"about":[{"href":"https:\/\/staging.varesenews.it\/swgapi\/v1\/wp\/v2\/types\/post"}],"author":[{"embeddable":true,"href":"https:\/\/staging.varesenews.it\/swgapi\/v1\/wp\/v2\/users\/46"}],"replies":[{"embeddable":true,"href":"https:\/\/staging.varesenews.it\/swgapi\/v1\/wp\/v2\/comments?post=565364"}],"version-history":[{"count":0,"href":"https:\/\/staging.varesenews.it\/swgapi\/v1\/wp\/v2\/posts\/565364\/revisions"}],"wp:attachment":[{"href":"https:\/\/staging.varesenews.it\/swgapi\/v1\/wp\/v2\/media?parent=565364"}],"wp:term":[{"taxonomy":"category","embeddable":true,"href":"https:\/\/staging.varesenews.it\/swgapi\/v1\/wp\/v2\/categories?post=565364"},{"taxonomy":"post_tag","embeddable":true,"href":"https:\/\/staging.varesenews.it\/swgapi\/v1\/wp\/v2\/tags?post=565364"}],"curies":[{"name":"wp","href":"https:\/\/api.w.org\/{rel}","templated":true}]}}