{"id":566109,"date":"2016-11-04T14:19:55","date_gmt":"2016-11-04T13:19:55","guid":{"rendered":"http:\/\/www.varesenews.it\/?p=566109"},"modified":"2016-11-04T14:20:16","modified_gmt":"2016-11-04T13:20:16","slug":"con-junior-baff-lab-i-ragazzi-scrivono-il-cinema","status":"publish","type":"post","link":"https:\/\/staging.varesenews.it\/2016\/11\/con-junior-baff-lab-i-ragazzi-scrivono-il-cinema\/566109\/","title":{"rendered":"Con \u201cJunior Baff Lab\u201d i ragazzi scrivono il cinema"},"content":{"rendered":"<p>Non \u00e8 mai troppo presto per educare i giovanissimi alla narrazione per immagini. A pensarla cos\u00ec sono gli organizzatori del <b>B.A. Film Festival<\/b> che, in collaborazione con l&#8217;associazione Wishlist, hanno studiato un&#8217;iniziativa ad hoc per coinvolgere in maniera attiva nella manifestazione cinematografica anche gli studenti pi\u00f9 piccoli.<\/p>\n<p>\u201c<b>Scuola, interno giorno: I ragazzi scrivono il cinema<\/b>\u201d \u00e8 il titolo del laboratorio didattico proposto agli alunni delle classi quarta e quinta delle scuole elementari cittadine, che partir\u00e0 venerd\u00ec 4 novembre e interesser\u00e0 gli Istituti Beata Giuliana, Marco Polo, Tommaseo e Pontida. Il progetto \u2013che prevede quattro incontri da due ore per ciascuna classe- \u00e8 pensato per trasmettere agli studenti le basi della scrittura cinematografica e gli strumenti per interpretare le diverse tipologie di prodotti audiovisivi.<\/p>\n<p>Al termine del ciclo di lezioni a ciascuna classe partecipante sar\u00e0 affidato il titolo di un film che ha fatto la storia del cinema;<strong> a partire da questo, gli alunni, in totale liber\u00e0, dovranno inventare una vicenda, fino a realizzare un vero e proprio copione<\/strong>. Le storie verranno infine \u201craccontate\u201d da attori famosi e da studenti dell&#8217;Istituto Cinematografico Michelangelo Antonioni, che si filmeranno e presenteranno i video al pubblico durante il festival, in programma dal 18 al 25 marzo 2017.<\/p>\n","protected":false},"excerpt":{"rendered":"<p>Il progetto per gli studenti \u00e8 volto ad educare i giovanissimi alla narrazione per immagini. Alla fine ogni classe scriver\u00e0 un vero e proprio copione<\/p>\n","protected":false},"author":42,"featured_media":0,"comment_status":"open","ping_status":"open","sticky":false,"template":"","format":"standard","meta":{"footnotes":""},"categories":[4,13,90],"tags":[4197,56458],"acf":[],"yoast_head":"<!-- This site is optimized with the Yoast SEO plugin v20.1 - https:\/\/yoast.com\/wordpress\/plugins\/seo\/ -->\n<title>Con \u201cJunior Baff Lab\u201d i ragazzi scrivono il cinema<\/title>\n<meta name=\"description\" content=\"Il progetto per gli studenti \u00e8 volto ad educare i giovanissimi alla narrazione per immagini. Alla fine ogni classe scriver\u00e0 un vero e proprio copione\" \/>\n<meta name=\"robots\" content=\"noindex, follow, max-snippet:-1, max-image-preview:large, max-video-preview:-1\" \/>\n<meta property=\"og:locale\" content=\"it_IT\" \/>\n<meta property=\"og:type\" content=\"article\" \/>\n<meta property=\"og:title\" content=\"Con \u201cJunior Baff Lab\u201d i ragazzi scrivono il cinema\" \/>\n<meta property=\"og:description\" content=\"Il progetto per gli studenti \u00e8 volto ad educare i giovanissimi alla narrazione per immagini. Alla fine ogni classe scriver\u00e0 un vero e proprio copione\" \/>\n<meta property=\"og:url\" content=\"https:\/\/staging.varesenews.it\/2016\/11\/con-junior-baff-lab-i-ragazzi-scrivono-il-cinema\/566109\/\" \/>\n<meta property=\"og:site_name\" content=\"VareseNews\" \/>\n<meta property=\"article:publisher\" content=\"https:\/\/www.facebook.com\/varesenews\" \/>\n<meta property=\"article:published_time\" content=\"2016-11-04T13:19:55+00:00\" \/>\n<meta property=\"article:modified_time\" content=\"2016-11-04T13:20:16+00:00\" \/>\n<meta name=\"author\" content=\"Marco Corso\" \/>\n<meta name=\"twitter:card\" content=\"summary_large_image\" \/>\n<meta name=\"twitter:creator\" content=\"@varesenews\" \/>\n<meta name=\"twitter:site\" content=\"@varesenews\" \/>\n<meta name=\"twitter:label1\" content=\"Scritto da\" \/>\n\t<meta name=\"twitter:data1\" content=\"Marco Corso\" \/>\n\t<meta name=\"twitter:label2\" content=\"Tempo di lettura stimato\" \/>\n\t<meta name=\"twitter:data2\" content=\"1 minuto\" \/>\n<script type=\"application\/ld+json\" class=\"yoast-schema-graph\">{\"@context\":\"https:\/\/schema.org\",\"@graph\":[{\"@type\":\"WebPage\",\"@id\":\"https:\/\/staging.varesenews.it\/2016\/11\/con-junior-baff-lab-i-ragazzi-scrivono-il-cinema\/566109\/\",\"url\":\"https:\/\/staging.varesenews.it\/2016\/11\/con-junior-baff-lab-i-ragazzi-scrivono-il-cinema\/566109\/\",\"name\":\"Con \u201cJunior Baff Lab\u201d i ragazzi scrivono il cinema\",\"isPartOf\":{\"@id\":\"https:\/\/staging.varesenews.it\/#website\"},\"datePublished\":\"2016-11-04T13:19:55+00:00\",\"dateModified\":\"2016-11-04T13:20:16+00:00\",\"author\":{\"@id\":\"https:\/\/staging.varesenews.it\/#\/schema\/person\/f0b866bf1a4a7b2b1558574309a927fa\"},\"description\":\"Il progetto per gli studenti \u00e8 volto ad educare i giovanissimi alla narrazione per immagini. Alla fine ogni classe scriver\u00e0 un vero e proprio copione\",\"breadcrumb\":{\"@id\":\"https:\/\/staging.varesenews.it\/2016\/11\/con-junior-baff-lab-i-ragazzi-scrivono-il-cinema\/566109\/#breadcrumb\"},\"inLanguage\":\"it-IT\",\"potentialAction\":[{\"@type\":\"ReadAction\",\"target\":[\"https:\/\/staging.varesenews.it\/2016\/11\/con-junior-baff-lab-i-ragazzi-scrivono-il-cinema\/566109\/\"]}]},{\"@type\":\"BreadcrumbList\",\"@id\":\"https:\/\/staging.varesenews.it\/2016\/11\/con-junior-baff-lab-i-ragazzi-scrivono-il-cinema\/566109\/#breadcrumb\",\"itemListElement\":[{\"@type\":\"ListItem\",\"position\":1,\"name\":\"Home\",\"item\":\"https:\/\/www.varesenews.it\/\"},{\"@type\":\"ListItem\",\"position\":2,\"name\":\"Con \u201cJunior Baff Lab\u201d i ragazzi scrivono il cinema\"}]},{\"@type\":\"WebSite\",\"@id\":\"https:\/\/staging.varesenews.it\/#website\",\"url\":\"https:\/\/staging.varesenews.it\/\",\"name\":\"VareseNews\",\"description\":\"\",\"potentialAction\":[{\"@type\":\"SearchAction\",\"target\":{\"@type\":\"EntryPoint\",\"urlTemplate\":\"https:\/\/staging.varesenews.it\/?s={search_term_string}\"},\"query-input\":\"required name=search_term_string\"}],\"inLanguage\":\"it-IT\"},{\"@type\":\"Person\",\"@id\":\"https:\/\/staging.varesenews.it\/#\/schema\/person\/f0b866bf1a4a7b2b1558574309a927fa\",\"name\":\"Marco Corso\",\"image\":{\"@type\":\"ImageObject\",\"inLanguage\":\"it-IT\",\"@id\":\"https:\/\/staging.varesenews.it\/#\/schema\/person\/image\/\",\"url\":\"https:\/\/staging.varesenews.it\/wp-content\/uploads\/2020\/12\/marco_corso_colori_500.jpg\",\"contentUrl\":\"https:\/\/staging.varesenews.it\/wp-content\/uploads\/2020\/12\/marco_corso_colori_500.jpg\",\"caption\":\"Marco Corso\"},\"description\":\"Classe 91, per diversi anni mi sono fregiato del titolo di pi&ugrave; giovane della redazione, ma adesso faccio il fratello maggiore alle nuove leve. Mi sono laureato nel 2013 in Scienze Sociali per la Globalizzazione alla Statale di Milano e nel 2015 mi sono diplomato in videogiornalismo alla Civica Scuola di Cinema di Milano. A VareseNews da 10 anni, ho seguito da sempre diversi progetti, partendo dalla mia Busto Arsizio per attraversare tutta la provincia. Adesso la \\\"sorvolo\\\" anche con il mio drone, regalando alle mie riprese sempre un punto di vista emozionale e narrativo sui luoghi e le vicende che racconto, ma rimanendo fedele alla cronaca. Quando non faccio il giornalista viaggio o mi arrampico sui monti, per guardare il mondo da altri punti di vista.\",\"sameAs\":[\"mar_corso\"],\"url\":\"https:\/\/staging.varesenews.it\/persona\/marco-corso1\/\"}]}<\/script>\n<!-- \/ Yoast SEO plugin. -->","yoast_head_json":{"title":"Con \u201cJunior Baff Lab\u201d i ragazzi scrivono il cinema","description":"Il progetto per gli studenti \u00e8 volto ad educare i giovanissimi alla narrazione per immagini. Alla fine ogni classe scriver\u00e0 un vero e proprio copione","robots":{"index":"noindex","follow":"follow","max-snippet":"max-snippet:-1","max-image-preview":"max-image-preview:large","max-video-preview":"max-video-preview:-1"},"og_locale":"it_IT","og_type":"article","og_title":"Con \u201cJunior Baff Lab\u201d i ragazzi scrivono il cinema","og_description":"Il progetto per gli studenti \u00e8 volto ad educare i giovanissimi alla narrazione per immagini. Alla fine ogni classe scriver\u00e0 un vero e proprio copione","og_url":"https:\/\/staging.varesenews.it\/2016\/11\/con-junior-baff-lab-i-ragazzi-scrivono-il-cinema\/566109\/","og_site_name":"VareseNews","article_publisher":"https:\/\/www.facebook.com\/varesenews","article_published_time":"2016-11-04T13:19:55+00:00","article_modified_time":"2016-11-04T13:20:16+00:00","author":"Marco Corso","twitter_card":"summary_large_image","twitter_creator":"@varesenews","twitter_site":"@varesenews","twitter_misc":{"Scritto da":"Marco Corso","Tempo di lettura stimato":"1 minuto"},"schema":{"@context":"https:\/\/schema.org","@graph":[{"@type":"WebPage","@id":"https:\/\/staging.varesenews.it\/2016\/11\/con-junior-baff-lab-i-ragazzi-scrivono-il-cinema\/566109\/","url":"https:\/\/staging.varesenews.it\/2016\/11\/con-junior-baff-lab-i-ragazzi-scrivono-il-cinema\/566109\/","name":"Con \u201cJunior Baff Lab\u201d i ragazzi scrivono il cinema","isPartOf":{"@id":"https:\/\/staging.varesenews.it\/#website"},"datePublished":"2016-11-04T13:19:55+00:00","dateModified":"2016-11-04T13:20:16+00:00","author":{"@id":"https:\/\/staging.varesenews.it\/#\/schema\/person\/f0b866bf1a4a7b2b1558574309a927fa"},"description":"Il progetto per gli studenti \u00e8 volto ad educare i giovanissimi alla narrazione per immagini. Alla fine ogni classe scriver\u00e0 un vero e proprio copione","breadcrumb":{"@id":"https:\/\/staging.varesenews.it\/2016\/11\/con-junior-baff-lab-i-ragazzi-scrivono-il-cinema\/566109\/#breadcrumb"},"inLanguage":"it-IT","potentialAction":[{"@type":"ReadAction","target":["https:\/\/staging.varesenews.it\/2016\/11\/con-junior-baff-lab-i-ragazzi-scrivono-il-cinema\/566109\/"]}]},{"@type":"BreadcrumbList","@id":"https:\/\/staging.varesenews.it\/2016\/11\/con-junior-baff-lab-i-ragazzi-scrivono-il-cinema\/566109\/#breadcrumb","itemListElement":[{"@type":"ListItem","position":1,"name":"Home","item":"https:\/\/www.varesenews.it\/"},{"@type":"ListItem","position":2,"name":"Con \u201cJunior Baff Lab\u201d i ragazzi scrivono il cinema"}]},{"@type":"WebSite","@id":"https:\/\/staging.varesenews.it\/#website","url":"https:\/\/staging.varesenews.it\/","name":"VareseNews","description":"","potentialAction":[{"@type":"SearchAction","target":{"@type":"EntryPoint","urlTemplate":"https:\/\/staging.varesenews.it\/?s={search_term_string}"},"query-input":"required name=search_term_string"}],"inLanguage":"it-IT"},{"@type":"Person","@id":"https:\/\/staging.varesenews.it\/#\/schema\/person\/f0b866bf1a4a7b2b1558574309a927fa","name":"Marco Corso","image":{"@type":"ImageObject","inLanguage":"it-IT","@id":"https:\/\/staging.varesenews.it\/#\/schema\/person\/image\/","url":"https:\/\/staging.varesenews.it\/wp-content\/uploads\/2020\/12\/marco_corso_colori_500.jpg","contentUrl":"https:\/\/staging.varesenews.it\/wp-content\/uploads\/2020\/12\/marco_corso_colori_500.jpg","caption":"Marco Corso"},"description":"Classe 91, per diversi anni mi sono fregiato del titolo di pi&ugrave; giovane della redazione, ma adesso faccio il fratello maggiore alle nuove leve. Mi sono laureato nel 2013 in Scienze Sociali per la Globalizzazione alla Statale di Milano e nel 2015 mi sono diplomato in videogiornalismo alla Civica Scuola di Cinema di Milano. A VareseNews da 10 anni, ho seguito da sempre diversi progetti, partendo dalla mia Busto Arsizio per attraversare tutta la provincia. Adesso la \"sorvolo\" anche con il mio drone, regalando alle mie riprese sempre un punto di vista emozionale e narrativo sui luoghi e le vicende che racconto, ma rimanendo fedele alla cronaca. Quando non faccio il giornalista viaggio o mi arrampico sui monti, per guardare il mondo da altri punti di vista.","sameAs":["mar_corso"],"url":"https:\/\/staging.varesenews.it\/persona\/marco-corso1\/"}]}},"post_meta":{"_edit_lock":"1478266255:42","_edit_last":"42","_category_permalink":"","wdfb_og_title":"","wdfb_og_type":"","wdfb_og_description":"","wdfb_og_images":"a:1:{i:0;s:0:\"\";}","wdfb_og_custom_name":"a:1:{i:0;s:0:\"\";}","wdfb_og_custom_value":"a:1:{i:0;s:0:\"\";}","foto":"524284","firma_come_redazione":"1","argomento":"Busto Arsizio","_jd_twitter":"","_jd_tweet_this":"yes","ratings_users":"0","ratings_score":"0","ratings_average":"0","_wpt_short_url":"http:\/\/www.varesenews.it\/2016\/11\/con-junior-baff-lab-i-ragazzi-scrivono-il-cinema\/566109\/","_wp_jd_target":"http:\/\/www.varesenews.it\/2016\/11\/con-junior-baff-lab-i-ragazzi-scrivono-il-cinema\/566109\/","_jd_wp_twitter":"a:1:{i:0;s:160:\"Con \u201cJunior Baff Lab\u201d i ragazzi scrivono il cinema http:\/\/www.varesenews.it\/2016\/11\/con-junior-baff-lab-i-ragazzi-scrivono-il-cinema\/566109\/ #baff #baff2016\";}","_wpt_status_message":"Tweet inviato con successo.","_yoast_wpseo_focuskw":"baff","_yoast_wpseo_linkdex":"60"},"photos":[{"original":"https:\/\/staging.varesenews.it\/photogallery_new\/images\/2016\/03\/varie-524284.jpg","full":"https:\/\/staging.varesenews.it\/photogallery_new\/images\/2016\/03\/varie-524284.1024x768.jpg","large":"https:\/\/staging.varesenews.it\/photogallery_new\/images\/2016\/03\/varie-524284.610x431.jpg"}],"_links":{"self":[{"href":"https:\/\/staging.varesenews.it\/swgapi\/v1\/wp\/v2\/posts\/566109"}],"collection":[{"href":"https:\/\/staging.varesenews.it\/swgapi\/v1\/wp\/v2\/posts"}],"about":[{"href":"https:\/\/staging.varesenews.it\/swgapi\/v1\/wp\/v2\/types\/post"}],"author":[{"embeddable":true,"href":"https:\/\/staging.varesenews.it\/swgapi\/v1\/wp\/v2\/users\/42"}],"replies":[{"embeddable":true,"href":"https:\/\/staging.varesenews.it\/swgapi\/v1\/wp\/v2\/comments?post=566109"}],"version-history":[{"count":0,"href":"https:\/\/staging.varesenews.it\/swgapi\/v1\/wp\/v2\/posts\/566109\/revisions"}],"wp:attachment":[{"href":"https:\/\/staging.varesenews.it\/swgapi\/v1\/wp\/v2\/media?parent=566109"}],"wp:term":[{"taxonomy":"category","embeddable":true,"href":"https:\/\/staging.varesenews.it\/swgapi\/v1\/wp\/v2\/categories?post=566109"},{"taxonomy":"post_tag","embeddable":true,"href":"https:\/\/staging.varesenews.it\/swgapi\/v1\/wp\/v2\/tags?post=566109"}],"curies":[{"name":"wp","href":"https:\/\/api.w.org\/{rel}","templated":true}]}}