{"id":566636,"date":"2016-11-07T14:40:06","date_gmt":"2016-11-07T13:40:06","guid":{"rendered":"http:\/\/www.varesenews.it\/?p=566636"},"modified":"2016-11-07T14:40:06","modified_gmt":"2016-11-07T13:40:06","slug":"esce-lultimo-paziente-lortopedia-perde-i-degenti","status":"publish","type":"post","link":"https:\/\/staging.varesenews.it\/2016\/11\/esce-lultimo-paziente-lortopedia-perde-i-degenti\/566636\/","title":{"rendered":"Esce l&#8217;ultimo paziente: l&#8217;ortopedia perde i degenti"},"content":{"rendered":"<p class=\"p1\">Con l&#8217;uscita\u00a0dell&#8217;ultimo paziente, <strong>ha chiuso il reparto di degenza dell&#8217;ortopedia\/traumatologia dell&#8217;ospedale di Cittiglio.<\/strong> Da oggi, quindi, viene <strong>completato il trasloco dell&#8217;attivit\u00e0 chirurgica traumatologica verso Luino e Varese per i casi pi\u00f9 importanti.<\/strong><\/p>\n<p class=\"p1\">Al Pia Luvini rimane <strong>l&#8217;attivit\u00e0 ambulatoriale di ortopedia e quella di chirurgia di un giorno legata alla mano e al piede<\/strong>: \u00ab Continueranno le visite ambulatoriali &#8211; spiega il <strong>direttore generale dell&#8217;ASST Sette Laghi\u00a0Callisto Bravi<\/strong> &#8211; dalle 10 alle 18 che potranno essere ampliate con inizio\u00a0alle 8 appena arriver\u00e0 un secondo specialista ortopedico. Il chirurgo, comunque, continuer\u00e0 a effettuare gli interventi di elezione meno complessi e che non prevedono giorni di degenza. Potr\u00e0 anche contare sulla<strong> collaborazione del chirurgo plastico<\/strong>, cosa che prima non avveniva\u00bb.<\/p>\n<p class=\"p1\">La decisione di riorganizzare l&#8217;attivit\u00e0 dei due presidi di Luino e Cittiglio \u00e8 dovuta anche alla carenza di figure specialistiche ortopediche. <strong>La nuova distribuzione, per\u00f2, non \u00e8 piaciuta alla popolazione<\/strong> che, su invito del comitato nato per difendere l&#8217;ospedale di Cittiglio, si \u00e8 espressa con 400 firme per mantenere l&#8217;operativit\u00e0 del reparto di ortopedia. Anche il <strong>consiglio comunale<\/strong> aveva votato all&#8217;unanimit\u00e0 una mozione in difesa dell&#8217;ospedale mentre altre amministrazioni limitrofe si stanno mobilitando per fare quadrato attorno al Pia Luvini. Il timore pi\u00f9 grosso \u00e8 legato al pronto soccorso e alla sua attivit\u00e0 di servizio per il territorio.<\/p>\n","protected":false},"excerpt":{"rendered":"<p>L&#8217;ospedale avr\u00e0 solo l&#8217;attivit\u00e0 ambulatoriale ed eseguir\u00e0 gli interventi meno complessi per mano e piede. Raccolte 400 firme per fermare l&#8217;impoverimento del presidio<\/p>\n","protected":false},"author":33,"featured_media":0,"comment_status":"open","ping_status":"open","sticky":false,"template":"","format":"standard","meta":{"footnotes":""},"categories":[24,1,2],"tags":[8597,1387],"acf":[],"yoast_head":"<!-- This site is optimized with the Yoast SEO plugin v20.1 - https:\/\/yoast.com\/wordpress\/plugins\/seo\/ -->\n<title>Esce l&#039;ultimo paziente: l&#039;ortopedia perde i degenti<\/title>\n<meta name=\"description\" content=\"L&#039;ospedale avr\u00e0 solo l&#039;attivit\u00e0 ambulatoriale ed eseguir\u00e0 gli interventi meno complessi per mano e piede. Raccolte 400 firme per fermare l&#039;impoverimento del presidio\" \/>\n<meta name=\"robots\" content=\"noindex, follow, max-snippet:-1, max-image-preview:large, max-video-preview:-1\" \/>\n<meta property=\"og:locale\" content=\"it_IT\" \/>\n<meta property=\"og:type\" content=\"article\" \/>\n<meta property=\"og:title\" content=\"Esce l&#039;ultimo paziente: l&#039;ortopedia perde i degenti\" \/>\n<meta property=\"og:description\" content=\"L&#039;ospedale avr\u00e0 solo l&#039;attivit\u00e0 ambulatoriale ed eseguir\u00e0 gli interventi meno complessi per mano e piede. Raccolte 400 firme per fermare l&#039;impoverimento del presidio\" \/>\n<meta property=\"og:url\" content=\"https:\/\/www.varesenews.it\/2016\/11\/esce-lultimo-paziente-lortopedia-perde-i-degenti\/566636\/\" \/>\n<meta property=\"og:site_name\" content=\"VareseNews\" \/>\n<meta property=\"article:publisher\" content=\"https:\/\/www.facebook.com\/varesenews\" \/>\n<meta property=\"article:author\" content=\"alessandra.toni7\" \/>\n<meta property=\"article:published_time\" content=\"2016-11-07T13:40:06+00:00\" \/>\n<meta name=\"author\" content=\"Alessandra Toni\" \/>\n<meta name=\"twitter:card\" content=\"summary_large_image\" \/>\n<meta name=\"twitter:creator\" content=\"@alessandra_toni\" \/>\n<meta name=\"twitter:site\" content=\"@varesenews\" \/>\n<meta name=\"twitter:label1\" content=\"Scritto da\" \/>\n\t<meta name=\"twitter:data1\" content=\"Alessandra Toni\" \/>\n\t<meta name=\"twitter:label2\" content=\"Tempo di lettura stimato\" \/>\n\t<meta name=\"twitter:data2\" content=\"1 minuto\" \/>\n<script type=\"application\/ld+json\" class=\"yoast-schema-graph\">{\"@context\":\"https:\/\/schema.org\",\"@graph\":[{\"@type\":\"WebPage\",\"@id\":\"https:\/\/www.varesenews.it\/2016\/11\/esce-lultimo-paziente-lortopedia-perde-i-degenti\/566636\/\",\"url\":\"https:\/\/www.varesenews.it\/2016\/11\/esce-lultimo-paziente-lortopedia-perde-i-degenti\/566636\/\",\"name\":\"Esce l'ultimo paziente: l'ortopedia perde i degenti\",\"isPartOf\":{\"@id\":\"https:\/\/staging.varesenews.it\/#website\"},\"datePublished\":\"2016-11-07T13:40:06+00:00\",\"dateModified\":\"2016-11-07T13:40:06+00:00\",\"author\":{\"@id\":\"https:\/\/staging.varesenews.it\/#\/schema\/person\/2643ce123d4a3c9511e015dc548779b8\"},\"description\":\"L'ospedale avr\u00e0 solo l'attivit\u00e0 ambulatoriale ed eseguir\u00e0 gli interventi meno complessi per mano e piede. Raccolte 400 firme per fermare l'impoverimento del presidio\",\"breadcrumb\":{\"@id\":\"https:\/\/www.varesenews.it\/2016\/11\/esce-lultimo-paziente-lortopedia-perde-i-degenti\/566636\/#breadcrumb\"},\"inLanguage\":\"it-IT\",\"potentialAction\":[{\"@type\":\"ReadAction\",\"target\":[\"https:\/\/www.varesenews.it\/2016\/11\/esce-lultimo-paziente-lortopedia-perde-i-degenti\/566636\/\"]}]},{\"@type\":\"BreadcrumbList\",\"@id\":\"https:\/\/www.varesenews.it\/2016\/11\/esce-lultimo-paziente-lortopedia-perde-i-degenti\/566636\/#breadcrumb\",\"itemListElement\":[{\"@type\":\"ListItem\",\"position\":1,\"name\":\"Home\",\"item\":\"https:\/\/www.varesenews.it\/\"},{\"@type\":\"ListItem\",\"position\":2,\"name\":\"Esce l&#8217;ultimo paziente: l&#8217;ortopedia perde i degenti\"}]},{\"@type\":\"WebSite\",\"@id\":\"https:\/\/staging.varesenews.it\/#website\",\"url\":\"https:\/\/staging.varesenews.it\/\",\"name\":\"VareseNews\",\"description\":\"\",\"potentialAction\":[{\"@type\":\"SearchAction\",\"target\":{\"@type\":\"EntryPoint\",\"urlTemplate\":\"https:\/\/staging.varesenews.it\/?s={search_term_string}\"},\"query-input\":\"required name=search_term_string\"}],\"inLanguage\":\"it-IT\"},{\"@type\":\"Person\",\"@id\":\"https:\/\/staging.varesenews.it\/#\/schema\/person\/2643ce123d4a3c9511e015dc548779b8\",\"name\":\"Alessandra Toni\",\"image\":{\"@type\":\"ImageObject\",\"inLanguage\":\"it-IT\",\"@id\":\"https:\/\/staging.varesenews.it\/#\/schema\/person\/image\/\",\"url\":\"https:\/\/staging.varesenews.it\/wp-content\/uploads\/2020\/12\/alessandra_toni_colori_500.jpg\",\"contentUrl\":\"https:\/\/staging.varesenews.it\/wp-content\/uploads\/2020\/12\/alessandra_toni_colori_500.jpg\",\"caption\":\"Alessandra Toni\"},\"description\":\"Sono entrata nella redazione di VareseNews nel lontano anno 2000. Ero reduce da una bellissima esperienza nella redazione giornalistica della TV Nuova Antennatre, sotto la direzione dell'indimenticabile direttore Adolfo Caldarini. Sono arrivata quando era ancora una piccola realt\u00e0 editoriale e insieme abbiamo fatto un lungo ed entusiasmante lavoro. Mi occupo prevalentemente di scuola e di sanit\u00e0, settori impegnativi di grande valore sociale.\u00a0\",\"sameAs\":[\"alessandra.toni7\",\"alessandra.toni\",\"https:\/\/twitter.com\/alessandra_toni\"],\"url\":\"https:\/\/staging.varesenews.it\/persona\/alessandra_toni1\/\"}]}<\/script>\n<!-- \/ Yoast SEO plugin. -->","yoast_head_json":{"title":"Esce l'ultimo paziente: l'ortopedia perde i degenti","description":"L'ospedale avr\u00e0 solo l'attivit\u00e0 ambulatoriale ed eseguir\u00e0 gli interventi meno complessi per mano e piede. Raccolte 400 firme per fermare l'impoverimento del presidio","robots":{"index":"noindex","follow":"follow","max-snippet":"max-snippet:-1","max-image-preview":"max-image-preview:large","max-video-preview":"max-video-preview:-1"},"og_locale":"it_IT","og_type":"article","og_title":"Esce l'ultimo paziente: l'ortopedia perde i degenti","og_description":"L'ospedale avr\u00e0 solo l'attivit\u00e0 ambulatoriale ed eseguir\u00e0 gli interventi meno complessi per mano e piede. Raccolte 400 firme per fermare l'impoverimento del presidio","og_url":"https:\/\/www.varesenews.it\/2016\/11\/esce-lultimo-paziente-lortopedia-perde-i-degenti\/566636\/","og_site_name":"VareseNews","article_publisher":"https:\/\/www.facebook.com\/varesenews","article_author":"alessandra.toni7","article_published_time":"2016-11-07T13:40:06+00:00","author":"Alessandra Toni","twitter_card":"summary_large_image","twitter_creator":"@alessandra_toni","twitter_site":"@varesenews","twitter_misc":{"Scritto da":"Alessandra Toni","Tempo di lettura stimato":"1 minuto"},"schema":{"@context":"https:\/\/schema.org","@graph":[{"@type":"WebPage","@id":"https:\/\/www.varesenews.it\/2016\/11\/esce-lultimo-paziente-lortopedia-perde-i-degenti\/566636\/","url":"https:\/\/www.varesenews.it\/2016\/11\/esce-lultimo-paziente-lortopedia-perde-i-degenti\/566636\/","name":"Esce l'ultimo paziente: l'ortopedia perde i degenti","isPartOf":{"@id":"https:\/\/staging.varesenews.it\/#website"},"datePublished":"2016-11-07T13:40:06+00:00","dateModified":"2016-11-07T13:40:06+00:00","author":{"@id":"https:\/\/staging.varesenews.it\/#\/schema\/person\/2643ce123d4a3c9511e015dc548779b8"},"description":"L'ospedale avr\u00e0 solo l'attivit\u00e0 ambulatoriale ed eseguir\u00e0 gli interventi meno complessi per mano e piede. Raccolte 400 firme per fermare l'impoverimento del presidio","breadcrumb":{"@id":"https:\/\/www.varesenews.it\/2016\/11\/esce-lultimo-paziente-lortopedia-perde-i-degenti\/566636\/#breadcrumb"},"inLanguage":"it-IT","potentialAction":[{"@type":"ReadAction","target":["https:\/\/www.varesenews.it\/2016\/11\/esce-lultimo-paziente-lortopedia-perde-i-degenti\/566636\/"]}]},{"@type":"BreadcrumbList","@id":"https:\/\/www.varesenews.it\/2016\/11\/esce-lultimo-paziente-lortopedia-perde-i-degenti\/566636\/#breadcrumb","itemListElement":[{"@type":"ListItem","position":1,"name":"Home","item":"https:\/\/www.varesenews.it\/"},{"@type":"ListItem","position":2,"name":"Esce l&#8217;ultimo paziente: l&#8217;ortopedia perde i degenti"}]},{"@type":"WebSite","@id":"https:\/\/staging.varesenews.it\/#website","url":"https:\/\/staging.varesenews.it\/","name":"VareseNews","description":"","potentialAction":[{"@type":"SearchAction","target":{"@type":"EntryPoint","urlTemplate":"https:\/\/staging.varesenews.it\/?s={search_term_string}"},"query-input":"required name=search_term_string"}],"inLanguage":"it-IT"},{"@type":"Person","@id":"https:\/\/staging.varesenews.it\/#\/schema\/person\/2643ce123d4a3c9511e015dc548779b8","name":"Alessandra Toni","image":{"@type":"ImageObject","inLanguage":"it-IT","@id":"https:\/\/staging.varesenews.it\/#\/schema\/person\/image\/","url":"https:\/\/staging.varesenews.it\/wp-content\/uploads\/2020\/12\/alessandra_toni_colori_500.jpg","contentUrl":"https:\/\/staging.varesenews.it\/wp-content\/uploads\/2020\/12\/alessandra_toni_colori_500.jpg","caption":"Alessandra Toni"},"description":"Sono entrata nella redazione di VareseNews nel lontano anno 2000. Ero reduce da una bellissima esperienza nella redazione giornalistica della TV Nuova Antennatre, sotto la direzione dell'indimenticabile direttore Adolfo Caldarini. Sono arrivata quando era ancora una piccola realt\u00e0 editoriale e insieme abbiamo fatto un lungo ed entusiasmante lavoro. Mi occupo prevalentemente di scuola e di sanit\u00e0, settori impegnativi di grande valore sociale.\u00a0","sameAs":["alessandra.toni7","alessandra.toni","https:\/\/twitter.com\/alessandra_toni"],"url":"https:\/\/staging.varesenews.it\/persona\/alessandra_toni1\/"}]}},"post_meta":{"_edit_lock":"1478527808:33","_edit_last":"33","_category_permalink":"24","wdfb_og_title":"","wdfb_og_type":"","wdfb_og_description":"","wdfb_og_images":"a:1:{i:0;s:0:\"\";}","wdfb_og_custom_name":"a:1:{i:0;s:0:\"\";}","wdfb_og_custom_value":"a:1:{i:0;s:0:\"\";}","argomento":"Cittiglio","_jd_twitter":"","_jd_tweet_this":"yes","id_leggi_anche":"394710,574885,577362,579196,579262","foto":"577561","firma_come_redazione":"1","ratings_users":"0","ratings_score":"0","ratings_average":"0","_wpt_short_url":"http:\/\/www.varesenews.it\/2016\/11\/esce-lultimo-paziente-lortopedia-perde-i-degenti\/566636\/","_wp_jd_target":"http:\/\/www.varesenews.it\/2016\/11\/esce-lultimo-paziente-lortopedia-perde-i-degenti\/566636\/","_jd_wp_twitter":"a:1:{i:0;s:152:\"Esce l'ultimo paziente: l'ortopedia perde i degenti http:\/\/www.varesenews.it\/2016\/11\/esce-lultimo-paziente-lortopedia-perde-i-degenti\/566636\/ #ortopedia\";}","_wpt_status_message":"Tweet inviato con successo."},"photos":[{"original":"https:\/\/staging.varesenews.it\/photogallery_new\/images\/2016\/11\/reparto-di-ortopedia-577561.jpg","full":"https:\/\/staging.varesenews.it\/photogallery_new\/images\/2016\/11\/reparto-di-ortopedia-577561.1024x768.jpg","large":"https:\/\/staging.varesenews.it\/photogallery_new\/images\/2016\/11\/reparto-di-ortopedia-577561.610x431.jpg"}],"_links":{"self":[{"href":"https:\/\/staging.varesenews.it\/swgapi\/v1\/wp\/v2\/posts\/566636"}],"collection":[{"href":"https:\/\/staging.varesenews.it\/swgapi\/v1\/wp\/v2\/posts"}],"about":[{"href":"https:\/\/staging.varesenews.it\/swgapi\/v1\/wp\/v2\/types\/post"}],"author":[{"embeddable":true,"href":"https:\/\/staging.varesenews.it\/swgapi\/v1\/wp\/v2\/users\/33"}],"replies":[{"embeddable":true,"href":"https:\/\/staging.varesenews.it\/swgapi\/v1\/wp\/v2\/comments?post=566636"}],"version-history":[{"count":0,"href":"https:\/\/staging.varesenews.it\/swgapi\/v1\/wp\/v2\/posts\/566636\/revisions"}],"wp:attachment":[{"href":"https:\/\/staging.varesenews.it\/swgapi\/v1\/wp\/v2\/media?parent=566636"}],"wp:term":[{"taxonomy":"category","embeddable":true,"href":"https:\/\/staging.varesenews.it\/swgapi\/v1\/wp\/v2\/categories?post=566636"},{"taxonomy":"post_tag","embeddable":true,"href":"https:\/\/staging.varesenews.it\/swgapi\/v1\/wp\/v2\/tags?post=566636"}],"curies":[{"name":"wp","href":"https:\/\/api.w.org\/{rel}","templated":true}]}}