{"id":566661,"date":"2016-11-07T15:05:29","date_gmt":"2016-11-07T14:05:29","guid":{"rendered":"http:\/\/www.varesenews.it\/?p=566661"},"modified":"2016-11-07T15:05:29","modified_gmt":"2016-11-07T14:05:29","slug":"area-ex-lazzaroni-arriva-il-progetto","status":"publish","type":"post","link":"https:\/\/staging.varesenews.it\/2016\/11\/area-ex-lazzaroni-arriva-il-progetto\/566661\/","title":{"rendered":"Area ex Lazzaroni, arriva il progetto"},"content":{"rendered":"<p>\u00abOggi \u00e8 un grande giorno per la nostra comunit\u00e0. \u00c8 arrivato infatti<strong> questa mattina al protocollo il progetto di riqualifica e rilancio dell&#8217;area ex-Lazzaroni<\/strong>\u00bb. L&#8217;annuncio arriva dal sindaco di Uboldo<strong> Lorenzo Guzzetti<\/strong>.<\/p>\n<p>\u00abSono un po&#8217; emozionato perch\u00e8 quest&#8217;area, che ha dato lavoro a tanti cittadini e tante persone in passato, a tante donne uboldesi ai tempi della Lazzaroni, torner\u00e0 a vivere, a dare lavoro, a dare futuro a tante persone. Sono un po&#8217; emozionato perch\u00e8 questa \u00e8 una delle previsioni pi\u00f9 importanti del nostro Piano di Governo del Territorio approvato nel 2014 che si realizza, finalmente\u00bb.<\/p>\n<p>Il dibattito sull&#8217;ampia area industriale \u00e8 aperto da anni, con la previsione di area commerciale e successive <a href=\"http:\/\/www.varesenews.it\/2014\/01\/no-a-un-mega-centro-commerciale-nella-ex-lazzaroni\/43495\/\" target=\"_blank\">contestazioni da parte delle opposizioni<\/a>. Il sindaco sottolinea come oggi la memoria di un luogo di lavoro si trasforma in nuova occasione per il futuro: \u00abDa questa operazione <strong>arriveranno quasi 5 milioni di euro<\/strong> (che al cambio con la lira sono 10 miliardi di lire) che verranno tutti spesi a beneficio della nostra comunit\u00e0, di Uboldo e degli uboldesi\u00bb. Quanto alle linee guida del progetto, Guzzetti assicura che \u00ab<strong>non ci sar\u00e0 nessuna galleria commerciale<\/strong>, come richiesto ai tempi dalle associazioni commercianti, ma saranno <strong>due grandi superfici di vendita e verr\u00e0 recuperato anche il parcheggio di Via Muratori<\/strong> con un nuovo edificio. Inoltre, in perfetta linea e sintonia con le politiche di Regione Lombardia, non verr\u00e0 consumato suolo e verranno recuperate delle aree dismesse. Infine, dentro qui troveranno lavoro molti uboldesi e molte persone del nostro comprensorio saronnese\u00bb.<\/p>\n<p>Il progetto sar\u00e0 presentato &#8211; insieme ai tecnici della propriet\u00e0 &#8211; luned\u00ec 14 novembre in aula consiliare &#8220;Tito Zaffaroni&#8221;<\/p>\n","protected":false},"excerpt":{"rendered":"<p>La propriet\u00e0 ha protocollato il progetto, che sar\u00e0 presentato il 14 novembre. &#8220;Arriveranno 5 milioni di euro, non si consuma suolo, ci sar\u00e0 un parcheggio in pi\u00f9&#8221; <\/p>\n","protected":false},"author":46,"featured_media":0,"comment_status":"open","ping_status":"open","sticky":false,"template":"","format":"standard","meta":{"footnotes":""},"categories":[5],"tags":[65487],"acf":[],"yoast_head":"<!-- This site is optimized with the Yoast SEO plugin v20.1 - https:\/\/yoast.com\/wordpress\/plugins\/seo\/ -->\n<title>Area ex Lazzaroni, arriva il progetto<\/title>\n<meta name=\"description\" content=\"La propriet\u00e0 ha protocollato il progetto, che sar\u00e0 presentato il 14 novembre. &quot;Arriveranno 5 milioni di euro, non si consuma suolo, ci sar\u00e0 un parcheggio in pi\u00f9&quot;\" \/>\n<meta name=\"robots\" content=\"noindex, follow, max-snippet:-1, max-image-preview:large, max-video-preview:-1\" \/>\n<meta property=\"og:locale\" content=\"it_IT\" \/>\n<meta property=\"og:type\" content=\"article\" \/>\n<meta property=\"og:title\" content=\"Area ex Lazzaroni, arriva il progetto\" \/>\n<meta property=\"og:description\" content=\"La propriet\u00e0 ha protocollato il progetto, che sar\u00e0 presentato il 14 novembre. &quot;Arriveranno 5 milioni di euro, non si consuma suolo, ci sar\u00e0 un parcheggio in pi\u00f9&quot;\" \/>\n<meta property=\"og:url\" content=\"https:\/\/staging.varesenews.it\/2016\/11\/area-ex-lazzaroni-arriva-il-progetto\/566661\/\" \/>\n<meta property=\"og:site_name\" content=\"VareseNews\" \/>\n<meta property=\"article:publisher\" content=\"https:\/\/www.facebook.com\/varesenews\" \/>\n<meta property=\"article:published_time\" content=\"2016-11-07T14:05:29+00:00\" \/>\n<meta name=\"author\" content=\"Roberto Morandi\" \/>\n<meta name=\"twitter:card\" content=\"summary_large_image\" \/>\n<meta name=\"twitter:creator\" content=\"@ilmorands\" \/>\n<meta name=\"twitter:site\" content=\"@varesenews\" \/>\n<meta name=\"twitter:label1\" content=\"Scritto da\" \/>\n\t<meta name=\"twitter:data1\" content=\"Roberto Morandi\" \/>\n\t<meta name=\"twitter:label2\" content=\"Tempo di lettura stimato\" \/>\n\t<meta name=\"twitter:data2\" content=\"1 minuto\" \/>\n<script type=\"application\/ld+json\" class=\"yoast-schema-graph\">{\"@context\":\"https:\/\/schema.org\",\"@graph\":[{\"@type\":\"WebPage\",\"@id\":\"https:\/\/staging.varesenews.it\/2016\/11\/area-ex-lazzaroni-arriva-il-progetto\/566661\/\",\"url\":\"https:\/\/staging.varesenews.it\/2016\/11\/area-ex-lazzaroni-arriva-il-progetto\/566661\/\",\"name\":\"Area ex Lazzaroni, arriva il progetto\",\"isPartOf\":{\"@id\":\"https:\/\/staging.varesenews.it\/#website\"},\"datePublished\":\"2016-11-07T14:05:29+00:00\",\"dateModified\":\"2016-11-07T14:05:29+00:00\",\"author\":{\"@id\":\"https:\/\/staging.varesenews.it\/#\/schema\/person\/efe592ae4c76536b551f89d8b6674bc3\"},\"description\":\"La propriet\u00e0 ha protocollato il progetto, che sar\u00e0 presentato il 14 novembre. \\\"Arriveranno 5 milioni di euro, non si consuma suolo, ci sar\u00e0 un parcheggio in pi\u00f9\\\"\",\"breadcrumb\":{\"@id\":\"https:\/\/staging.varesenews.it\/2016\/11\/area-ex-lazzaroni-arriva-il-progetto\/566661\/#breadcrumb\"},\"inLanguage\":\"it-IT\",\"potentialAction\":[{\"@type\":\"ReadAction\",\"target\":[\"https:\/\/staging.varesenews.it\/2016\/11\/area-ex-lazzaroni-arriva-il-progetto\/566661\/\"]}]},{\"@type\":\"BreadcrumbList\",\"@id\":\"https:\/\/staging.varesenews.it\/2016\/11\/area-ex-lazzaroni-arriva-il-progetto\/566661\/#breadcrumb\",\"itemListElement\":[{\"@type\":\"ListItem\",\"position\":1,\"name\":\"Home\",\"item\":\"https:\/\/www.varesenews.it\/\"},{\"@type\":\"ListItem\",\"position\":2,\"name\":\"Area ex Lazzaroni, arriva il progetto\"}]},{\"@type\":\"WebSite\",\"@id\":\"https:\/\/staging.varesenews.it\/#website\",\"url\":\"https:\/\/staging.varesenews.it\/\",\"name\":\"VareseNews\",\"description\":\"\",\"potentialAction\":[{\"@type\":\"SearchAction\",\"target\":{\"@type\":\"EntryPoint\",\"urlTemplate\":\"https:\/\/staging.varesenews.it\/?s={search_term_string}\"},\"query-input\":\"required name=search_term_string\"}],\"inLanguage\":\"it-IT\"},{\"@type\":\"Person\",\"@id\":\"https:\/\/staging.varesenews.it\/#\/schema\/person\/efe592ae4c76536b551f89d8b6674bc3\",\"name\":\"Roberto Morandi\",\"image\":{\"@type\":\"ImageObject\",\"inLanguage\":\"it-IT\",\"@id\":\"https:\/\/staging.varesenews.it\/#\/schema\/person\/image\/\",\"url\":\"https:\/\/staging.varesenews.it\/wp-content\/uploads\/2020\/12\/roberto_morandi_colori_500.jpg\",\"contentUrl\":\"https:\/\/staging.varesenews.it\/wp-content\/uploads\/2020\/12\/roberto_morandi_colori_500.jpg\",\"caption\":\"Roberto Morandi\"},\"description\":\"Classe 1980, laureato in storia, mi occupo dell&rsquo;area di Gallarate e di Malpensa, di trasporti e mobilit&agrave;. Amo molto la dimensione della citt&agrave;, come luogo d&rsquo;incontro di persone diverse e come organismo che si trasforma costantemente. Mi piace anche raccontare le piccole e grandi vicende, anche locali, che compongono la Storia con la S maiuscola. Appassionato di bicicletta: la macchina perfetta per muoversi in citt&agrave; e per viaggiare.\",\"sameAs\":[\"https:\/\/twitter.com\/ilmorands\"],\"url\":\"https:\/\/staging.varesenews.it\/persona\/roberto-morandi1\/\"}]}<\/script>\n<!-- \/ Yoast SEO plugin. -->","yoast_head_json":{"title":"Area ex Lazzaroni, arriva il progetto","description":"La propriet\u00e0 ha protocollato il progetto, che sar\u00e0 presentato il 14 novembre. \"Arriveranno 5 milioni di euro, non si consuma suolo, ci sar\u00e0 un parcheggio in pi\u00f9\"","robots":{"index":"noindex","follow":"follow","max-snippet":"max-snippet:-1","max-image-preview":"max-image-preview:large","max-video-preview":"max-video-preview:-1"},"og_locale":"it_IT","og_type":"article","og_title":"Area ex Lazzaroni, arriva il progetto","og_description":"La propriet\u00e0 ha protocollato il progetto, che sar\u00e0 presentato il 14 novembre. \"Arriveranno 5 milioni di euro, non si consuma suolo, ci sar\u00e0 un parcheggio in pi\u00f9\"","og_url":"https:\/\/staging.varesenews.it\/2016\/11\/area-ex-lazzaroni-arriva-il-progetto\/566661\/","og_site_name":"VareseNews","article_publisher":"https:\/\/www.facebook.com\/varesenews","article_published_time":"2016-11-07T14:05:29+00:00","author":"Roberto Morandi","twitter_card":"summary_large_image","twitter_creator":"@ilmorands","twitter_site":"@varesenews","twitter_misc":{"Scritto da":"Roberto Morandi","Tempo di lettura stimato":"1 minuto"},"schema":{"@context":"https:\/\/schema.org","@graph":[{"@type":"WebPage","@id":"https:\/\/staging.varesenews.it\/2016\/11\/area-ex-lazzaroni-arriva-il-progetto\/566661\/","url":"https:\/\/staging.varesenews.it\/2016\/11\/area-ex-lazzaroni-arriva-il-progetto\/566661\/","name":"Area ex Lazzaroni, arriva il progetto","isPartOf":{"@id":"https:\/\/staging.varesenews.it\/#website"},"datePublished":"2016-11-07T14:05:29+00:00","dateModified":"2016-11-07T14:05:29+00:00","author":{"@id":"https:\/\/staging.varesenews.it\/#\/schema\/person\/efe592ae4c76536b551f89d8b6674bc3"},"description":"La propriet\u00e0 ha protocollato il progetto, che sar\u00e0 presentato il 14 novembre. \"Arriveranno 5 milioni di euro, non si consuma suolo, ci sar\u00e0 un parcheggio in pi\u00f9\"","breadcrumb":{"@id":"https:\/\/staging.varesenews.it\/2016\/11\/area-ex-lazzaroni-arriva-il-progetto\/566661\/#breadcrumb"},"inLanguage":"it-IT","potentialAction":[{"@type":"ReadAction","target":["https:\/\/staging.varesenews.it\/2016\/11\/area-ex-lazzaroni-arriva-il-progetto\/566661\/"]}]},{"@type":"BreadcrumbList","@id":"https:\/\/staging.varesenews.it\/2016\/11\/area-ex-lazzaroni-arriva-il-progetto\/566661\/#breadcrumb","itemListElement":[{"@type":"ListItem","position":1,"name":"Home","item":"https:\/\/www.varesenews.it\/"},{"@type":"ListItem","position":2,"name":"Area ex Lazzaroni, arriva il progetto"}]},{"@type":"WebSite","@id":"https:\/\/staging.varesenews.it\/#website","url":"https:\/\/staging.varesenews.it\/","name":"VareseNews","description":"","potentialAction":[{"@type":"SearchAction","target":{"@type":"EntryPoint","urlTemplate":"https:\/\/staging.varesenews.it\/?s={search_term_string}"},"query-input":"required name=search_term_string"}],"inLanguage":"it-IT"},{"@type":"Person","@id":"https:\/\/staging.varesenews.it\/#\/schema\/person\/efe592ae4c76536b551f89d8b6674bc3","name":"Roberto Morandi","image":{"@type":"ImageObject","inLanguage":"it-IT","@id":"https:\/\/staging.varesenews.it\/#\/schema\/person\/image\/","url":"https:\/\/staging.varesenews.it\/wp-content\/uploads\/2020\/12\/roberto_morandi_colori_500.jpg","contentUrl":"https:\/\/staging.varesenews.it\/wp-content\/uploads\/2020\/12\/roberto_morandi_colori_500.jpg","caption":"Roberto Morandi"},"description":"Classe 1980, laureato in storia, mi occupo dell&rsquo;area di Gallarate e di Malpensa, di trasporti e mobilit&agrave;. Amo molto la dimensione della citt&agrave;, come luogo d&rsquo;incontro di persone diverse e come organismo che si trasforma costantemente. Mi piace anche raccontare le piccole e grandi vicende, anche locali, che compongono la Storia con la S maiuscola. Appassionato di bicicletta: la macchina perfetta per muoversi in citt&agrave; e per viaggiare.","sameAs":["https:\/\/twitter.com\/ilmorands"],"url":"https:\/\/staging.varesenews.it\/persona\/roberto-morandi1\/"}]}},"post_meta":{"_edit_lock":"1478527417:46","_edit_last":"46","_category_permalink":"5","ratings_users":"0","ratings_score":"0","ratings_average":"0","wdfb_og_title":"","wdfb_og_type":"","wdfb_og_description":"","wdfb_og_images":"a:1:{i:0;s:0:\"\";}","wdfb_og_custom_name":"a:1:{i:0;s:0:\"\";}","wdfb_og_custom_value":"a:1:{i:0;s:0:\"\";}","foto":"195187","firma_come_redazione":"1","argomento":"Uboldo","_jd_twitter":"","_jd_tweet_this":"yes","_wpt_short_url":"http:\/\/www.varesenews.it\/2016\/11\/area-ex-lazzaroni-arriva-il-progetto\/566661\/","_wp_jd_target":"http:\/\/www.varesenews.it\/2016\/11\/area-ex-lazzaroni-arriva-il-progetto\/566661\/","_jd_wp_twitter":"a:1:{i:0;s:132:\"Area ex Lazzaroni, arriva il progetto http:\/\/www.varesenews.it\/2016\/11\/area-ex-lazzaroni-arriva-il-progetto\/566661\/ #areaexlazzaroni\";}","_wpt_status_message":"Tweet inviato con successo.","id_leggi_anche":"567410"},"photos":[{"original":"https:\/\/staging.varesenews.it\/photogallery_new\/images\/2011\/03\/comune-municipio-uboldo-195187.jpg","full":"https:\/\/staging.varesenews.it\/photogallery_new\/images\/2011\/03\/comune-municipio-uboldo-195187.1024x768.jpg","large":"https:\/\/staging.varesenews.it\/photogallery_new\/images\/2011\/03\/comune-municipio-uboldo-195187.610x431.jpg"}],"_links":{"self":[{"href":"https:\/\/staging.varesenews.it\/swgapi\/v1\/wp\/v2\/posts\/566661"}],"collection":[{"href":"https:\/\/staging.varesenews.it\/swgapi\/v1\/wp\/v2\/posts"}],"about":[{"href":"https:\/\/staging.varesenews.it\/swgapi\/v1\/wp\/v2\/types\/post"}],"author":[{"embeddable":true,"href":"https:\/\/staging.varesenews.it\/swgapi\/v1\/wp\/v2\/users\/46"}],"replies":[{"embeddable":true,"href":"https:\/\/staging.varesenews.it\/swgapi\/v1\/wp\/v2\/comments?post=566661"}],"version-history":[{"count":0,"href":"https:\/\/staging.varesenews.it\/swgapi\/v1\/wp\/v2\/posts\/566661\/revisions"}],"wp:attachment":[{"href":"https:\/\/staging.varesenews.it\/swgapi\/v1\/wp\/v2\/media?parent=566661"}],"wp:term":[{"taxonomy":"category","embeddable":true,"href":"https:\/\/staging.varesenews.it\/swgapi\/v1\/wp\/v2\/categories?post=566661"},{"taxonomy":"post_tag","embeddable":true,"href":"https:\/\/staging.varesenews.it\/swgapi\/v1\/wp\/v2\/tags?post=566661"}],"curies":[{"name":"wp","href":"https:\/\/api.w.org\/{rel}","templated":true}]}}