{"id":567861,"date":"2016-11-10T14:28:28","date_gmt":"2016-11-10T13:28:28","guid":{"rendered":"http:\/\/www.varesenews.it\/?p=567861"},"modified":"2016-11-10T14:29:22","modified_gmt":"2016-11-10T13:29:22","slug":"una-domenica-per-scoprire-il-monte-diviso","status":"publish","type":"post","link":"https:\/\/staging.varesenews.it\/2016\/11\/una-domenica-per-scoprire-il-monte-diviso\/567861\/","title":{"rendered":"Una domenica per scoprire il Monte Diviso"},"content":{"rendered":"<p><strong>Una giornata alla scoperta del nuovo Centro Parco di Cascina Monte Diviso<\/strong>: l&#8217;appuntamento \u00e8 proposto per il pomeriggio di <strong>domenica 13 novembre da Legambiente Gallarate<\/strong>, con il patrocinio di Comune di Gallarate e\u00a0 Parco del Ticino.<\/p>\n<p>Il centro parco sulla collina tra il rione Cajello, la Boschina e Cavaria \u00e8 stato <strong>inaugurato nel settembre scorso<\/strong>: di propriet\u00e0 comunale e affidato al Parco del Ticino per 99 anni, \u00e8 <a href=\"http:\/\/www.varesenews.it\/2016\/09\/centro-parco-monte-diviso-finalmente-si-parte\/552137\/\">gestito da Italia Holiday Service<\/a>, realt\u00e0 che gestisce diversi ostelli in Italia e che \u00e8 stata individuata nella primavera scorsa (le attivit\u00e0 inizieranno a pieno regime dalla prossima primavera).<\/p>\n<p>\u00abL&#8217;intenzione &#8211; spiegano da Legambiente &#8211; \u00e8 <strong>far conoscere questa struttura su cui il Comune di Gallarate ha deciso di investire e che deve essere valorizzata\u00bb<\/strong>.\u00a0 Il programma prevede alle 16.30 il ritrovo presso il Centro Parco Cascina Monte Diviso (via Brennero, Caiello di Gallarate), alle 17 la visita guidata e la presentazione del centro parco a cura del Direttore del Parco del Ticino Claudio Peja. A conclusione, l&#8217;aperitivo con i prodotti a marchio Parco del Ticino. Per informazioni e conferma: legambientegallarate@libero.it Angelo 347.4046732 \u2013 Dario 335.6907996<\/p>\n","protected":false},"excerpt":{"rendered":"<p>Il locale circolo di Legambiente propone un pomeriggio per conoscere da vicino il nuovo Centro Parco del Ticino, inaugurato a settembre<\/p>\n","protected":false},"author":46,"featured_media":0,"comment_status":"open","ping_status":"open","sticky":false,"template":"","format":"standard","meta":{"footnotes":""},"categories":[3],"tags":[41324,258,1607,158],"acf":[],"yoast_head":"<!-- This site is optimized with the Yoast SEO plugin v20.1 - https:\/\/yoast.com\/wordpress\/plugins\/seo\/ -->\n<title>Una domenica per scoprire il Monte Diviso<\/title>\n<meta name=\"description\" content=\"Il locale circolo di Legambiente propone un pomeriggio per conoscere da vicino il nuovo Centro Parco del Ticino, inaugurato a settembre\" \/>\n<meta name=\"robots\" content=\"noindex, follow, max-snippet:-1, max-image-preview:large, max-video-preview:-1\" \/>\n<meta property=\"og:locale\" content=\"it_IT\" \/>\n<meta property=\"og:type\" content=\"article\" \/>\n<meta property=\"og:title\" content=\"Una domenica per scoprire il Monte Diviso\" \/>\n<meta property=\"og:description\" content=\"Il locale circolo di Legambiente propone un pomeriggio per conoscere da vicino il nuovo Centro Parco del Ticino, inaugurato a settembre\" \/>\n<meta property=\"og:url\" content=\"https:\/\/www.varesenews.it\/2016\/11\/una-domenica-per-scoprire-il-monte-diviso\/567861\/\" \/>\n<meta property=\"og:site_name\" content=\"VareseNews\" \/>\n<meta property=\"article:publisher\" content=\"https:\/\/www.facebook.com\/varesenews\" \/>\n<meta property=\"article:published_time\" content=\"2016-11-10T13:28:28+00:00\" \/>\n<meta property=\"article:modified_time\" content=\"2016-11-10T13:29:22+00:00\" \/>\n<meta name=\"author\" content=\"Roberto Morandi\" \/>\n<meta name=\"twitter:card\" content=\"summary_large_image\" \/>\n<meta name=\"twitter:creator\" content=\"@ilmorands\" \/>\n<meta name=\"twitter:site\" content=\"@varesenews\" \/>\n<meta name=\"twitter:label1\" content=\"Scritto da\" \/>\n\t<meta name=\"twitter:data1\" content=\"Roberto Morandi\" \/>\n\t<meta name=\"twitter:label2\" content=\"Tempo di lettura stimato\" \/>\n\t<meta name=\"twitter:data2\" content=\"1 minuto\" \/>\n<script type=\"application\/ld+json\" class=\"yoast-schema-graph\">{\"@context\":\"https:\/\/schema.org\",\"@graph\":[{\"@type\":\"WebPage\",\"@id\":\"https:\/\/www.varesenews.it\/2016\/11\/una-domenica-per-scoprire-il-monte-diviso\/567861\/\",\"url\":\"https:\/\/www.varesenews.it\/2016\/11\/una-domenica-per-scoprire-il-monte-diviso\/567861\/\",\"name\":\"Una domenica per scoprire il Monte Diviso\",\"isPartOf\":{\"@id\":\"https:\/\/staging.varesenews.it\/#website\"},\"datePublished\":\"2016-11-10T13:28:28+00:00\",\"dateModified\":\"2016-11-10T13:29:22+00:00\",\"author\":{\"@id\":\"https:\/\/staging.varesenews.it\/#\/schema\/person\/efe592ae4c76536b551f89d8b6674bc3\"},\"description\":\"Il locale circolo di Legambiente propone un pomeriggio per conoscere da vicino il nuovo Centro Parco del Ticino, inaugurato a settembre\",\"breadcrumb\":{\"@id\":\"https:\/\/www.varesenews.it\/2016\/11\/una-domenica-per-scoprire-il-monte-diviso\/567861\/#breadcrumb\"},\"inLanguage\":\"it-IT\",\"potentialAction\":[{\"@type\":\"ReadAction\",\"target\":[\"https:\/\/www.varesenews.it\/2016\/11\/una-domenica-per-scoprire-il-monte-diviso\/567861\/\"]}]},{\"@type\":\"BreadcrumbList\",\"@id\":\"https:\/\/www.varesenews.it\/2016\/11\/una-domenica-per-scoprire-il-monte-diviso\/567861\/#breadcrumb\",\"itemListElement\":[{\"@type\":\"ListItem\",\"position\":1,\"name\":\"Home\",\"item\":\"https:\/\/www.varesenews.it\/\"},{\"@type\":\"ListItem\",\"position\":2,\"name\":\"Una domenica per scoprire il Monte Diviso\"}]},{\"@type\":\"WebSite\",\"@id\":\"https:\/\/staging.varesenews.it\/#website\",\"url\":\"https:\/\/staging.varesenews.it\/\",\"name\":\"VareseNews\",\"description\":\"\",\"potentialAction\":[{\"@type\":\"SearchAction\",\"target\":{\"@type\":\"EntryPoint\",\"urlTemplate\":\"https:\/\/staging.varesenews.it\/?s={search_term_string}\"},\"query-input\":\"required name=search_term_string\"}],\"inLanguage\":\"it-IT\"},{\"@type\":\"Person\",\"@id\":\"https:\/\/staging.varesenews.it\/#\/schema\/person\/efe592ae4c76536b551f89d8b6674bc3\",\"name\":\"Roberto Morandi\",\"image\":{\"@type\":\"ImageObject\",\"inLanguage\":\"it-IT\",\"@id\":\"https:\/\/staging.varesenews.it\/#\/schema\/person\/image\/\",\"url\":\"https:\/\/staging.varesenews.it\/wp-content\/uploads\/2020\/12\/roberto_morandi_colori_500.jpg\",\"contentUrl\":\"https:\/\/staging.varesenews.it\/wp-content\/uploads\/2020\/12\/roberto_morandi_colori_500.jpg\",\"caption\":\"Roberto Morandi\"},\"description\":\"Classe 1980, laureato in storia, mi occupo dell&rsquo;area di Gallarate e di Malpensa, di trasporti e mobilit&agrave;. Amo molto la dimensione della citt&agrave;, come luogo d&rsquo;incontro di persone diverse e come organismo che si trasforma costantemente. Mi piace anche raccontare le piccole e grandi vicende, anche locali, che compongono la Storia con la S maiuscola. Appassionato di bicicletta: la macchina perfetta per muoversi in citt&agrave; e per viaggiare.\",\"sameAs\":[\"https:\/\/twitter.com\/ilmorands\"],\"url\":\"https:\/\/staging.varesenews.it\/persona\/roberto-morandi1\/\"}]}<\/script>\n<!-- \/ Yoast SEO plugin. -->","yoast_head_json":{"title":"Una domenica per scoprire il Monte Diviso","description":"Il locale circolo di Legambiente propone un pomeriggio per conoscere da vicino il nuovo Centro Parco del Ticino, inaugurato a settembre","robots":{"index":"noindex","follow":"follow","max-snippet":"max-snippet:-1","max-image-preview":"max-image-preview:large","max-video-preview":"max-video-preview:-1"},"og_locale":"it_IT","og_type":"article","og_title":"Una domenica per scoprire il Monte Diviso","og_description":"Il locale circolo di Legambiente propone un pomeriggio per conoscere da vicino il nuovo Centro Parco del Ticino, inaugurato a settembre","og_url":"https:\/\/www.varesenews.it\/2016\/11\/una-domenica-per-scoprire-il-monte-diviso\/567861\/","og_site_name":"VareseNews","article_publisher":"https:\/\/www.facebook.com\/varesenews","article_published_time":"2016-11-10T13:28:28+00:00","article_modified_time":"2016-11-10T13:29:22+00:00","author":"Roberto Morandi","twitter_card":"summary_large_image","twitter_creator":"@ilmorands","twitter_site":"@varesenews","twitter_misc":{"Scritto da":"Roberto Morandi","Tempo di lettura stimato":"1 minuto"},"schema":{"@context":"https:\/\/schema.org","@graph":[{"@type":"WebPage","@id":"https:\/\/www.varesenews.it\/2016\/11\/una-domenica-per-scoprire-il-monte-diviso\/567861\/","url":"https:\/\/www.varesenews.it\/2016\/11\/una-domenica-per-scoprire-il-monte-diviso\/567861\/","name":"Una domenica per scoprire il Monte Diviso","isPartOf":{"@id":"https:\/\/staging.varesenews.it\/#website"},"datePublished":"2016-11-10T13:28:28+00:00","dateModified":"2016-11-10T13:29:22+00:00","author":{"@id":"https:\/\/staging.varesenews.it\/#\/schema\/person\/efe592ae4c76536b551f89d8b6674bc3"},"description":"Il locale circolo di Legambiente propone un pomeriggio per conoscere da vicino il nuovo Centro Parco del Ticino, inaugurato a settembre","breadcrumb":{"@id":"https:\/\/www.varesenews.it\/2016\/11\/una-domenica-per-scoprire-il-monte-diviso\/567861\/#breadcrumb"},"inLanguage":"it-IT","potentialAction":[{"@type":"ReadAction","target":["https:\/\/www.varesenews.it\/2016\/11\/una-domenica-per-scoprire-il-monte-diviso\/567861\/"]}]},{"@type":"BreadcrumbList","@id":"https:\/\/www.varesenews.it\/2016\/11\/una-domenica-per-scoprire-il-monte-diviso\/567861\/#breadcrumb","itemListElement":[{"@type":"ListItem","position":1,"name":"Home","item":"https:\/\/www.varesenews.it\/"},{"@type":"ListItem","position":2,"name":"Una domenica per scoprire il Monte Diviso"}]},{"@type":"WebSite","@id":"https:\/\/staging.varesenews.it\/#website","url":"https:\/\/staging.varesenews.it\/","name":"VareseNews","description":"","potentialAction":[{"@type":"SearchAction","target":{"@type":"EntryPoint","urlTemplate":"https:\/\/staging.varesenews.it\/?s={search_term_string}"},"query-input":"required name=search_term_string"}],"inLanguage":"it-IT"},{"@type":"Person","@id":"https:\/\/staging.varesenews.it\/#\/schema\/person\/efe592ae4c76536b551f89d8b6674bc3","name":"Roberto Morandi","image":{"@type":"ImageObject","inLanguage":"it-IT","@id":"https:\/\/staging.varesenews.it\/#\/schema\/person\/image\/","url":"https:\/\/staging.varesenews.it\/wp-content\/uploads\/2020\/12\/roberto_morandi_colori_500.jpg","contentUrl":"https:\/\/staging.varesenews.it\/wp-content\/uploads\/2020\/12\/roberto_morandi_colori_500.jpg","caption":"Roberto Morandi"},"description":"Classe 1980, laureato in storia, mi occupo dell&rsquo;area di Gallarate e di Malpensa, di trasporti e mobilit&agrave;. Amo molto la dimensione della citt&agrave;, come luogo d&rsquo;incontro di persone diverse e come organismo che si trasforma costantemente. Mi piace anche raccontare le piccole e grandi vicende, anche locali, che compongono la Storia con la S maiuscola. Appassionato di bicicletta: la macchina perfetta per muoversi in citt&agrave; e per viaggiare.","sameAs":["https:\/\/twitter.com\/ilmorands"],"url":"https:\/\/staging.varesenews.it\/persona\/roberto-morandi1\/"}]}},"post_meta":{"_edit_lock":"1478784503:46","_edit_last":"46","_category_permalink":"3","ratings_users":"0","ratings_score":"0","ratings_average":"0","wdfb_og_title":"","wdfb_og_type":"","wdfb_og_description":"","wdfb_og_images":"a:1:{i:0;s:0:\"\";}","wdfb_og_custom_name":"a:1:{i:0;s:0:\"\";}","wdfb_og_custom_value":"a:1:{i:0;s:0:\"\";}","foto":"531255,531256","id_link_fotogallery":"553954","firma_come_redazione":"1","argomento":"Gallarate","_jd_twitter":"","_jd_tweet_this":"yes","_wpt_short_url":"http:\/\/www.varesenews.it\/2016\/11\/una-domenica-per-scoprire-il-monte-diviso\/567861\/","_wp_jd_target":"http:\/\/www.varesenews.it\/2016\/11\/una-domenica-per-scoprire-il-monte-diviso\/567861\/","_jd_wp_twitter":"a:1:{i:0;s:164:\"Una domenica per scoprire il Monte Diviso http:\/\/www.varesenews.it\/2016\/11\/una-domenica-per-scoprire-il-monte-diviso\/567861\/ #gallarate #legambiente #parcodelTicino\";}","_wpt_status_message":"Tweet inviato con successo."},"photos":[{"original":"https:\/\/staging.varesenews.it\/photogallery_new\/images\/2016\/04\/monte-diviso-centro-parco-del-ticino-531255.jpg","full":"https:\/\/staging.varesenews.it\/photogallery_new\/images\/2016\/04\/monte-diviso-centro-parco-del-ticino-531255.1024x768.jpg","large":"https:\/\/staging.varesenews.it\/photogallery_new\/images\/2016\/04\/monte-diviso-centro-parco-del-ticino-531255.610x431.jpg"},{"original":"https:\/\/staging.varesenews.it\/photogallery_new\/images\/2016\/04\/monte-diviso-centro-parco-del-ticino-531256.jpg","full":"https:\/\/staging.varesenews.it\/photogallery_new\/images\/2016\/04\/monte-diviso-centro-parco-del-ticino-531256.1024x768.jpg","large":"https:\/\/staging.varesenews.it\/photogallery_new\/images\/2016\/04\/monte-diviso-centro-parco-del-ticino-531256.610x431.jpg"}],"_links":{"self":[{"href":"https:\/\/staging.varesenews.it\/swgapi\/v1\/wp\/v2\/posts\/567861"}],"collection":[{"href":"https:\/\/staging.varesenews.it\/swgapi\/v1\/wp\/v2\/posts"}],"about":[{"href":"https:\/\/staging.varesenews.it\/swgapi\/v1\/wp\/v2\/types\/post"}],"author":[{"embeddable":true,"href":"https:\/\/staging.varesenews.it\/swgapi\/v1\/wp\/v2\/users\/46"}],"replies":[{"embeddable":true,"href":"https:\/\/staging.varesenews.it\/swgapi\/v1\/wp\/v2\/comments?post=567861"}],"version-history":[{"count":0,"href":"https:\/\/staging.varesenews.it\/swgapi\/v1\/wp\/v2\/posts\/567861\/revisions"}],"wp:attachment":[{"href":"https:\/\/staging.varesenews.it\/swgapi\/v1\/wp\/v2\/media?parent=567861"}],"wp:term":[{"taxonomy":"category","embeddable":true,"href":"https:\/\/staging.varesenews.it\/swgapi\/v1\/wp\/v2\/categories?post=567861"},{"taxonomy":"post_tag","embeddable":true,"href":"https:\/\/staging.varesenews.it\/swgapi\/v1\/wp\/v2\/tags?post=567861"}],"curies":[{"name":"wp","href":"https:\/\/api.w.org\/{rel}","templated":true}]}}