{"id":568130,"date":"2016-11-11T11:25:18","date_gmt":"2016-11-11T10:25:18","guid":{"rendered":"http:\/\/www.varesenews.it\/?p=568130"},"modified":"2016-11-11T11:25:18","modified_gmt":"2016-11-11T10:25:18","slug":"la-lanternata-di-san-martino-illumina-lalpe-tedesco","status":"publish","type":"post","link":"https:\/\/staging.varesenews.it\/2016\/11\/la-lanternata-di-san-martino-illumina-lalpe-tedesco\/568130\/","title":{"rendered":"La lanternata di San Martino illumina l&#8217;Alpe Tedesco"},"content":{"rendered":"<p><strong>Domenica 13 novembre ritorna la lanternata dell\u2019Associazione ON<\/strong> che, per la festa di San Martino, organizza una passeggiata speciale nel Parco delle Cinque Vette.<\/p>\n<p>Come ogni anno all\u2019imbrunire i bambini, accompagnati da genitori, nonni e amici, si lasceranno silenziosamente alle spalle le luci dell\u2019Alpe Tedesco per inoltrarsi nel bosco rischiarati solo dalle loro lanterne.<\/p>\n<p>Quando San Martino comparir\u00e0 a cavallo mettendosi in testa al corteo, tutti cominceranno ad intonare un canto: \u201cIo vado con la lanterna,\u2028 la porto sempre con me.\u2028 Nel cielo splende una stella,\u2028 lei arde anche per me. \u2028La luce poi si spegner\u00e0,\u2028 tra lillera lallera lu. \u2028La luce poi si spegner\u00e0,\u2028 bambini a casa torniam.\u201d<\/p>\n<p>E dopo qualche minuto di cammino li attender\u00e0 <strong>un fal\u00f2 acceso<\/strong> con un pentolone di rame dove ribollir\u00e0 il th\u00e9, pronto per essere sorseggiato con i biscotti preparati dalla pasticceria Bacilieri di Marchirolo.<\/p>\n<p><strong>L\u2019appuntamento \u00e8 alle 17.30 al parcheggio dell\u2019Alpe Tedesco (via al Poncione)<\/strong> \u00a0con la propria lanterna che sar\u00e0 semplice realizzare anche a casa con i bambini: baster\u00e0 un vasetto di vetro, un filo di ferro per il manico, carte colorate per decorare e un po\u2019 di fantasia.<\/p>\n<p>L&#8217;associazione On ricorda anche<strong>\u00a0la storia del mantello di San Martino<\/strong> da raccontare ai pi\u00f9 piccoli mentre la vostra lanterna star\u00e0 prendendo forma: &#8220;Ancora soldato dell\u2019impero, un giorno Martino usc\u00ec a cavallo dalle porte della citt\u00e0 francese di Amiens, quando gli si fece incontro un vecchio tremante per il freddo, ricoperto solo di pochi stracci. Martino non esit\u00f2, tagli\u00f2 il suo mantello a met\u00e0 e lo diede al vecchio. Subito spunt\u00f2 il\u00a0sole\u00a0che cominci\u00f2 a scaldare la giornata come se improvvisamente fosse tornata l\u2019estate. Il giovane soldato la notte sogn\u00f2 Ges\u00f9, avvolto nello stesso mantello che aveva donato al mendicante, che diceva ai suoi angeli: \u201cEcco Martino, il giovane soldato non battezzato che mi ha vestito. La mattina successiva Martino trov\u00f2 il suo mantello integro. Martino decise di farsi battezzare e da quel momento inizi\u00f2 una vita dedicata a Cristo e agli altri che lo port\u00f2 alla santit\u00e0. Il mantello venne conservato come reliquia nella collezione dei re merovingi&#8221;.<\/p>\n","protected":false},"excerpt":{"rendered":"<p>L\u2019appuntamento \u00e8 per domenica 13 novembre alle 17.30 al parcheggio dell\u2019Alpe Tedesco (via al Poncione)  con la propria lanterna<\/p>\n","protected":false},"author":10,"featured_media":0,"comment_status":"open","ping_status":"open","sticky":false,"template":"","format":"standard","meta":{"footnotes":""},"categories":[23,21,2],"tags":[2343,65617,3632,158],"acf":[],"yoast_head":"<!-- This site is optimized with the Yoast SEO plugin v20.1 - https:\/\/yoast.com\/wordpress\/plugins\/seo\/ -->\n<title>La lanternata di San Martino illumina l&#039;Alpe Tedesco<\/title>\n<meta name=\"description\" content=\"L\u2019appuntamento \u00e8 per domenica 13 novembre alle 17.30 al parcheggio dell\u2019Alpe Tedesco (via al Poncione) con la propria lanterna\" \/>\n<meta name=\"robots\" content=\"noindex, follow, max-snippet:-1, max-image-preview:large, max-video-preview:-1\" \/>\n<meta property=\"og:locale\" content=\"it_IT\" \/>\n<meta property=\"og:type\" content=\"article\" \/>\n<meta property=\"og:title\" content=\"La lanternata di San Martino illumina l&#039;Alpe Tedesco\" \/>\n<meta property=\"og:description\" content=\"L\u2019appuntamento \u00e8 per domenica 13 novembre alle 17.30 al parcheggio dell\u2019Alpe Tedesco (via al Poncione) con la propria lanterna\" \/>\n<meta property=\"og:url\" content=\"https:\/\/staging.varesenews.it\/2016\/11\/la-lanternata-di-san-martino-illumina-lalpe-tedesco\/568130\/\" \/>\n<meta property=\"og:site_name\" content=\"VareseNews\" \/>\n<meta property=\"article:publisher\" content=\"https:\/\/www.facebook.com\/varesenews\" \/>\n<meta property=\"article:published_time\" content=\"2016-11-11T10:25:18+00:00\" \/>\n<meta name=\"author\" content=\"Redazione VareseNews\" \/>\n<meta name=\"twitter:card\" content=\"summary_large_image\" \/>\n<meta name=\"twitter:creator\" content=\"@varesenews\" \/>\n<meta name=\"twitter:site\" content=\"@varesenews\" \/>\n<meta name=\"twitter:label1\" content=\"Scritto da\" \/>\n\t<meta name=\"twitter:data1\" content=\"Redazione VareseNews\" \/>\n\t<meta name=\"twitter:label2\" content=\"Tempo di lettura stimato\" \/>\n\t<meta name=\"twitter:data2\" content=\"2 minuti\" \/>\n<script type=\"application\/ld+json\" class=\"yoast-schema-graph\">{\"@context\":\"https:\/\/schema.org\",\"@graph\":[{\"@type\":\"WebPage\",\"@id\":\"https:\/\/staging.varesenews.it\/2016\/11\/la-lanternata-di-san-martino-illumina-lalpe-tedesco\/568130\/\",\"url\":\"https:\/\/staging.varesenews.it\/2016\/11\/la-lanternata-di-san-martino-illumina-lalpe-tedesco\/568130\/\",\"name\":\"La lanternata di San Martino illumina l'Alpe Tedesco\",\"isPartOf\":{\"@id\":\"https:\/\/staging.varesenews.it\/#website\"},\"datePublished\":\"2016-11-11T10:25:18+00:00\",\"dateModified\":\"2016-11-11T10:25:18+00:00\",\"author\":{\"@id\":\"https:\/\/staging.varesenews.it\/#\/schema\/person\/fb20c4da0b7b16c291707a20db73e169\"},\"description\":\"L\u2019appuntamento \u00e8 per domenica 13 novembre alle 17.30 al parcheggio dell\u2019Alpe Tedesco (via al Poncione) con la propria lanterna\",\"breadcrumb\":{\"@id\":\"https:\/\/staging.varesenews.it\/2016\/11\/la-lanternata-di-san-martino-illumina-lalpe-tedesco\/568130\/#breadcrumb\"},\"inLanguage\":\"it-IT\",\"potentialAction\":[{\"@type\":\"ReadAction\",\"target\":[\"https:\/\/staging.varesenews.it\/2016\/11\/la-lanternata-di-san-martino-illumina-lalpe-tedesco\/568130\/\"]}]},{\"@type\":\"BreadcrumbList\",\"@id\":\"https:\/\/staging.varesenews.it\/2016\/11\/la-lanternata-di-san-martino-illumina-lalpe-tedesco\/568130\/#breadcrumb\",\"itemListElement\":[{\"@type\":\"ListItem\",\"position\":1,\"name\":\"Home\",\"item\":\"https:\/\/www.varesenews.it\/\"},{\"@type\":\"ListItem\",\"position\":2,\"name\":\"La lanternata di San Martino illumina l&#8217;Alpe Tedesco\"}]},{\"@type\":\"WebSite\",\"@id\":\"https:\/\/staging.varesenews.it\/#website\",\"url\":\"https:\/\/staging.varesenews.it\/\",\"name\":\"VareseNews\",\"description\":\"\",\"potentialAction\":[{\"@type\":\"SearchAction\",\"target\":{\"@type\":\"EntryPoint\",\"urlTemplate\":\"https:\/\/staging.varesenews.it\/?s={search_term_string}\"},\"query-input\":\"required name=search_term_string\"}],\"inLanguage\":\"it-IT\"},{\"@type\":\"Person\",\"@id\":\"https:\/\/staging.varesenews.it\/#\/schema\/person\/fb20c4da0b7b16c291707a20db73e169\",\"name\":\"Redazione VareseNews\",\"image\":{\"@type\":\"ImageObject\",\"inLanguage\":\"it-IT\",\"@id\":\"https:\/\/staging.varesenews.it\/#\/schema\/person\/image\/\",\"url\":\"https:\/\/staging.varesenews.it\/wp-content\/uploads\/2020\/12\/logo_VN_colori_500.png\",\"contentUrl\":\"https:\/\/staging.varesenews.it\/wp-content\/uploads\/2020\/12\/logo_VN_colori_500.png\",\"caption\":\"Redazione VareseNews\"},\"url\":\"https:\/\/staging.varesenews.it\/persona\/redazione1\/\"}]}<\/script>\n<!-- \/ Yoast SEO plugin. -->","yoast_head_json":{"title":"La lanternata di San Martino illumina l'Alpe Tedesco","description":"L\u2019appuntamento \u00e8 per domenica 13 novembre alle 17.30 al parcheggio dell\u2019Alpe Tedesco (via al Poncione) con la propria lanterna","robots":{"index":"noindex","follow":"follow","max-snippet":"max-snippet:-1","max-image-preview":"max-image-preview:large","max-video-preview":"max-video-preview:-1"},"og_locale":"it_IT","og_type":"article","og_title":"La lanternata di San Martino illumina l'Alpe Tedesco","og_description":"L\u2019appuntamento \u00e8 per domenica 13 novembre alle 17.30 al parcheggio dell\u2019Alpe Tedesco (via al Poncione) con la propria lanterna","og_url":"https:\/\/staging.varesenews.it\/2016\/11\/la-lanternata-di-san-martino-illumina-lalpe-tedesco\/568130\/","og_site_name":"VareseNews","article_publisher":"https:\/\/www.facebook.com\/varesenews","article_published_time":"2016-11-11T10:25:18+00:00","author":"Redazione VareseNews","twitter_card":"summary_large_image","twitter_creator":"@varesenews","twitter_site":"@varesenews","twitter_misc":{"Scritto da":"Redazione VareseNews","Tempo di lettura stimato":"2 minuti"},"schema":{"@context":"https:\/\/schema.org","@graph":[{"@type":"WebPage","@id":"https:\/\/staging.varesenews.it\/2016\/11\/la-lanternata-di-san-martino-illumina-lalpe-tedesco\/568130\/","url":"https:\/\/staging.varesenews.it\/2016\/11\/la-lanternata-di-san-martino-illumina-lalpe-tedesco\/568130\/","name":"La lanternata di San Martino illumina l'Alpe Tedesco","isPartOf":{"@id":"https:\/\/staging.varesenews.it\/#website"},"datePublished":"2016-11-11T10:25:18+00:00","dateModified":"2016-11-11T10:25:18+00:00","author":{"@id":"https:\/\/staging.varesenews.it\/#\/schema\/person\/fb20c4da0b7b16c291707a20db73e169"},"description":"L\u2019appuntamento \u00e8 per domenica 13 novembre alle 17.30 al parcheggio dell\u2019Alpe Tedesco (via al Poncione) con la propria lanterna","breadcrumb":{"@id":"https:\/\/staging.varesenews.it\/2016\/11\/la-lanternata-di-san-martino-illumina-lalpe-tedesco\/568130\/#breadcrumb"},"inLanguage":"it-IT","potentialAction":[{"@type":"ReadAction","target":["https:\/\/staging.varesenews.it\/2016\/11\/la-lanternata-di-san-martino-illumina-lalpe-tedesco\/568130\/"]}]},{"@type":"BreadcrumbList","@id":"https:\/\/staging.varesenews.it\/2016\/11\/la-lanternata-di-san-martino-illumina-lalpe-tedesco\/568130\/#breadcrumb","itemListElement":[{"@type":"ListItem","position":1,"name":"Home","item":"https:\/\/www.varesenews.it\/"},{"@type":"ListItem","position":2,"name":"La lanternata di San Martino illumina l&#8217;Alpe Tedesco"}]},{"@type":"WebSite","@id":"https:\/\/staging.varesenews.it\/#website","url":"https:\/\/staging.varesenews.it\/","name":"VareseNews","description":"","potentialAction":[{"@type":"SearchAction","target":{"@type":"EntryPoint","urlTemplate":"https:\/\/staging.varesenews.it\/?s={search_term_string}"},"query-input":"required name=search_term_string"}],"inLanguage":"it-IT"},{"@type":"Person","@id":"https:\/\/staging.varesenews.it\/#\/schema\/person\/fb20c4da0b7b16c291707a20db73e169","name":"Redazione VareseNews","image":{"@type":"ImageObject","inLanguage":"it-IT","@id":"https:\/\/staging.varesenews.it\/#\/schema\/person\/image\/","url":"https:\/\/staging.varesenews.it\/wp-content\/uploads\/2020\/12\/logo_VN_colori_500.png","contentUrl":"https:\/\/staging.varesenews.it\/wp-content\/uploads\/2020\/12\/logo_VN_colori_500.png","caption":"Redazione VareseNews"},"url":"https:\/\/staging.varesenews.it\/persona\/redazione1\/"}]}},"post_meta":{"_edit_lock":"1478859861:44","_edit_last":"44","_category_permalink":"","wdfb_og_title":"","wdfb_og_type":"","wdfb_og_description":"","wdfb_og_images":"a:1:{i:0;s:0:\"\";}","wdfb_og_custom_name":"a:1:{i:0;s:0:\"\";}","wdfb_og_custom_value":"a:1:{i:0;s:0:\"\";}","_jd_twitter":"","_jd_tweet_this":"yes","argomento":"Cuasso al Monte","_yoast_wpseo_focuskw":"lanternata","_yoast_wpseo_linkdex":"75","foto":"578511","ratings_users":"0","ratings_score":"0","ratings_average":"0","_yoast_wpseo_metadesc":"L\u2019appuntamento \u00e8 per domenica 13 novembre alle 17.30 al parcheggio dell\u2019Alpe Tedesco (via al Poncione) con la propria lanterna","_wpt_short_url":"http:\/\/www.varesenews.it\/2016\/11\/la-lanternata-di-san-martino-illumina-lalpe-tedesco\/568130\/","_wp_jd_target":"http:\/\/www.varesenews.it\/2016\/11\/la-lanternata-di-san-martino-illumina-lalpe-tedesco\/568130\/","_jd_wp_twitter":"a:1:{i:0;s:182:\"La lanternata di San Martino illumina l'Alpe Tedesco http:\/\/www.varesenews.it\/2016\/11\/la-lanternata-di-san-martino-illumina-lalpe-tedesco\/568130\/ #associazioneon #valceresio #weekend\";}","_wpt_status_message":"Tweet inviato con successo.","id_leggi_anche":"568485"},"photos":[{"original":"https:\/\/staging.varesenews.it\/photogallery_new\/images\/2016\/11\/avarie-578511.jpg","full":"https:\/\/staging.varesenews.it\/photogallery_new\/images\/2016\/11\/avarie-578511.1024x768.jpg","large":"https:\/\/staging.varesenews.it\/photogallery_new\/images\/2016\/11\/avarie-578511.610x431.jpg"}],"_links":{"self":[{"href":"https:\/\/staging.varesenews.it\/swgapi\/v1\/wp\/v2\/posts\/568130"}],"collection":[{"href":"https:\/\/staging.varesenews.it\/swgapi\/v1\/wp\/v2\/posts"}],"about":[{"href":"https:\/\/staging.varesenews.it\/swgapi\/v1\/wp\/v2\/types\/post"}],"author":[{"embeddable":true,"href":"https:\/\/staging.varesenews.it\/swgapi\/v1\/wp\/v2\/users\/10"}],"replies":[{"embeddable":true,"href":"https:\/\/staging.varesenews.it\/swgapi\/v1\/wp\/v2\/comments?post=568130"}],"version-history":[{"count":0,"href":"https:\/\/staging.varesenews.it\/swgapi\/v1\/wp\/v2\/posts\/568130\/revisions"}],"wp:attachment":[{"href":"https:\/\/staging.varesenews.it\/swgapi\/v1\/wp\/v2\/media?parent=568130"}],"wp:term":[{"taxonomy":"category","embeddable":true,"href":"https:\/\/staging.varesenews.it\/swgapi\/v1\/wp\/v2\/categories?post=568130"},{"taxonomy":"post_tag","embeddable":true,"href":"https:\/\/staging.varesenews.it\/swgapi\/v1\/wp\/v2\/tags?post=568130"}],"curies":[{"name":"wp","href":"https:\/\/api.w.org\/{rel}","templated":true}]}}