{"id":568725,"date":"2016-11-13T19:19:35","date_gmt":"2016-11-13T18:19:35","guid":{"rendered":"http:\/\/www.varesenews.it\/?p=568725"},"modified":"2016-11-13T19:19:35","modified_gmt":"2016-11-13T18:19:35","slug":"baiano-bravi-ma-serve-piu-concretezza-voti-ottimo-becchio","status":"publish","type":"post","link":"https:\/\/staging.varesenews.it\/2016\/11\/baiano-bravi-ma-serve-piu-concretezza-voti-ottimo-becchio\/568725\/","title":{"rendered":"Baiano: &#8220;Bravi, ma serve pi\u00f9 concretezza&#8221;. Voti: ottimo Becchio"},"content":{"rendered":"<p><strong>Francesco BAIANO (all. Varese)<\/strong> \u2013 Una squadra che vuole vincere deve imparare a essere pi\u00f9 concreta sottoporta: non abbiamo segnato nel primo tempo e poi le cose si sono complicate. Peccato: abbiamo fatto una buona partita e non ci siamo demoralizzati dopo il loro gol, riuscendo a pareggiare. Mettiamo per\u00f2 in conto anche la bravura degli avversari.<br \/>\nIl sede di preparazione avevo avvisato Becchio e Rolando: dovevamo fare la differenza sugli esterni, e loro hanno fatto molto bene nell&#8217;uno contro uno soprattutto con Andreas.<br \/>\nQualche volta abbiamo dovuto saltare il centrocampo, sia quando abbiamo messo i due centravanti insieme sia prima, quando la Pro non ha fatto giocare troppo i nostri mediani.<br \/>\nPiraccini? Lasciare fuori gente come lui \u00e8 dura ma per un allenatore \u00e8 il massimo. Dubbi fino a stamattina visto chi ho dovuto mandare in panchina, gente che in settimana ha lavorato molto bene.<\/p>\n<p><strong>Luca PIRACCINI (Giocatore Varese)<\/strong>\u00a0\u2013 Il gol \u00e8 nato da una palla sporca: temevo di non arrivarci ma ho visto che anche il difensore era in ritardo, ho corso in modo strano ma sono arrivato prima io. Dispiace solo l&#8217;aver portato via un solo punto per quanto abbiamo fatto, ma la squadra sta crescendo. Se sono entrato tardi? Io avrei fatto le stesse mosse del mister anche perch\u00e9 non \u00e8 semplice toccare meccanismi che al di l\u00e0 del risultato stavano girando bene.<\/p>\n<p><strong>Andrea GRANZOTTO (Giocatore Varese)<\/strong> \u2013 Siamo usciti dal campo un po&#8217; dispiaciuti perch\u00e9 meritavamo di pi\u00f9, sia per il gioco sia per le occasioni create. Lavoriamo ogni giorno per crescere, anche perch\u00e8 qui a Varese bisogna vincere a fine anno. Per quanto mi riguarda sono contento ma fino a un certo punto perch\u00e9 vorrei migliorare di pi\u00f9; qui mi trovo bene, qui ho trovato una seconda famiglia.<\/p>\n<p><strong>Alessio DELPIANO (Allenatore Pro Sesto) \u2013<\/strong> Anzitutto ringrazio Baiano per gli apprezzamenti della vigilia: Ciccio ha messo in campo un bel Varese che vale le zone alte. Noi arriviamo da partite rocambolesche ma abbiamo dimostrato di avere qualit\u00e0 importanti: \u00e8 un campionato livellato in cui noi stiamo crescendo e potremo dar fastidio a tante altre squadre.<\/p>\n<p><strong>Luca SCAPUZZI (Giocatore Pro Sesto)<\/strong> \u2013 Sono soddisfatto perch\u00e9 ero fermo dal 30 maggio e da allora ho lavorato da solo. Poi ho fatto 4 allenamenti con la Pro, firmato l&#8217;altro ieri e oggi ho segnato. Purtroppo non abbiamo vinto per\u00f2 il Varese ha creato pi\u00f9 occasioni di noi. Va bene lo stesso. Il gol? Ho tagliato bene sul primo palo, non mi hanno seguito e ho trovato il tocco buono.<\/p>\n<p style=\"text-align: center;\"><strong>P A G E L L E<\/strong><\/p>\n<p><strong>PISSARDO 6,5<\/strong> \u2013 Senza colpe sui gol, sventa una punizione nel finale del primo tempo e non abbassa mai la guardia.<\/p>\n<p><strong>TALARICO 6,5<\/strong> \u2013 Altra prova positiva, con tanto di intervento importante nel finale quando Panatti stava per confezionare la beffa.<\/p>\n<p><strong>FERRI 7<\/strong> \u2013 Ministro della difesa: con lui in campo Cristofoli, 7 reti finora, non vede un pallone.<\/p>\n<p><strong>VISCOMI 6<\/strong> \u2013 Scapuzzi sbuca dalla sua parte in occasione del gol, anche se pare un concorso di colpe. Per il resto, partita senza problemi.<\/p>\n<p><strong>GRANZOTTO 6<\/strong> \u2013 Ha di fronte Fall, e non \u00e8 facile contenere la gazzella della Pro Sesto. Per\u00f2, nel complesso, soffre ma regge l&#8217;urto.<\/p>\n<p><strong>ROLANDO 6<\/strong> \u2013 Non lo bocciamo per via di un primo tempo ricco di corsa e di impegno.<br \/>\n(<strong>Piraccini 7<\/strong> \u2013 Entra e segna, bissando la rete \u2013 meno pesante \u2013 di Settimo Torinese. Premiato per la sua abnegazione).<\/p>\n<p><strong>ZAZZI 6<\/strong> \u2013 Continua a studiare da regista e pare sempre pi\u00f9 calato nel ruolo, anche se forse Baiano gli ha chiesto maggiore coinvolgimento.<\/p>\n<p><strong>GAZO 6<\/strong> \u2013 Partenza forte e primo tempo giocato come ci si aspetta da uno come lui. Alla distanza perde smalto.<br \/>\n(<strong>Bottone 6<\/strong> \u2013 Importante nel fare da cerniera a met\u00e0 campo nel finale)<\/p>\n<p><strong>BECCHIO 7<\/strong> \u2013 Il migliore in campo, per la potenza ma anche il cuore e, perch\u00e9 no, un pizzico di tecnica che non basta mai. Peccato per quel palo che gli ha negato di chiudere con un gol un&#8217;azione da favola.<br \/>\n(<strong>Lercara s.v.<\/strong>)<\/p>\n<p><strong>SCAPINI 6,5<\/strong> \u2013 Lotta contro i centrali altrui e a cavallo con la sufficienza, perch\u00e9 entra in tante azioni pericolose ma non trova mai la zampata. Per\u00f2 \u00e8 lui a lavorare la palla che Piraccini mette in rete.<\/p>\n<p><strong>GIOVIO 6<\/strong> \u2013 Non la miglior recita di sempre, \u00e8 chiaro, ma una presenza costante. Nel finale si sacrifica in fascia e butta in mezzo palloni su palloni.<\/p>\n","protected":false},"excerpt":{"rendered":"<p>L&#8217;allenatore del Varese contento della reazione ma con un pizzico di rammarico. Granzotto e Piraccini: &#8220;Meritavamo noi&#8221;<\/p>\n","protected":false},"author":38,"featured_media":0,"comment_status":"open","ping_status":"open","sticky":false,"template":"","format":"standard","meta":{"footnotes":""},"categories":[14],"tags":[144,2508,347,9192],"acf":[],"yoast_head":"<!-- This site is optimized with the Yoast SEO plugin v20.1 - https:\/\/yoast.com\/wordpress\/plugins\/seo\/ -->\n<title>Baiano: &quot;Bravi, ma serve pi\u00f9 concretezza&quot;. Voti: ottimo Becchio<\/title>\n<meta name=\"description\" content=\"L&#039;allenatore del Varese contento della reazione ma con un pizzico di rammarico. Granzotto e Piraccini: &quot;Meritavamo noi&quot;\" \/>\n<meta name=\"robots\" content=\"noindex, follow, max-snippet:-1, max-image-preview:large, max-video-preview:-1\" \/>\n<meta property=\"og:locale\" content=\"it_IT\" \/>\n<meta property=\"og:type\" content=\"article\" \/>\n<meta property=\"og:title\" content=\"Baiano: &quot;Bravi, ma serve pi\u00f9 concretezza&quot;. Voti: ottimo Becchio\" \/>\n<meta property=\"og:description\" content=\"L&#039;allenatore del Varese contento della reazione ma con un pizzico di rammarico. Granzotto e Piraccini: &quot;Meritavamo noi&quot;\" \/>\n<meta property=\"og:url\" content=\"https:\/\/staging.varesenews.it\/2016\/11\/baiano-bravi-ma-serve-piu-concretezza-voti-ottimo-becchio\/568725\/\" \/>\n<meta property=\"og:site_name\" content=\"VareseNews\" \/>\n<meta property=\"article:publisher\" content=\"https:\/\/www.facebook.com\/varesenews\" \/>\n<meta property=\"article:published_time\" content=\"2016-11-13T18:19:35+00:00\" \/>\n<meta name=\"author\" content=\"Damiano Franzetti\" \/>\n<meta name=\"twitter:card\" content=\"summary_large_image\" \/>\n<meta name=\"twitter:creator\" content=\"@damianofranz\" \/>\n<meta name=\"twitter:site\" content=\"@varesenews\" \/>\n<meta name=\"twitter:label1\" content=\"Scritto da\" \/>\n\t<meta name=\"twitter:data1\" content=\"Damiano Franzetti\" \/>\n\t<meta name=\"twitter:label2\" content=\"Tempo di lettura stimato\" \/>\n\t<meta name=\"twitter:data2\" content=\"4 minuti\" \/>\n<script type=\"application\/ld+json\" class=\"yoast-schema-graph\">{\"@context\":\"https:\/\/schema.org\",\"@graph\":[{\"@type\":\"WebPage\",\"@id\":\"https:\/\/staging.varesenews.it\/2016\/11\/baiano-bravi-ma-serve-piu-concretezza-voti-ottimo-becchio\/568725\/\",\"url\":\"https:\/\/staging.varesenews.it\/2016\/11\/baiano-bravi-ma-serve-piu-concretezza-voti-ottimo-becchio\/568725\/\",\"name\":\"Baiano: \\\"Bravi, ma serve pi\u00f9 concretezza\\\". Voti: ottimo Becchio\",\"isPartOf\":{\"@id\":\"https:\/\/staging.varesenews.it\/#website\"},\"datePublished\":\"2016-11-13T18:19:35+00:00\",\"dateModified\":\"2016-11-13T18:19:35+00:00\",\"author\":{\"@id\":\"https:\/\/staging.varesenews.it\/#\/schema\/person\/709ae3769f6b4dbde8ec332baede8a5b\"},\"description\":\"L'allenatore del Varese contento della reazione ma con un pizzico di rammarico. Granzotto e Piraccini: \\\"Meritavamo noi\\\"\",\"breadcrumb\":{\"@id\":\"https:\/\/staging.varesenews.it\/2016\/11\/baiano-bravi-ma-serve-piu-concretezza-voti-ottimo-becchio\/568725\/#breadcrumb\"},\"inLanguage\":\"it-IT\",\"potentialAction\":[{\"@type\":\"ReadAction\",\"target\":[\"https:\/\/staging.varesenews.it\/2016\/11\/baiano-bravi-ma-serve-piu-concretezza-voti-ottimo-becchio\/568725\/\"]}]},{\"@type\":\"BreadcrumbList\",\"@id\":\"https:\/\/staging.varesenews.it\/2016\/11\/baiano-bravi-ma-serve-piu-concretezza-voti-ottimo-becchio\/568725\/#breadcrumb\",\"itemListElement\":[{\"@type\":\"ListItem\",\"position\":1,\"name\":\"Home\",\"item\":\"https:\/\/www.varesenews.it\/\"},{\"@type\":\"ListItem\",\"position\":2,\"name\":\"Baiano: &#8220;Bravi, ma serve pi\u00f9 concretezza&#8221;. Voti: ottimo Becchio\"}]},{\"@type\":\"WebSite\",\"@id\":\"https:\/\/staging.varesenews.it\/#website\",\"url\":\"https:\/\/staging.varesenews.it\/\",\"name\":\"VareseNews\",\"description\":\"\",\"potentialAction\":[{\"@type\":\"SearchAction\",\"target\":{\"@type\":\"EntryPoint\",\"urlTemplate\":\"https:\/\/staging.varesenews.it\/?s={search_term_string}\"},\"query-input\":\"required name=search_term_string\"}],\"inLanguage\":\"it-IT\"},{\"@type\":\"Person\",\"@id\":\"https:\/\/staging.varesenews.it\/#\/schema\/person\/709ae3769f6b4dbde8ec332baede8a5b\",\"name\":\"Damiano Franzetti\",\"image\":{\"@type\":\"ImageObject\",\"inLanguage\":\"it-IT\",\"@id\":\"https:\/\/staging.varesenews.it\/#\/schema\/person\/image\/\",\"url\":\"https:\/\/staging.varesenews.it\/wp-content\/uploads\/2020\/12\/damiano_franzetti_colori_500.jpg\",\"contentUrl\":\"https:\/\/staging.varesenews.it\/wp-content\/uploads\/2020\/12\/damiano_franzetti_colori_500.jpg\",\"caption\":\"Damiano Franzetti\"},\"description\":\"Classe 1976, una laurea (nel cassetto) in scienze e tecnologie alimentari; sono giornalista professionista dal 2009 nato e cresciuto con VareseNews dove mi occupo soprattutto di sport ormai da vent&rsquo;anni. Inviato sui campi (sulle piste, sulle strade...), intervistatore, coordinatore e responsabile delle pagine sportive, mi ritaglio volentieri lo spazio per scrivere di birra sul blog Malto Gradimento. Ho seguito innumerevoli campionati di Serie A di basket, di serie B di calcio, due Mondiali di ciclismo, qualche Giro d&rsquo;;Italia e tanto altro ancora. Collaboro con Tuttosport e altre testate, mi diletto di social. Ho una moglie, un figlio, vivo nella mia Gemonio e ho purtroppo smesso con il basket giocato. &nbsp;\",\"sameAs\":[\"damianofranz\",\"https:\/\/www.linkedin.com\/profile\/view?id=241597124&trk=nav_responsive_tab_profile\",\"https:\/\/twitter.com\/damianofranz\"],\"url\":\"https:\/\/staging.varesenews.it\/persona\/damiano_franzetti-2\/\"}]}<\/script>\n<!-- \/ Yoast SEO plugin. -->","yoast_head_json":{"title":"Baiano: \"Bravi, ma serve pi\u00f9 concretezza\". Voti: ottimo Becchio","description":"L'allenatore del Varese contento della reazione ma con un pizzico di rammarico. Granzotto e Piraccini: \"Meritavamo noi\"","robots":{"index":"noindex","follow":"follow","max-snippet":"max-snippet:-1","max-image-preview":"max-image-preview:large","max-video-preview":"max-video-preview:-1"},"og_locale":"it_IT","og_type":"article","og_title":"Baiano: \"Bravi, ma serve pi\u00f9 concretezza\". Voti: ottimo Becchio","og_description":"L'allenatore del Varese contento della reazione ma con un pizzico di rammarico. Granzotto e Piraccini: \"Meritavamo noi\"","og_url":"https:\/\/staging.varesenews.it\/2016\/11\/baiano-bravi-ma-serve-piu-concretezza-voti-ottimo-becchio\/568725\/","og_site_name":"VareseNews","article_publisher":"https:\/\/www.facebook.com\/varesenews","article_published_time":"2016-11-13T18:19:35+00:00","author":"Damiano Franzetti","twitter_card":"summary_large_image","twitter_creator":"@damianofranz","twitter_site":"@varesenews","twitter_misc":{"Scritto da":"Damiano Franzetti","Tempo di lettura stimato":"4 minuti"},"schema":{"@context":"https:\/\/schema.org","@graph":[{"@type":"WebPage","@id":"https:\/\/staging.varesenews.it\/2016\/11\/baiano-bravi-ma-serve-piu-concretezza-voti-ottimo-becchio\/568725\/","url":"https:\/\/staging.varesenews.it\/2016\/11\/baiano-bravi-ma-serve-piu-concretezza-voti-ottimo-becchio\/568725\/","name":"Baiano: \"Bravi, ma serve pi\u00f9 concretezza\". Voti: ottimo Becchio","isPartOf":{"@id":"https:\/\/staging.varesenews.it\/#website"},"datePublished":"2016-11-13T18:19:35+00:00","dateModified":"2016-11-13T18:19:35+00:00","author":{"@id":"https:\/\/staging.varesenews.it\/#\/schema\/person\/709ae3769f6b4dbde8ec332baede8a5b"},"description":"L'allenatore del Varese contento della reazione ma con un pizzico di rammarico. Granzotto e Piraccini: \"Meritavamo noi\"","breadcrumb":{"@id":"https:\/\/staging.varesenews.it\/2016\/11\/baiano-bravi-ma-serve-piu-concretezza-voti-ottimo-becchio\/568725\/#breadcrumb"},"inLanguage":"it-IT","potentialAction":[{"@type":"ReadAction","target":["https:\/\/staging.varesenews.it\/2016\/11\/baiano-bravi-ma-serve-piu-concretezza-voti-ottimo-becchio\/568725\/"]}]},{"@type":"BreadcrumbList","@id":"https:\/\/staging.varesenews.it\/2016\/11\/baiano-bravi-ma-serve-piu-concretezza-voti-ottimo-becchio\/568725\/#breadcrumb","itemListElement":[{"@type":"ListItem","position":1,"name":"Home","item":"https:\/\/www.varesenews.it\/"},{"@type":"ListItem","position":2,"name":"Baiano: &#8220;Bravi, ma serve pi\u00f9 concretezza&#8221;. Voti: ottimo Becchio"}]},{"@type":"WebSite","@id":"https:\/\/staging.varesenews.it\/#website","url":"https:\/\/staging.varesenews.it\/","name":"VareseNews","description":"","potentialAction":[{"@type":"SearchAction","target":{"@type":"EntryPoint","urlTemplate":"https:\/\/staging.varesenews.it\/?s={search_term_string}"},"query-input":"required name=search_term_string"}],"inLanguage":"it-IT"},{"@type":"Person","@id":"https:\/\/staging.varesenews.it\/#\/schema\/person\/709ae3769f6b4dbde8ec332baede8a5b","name":"Damiano Franzetti","image":{"@type":"ImageObject","inLanguage":"it-IT","@id":"https:\/\/staging.varesenews.it\/#\/schema\/person\/image\/","url":"https:\/\/staging.varesenews.it\/wp-content\/uploads\/2020\/12\/damiano_franzetti_colori_500.jpg","contentUrl":"https:\/\/staging.varesenews.it\/wp-content\/uploads\/2020\/12\/damiano_franzetti_colori_500.jpg","caption":"Damiano Franzetti"},"description":"Classe 1976, una laurea (nel cassetto) in scienze e tecnologie alimentari; sono giornalista professionista dal 2009 nato e cresciuto con VareseNews dove mi occupo soprattutto di sport ormai da vent&rsquo;anni. Inviato sui campi (sulle piste, sulle strade...), intervistatore, coordinatore e responsabile delle pagine sportive, mi ritaglio volentieri lo spazio per scrivere di birra sul blog Malto Gradimento. Ho seguito innumerevoli campionati di Serie A di basket, di serie B di calcio, due Mondiali di ciclismo, qualche Giro d&rsquo;;Italia e tanto altro ancora. Collaboro con Tuttosport e altre testate, mi diletto di social. Ho una moglie, un figlio, vivo nella mia Gemonio e ho purtroppo smesso con il basket giocato. &nbsp;","sameAs":["damianofranz","https:\/\/www.linkedin.com\/profile\/view?id=241597124&trk=nav_responsive_tab_profile","https:\/\/twitter.com\/damianofranz"],"url":"https:\/\/staging.varesenews.it\/persona\/damiano_franzetti-2\/"}]}},"post_meta":{"_edit_lock":"1479064936:38","_edit_last":"38","_category_permalink":"","wdfb_og_title":"","wdfb_og_type":"","wdfb_og_description":"","wdfb_og_images":"a:1:{i:0;s:0:\"\";}","wdfb_og_custom_name":"a:1:{i:0;s:0:\"\";}","wdfb_og_custom_value":"a:1:{i:0;s:0:\"\";}","_jd_twitter":"","_jd_tweet_this":"yes","ratings_users":"0","ratings_score":"0","ratings_average":"0","id_leggi_anche":"568697","foto":"578905","argomento":"Calcio - Interviste e Pagelle","_wpt_short_url":"http:\/\/www.varesenews.it\/2016\/11\/baiano-bravi-ma-serve-piu-concretezza-voti-ottimo-becchio\/568725\/","_wp_jd_target":"http:\/\/www.varesenews.it\/2016\/11\/baiano-bravi-ma-serve-piu-concretezza-voti-ottimo-becchio\/568725\/","_jd_wp_twitter":"a:1:{i:0;s:192:\"Baiano: \"Bravi, ma serve pi\u00f9 concretezza\". Voti: ottimo Becchio http:\/\/www.varesenews.it\/2016\/11\/baiano-bravi-ma-serve-piu-concretezza-voti-ottimo-becchio\/568725\/ #calcio #interviste #pagelle\";}","_wpt_status_message":"Tweet inviato con successo."},"photos":[{"original":"https:\/\/staging.varesenews.it\/photogallery_new\/images\/2016\/11\/caricamento-temporaneo-per-contributo-04atrodrzu-578905.jpg","full":"https:\/\/staging.varesenews.it\/photogallery_new\/images\/2016\/11\/caricamento-temporaneo-per-contributo-04atrodrzu-578905.1024x768.jpg","large":"https:\/\/staging.varesenews.it\/photogallery_new\/images\/2016\/11\/caricamento-temporaneo-per-contributo-04atrodrzu-578905.610x431.jpg"}],"_links":{"self":[{"href":"https:\/\/staging.varesenews.it\/swgapi\/v1\/wp\/v2\/posts\/568725"}],"collection":[{"href":"https:\/\/staging.varesenews.it\/swgapi\/v1\/wp\/v2\/posts"}],"about":[{"href":"https:\/\/staging.varesenews.it\/swgapi\/v1\/wp\/v2\/types\/post"}],"author":[{"embeddable":true,"href":"https:\/\/staging.varesenews.it\/swgapi\/v1\/wp\/v2\/users\/38"}],"replies":[{"embeddable":true,"href":"https:\/\/staging.varesenews.it\/swgapi\/v1\/wp\/v2\/comments?post=568725"}],"version-history":[{"count":0,"href":"https:\/\/staging.varesenews.it\/swgapi\/v1\/wp\/v2\/posts\/568725\/revisions"}],"wp:attachment":[{"href":"https:\/\/staging.varesenews.it\/swgapi\/v1\/wp\/v2\/media?parent=568725"}],"wp:term":[{"taxonomy":"category","embeddable":true,"href":"https:\/\/staging.varesenews.it\/swgapi\/v1\/wp\/v2\/categories?post=568725"},{"taxonomy":"post_tag","embeddable":true,"href":"https:\/\/staging.varesenews.it\/swgapi\/v1\/wp\/v2\/tags?post=568725"}],"curies":[{"name":"wp","href":"https:\/\/api.w.org\/{rel}","templated":true}]}}