{"id":568795,"date":"2016-11-14T10:36:39","date_gmt":"2016-11-14T09:36:39","guid":{"rendered":"http:\/\/www.varesenews.it\/?p=568795"},"modified":"2016-11-14T10:36:39","modified_gmt":"2016-11-14T09:36:39","slug":"richiedenti-asilo-ripulita-la-casetta-al-parco-delle-basiliche","status":"publish","type":"post","link":"https:\/\/staging.varesenews.it\/2016\/11\/richiedenti-asilo-ripulita-la-casetta-al-parco-delle-basiliche\/568795\/","title":{"rendered":"Richiedenti asilo, ripulita la casetta al parco delle Basiliche"},"content":{"rendered":"<p>La casetta del custode all\u2019ingresso del parco delle Basiliche ripulita dalle scritte e imbiancata. Seicento sacchi (pari a 18 tonnellate) di foglie raccolte al parco Montanelli. I muri del centro di accoglienza di via Aldini tinteggiati a nuovo. Sono le tre \u201cAzioni in Comune\u201d realizzate oggi dai richiedenti asilo, ospiti dei centri di Milano, durante la sesta giornata di attivit\u00e0 volontarie organizzate dall\u2019Assessorato alle Politiche sociali. Da fine settembre sono stati circa 800 i ragazzi (con una decina di ragazze) a rendersi utili per la citt\u00e0 raccogliendo foglie in parchi e giardinetti, sistemando centri anziani, svuotando cantine delle case popolari di Quarto Oggiaro. Oggi \u00e8 toccato al centro della citt\u00e0: trasferta a Porta Ticinese per i richiedenti asilo della Caserma Montello, che la scorsa domenica avevano ripulito i giardini di piazza Firenze e il parco Tolentino nel loro quartiere. Impegnati ai Giardini Montanelli invece una cinquantina di ragazzi dei centri di via di via Pollini e Aldini. Al termine del lavoro di raccolta delle foglie, svolto con l\u2019aiuto di Amsa, i richiedenti asilo hanno trovato a ringraziarli e ad offrigli un \u201cbrunch\u201d ristoratore alcuni cittadini dell\u2019Associazione Agiamo (Amici Giardini Montanelli) che frequentano regolarmente il parco e hanno molto apprezzato questa iniziativa. A salutarli erano presenti anche gli assessori Pierfrancesco Majorino (Politiche sociali) e Pierfrancesco Maran (Urbanistica e Verde).<\/p>\n<p>\u201cOgni domenica da fine settembre \u2013 spiega l\u2019assessore Majorino \u2013 i richiedenti asilo ospiti del nostri centri sono impegnati in attivit\u00e0 volontarie contro il degrado, con una partecipazione e una volont\u00e0 straordinarie. Decidono di dare una mano alla citt\u00e0 che li ospita restituendo ci\u00f2 che ricevono in termini di accoglienza. In questo modo il legame con i residenti sta crescendo giorno dopo giorno attraverso l\u2019incontro reciproco e la positiva convivenza. Anche oggi molti milanesi, sia al Parco delle Basiliche sia ai Giardini Montanelli, hanno accolto i ragazzi dimostrando loro amicizia e solidariet\u00e0\u201d.<\/p>\n<p>Le attivit\u00e0 volontarie dei richiedenti asilo proseguiranno fino alla fine dell\u2019anno seguendo un programma di luoghi e interventi che l\u2019Assessorato alle Politiche sociali sta costruendo anche seguendo le richieste dei cittadini.<\/p>\n<p>Il programma di \u201cUn\u2019Azione in Comune\u201d.<\/p>\n<p>Le attivit\u00e0 sono iniziate sabato 24 settembre in occasione dell\u2019iniziativa \u201cPuliamo il Mondo\u201d di Legambiente e sono proseguite per sei domeniche dal 16 ottobre. Il programma delle prossime settimane:<\/p>\n<p>domenica 20 novembre:<\/p>\n<p>Parco Lambro;<br \/>\npulizia dei cortili delle case popolari di via Pascarella 29 a 35.<br \/>\ndomenica 27 novembre:<\/p>\n<p>Parco Trotter;<br \/>\nAttivit\u00e0 con i ragazzi della comunit\u00e0 per persone con disabilit\u00e0 \u201cCasa Quarto\u201d.<br \/>\ndomenica 4 dicembre:<\/p>\n<p>Giardini Pallavicino (Parco Pagano);<br \/>\nPulizia del cortile di Villa Scheibler.<br \/>\ndomenica 11 dicembre<\/p>\n<p>Giardini della Guastalla;<br \/>\nattivit\u00e0 in fase di definizione.<br \/>\ndomenica 18 dicembre:<\/p>\n<p>Parco Sempione;<br \/>\nattivit\u00e0 in fase di definizione.<\/p>\n","protected":false},"excerpt":{"rendered":"<p>Assessore Majorino: \u201cDa fine settembre coinvolti circa 800 ragazzi. Tanta voglia di rendersi utili e tanta gratitudine da parte dei cittadini&#8221;<\/p>\n","protected":false},"author":34,"featured_media":0,"comment_status":"open","ping_status":"open","sticky":false,"template":"","format":"standard","meta":{"footnotes":""},"categories":[7],"tags":[5556],"acf":[],"yoast_head":"<!-- This site is optimized with the Yoast SEO plugin v20.1 - https:\/\/yoast.com\/wordpress\/plugins\/seo\/ -->\n<title>Richiedenti asilo, ripulita la casetta al parco delle Basiliche<\/title>\n<meta name=\"description\" content=\"Assessore Majorino: \u201cDa fine settembre coinvolti circa 800 ragazzi. Tanta voglia di rendersi utili e tanta gratitudine da parte dei cittadini&quot;\" \/>\n<meta name=\"robots\" content=\"noindex, follow, max-snippet:-1, max-image-preview:large, max-video-preview:-1\" \/>\n<meta property=\"og:locale\" content=\"it_IT\" \/>\n<meta property=\"og:type\" content=\"article\" \/>\n<meta property=\"og:title\" content=\"Richiedenti asilo, ripulita la casetta al parco delle Basiliche\" \/>\n<meta property=\"og:description\" content=\"Assessore Majorino: \u201cDa fine settembre coinvolti circa 800 ragazzi. Tanta voglia di rendersi utili e tanta gratitudine da parte dei cittadini&quot;\" \/>\n<meta property=\"og:url\" content=\"https:\/\/staging.varesenews.it\/2016\/11\/richiedenti-asilo-ripulita-la-casetta-al-parco-delle-basiliche\/568795\/\" \/>\n<meta property=\"og:site_name\" content=\"VareseNews\" \/>\n<meta property=\"article:publisher\" content=\"https:\/\/www.facebook.com\/varesenews\" \/>\n<meta property=\"article:author\" content=\"https:\/\/www.facebook.com\/andrea.camurani?fref=photo\" \/>\n<meta property=\"article:published_time\" content=\"2016-11-14T09:36:39+00:00\" \/>\n<meta name=\"author\" content=\"Andrea Camurani\" \/>\n<meta name=\"twitter:card\" content=\"summary_large_image\" \/>\n<meta name=\"twitter:creator\" content=\"@AndreaCamurani\" \/>\n<meta name=\"twitter:site\" content=\"@varesenews\" \/>\n<meta name=\"twitter:label1\" content=\"Scritto da\" \/>\n\t<meta name=\"twitter:data1\" content=\"Andrea Camurani\" \/>\n\t<meta name=\"twitter:label2\" content=\"Tempo di lettura stimato\" \/>\n\t<meta name=\"twitter:data2\" content=\"2 minuti\" \/>\n<script type=\"application\/ld+json\" class=\"yoast-schema-graph\">{\"@context\":\"https:\/\/schema.org\",\"@graph\":[{\"@type\":\"WebPage\",\"@id\":\"https:\/\/staging.varesenews.it\/2016\/11\/richiedenti-asilo-ripulita-la-casetta-al-parco-delle-basiliche\/568795\/\",\"url\":\"https:\/\/staging.varesenews.it\/2016\/11\/richiedenti-asilo-ripulita-la-casetta-al-parco-delle-basiliche\/568795\/\",\"name\":\"Richiedenti asilo, ripulita la casetta al parco delle Basiliche\",\"isPartOf\":{\"@id\":\"https:\/\/staging.varesenews.it\/#website\"},\"datePublished\":\"2016-11-14T09:36:39+00:00\",\"dateModified\":\"2016-11-14T09:36:39+00:00\",\"author\":{\"@id\":\"https:\/\/staging.varesenews.it\/#\/schema\/person\/3eb5832c6beae763de8d9596fdbe8c49\"},\"description\":\"Assessore Majorino: \u201cDa fine settembre coinvolti circa 800 ragazzi. Tanta voglia di rendersi utili e tanta gratitudine da parte dei cittadini\\\"\",\"breadcrumb\":{\"@id\":\"https:\/\/staging.varesenews.it\/2016\/11\/richiedenti-asilo-ripulita-la-casetta-al-parco-delle-basiliche\/568795\/#breadcrumb\"},\"inLanguage\":\"it-IT\",\"potentialAction\":[{\"@type\":\"ReadAction\",\"target\":[\"https:\/\/staging.varesenews.it\/2016\/11\/richiedenti-asilo-ripulita-la-casetta-al-parco-delle-basiliche\/568795\/\"]}]},{\"@type\":\"BreadcrumbList\",\"@id\":\"https:\/\/staging.varesenews.it\/2016\/11\/richiedenti-asilo-ripulita-la-casetta-al-parco-delle-basiliche\/568795\/#breadcrumb\",\"itemListElement\":[{\"@type\":\"ListItem\",\"position\":1,\"name\":\"Home\",\"item\":\"https:\/\/www.varesenews.it\/\"},{\"@type\":\"ListItem\",\"position\":2,\"name\":\"Richiedenti asilo, ripulita la casetta al parco delle Basiliche\"}]},{\"@type\":\"WebSite\",\"@id\":\"https:\/\/staging.varesenews.it\/#website\",\"url\":\"https:\/\/staging.varesenews.it\/\",\"name\":\"VareseNews\",\"description\":\"\",\"potentialAction\":[{\"@type\":\"SearchAction\",\"target\":{\"@type\":\"EntryPoint\",\"urlTemplate\":\"https:\/\/staging.varesenews.it\/?s={search_term_string}\"},\"query-input\":\"required name=search_term_string\"}],\"inLanguage\":\"it-IT\"},{\"@type\":\"Person\",\"@id\":\"https:\/\/staging.varesenews.it\/#\/schema\/person\/3eb5832c6beae763de8d9596fdbe8c49\",\"name\":\"Andrea Camurani\",\"image\":{\"@type\":\"ImageObject\",\"inLanguage\":\"it-IT\",\"@id\":\"https:\/\/staging.varesenews.it\/#\/schema\/person\/image\/\",\"url\":\"https:\/\/staging.varesenews.it\/wp-content\/uploads\/2020\/12\/andrea_camurani_colori_500.jpg\",\"contentUrl\":\"https:\/\/staging.varesenews.it\/wp-content\/uploads\/2020\/12\/andrea_camurani_colori_500.jpg\",\"caption\":\"Andrea Camurani\"},\"description\":\"Sono figlio degli anni Settanta e di Milano, dove ho imparato a riconoscere buoni e cattivi. Laurea in scienze politiche, lavoro a VareseNews dal 2000. Racconto quel che trovo quando incontro chi vuole lasciare al mondo un pezzetto di vita, che si chiama cronaca. &ldquo;...perch&eacute; &egrave; la gente il pi&ugrave; grande spettacolo del mondo. E non si paga il biglietto...&rdquo; (Charles Bukowsky)\",\"sameAs\":[\"https:\/\/www.facebook.com\/andrea.camurani?fref=photo\",\"andreacamurani\",\"https:\/\/www.linkedin.com\/hp\/?dnr=A9a84RfzsLdo9xg4NcGV4dLiMknoc9ms4WM\",\"https:\/\/twitter.com\/AndreaCamurani\"],\"url\":\"https:\/\/staging.varesenews.it\/persona\/andrea_camurani\/\"}]}<\/script>\n<!-- \/ Yoast SEO plugin. -->","yoast_head_json":{"title":"Richiedenti asilo, ripulita la casetta al parco delle Basiliche","description":"Assessore Majorino: \u201cDa fine settembre coinvolti circa 800 ragazzi. Tanta voglia di rendersi utili e tanta gratitudine da parte dei cittadini\"","robots":{"index":"noindex","follow":"follow","max-snippet":"max-snippet:-1","max-image-preview":"max-image-preview:large","max-video-preview":"max-video-preview:-1"},"og_locale":"it_IT","og_type":"article","og_title":"Richiedenti asilo, ripulita la casetta al parco delle Basiliche","og_description":"Assessore Majorino: \u201cDa fine settembre coinvolti circa 800 ragazzi. Tanta voglia di rendersi utili e tanta gratitudine da parte dei cittadini\"","og_url":"https:\/\/staging.varesenews.it\/2016\/11\/richiedenti-asilo-ripulita-la-casetta-al-parco-delle-basiliche\/568795\/","og_site_name":"VareseNews","article_publisher":"https:\/\/www.facebook.com\/varesenews","article_author":"https:\/\/www.facebook.com\/andrea.camurani?fref=photo","article_published_time":"2016-11-14T09:36:39+00:00","author":"Andrea Camurani","twitter_card":"summary_large_image","twitter_creator":"@AndreaCamurani","twitter_site":"@varesenews","twitter_misc":{"Scritto da":"Andrea Camurani","Tempo di lettura stimato":"2 minuti"},"schema":{"@context":"https:\/\/schema.org","@graph":[{"@type":"WebPage","@id":"https:\/\/staging.varesenews.it\/2016\/11\/richiedenti-asilo-ripulita-la-casetta-al-parco-delle-basiliche\/568795\/","url":"https:\/\/staging.varesenews.it\/2016\/11\/richiedenti-asilo-ripulita-la-casetta-al-parco-delle-basiliche\/568795\/","name":"Richiedenti asilo, ripulita la casetta al parco delle Basiliche","isPartOf":{"@id":"https:\/\/staging.varesenews.it\/#website"},"datePublished":"2016-11-14T09:36:39+00:00","dateModified":"2016-11-14T09:36:39+00:00","author":{"@id":"https:\/\/staging.varesenews.it\/#\/schema\/person\/3eb5832c6beae763de8d9596fdbe8c49"},"description":"Assessore Majorino: \u201cDa fine settembre coinvolti circa 800 ragazzi. Tanta voglia di rendersi utili e tanta gratitudine da parte dei cittadini\"","breadcrumb":{"@id":"https:\/\/staging.varesenews.it\/2016\/11\/richiedenti-asilo-ripulita-la-casetta-al-parco-delle-basiliche\/568795\/#breadcrumb"},"inLanguage":"it-IT","potentialAction":[{"@type":"ReadAction","target":["https:\/\/staging.varesenews.it\/2016\/11\/richiedenti-asilo-ripulita-la-casetta-al-parco-delle-basiliche\/568795\/"]}]},{"@type":"BreadcrumbList","@id":"https:\/\/staging.varesenews.it\/2016\/11\/richiedenti-asilo-ripulita-la-casetta-al-parco-delle-basiliche\/568795\/#breadcrumb","itemListElement":[{"@type":"ListItem","position":1,"name":"Home","item":"https:\/\/www.varesenews.it\/"},{"@type":"ListItem","position":2,"name":"Richiedenti asilo, ripulita la casetta al parco delle Basiliche"}]},{"@type":"WebSite","@id":"https:\/\/staging.varesenews.it\/#website","url":"https:\/\/staging.varesenews.it\/","name":"VareseNews","description":"","potentialAction":[{"@type":"SearchAction","target":{"@type":"EntryPoint","urlTemplate":"https:\/\/staging.varesenews.it\/?s={search_term_string}"},"query-input":"required name=search_term_string"}],"inLanguage":"it-IT"},{"@type":"Person","@id":"https:\/\/staging.varesenews.it\/#\/schema\/person\/3eb5832c6beae763de8d9596fdbe8c49","name":"Andrea Camurani","image":{"@type":"ImageObject","inLanguage":"it-IT","@id":"https:\/\/staging.varesenews.it\/#\/schema\/person\/image\/","url":"https:\/\/staging.varesenews.it\/wp-content\/uploads\/2020\/12\/andrea_camurani_colori_500.jpg","contentUrl":"https:\/\/staging.varesenews.it\/wp-content\/uploads\/2020\/12\/andrea_camurani_colori_500.jpg","caption":"Andrea Camurani"},"description":"Sono figlio degli anni Settanta e di Milano, dove ho imparato a riconoscere buoni e cattivi. Laurea in scienze politiche, lavoro a VareseNews dal 2000. Racconto quel che trovo quando incontro chi vuole lasciare al mondo un pezzetto di vita, che si chiama cronaca. &ldquo;...perch&eacute; &egrave; la gente il pi&ugrave; grande spettacolo del mondo. E non si paga il biglietto...&rdquo; (Charles Bukowsky)","sameAs":["https:\/\/www.facebook.com\/andrea.camurani?fref=photo","andreacamurani","https:\/\/www.linkedin.com\/hp\/?dnr=A9a84RfzsLdo9xg4NcGV4dLiMknoc9ms4WM","https:\/\/twitter.com\/AndreaCamurani"],"url":"https:\/\/staging.varesenews.it\/persona\/andrea_camurani\/"}]}},"post_meta":{"_edit_lock":"1479116656:34","_edit_last":"34","ratings_users":"0","ratings_score":"0","ratings_average":"0","_category_permalink":"","wdfb_og_title":"","wdfb_og_type":"","wdfb_og_description":"","wdfb_og_images":"a:1:{i:0;s:0:\"\";}","wdfb_og_custom_name":"a:1:{i:0;s:0:\"\";}","wdfb_og_custom_value":"a:1:{i:0;s:0:\"\";}","foto":"579032","firma_come_redazione":"1","_jd_twitter":"","_jd_tweet_this":"yes","_wpt_short_url":"http:\/\/www.varesenews.it\/2016\/11\/richiedenti-asilo-ripulita-la-casetta-al-parco-delle-basiliche\/568795\/","_wp_jd_target":"http:\/\/www.varesenews.it\/2016\/11\/richiedenti-asilo-ripulita-la-casetta-al-parco-delle-basiliche\/568795\/","_jd_wp_twitter":"a:1:{i:0;s:168:\"Richiedenti asilo, ripulita la casetta al parco delle Basiliche http:\/\/www.varesenews.it\/2016\/11\/richiedenti-asilo-ripulita-la-casetta-al-parco-delle-basiliche\/568795\/ \";}","_wpt_status_message":"Tweet inviato con successo."},"photos":[{"original":"https:\/\/staging.varesenews.it\/photogallery_new\/images\/2016\/11\/avarie-579032.jpg","full":"https:\/\/staging.varesenews.it\/photogallery_new\/images\/2016\/11\/avarie-579032.1024x768.jpg","large":"https:\/\/staging.varesenews.it\/photogallery_new\/images\/2016\/11\/avarie-579032.610x431.jpg"}],"_links":{"self":[{"href":"https:\/\/staging.varesenews.it\/swgapi\/v1\/wp\/v2\/posts\/568795"}],"collection":[{"href":"https:\/\/staging.varesenews.it\/swgapi\/v1\/wp\/v2\/posts"}],"about":[{"href":"https:\/\/staging.varesenews.it\/swgapi\/v1\/wp\/v2\/types\/post"}],"author":[{"embeddable":true,"href":"https:\/\/staging.varesenews.it\/swgapi\/v1\/wp\/v2\/users\/34"}],"replies":[{"embeddable":true,"href":"https:\/\/staging.varesenews.it\/swgapi\/v1\/wp\/v2\/comments?post=568795"}],"version-history":[{"count":0,"href":"https:\/\/staging.varesenews.it\/swgapi\/v1\/wp\/v2\/posts\/568795\/revisions"}],"wp:attachment":[{"href":"https:\/\/staging.varesenews.it\/swgapi\/v1\/wp\/v2\/media?parent=568795"}],"wp:term":[{"taxonomy":"category","embeddable":true,"href":"https:\/\/staging.varesenews.it\/swgapi\/v1\/wp\/v2\/categories?post=568795"},{"taxonomy":"post_tag","embeddable":true,"href":"https:\/\/staging.varesenews.it\/swgapi\/v1\/wp\/v2\/tags?post=568795"}],"curies":[{"name":"wp","href":"https:\/\/api.w.org\/{rel}","templated":true}]}}