{"id":569951,"date":"2016-11-17T16:09:45","date_gmt":"2016-11-17T15:09:45","guid":{"rendered":"http:\/\/www.varesenews.it\/?p=569951"},"modified":"2016-11-17T16:09:45","modified_gmt":"2016-11-17T15:09:45","slug":"sel-gallarate-in-piazza-per-il-no-al-referendum","status":"publish","type":"post","link":"https:\/\/staging.varesenews.it\/2016\/11\/sel-gallarate-in-piazza-per-il-no-al-referendum\/569951\/","title":{"rendered":"SEL Gallarate in piazza per il No al referendum"},"content":{"rendered":"<p><em>Riceviamo e pubblichiamo<\/em><\/p>\n<p>&nbsp;<\/p>\n<p>Sabato 19 novembre, in piazza Libert\u00e0, dalle ore 15.00 Sinistra Italiana sar\u00e0 presente con un proprio gazebo per spiegare le ragioni del no al referendum costituzionale del prossimo 4 dicembre.<\/p>\n<p>Sono tante le buone ragioni del no, a partire dal cuore della riforma, che vorrebbe eliminare il Senato, senza farlo. Perch\u00e9 il Senato rimarr\u00e0 formato da 100 senatori, di cui 5 eletti dal Presidente della Repubblica. I nuovi senatori saranno part-time, con il doppio rischio che svolgano male i 2 compiti (di sindaci e consiglieri regionali e di senatori). Sar\u00e0 anche un Senato variabile, dove i senatori cambiano alle elezioni comunali\/regionali. Le modalit\u00e0 di elezioni dei senatori non \u00e8 dato saperle, visto che si rimanda a futura legge. Ma nel frattempo vale la norma transitoria con elezione a lista bloccata (e in Italia le norme transitorie durano spesso in eterno), con 10 regioni e province autonome a cui spettano 2 seggi che dovranno rispettare \u201ci voti espressi e le composizioni dei Consigli\u201d mentre uno dei 2 seggi spetter\u00e0 a un sindaco. Come faranno non si sa. Quel che \u00e8 certo \u00e8 che i nuovi senatori avranno l\u2019immunit\u00e0.<br \/>\nInoltre non ci saranno iter pi\u00f9 semplificati e certi, ma solo pi\u00f9 confusione. Per alcune norme varr\u00e0 il bicamerale paritario (anche per leggi legate alle normative e politiche europee \u2013 quali leggi nazionali non hanno all\u2019interno dei rimandi europei?), altre verranno approvate dalla Camera, altre dalla Camera con intervento del Senato, altre ancora \u201ca data certa\u201d, su altre il Senato pu\u00f2 proporre modifiche (entro 30 giorni in alcuni casi, entro 15 in altri), altre ancora pu\u00f2 proporli il Senato a maggioranza: sono almeno 8 diversi procedimenti (e la riforma lascia persino alcune altre procedure da definire!). In caso di contenziosi sul procedimento decideranno i presidenti di Camera e Senato, dice la riforma. E se non arrivano ad un accordo? E se la Camera delibera da sola, ma poteva essere coinvolto il Senato oppure se il Senato interviene ma forse non avrebbe dovuto, la legge \u00e8 incostituzionale. Visto come il nuovo art. 70 \u00e8 scritto, sar\u00e0 il festival delle controversie procedurali alla Corte Costituzionale.<br \/>\nIn combinato con la legge elettorale, poi, che prevede il premio di maggioranza alla lista che al primo turno prende il 40% (la legge truffa del \u201953 prevedeva il premio al 50% e alla coalizione!) o a chi vince il ballottaggio, fosse con il 25% dei votanti, ci sar\u00e0 il reale pericolo di una significativa perdita di democrazia e di rispetto della volont\u00e0 popolare.<br \/>\nIl Presidente della Repubblica sar\u00e0 eletto dal settimo scrutinio a maggioranza dei presenti, si proprio dei presenti. Ecco chi vince le elezioni si prende maggioranza assoluta alla Camera, Presidente della Repubblica senza necessit\u00e0 di confronto con le minoranze, almeno 8 giudici della Corte Costituzionale (i 3 nominati dalla camera e i 5 dal Presidente della Repubblica). Nel rispetto della democrazia le minoranze potranno\u2026 la riforma non lo dice, ma rimanda a un regolamento che sar\u00e0 votato dalla Camera: cio\u00e8 la maggioranza dir\u00e0 quello che le minoranze potranno e non potranno fare.<\/p>\n<p>Dopo le riforme della scuola, del lavoro, delle pensioni, abbiamo visto a cosa servono le riforme. Ora tocca alla Costituzione che dovrebbe dettare le regole a prescindere da chi governa e non consentire che il potere venga tutto concentrato nelle mani di pochi, per fare gli interessi di pochi. Stavolta NO.<\/p>\n<p><strong>Sinistra Italiana\/Sinistra Ecologia Libert\u00e0 di Gallarate<\/strong><\/p>\n","protected":false},"excerpt":{"rendered":"<p>&#8220;Dopo le riforme della scuola, del lavoro, delle pensioni, abbiamo visto a cosa servono le riforme&#8221;<\/p>\n","protected":false},"author":46,"featured_media":0,"comment_status":"open","ping_status":"open","sticky":false,"template":"","format":"standard","meta":{"footnotes":""},"categories":[3,16],"tags":[41324,65154,61094,361],"acf":[],"yoast_head":"<!-- This site is optimized with the Yoast SEO plugin v20.1 - https:\/\/yoast.com\/wordpress\/plugins\/seo\/ -->\n<title>SEL Gallarate in piazza per il No al referendum<\/title>\n<meta name=\"description\" content=\"&quot;Dopo le riforme della scuola, del lavoro, delle pensioni, abbiamo visto a cosa servono le riforme&quot;\" \/>\n<meta name=\"robots\" content=\"noindex, follow, max-snippet:-1, max-image-preview:large, max-video-preview:-1\" \/>\n<meta property=\"og:locale\" content=\"it_IT\" \/>\n<meta property=\"og:type\" content=\"article\" \/>\n<meta property=\"og:title\" content=\"SEL Gallarate in piazza per il No al referendum\" \/>\n<meta property=\"og:description\" content=\"&quot;Dopo le riforme della scuola, del lavoro, delle pensioni, abbiamo visto a cosa servono le riforme&quot;\" \/>\n<meta property=\"og:url\" content=\"https:\/\/staging.varesenews.it\/2016\/11\/sel-gallarate-in-piazza-per-il-no-al-referendum\/569951\/\" \/>\n<meta property=\"og:site_name\" content=\"VareseNews\" \/>\n<meta property=\"article:publisher\" content=\"https:\/\/www.facebook.com\/varesenews\" \/>\n<meta property=\"article:published_time\" content=\"2016-11-17T15:09:45+00:00\" \/>\n<meta name=\"author\" content=\"Roberto Morandi\" \/>\n<meta name=\"twitter:card\" content=\"summary_large_image\" \/>\n<meta name=\"twitter:creator\" content=\"@ilmorands\" \/>\n<meta name=\"twitter:site\" content=\"@varesenews\" \/>\n<meta name=\"twitter:label1\" content=\"Scritto da\" \/>\n\t<meta name=\"twitter:data1\" content=\"Roberto Morandi\" \/>\n\t<meta name=\"twitter:label2\" content=\"Tempo di lettura stimato\" \/>\n\t<meta name=\"twitter:data2\" content=\"3 minuti\" \/>\n<script type=\"application\/ld+json\" class=\"yoast-schema-graph\">{\"@context\":\"https:\/\/schema.org\",\"@graph\":[{\"@type\":\"WebPage\",\"@id\":\"https:\/\/staging.varesenews.it\/2016\/11\/sel-gallarate-in-piazza-per-il-no-al-referendum\/569951\/\",\"url\":\"https:\/\/staging.varesenews.it\/2016\/11\/sel-gallarate-in-piazza-per-il-no-al-referendum\/569951\/\",\"name\":\"SEL Gallarate in piazza per il No al referendum\",\"isPartOf\":{\"@id\":\"https:\/\/staging.varesenews.it\/#website\"},\"datePublished\":\"2016-11-17T15:09:45+00:00\",\"dateModified\":\"2016-11-17T15:09:45+00:00\",\"author\":{\"@id\":\"https:\/\/staging.varesenews.it\/#\/schema\/person\/efe592ae4c76536b551f89d8b6674bc3\"},\"description\":\"\\\"Dopo le riforme della scuola, del lavoro, delle pensioni, abbiamo visto a cosa servono le riforme\\\"\",\"breadcrumb\":{\"@id\":\"https:\/\/staging.varesenews.it\/2016\/11\/sel-gallarate-in-piazza-per-il-no-al-referendum\/569951\/#breadcrumb\"},\"inLanguage\":\"it-IT\",\"potentialAction\":[{\"@type\":\"ReadAction\",\"target\":[\"https:\/\/staging.varesenews.it\/2016\/11\/sel-gallarate-in-piazza-per-il-no-al-referendum\/569951\/\"]}]},{\"@type\":\"BreadcrumbList\",\"@id\":\"https:\/\/staging.varesenews.it\/2016\/11\/sel-gallarate-in-piazza-per-il-no-al-referendum\/569951\/#breadcrumb\",\"itemListElement\":[{\"@type\":\"ListItem\",\"position\":1,\"name\":\"Home\",\"item\":\"https:\/\/www.varesenews.it\/\"},{\"@type\":\"ListItem\",\"position\":2,\"name\":\"SEL Gallarate in piazza per il No al referendum\"}]},{\"@type\":\"WebSite\",\"@id\":\"https:\/\/staging.varesenews.it\/#website\",\"url\":\"https:\/\/staging.varesenews.it\/\",\"name\":\"VareseNews\",\"description\":\"\",\"potentialAction\":[{\"@type\":\"SearchAction\",\"target\":{\"@type\":\"EntryPoint\",\"urlTemplate\":\"https:\/\/staging.varesenews.it\/?s={search_term_string}\"},\"query-input\":\"required name=search_term_string\"}],\"inLanguage\":\"it-IT\"},{\"@type\":\"Person\",\"@id\":\"https:\/\/staging.varesenews.it\/#\/schema\/person\/efe592ae4c76536b551f89d8b6674bc3\",\"name\":\"Roberto Morandi\",\"image\":{\"@type\":\"ImageObject\",\"inLanguage\":\"it-IT\",\"@id\":\"https:\/\/staging.varesenews.it\/#\/schema\/person\/image\/\",\"url\":\"https:\/\/staging.varesenews.it\/wp-content\/uploads\/2020\/12\/roberto_morandi_colori_500.jpg\",\"contentUrl\":\"https:\/\/staging.varesenews.it\/wp-content\/uploads\/2020\/12\/roberto_morandi_colori_500.jpg\",\"caption\":\"Roberto Morandi\"},\"description\":\"Classe 1980, laureato in storia, mi occupo dell&rsquo;area di Gallarate e di Malpensa, di trasporti e mobilit&agrave;. Amo molto la dimensione della citt&agrave;, come luogo d&rsquo;incontro di persone diverse e come organismo che si trasforma costantemente. Mi piace anche raccontare le piccole e grandi vicende, anche locali, che compongono la Storia con la S maiuscola. Appassionato di bicicletta: la macchina perfetta per muoversi in citt&agrave; e per viaggiare.\",\"sameAs\":[\"https:\/\/twitter.com\/ilmorands\"],\"url\":\"https:\/\/staging.varesenews.it\/persona\/roberto-morandi1\/\"}]}<\/script>\n<!-- \/ Yoast SEO plugin. -->","yoast_head_json":{"title":"SEL Gallarate in piazza per il No al referendum","description":"\"Dopo le riforme della scuola, del lavoro, delle pensioni, abbiamo visto a cosa servono le riforme\"","robots":{"index":"noindex","follow":"follow","max-snippet":"max-snippet:-1","max-image-preview":"max-image-preview:large","max-video-preview":"max-video-preview:-1"},"og_locale":"it_IT","og_type":"article","og_title":"SEL Gallarate in piazza per il No al referendum","og_description":"\"Dopo le riforme della scuola, del lavoro, delle pensioni, abbiamo visto a cosa servono le riforme\"","og_url":"https:\/\/staging.varesenews.it\/2016\/11\/sel-gallarate-in-piazza-per-il-no-al-referendum\/569951\/","og_site_name":"VareseNews","article_publisher":"https:\/\/www.facebook.com\/varesenews","article_published_time":"2016-11-17T15:09:45+00:00","author":"Roberto Morandi","twitter_card":"summary_large_image","twitter_creator":"@ilmorands","twitter_site":"@varesenews","twitter_misc":{"Scritto da":"Roberto Morandi","Tempo di lettura stimato":"3 minuti"},"schema":{"@context":"https:\/\/schema.org","@graph":[{"@type":"WebPage","@id":"https:\/\/staging.varesenews.it\/2016\/11\/sel-gallarate-in-piazza-per-il-no-al-referendum\/569951\/","url":"https:\/\/staging.varesenews.it\/2016\/11\/sel-gallarate-in-piazza-per-il-no-al-referendum\/569951\/","name":"SEL Gallarate in piazza per il No al referendum","isPartOf":{"@id":"https:\/\/staging.varesenews.it\/#website"},"datePublished":"2016-11-17T15:09:45+00:00","dateModified":"2016-11-17T15:09:45+00:00","author":{"@id":"https:\/\/staging.varesenews.it\/#\/schema\/person\/efe592ae4c76536b551f89d8b6674bc3"},"description":"\"Dopo le riforme della scuola, del lavoro, delle pensioni, abbiamo visto a cosa servono le riforme\"","breadcrumb":{"@id":"https:\/\/staging.varesenews.it\/2016\/11\/sel-gallarate-in-piazza-per-il-no-al-referendum\/569951\/#breadcrumb"},"inLanguage":"it-IT","potentialAction":[{"@type":"ReadAction","target":["https:\/\/staging.varesenews.it\/2016\/11\/sel-gallarate-in-piazza-per-il-no-al-referendum\/569951\/"]}]},{"@type":"BreadcrumbList","@id":"https:\/\/staging.varesenews.it\/2016\/11\/sel-gallarate-in-piazza-per-il-no-al-referendum\/569951\/#breadcrumb","itemListElement":[{"@type":"ListItem","position":1,"name":"Home","item":"https:\/\/www.varesenews.it\/"},{"@type":"ListItem","position":2,"name":"SEL Gallarate in piazza per il No al referendum"}]},{"@type":"WebSite","@id":"https:\/\/staging.varesenews.it\/#website","url":"https:\/\/staging.varesenews.it\/","name":"VareseNews","description":"","potentialAction":[{"@type":"SearchAction","target":{"@type":"EntryPoint","urlTemplate":"https:\/\/staging.varesenews.it\/?s={search_term_string}"},"query-input":"required name=search_term_string"}],"inLanguage":"it-IT"},{"@type":"Person","@id":"https:\/\/staging.varesenews.it\/#\/schema\/person\/efe592ae4c76536b551f89d8b6674bc3","name":"Roberto Morandi","image":{"@type":"ImageObject","inLanguage":"it-IT","@id":"https:\/\/staging.varesenews.it\/#\/schema\/person\/image\/","url":"https:\/\/staging.varesenews.it\/wp-content\/uploads\/2020\/12\/roberto_morandi_colori_500.jpg","contentUrl":"https:\/\/staging.varesenews.it\/wp-content\/uploads\/2020\/12\/roberto_morandi_colori_500.jpg","caption":"Roberto Morandi"},"description":"Classe 1980, laureato in storia, mi occupo dell&rsquo;area di Gallarate e di Malpensa, di trasporti e mobilit&agrave;. Amo molto la dimensione della citt&agrave;, come luogo d&rsquo;incontro di persone diverse e come organismo che si trasforma costantemente. Mi piace anche raccontare le piccole e grandi vicende, anche locali, che compongono la Storia con la S maiuscola. Appassionato di bicicletta: la macchina perfetta per muoversi in citt&agrave; e per viaggiare.","sameAs":["https:\/\/twitter.com\/ilmorands"],"url":"https:\/\/staging.varesenews.it\/persona\/roberto-morandi1\/"}]}},"post_meta":{"_edit_lock":"1479396557:46","_edit_last":"46","_category_permalink":"3","ratings_users":"0","ratings_score":"0","ratings_average":"0","wdfb_og_title":"","wdfb_og_type":"","wdfb_og_description":"","wdfb_og_images":"a:1:{i:0;s:0:\"\";}","wdfb_og_custom_name":"a:1:{i:0;s:0:\"\";}","wdfb_og_custom_value":"a:1:{i:0;s:0:\"\";}","foto":"563224","firma_come_redazione":"1","argomento":"Gallarate","_jd_twitter":"","_jd_tweet_this":"yes","_wpt_short_url":"http:\/\/www.varesenews.it\/2016\/11\/sel-gallarate-in-piazza-per-il-no-al-referendum\/569951\/","_wp_jd_target":"http:\/\/www.varesenews.it\/2016\/11\/sel-gallarate-in-piazza-per-il-no-al-referendum\/569951\/","_jd_wp_twitter":"a:1:{i:0;s:162:\"SEL Gallarate in piazza per il No al referendum http:\/\/www.varesenews.it\/2016\/11\/sel-gallarate-in-piazza-per-il-no-al-referendum\/569951\/ #gallarate #iovotono #sel\";}","_wpt_status_message":"Tweet inviato con successo."},"photos":[{"original":"https:\/\/staging.varesenews.it\/photogallery_new\/images\/2016\/09\/referendum-costituzionale-563224.jpg","full":"https:\/\/staging.varesenews.it\/photogallery_new\/images\/2016\/09\/referendum-costituzionale-563224.1024x768.jpg","large":"https:\/\/staging.varesenews.it\/photogallery_new\/images\/2016\/09\/referendum-costituzionale-563224.610x431.jpg"}],"_links":{"self":[{"href":"https:\/\/staging.varesenews.it\/swgapi\/v1\/wp\/v2\/posts\/569951"}],"collection":[{"href":"https:\/\/staging.varesenews.it\/swgapi\/v1\/wp\/v2\/posts"}],"about":[{"href":"https:\/\/staging.varesenews.it\/swgapi\/v1\/wp\/v2\/types\/post"}],"author":[{"embeddable":true,"href":"https:\/\/staging.varesenews.it\/swgapi\/v1\/wp\/v2\/users\/46"}],"replies":[{"embeddable":true,"href":"https:\/\/staging.varesenews.it\/swgapi\/v1\/wp\/v2\/comments?post=569951"}],"version-history":[{"count":0,"href":"https:\/\/staging.varesenews.it\/swgapi\/v1\/wp\/v2\/posts\/569951\/revisions"}],"wp:attachment":[{"href":"https:\/\/staging.varesenews.it\/swgapi\/v1\/wp\/v2\/media?parent=569951"}],"wp:term":[{"taxonomy":"category","embeddable":true,"href":"https:\/\/staging.varesenews.it\/swgapi\/v1\/wp\/v2\/categories?post=569951"},{"taxonomy":"post_tag","embeddable":true,"href":"https:\/\/staging.varesenews.it\/swgapi\/v1\/wp\/v2\/tags?post=569951"}],"curies":[{"name":"wp","href":"https:\/\/api.w.org\/{rel}","templated":true}]}}