{"id":570041,"date":"2016-11-18T09:14:12","date_gmt":"2016-11-18T08:14:12","guid":{"rendered":"http:\/\/www.varesenews.it\/?p=570041"},"modified":"2016-11-18T11:19:51","modified_gmt":"2016-11-18T10:19:51","slug":"glocalcibo-il-giorno-di-oldani","status":"publish","type":"post","link":"https:\/\/staging.varesenews.it\/2016\/11\/glocalcibo-il-giorno-di-oldani\/570041\/","title":{"rendered":"Glocalcibo, il giorno di Oldani"},"content":{"rendered":"<p>&nbsp;<\/p>\n<p>Uno dei pi\u00f9 noti chef italiani, che ha appena visto confermata la stella Michelin al suo ristorante D&#8217;O, sar\u00e0 oggi a GlocalNews: ad aprire la sezione<a href=\"http:\/\/www.festivalglocal.it\/tipo-incontro\/glocal-cibo-2\/\" target=\"_blank\"><strong> GlocalCibo<\/strong><\/a>,\u00a0\u00a0sar\u00e0 infatti <a href=\"http:\/\/www.festivalglocal.it\/2016\/10\/28\/lo-chef-davide-oldani-a-glocalnews\/\" target=\"_blank\"><strong>Davide Oldani<\/strong><\/a>.<\/p>\n<p>Oldani, inventore della &#8220;Cucina Pop&#8221; si confronter\u00e0 con delle scuole di cucina, per dibattere su come si insegna Cucina in Italia: un argomento che diventa sempre pi\u00f9 cruciale, vista la sempre pi\u00f9 grande importanza che questo settore sta prendendo.<\/p>\n<p>Lo chef stellato, che abbiamo visto anche in tiv\u00f9 in programmi come Top Chef, parler\u00e0 a ragion veduta:\u00a0, \u00e8 anche un formatore sul campo di giovani studenti\u00a0nel suo &#8220;D&#8217;O&#8221; il ristorante di San Pietro all&#8217;Olmo, Cornaredo, da cui \u00e8 partita nel 2003 tutta la strabiliante carriera di imprenditore, nata per\u00f2 nelle cucine dei pi\u00f9 grandi cuochi del mondo, da <strong>Gualtiero Marchesi<\/strong> ad Albert Roux, da <strong>Alain Ducasse<\/strong> a Pierre Herm\u00e9.<\/p>\n<p>L&#8217;appuntamento \u00e8 per <strong>venerd\u00ec 18 novembre (oggi)<\/strong>\u00a0nel <strong>salone Estense<\/strong>, in via Sacco, <strong>dalle 14 alle 15.30<\/strong>, in un <strong>panel aperto a tutti<\/strong>. \u00a0Oldani si confronter\u00e0 sul modello di studio con altri professionisti della formazione, per capire come le scuole creino giovani cuochi: insieme a lui, nella tavola rotonda coordinata da <strong>Anna Prandoni<\/strong>, ci saranno <strong>Enrico Dandolo<\/strong>, CEO del Gruppo Gualtiero Marchesi; <strong>Fabio Zago<\/strong>, chef e autore di testi scolastici;\u00a0<strong>Paolo Zuffinetti<\/strong>, di ENAIP; <strong>Federico Lorefice<\/strong>, Direttore del Congusto Gourmet institute;\u00a0<strong>Laura Taccone<\/strong>, Istituto Falcone.<\/p>\n<p>A margine del convegno sar\u00e0 possibile anche acquistare (e farsi firmare&#8230;.) il suo ultimo libro.<\/p>\n","protected":false},"excerpt":{"rendered":"<p>L&#8217;appuntamento \u00e8 al salone Estense dalle 14 alle 15.30<\/p>\n","protected":false},"author":48,"featured_media":0,"comment_status":"open","ping_status":"open","sticky":false,"template":"","format":"standard","meta":{"footnotes":""},"categories":[26,21,2],"tags":[65187,54892,12546],"acf":[],"yoast_head":"<!-- This site is optimized with the Yoast SEO plugin v20.1 - https:\/\/yoast.com\/wordpress\/plugins\/seo\/ -->\n<title>Glocalcibo, il giorno di Oldani<\/title>\n<meta name=\"description\" content=\"Davide Oldani il re della cucina Pop, parler\u00e0 di scuola e cucina il 18 novembre prossimo, nell&#039;ambito di Festival Glocal\" \/>\n<meta name=\"robots\" content=\"noindex, follow, max-snippet:-1, max-image-preview:large, max-video-preview:-1\" \/>\n<meta property=\"og:locale\" content=\"it_IT\" \/>\n<meta property=\"og:type\" content=\"article\" \/>\n<meta property=\"og:title\" content=\"Glocalcibo, il giorno di Oldani\" \/>\n<meta property=\"og:description\" content=\"Davide Oldani il re della cucina Pop, parler\u00e0 di scuola e cucina il 18 novembre prossimo, nell&#039;ambito di Festival Glocal\" \/>\n<meta property=\"og:url\" content=\"https:\/\/staging.varesenews.it\/2016\/11\/glocalcibo-il-giorno-di-oldani\/570041\/\" \/>\n<meta property=\"og:site_name\" content=\"VareseNews\" \/>\n<meta property=\"article:publisher\" content=\"https:\/\/www.facebook.com\/varesenews\" \/>\n<meta property=\"article:author\" content=\"https:\/\/www.facebook.com\/stefaniaradman\" \/>\n<meta property=\"article:published_time\" content=\"2016-11-18T08:14:12+00:00\" \/>\n<meta property=\"article:modified_time\" content=\"2016-11-18T10:19:51+00:00\" \/>\n<meta name=\"author\" content=\"Stefania Radman\" \/>\n<meta name=\"twitter:card\" content=\"summary_large_image\" \/>\n<meta name=\"twitter:creator\" content=\"@LaRadman\" \/>\n<meta name=\"twitter:site\" content=\"@varesenews\" \/>\n<meta name=\"twitter:label1\" content=\"Scritto da\" \/>\n\t<meta name=\"twitter:data1\" content=\"Stefania Radman\" \/>\n\t<meta name=\"twitter:label2\" content=\"Tempo di lettura stimato\" \/>\n\t<meta name=\"twitter:data2\" content=\"1 minuto\" \/>\n<script type=\"application\/ld+json\" class=\"yoast-schema-graph\">{\"@context\":\"https:\/\/schema.org\",\"@graph\":[{\"@type\":\"WebPage\",\"@id\":\"https:\/\/staging.varesenews.it\/2016\/11\/glocalcibo-il-giorno-di-oldani\/570041\/\",\"url\":\"https:\/\/staging.varesenews.it\/2016\/11\/glocalcibo-il-giorno-di-oldani\/570041\/\",\"name\":\"Glocalcibo, il giorno di Oldani\",\"isPartOf\":{\"@id\":\"https:\/\/staging.varesenews.it\/#website\"},\"datePublished\":\"2016-11-18T08:14:12+00:00\",\"dateModified\":\"2016-11-18T10:19:51+00:00\",\"author\":{\"@id\":\"https:\/\/staging.varesenews.it\/#\/schema\/person\/995d2e6a31c67237a9a1bc1f0079f3aa\"},\"description\":\"Davide Oldani il re della cucina Pop, parler\u00e0 di scuola e cucina il 18 novembre prossimo, nell'ambito di Festival Glocal\",\"breadcrumb\":{\"@id\":\"https:\/\/staging.varesenews.it\/2016\/11\/glocalcibo-il-giorno-di-oldani\/570041\/#breadcrumb\"},\"inLanguage\":\"it-IT\",\"potentialAction\":[{\"@type\":\"ReadAction\",\"target\":[\"https:\/\/staging.varesenews.it\/2016\/11\/glocalcibo-il-giorno-di-oldani\/570041\/\"]}]},{\"@type\":\"BreadcrumbList\",\"@id\":\"https:\/\/staging.varesenews.it\/2016\/11\/glocalcibo-il-giorno-di-oldani\/570041\/#breadcrumb\",\"itemListElement\":[{\"@type\":\"ListItem\",\"position\":1,\"name\":\"Home\",\"item\":\"https:\/\/www.varesenews.it\/\"},{\"@type\":\"ListItem\",\"position\":2,\"name\":\"Glocalcibo, il giorno di Oldani\"}]},{\"@type\":\"WebSite\",\"@id\":\"https:\/\/staging.varesenews.it\/#website\",\"url\":\"https:\/\/staging.varesenews.it\/\",\"name\":\"VareseNews\",\"description\":\"\",\"potentialAction\":[{\"@type\":\"SearchAction\",\"target\":{\"@type\":\"EntryPoint\",\"urlTemplate\":\"https:\/\/staging.varesenews.it\/?s={search_term_string}\"},\"query-input\":\"required name=search_term_string\"}],\"inLanguage\":\"it-IT\"},{\"@type\":\"Person\",\"@id\":\"https:\/\/staging.varesenews.it\/#\/schema\/person\/995d2e6a31c67237a9a1bc1f0079f3aa\",\"name\":\"Stefania Radman\",\"image\":{\"@type\":\"ImageObject\",\"inLanguage\":\"it-IT\",\"@id\":\"https:\/\/staging.varesenews.it\/#\/schema\/person\/image\/\",\"url\":\"https:\/\/staging.varesenews.it\/wp-content\/uploads\/2020\/12\/stefania_radman_colori_500.jpg\",\"contentUrl\":\"https:\/\/staging.varesenews.it\/wp-content\/uploads\/2020\/12\/stefania_radman_colori_500.jpg\",\"caption\":\"Stefania Radman\"},\"description\":\"Varesina dal 1991, lavoro dal 2000 per Varesenews.it, prima come responsabile della pagina dell&rsquo;economia, poi della pagina life, ora della citt&agrave; di Varese.Ma sono (e sono stata) anche altro: per esempio, agli albori delle radio private ero dj in una radio milanese, Onda Radio. Da 20 anni sono corrispondente da Varese di Radio Popolare e ho collaborato con Espresso, Repubblica, Diario della Settimana, Italia Oggi. &ldquo;Smanettona&rdquo; da sempre, ho aperto il mio primo sito personale con Geocities nei primi anni novanta (chi se lo ricorda?) e i miei primi blog in Splinder all&rsquo;inizio del 2000. Ora sono sui social: qui quasi sempre sono semplicemente \\\"LaRadman&rdquo;.\",\"sameAs\":[\"http:\/\/laradman.blogspot.it\",\"https:\/\/www.facebook.com\/stefaniaradman\",\"@LaRadman\",\"https:\/\/www.linkedin.com\/in\/stefaniaradman\",\"https:\/\/twitter.com\/LaRadman\"],\"url\":\"https:\/\/staging.varesenews.it\/persona\/stefania-radman1\/\"}]}<\/script>\n<!-- \/ Yoast SEO plugin. -->","yoast_head_json":{"title":"Glocalcibo, il giorno di Oldani","description":"Davide Oldani il re della cucina Pop, parler\u00e0 di scuola e cucina il 18 novembre prossimo, nell'ambito di Festival Glocal","robots":{"index":"noindex","follow":"follow","max-snippet":"max-snippet:-1","max-image-preview":"max-image-preview:large","max-video-preview":"max-video-preview:-1"},"og_locale":"it_IT","og_type":"article","og_title":"Glocalcibo, il giorno di Oldani","og_description":"Davide Oldani il re della cucina Pop, parler\u00e0 di scuola e cucina il 18 novembre prossimo, nell'ambito di Festival Glocal","og_url":"https:\/\/staging.varesenews.it\/2016\/11\/glocalcibo-il-giorno-di-oldani\/570041\/","og_site_name":"VareseNews","article_publisher":"https:\/\/www.facebook.com\/varesenews","article_author":"https:\/\/www.facebook.com\/stefaniaradman","article_published_time":"2016-11-18T08:14:12+00:00","article_modified_time":"2016-11-18T10:19:51+00:00","author":"Stefania Radman","twitter_card":"summary_large_image","twitter_creator":"@LaRadman","twitter_site":"@varesenews","twitter_misc":{"Scritto da":"Stefania Radman","Tempo di lettura stimato":"1 minuto"},"schema":{"@context":"https:\/\/schema.org","@graph":[{"@type":"WebPage","@id":"https:\/\/staging.varesenews.it\/2016\/11\/glocalcibo-il-giorno-di-oldani\/570041\/","url":"https:\/\/staging.varesenews.it\/2016\/11\/glocalcibo-il-giorno-di-oldani\/570041\/","name":"Glocalcibo, il giorno di Oldani","isPartOf":{"@id":"https:\/\/staging.varesenews.it\/#website"},"datePublished":"2016-11-18T08:14:12+00:00","dateModified":"2016-11-18T10:19:51+00:00","author":{"@id":"https:\/\/staging.varesenews.it\/#\/schema\/person\/995d2e6a31c67237a9a1bc1f0079f3aa"},"description":"Davide Oldani il re della cucina Pop, parler\u00e0 di scuola e cucina il 18 novembre prossimo, nell'ambito di Festival Glocal","breadcrumb":{"@id":"https:\/\/staging.varesenews.it\/2016\/11\/glocalcibo-il-giorno-di-oldani\/570041\/#breadcrumb"},"inLanguage":"it-IT","potentialAction":[{"@type":"ReadAction","target":["https:\/\/staging.varesenews.it\/2016\/11\/glocalcibo-il-giorno-di-oldani\/570041\/"]}]},{"@type":"BreadcrumbList","@id":"https:\/\/staging.varesenews.it\/2016\/11\/glocalcibo-il-giorno-di-oldani\/570041\/#breadcrumb","itemListElement":[{"@type":"ListItem","position":1,"name":"Home","item":"https:\/\/www.varesenews.it\/"},{"@type":"ListItem","position":2,"name":"Glocalcibo, il giorno di Oldani"}]},{"@type":"WebSite","@id":"https:\/\/staging.varesenews.it\/#website","url":"https:\/\/staging.varesenews.it\/","name":"VareseNews","description":"","potentialAction":[{"@type":"SearchAction","target":{"@type":"EntryPoint","urlTemplate":"https:\/\/staging.varesenews.it\/?s={search_term_string}"},"query-input":"required name=search_term_string"}],"inLanguage":"it-IT"},{"@type":"Person","@id":"https:\/\/staging.varesenews.it\/#\/schema\/person\/995d2e6a31c67237a9a1bc1f0079f3aa","name":"Stefania Radman","image":{"@type":"ImageObject","inLanguage":"it-IT","@id":"https:\/\/staging.varesenews.it\/#\/schema\/person\/image\/","url":"https:\/\/staging.varesenews.it\/wp-content\/uploads\/2020\/12\/stefania_radman_colori_500.jpg","contentUrl":"https:\/\/staging.varesenews.it\/wp-content\/uploads\/2020\/12\/stefania_radman_colori_500.jpg","caption":"Stefania Radman"},"description":"Varesina dal 1991, lavoro dal 2000 per Varesenews.it, prima come responsabile della pagina dell&rsquo;economia, poi della pagina life, ora della citt&agrave; di Varese.Ma sono (e sono stata) anche altro: per esempio, agli albori delle radio private ero dj in una radio milanese, Onda Radio. Da 20 anni sono corrispondente da Varese di Radio Popolare e ho collaborato con Espresso, Repubblica, Diario della Settimana, Italia Oggi. &ldquo;Smanettona&rdquo; da sempre, ho aperto il mio primo sito personale con Geocities nei primi anni novanta (chi se lo ricorda?) e i miei primi blog in Splinder all&rsquo;inizio del 2000. Ora sono sui social: qui quasi sempre sono semplicemente \"LaRadman&rdquo;.","sameAs":["http:\/\/laradman.blogspot.it","https:\/\/www.facebook.com\/stefaniaradman","@LaRadman","https:\/\/www.linkedin.com\/in\/stefaniaradman","https:\/\/twitter.com\/LaRadman"],"url":"https:\/\/staging.varesenews.it\/persona\/stefania-radman1\/"}]}},"post_meta":{"_edit_lock":"1479464797:48","_edit_last":"48","_category_permalink":"","wdfb_og_title":"","wdfb_og_type":"","wdfb_og_description":"","wdfb_og_images":"a:1:{i:0;s:0:\"\";}","wdfb_og_custom_name":"a:1:{i:0;s:0:\"\";}","wdfb_og_custom_value":"a:1:{i:0;s:0:\"\";}","_jd_twitter":"","_jd_tweet_this":"yes","argomento":"Varese","foto":"578200","_yoast_wpseo_focuskw":"oldani","_yoast_wpseo_metadesc":"Davide Oldani il re della cucina Pop, parler\u00e0 di scuola e cucina il 18 novembre prossimo, nell'ambito di Festival Glocal","_yoast_wpseo_linkdex":"83","ratings_users":"0","ratings_score":"0","ratings_average":"0","_wpt_short_url":"http:\/\/www.varesenews.it\/2016\/11\/in-cattedra-al-salone-estense-il-re-della-cucina-pop\/567534\/","_wp_jd_target":"http:\/\/www.varesenews.it\/2016\/11\/in-cattedra-al-salone-estense-il-re-della-cucina-pop\/567534\/","_jd_wp_twitter":"a:2:{i:0;s:170:\"In cattedra al salone Estense il re della \"Cucina Pop\" http:\/\/www.varesenews.it\/2016\/11\/in-cattedra-al-salone-estense-il-re-della-cucina-pop\/567534\/ #glocal16 #glocalcibo\";i:1;s:159:\"Glocalcibo, il giorno di Oldani http:\/\/www.varesenews.it\/2016\/11\/in-cattedra-al-salone-estense-il-re-della-cucina-pop\/567534\/ #glocal16 #glocalcibo #glocalnews\";}","_wpt_status_message":"Tweet inviato con successo.","_dp_original":"567534","id_leggi_anche":"567534"},"photos":[{"original":"https:\/\/staging.varesenews.it\/photogallery_new\/images\/2016\/11\/avarie-578200.jpg","full":"https:\/\/staging.varesenews.it\/photogallery_new\/images\/2016\/11\/avarie-578200.1024x768.jpg","large":"https:\/\/staging.varesenews.it\/photogallery_new\/images\/2016\/11\/avarie-578200.610x431.jpg"}],"_links":{"self":[{"href":"https:\/\/staging.varesenews.it\/swgapi\/v1\/wp\/v2\/posts\/570041"}],"collection":[{"href":"https:\/\/staging.varesenews.it\/swgapi\/v1\/wp\/v2\/posts"}],"about":[{"href":"https:\/\/staging.varesenews.it\/swgapi\/v1\/wp\/v2\/types\/post"}],"author":[{"embeddable":true,"href":"https:\/\/staging.varesenews.it\/swgapi\/v1\/wp\/v2\/users\/48"}],"replies":[{"embeddable":true,"href":"https:\/\/staging.varesenews.it\/swgapi\/v1\/wp\/v2\/comments?post=570041"}],"version-history":[{"count":0,"href":"https:\/\/staging.varesenews.it\/swgapi\/v1\/wp\/v2\/posts\/570041\/revisions"}],"wp:attachment":[{"href":"https:\/\/staging.varesenews.it\/swgapi\/v1\/wp\/v2\/media?parent=570041"}],"wp:term":[{"taxonomy":"category","embeddable":true,"href":"https:\/\/staging.varesenews.it\/swgapi\/v1\/wp\/v2\/categories?post=570041"},{"taxonomy":"post_tag","embeddable":true,"href":"https:\/\/staging.varesenews.it\/swgapi\/v1\/wp\/v2\/tags?post=570041"}],"curies":[{"name":"wp","href":"https:\/\/api.w.org\/{rel}","templated":true}]}}