{"id":572198,"date":"2016-11-25T17:29:38","date_gmt":"2016-11-25T16:29:38","guid":{"rendered":"http:\/\/www.varesenews.it\/?p=572198"},"modified":"2016-11-25T17:29:38","modified_gmt":"2016-11-25T16:29:38","slug":"patto-per-la-lombardia-buone-notizie-per-varese","status":"publish","type":"post","link":"https:\/\/staging.varesenews.it\/2016\/11\/patto-per-la-lombardia-buone-notizie-per-varese\/572198\/","title":{"rendered":"Patto per la Lombardia, buone notizie per Varese"},"content":{"rendered":"<p>\u00abTorno a Varese con delle buone notizie per il nostro territorio\u00bb. Cos\u00ec il sindaco Davide Galimberti al rientro da Milano dove questo pomeriggio \u00e8 stato firmato il Patto per la Lombardia tra il Presidente del Consiglio Matteo Renzi e il Presidente Roberto Maroni.<\/p>\n<p>\u00abGrazie ai quasi 11 miliardi di euro decisi oggi all\u2019interno del Patto si conferma la grande attenzione che il Governo ripone per la Lombardia. Ringrazio il presidente Maroni per il lavoro svolto in sinergia con la Presidenza del Consiglio e auspico che ci si possa presto coordinare con il presidente Maroni e il Governo per fare in modo che parte dei fondi che in questo momento sono ancora privi di specifica destinazione possano essere impiegati in particolare per risolvere il problema dell\u2019accesso a Varese dall\u2019autostrada. E\u2019 stato confermato infatti anche un fondo di circa 80 milioni di euro per le infrastrutture e proprio in questi mesi i nostri professionisti interni agli uffici comunali stanno lavorando per elaborare una proposta progettuale che presenteremo alla citt\u00e0 verso aprile del 2017, cos\u00ec da farci trovare pronti con delle soluzioni in caso di investimenti in favore della citt\u00e0\u00bb.<\/p>\n<p>\u00abTra le opere che interesseranno il nostro territorio, inserite nel patto siglato questo pomeriggio, ci sono anche i fondi stanziati per il completamento della Pedemontana e quelli per la realizzazione della tratta ferroviaria Gallarate Malpensa che finalmente collegher\u00e0 il nostro aeroporto con Varese in maniera efficiente e rapida &#8211; prosegue Galimberti -. Queste opere avranno sicuramente ricadute positive per la nostra citt\u00e0, per le nostre aziende e per i cittadini. E\u2019 poi un\u2019ottima notizia il fatto che si proseguir\u00e0 con il progetto Human Tecnopole che si insedier\u00e0 nel sito del post Expo. A confermare la volont\u00e0 del Governo e della Regione di proseguire ci sono i quasi 400 milioni destinati al Campus della Universit\u00e0\u00a0 Statale di Milano.\u00a0 Noi stiamo lavorando da alcuni mesi con le associazioni di categoria e le universit\u00e0 per realizzare un progetto territoriale di sviluppo teso a rendere anche Varese protagonista di un\u2019occasione che non possiamo farci sfuggire come quella che si realizzer\u00e0 nell\u2019area dell\u2019Expo. Il finanziamento dimostra che il progetto del dopo Expo sar\u00e0 presto una realt\u00e0 e quindi dobbiamo essere veloci nell\u2019elaborare una proposta che consenta alle nostre aziende ed eccellenze locali di trovare spazio all\u2019interno di questo grande progetto internazionale di ricerca e sviluppo\u00bb.<\/p>\n<p>\u00abSono molto soddisfatto inoltre, anche per il fondo di circa 400 milioni di euro dedicato alle abitazioni. Penso che potr\u00e0 essere l\u2019occasione giusta per dare il via alla riqualificare dei nostri quartieri Aler e a progetti di efficienza energetica. Bene anche la notizia di fondi che saranno destinati alla depurazione dei laghi lombardi, anche in questo senso il lago di Varese potrebbe beneficiarne\u00bb.<\/p>\n","protected":false},"excerpt":{"rendered":"<p>Il sindaco Davide Galimberti al rientro da Milano dove questo pomeriggio dove \u00e8 stato firmato il Patto per la Lombardia tra il Presidente del Consiglio Matteo Renzi e il Presidente Roberto Maroni<\/p>\n","protected":false},"author":39,"featured_media":0,"comment_status":"open","ping_status":"open","sticky":false,"template":"","format":"standard","meta":{"footnotes":""},"categories":[7,2],"tags":[261,221,3719,65934],"acf":[],"yoast_head":"<!-- This site is optimized with the Yoast SEO plugin v20.1 - https:\/\/yoast.com\/wordpress\/plugins\/seo\/ -->\n<title>Patto per la Lombardia, buone notizie per Varese<\/title>\n<meta name=\"description\" content=\"Il sindaco Davide Galimberti al rientro da Milano dove questo pomeriggio dove \u00e8 stato firmato il Patto per la Lombardia tra il Presidente del Consiglio Matteo Renzi e il Presidente Roberto Maroni\" \/>\n<meta name=\"robots\" content=\"noindex, follow, max-snippet:-1, max-image-preview:large, max-video-preview:-1\" \/>\n<meta property=\"og:locale\" content=\"it_IT\" \/>\n<meta property=\"og:type\" content=\"article\" \/>\n<meta property=\"og:title\" content=\"Patto per la Lombardia, buone notizie per Varese\" \/>\n<meta property=\"og:description\" content=\"Il sindaco Davide Galimberti al rientro da Milano dove questo pomeriggio dove \u00e8 stato firmato il Patto per la Lombardia tra il Presidente del Consiglio Matteo Renzi e il Presidente Roberto Maroni\" \/>\n<meta property=\"og:url\" content=\"https:\/\/staging.varesenews.it\/2016\/11\/patto-per-la-lombardia-buone-notizie-per-varese\/572198\/\" \/>\n<meta property=\"og:site_name\" content=\"VareseNews\" \/>\n<meta property=\"article:publisher\" content=\"https:\/\/www.facebook.com\/varesenews\" \/>\n<meta property=\"article:author\" content=\"https:\/\/www.facebook.com\/tommaso.guidotti.7\" \/>\n<meta property=\"article:published_time\" content=\"2016-11-25T16:29:38+00:00\" \/>\n<meta name=\"author\" content=\"Tommaso Guidotti\" \/>\n<meta name=\"twitter:card\" content=\"summary_large_image\" \/>\n<meta name=\"twitter:creator\" content=\"@tomguidoz\" \/>\n<meta name=\"twitter:site\" content=\"@varesenews\" \/>\n<meta name=\"twitter:label1\" content=\"Scritto da\" \/>\n\t<meta name=\"twitter:data1\" content=\"Tommaso Guidotti\" \/>\n\t<meta name=\"twitter:label2\" content=\"Tempo di lettura stimato\" \/>\n\t<meta name=\"twitter:data2\" content=\"2 minuti\" \/>\n<script type=\"application\/ld+json\" class=\"yoast-schema-graph\">{\"@context\":\"https:\/\/schema.org\",\"@graph\":[{\"@type\":\"WebPage\",\"@id\":\"https:\/\/staging.varesenews.it\/2016\/11\/patto-per-la-lombardia-buone-notizie-per-varese\/572198\/\",\"url\":\"https:\/\/staging.varesenews.it\/2016\/11\/patto-per-la-lombardia-buone-notizie-per-varese\/572198\/\",\"name\":\"Patto per la Lombardia, buone notizie per Varese\",\"isPartOf\":{\"@id\":\"https:\/\/staging.varesenews.it\/#website\"},\"datePublished\":\"2016-11-25T16:29:38+00:00\",\"dateModified\":\"2016-11-25T16:29:38+00:00\",\"author\":{\"@id\":\"https:\/\/staging.varesenews.it\/#\/schema\/person\/5ae9c65889c40fea73a6c40733b93f8a\"},\"description\":\"Il sindaco Davide Galimberti al rientro da Milano dove questo pomeriggio dove \u00e8 stato firmato il Patto per la Lombardia tra il Presidente del Consiglio Matteo Renzi e il Presidente Roberto Maroni\",\"breadcrumb\":{\"@id\":\"https:\/\/staging.varesenews.it\/2016\/11\/patto-per-la-lombardia-buone-notizie-per-varese\/572198\/#breadcrumb\"},\"inLanguage\":\"it-IT\",\"potentialAction\":[{\"@type\":\"ReadAction\",\"target\":[\"https:\/\/staging.varesenews.it\/2016\/11\/patto-per-la-lombardia-buone-notizie-per-varese\/572198\/\"]}]},{\"@type\":\"BreadcrumbList\",\"@id\":\"https:\/\/staging.varesenews.it\/2016\/11\/patto-per-la-lombardia-buone-notizie-per-varese\/572198\/#breadcrumb\",\"itemListElement\":[{\"@type\":\"ListItem\",\"position\":1,\"name\":\"Home\",\"item\":\"https:\/\/www.varesenews.it\/\"},{\"@type\":\"ListItem\",\"position\":2,\"name\":\"Patto per la Lombardia, buone notizie per Varese\"}]},{\"@type\":\"WebSite\",\"@id\":\"https:\/\/staging.varesenews.it\/#website\",\"url\":\"https:\/\/staging.varesenews.it\/\",\"name\":\"VareseNews\",\"description\":\"\",\"potentialAction\":[{\"@type\":\"SearchAction\",\"target\":{\"@type\":\"EntryPoint\",\"urlTemplate\":\"https:\/\/staging.varesenews.it\/?s={search_term_string}\"},\"query-input\":\"required name=search_term_string\"}],\"inLanguage\":\"it-IT\"},{\"@type\":\"Person\",\"@id\":\"https:\/\/staging.varesenews.it\/#\/schema\/person\/5ae9c65889c40fea73a6c40733b93f8a\",\"name\":\"Tommaso Guidotti\",\"image\":{\"@type\":\"ImageObject\",\"inLanguage\":\"it-IT\",\"@id\":\"https:\/\/staging.varesenews.it\/#\/schema\/person\/image\/\",\"url\":\"https:\/\/staging.varesenews.it\/wp-content\/uploads\/2020\/12\/tommaso_guidotti_colori_500.jpg\",\"contentUrl\":\"https:\/\/staging.varesenews.it\/wp-content\/uploads\/2020\/12\/tommaso_guidotti_colori_500.jpg\",\"caption\":\"Tommaso Guidotti\"},\"description\":\"Nato a Milano e trasferito nel Varesotto in tenera et&agrave;, sposato con Chiara dal 2012 e padre di due figli, Lorenzo e Alice. Sono laureato in Scienze Politiche e ho nel mio bagaglio lontani studi classici al Liceo Cairoli di Varese. Amo leggere, le serie tv, i viaggi e mi piace sperimentare e conoscere. La passione pi&ugrave; grande? Il calcio, giocato, simulato e guardato: occupo parte del mio tempo libero con quella che &egrave; pi&ugrave; di una squadra di calcio, i Bidone, una vera e propria seconda famiglia con cui ho portato avanti tanti progetti sportivi e benefici. Faccio parte dal 2004 della squadra di VareseNews e sono giornalista professionista dal 2009: per dieci anni ho ricoperto il ruolo di caporedattore. Dal 2019 coordino insieme ad una redazione di giovani collaboratori il nuovo progetto del gruppo nella zona del Saronnese, il giornale SaronnoNews, spin-off di VareseNews, restando comunque radicato al territorio di Casciago, paese che mi ha adottato e che amo moltissimo come il lago di Varese e Cazzago Brabbia, il paese dove ho vissuto da giovane.\",\"sameAs\":[\"https:\/\/www.facebook.com\/tommaso.guidotti.7\",\"tomguidoz80\",\"https:\/\/www.linkedin.com\/profile\/view?id=36891883&authType=name&authToken=9pNm&locale=en_US&goback=npv_36891883_*1_*1_name_9pNm_*1_*1_*1_*1_*1_*1_*1_*1_*1_*1_*1_*1_*1_*1_*1_*1_*1_*1_*1_*1_*1_*1_*1_*1_*1_*1_*1_*1_*1_*1_*1_*1_*1\",\"https:\/\/twitter.com\/tomguidoz\"],\"url\":\"https:\/\/staging.varesenews.it\/persona\/tommaso_guidotti\/\"}]}<\/script>\n<!-- \/ Yoast SEO plugin. -->","yoast_head_json":{"title":"Patto per la Lombardia, buone notizie per Varese","description":"Il sindaco Davide Galimberti al rientro da Milano dove questo pomeriggio dove \u00e8 stato firmato il Patto per la Lombardia tra il Presidente del Consiglio Matteo Renzi e il Presidente Roberto Maroni","robots":{"index":"noindex","follow":"follow","max-snippet":"max-snippet:-1","max-image-preview":"max-image-preview:large","max-video-preview":"max-video-preview:-1"},"og_locale":"it_IT","og_type":"article","og_title":"Patto per la Lombardia, buone notizie per Varese","og_description":"Il sindaco Davide Galimberti al rientro da Milano dove questo pomeriggio dove \u00e8 stato firmato il Patto per la Lombardia tra il Presidente del Consiglio Matteo Renzi e il Presidente Roberto Maroni","og_url":"https:\/\/staging.varesenews.it\/2016\/11\/patto-per-la-lombardia-buone-notizie-per-varese\/572198\/","og_site_name":"VareseNews","article_publisher":"https:\/\/www.facebook.com\/varesenews","article_author":"https:\/\/www.facebook.com\/tommaso.guidotti.7","article_published_time":"2016-11-25T16:29:38+00:00","author":"Tommaso Guidotti","twitter_card":"summary_large_image","twitter_creator":"@tomguidoz","twitter_site":"@varesenews","twitter_misc":{"Scritto da":"Tommaso Guidotti","Tempo di lettura stimato":"2 minuti"},"schema":{"@context":"https:\/\/schema.org","@graph":[{"@type":"WebPage","@id":"https:\/\/staging.varesenews.it\/2016\/11\/patto-per-la-lombardia-buone-notizie-per-varese\/572198\/","url":"https:\/\/staging.varesenews.it\/2016\/11\/patto-per-la-lombardia-buone-notizie-per-varese\/572198\/","name":"Patto per la Lombardia, buone notizie per Varese","isPartOf":{"@id":"https:\/\/staging.varesenews.it\/#website"},"datePublished":"2016-11-25T16:29:38+00:00","dateModified":"2016-11-25T16:29:38+00:00","author":{"@id":"https:\/\/staging.varesenews.it\/#\/schema\/person\/5ae9c65889c40fea73a6c40733b93f8a"},"description":"Il sindaco Davide Galimberti al rientro da Milano dove questo pomeriggio dove \u00e8 stato firmato il Patto per la Lombardia tra il Presidente del Consiglio Matteo Renzi e il Presidente Roberto Maroni","breadcrumb":{"@id":"https:\/\/staging.varesenews.it\/2016\/11\/patto-per-la-lombardia-buone-notizie-per-varese\/572198\/#breadcrumb"},"inLanguage":"it-IT","potentialAction":[{"@type":"ReadAction","target":["https:\/\/staging.varesenews.it\/2016\/11\/patto-per-la-lombardia-buone-notizie-per-varese\/572198\/"]}]},{"@type":"BreadcrumbList","@id":"https:\/\/staging.varesenews.it\/2016\/11\/patto-per-la-lombardia-buone-notizie-per-varese\/572198\/#breadcrumb","itemListElement":[{"@type":"ListItem","position":1,"name":"Home","item":"https:\/\/www.varesenews.it\/"},{"@type":"ListItem","position":2,"name":"Patto per la Lombardia, buone notizie per Varese"}]},{"@type":"WebSite","@id":"https:\/\/staging.varesenews.it\/#website","url":"https:\/\/staging.varesenews.it\/","name":"VareseNews","description":"","potentialAction":[{"@type":"SearchAction","target":{"@type":"EntryPoint","urlTemplate":"https:\/\/staging.varesenews.it\/?s={search_term_string}"},"query-input":"required name=search_term_string"}],"inLanguage":"it-IT"},{"@type":"Person","@id":"https:\/\/staging.varesenews.it\/#\/schema\/person\/5ae9c65889c40fea73a6c40733b93f8a","name":"Tommaso Guidotti","image":{"@type":"ImageObject","inLanguage":"it-IT","@id":"https:\/\/staging.varesenews.it\/#\/schema\/person\/image\/","url":"https:\/\/staging.varesenews.it\/wp-content\/uploads\/2020\/12\/tommaso_guidotti_colori_500.jpg","contentUrl":"https:\/\/staging.varesenews.it\/wp-content\/uploads\/2020\/12\/tommaso_guidotti_colori_500.jpg","caption":"Tommaso Guidotti"},"description":"Nato a Milano e trasferito nel Varesotto in tenera et&agrave;, sposato con Chiara dal 2012 e padre di due figli, Lorenzo e Alice. Sono laureato in Scienze Politiche e ho nel mio bagaglio lontani studi classici al Liceo Cairoli di Varese. Amo leggere, le serie tv, i viaggi e mi piace sperimentare e conoscere. La passione pi&ugrave; grande? Il calcio, giocato, simulato e guardato: occupo parte del mio tempo libero con quella che &egrave; pi&ugrave; di una squadra di calcio, i Bidone, una vera e propria seconda famiglia con cui ho portato avanti tanti progetti sportivi e benefici. Faccio parte dal 2004 della squadra di VareseNews e sono giornalista professionista dal 2009: per dieci anni ho ricoperto il ruolo di caporedattore. Dal 2019 coordino insieme ad una redazione di giovani collaboratori il nuovo progetto del gruppo nella zona del Saronnese, il giornale SaronnoNews, spin-off di VareseNews, restando comunque radicato al territorio di Casciago, paese che mi ha adottato e che amo moltissimo come il lago di Varese e Cazzago Brabbia, il paese dove ho vissuto da giovane.","sameAs":["https:\/\/www.facebook.com\/tommaso.guidotti.7","tomguidoz80","https:\/\/www.linkedin.com\/profile\/view?id=36891883&authType=name&authToken=9pNm&locale=en_US&goback=npv_36891883_*1_*1_name_9pNm_*1_*1_*1_*1_*1_*1_*1_*1_*1_*1_*1_*1_*1_*1_*1_*1_*1_*1_*1_*1_*1_*1_*1_*1_*1_*1_*1_*1_*1_*1_*1_*1_*1","https:\/\/twitter.com\/tomguidoz"],"url":"https:\/\/staging.varesenews.it\/persona\/tommaso_guidotti\/"}]}},"post_meta":{"_edit_lock":"1480093507:39","_edit_last":"39","ratings_users":"0","ratings_score":"0","ratings_average":"0","_category_permalink":"","wdfb_og_title":"","wdfb_og_type":"","wdfb_og_description":"","wdfb_og_images":"a:1:{i:0;s:0:\"\";}","wdfb_og_custom_name":"a:1:{i:0;s:0:\"\";}","wdfb_og_custom_value":"a:1:{i:0;s:0:\"\";}","foto":"550056","firma_come_redazione":"1","argomento":"Varese","_jd_twitter":"","_jd_tweet_this":"yes","_wpt_short_url":"http:\/\/www.varesenews.it\/2016\/11\/patto-per-la-lombardia-buone-notizie-per-varese\/572198\/","_wp_jd_target":"http:\/\/www.varesenews.it\/2016\/11\/patto-per-la-lombardia-buone-notizie-per-varese\/572198\/","_jd_wp_twitter":"a:1:{i:0;s:172:\"Patto per la Lombardia, buone notizie per Varese http:\/\/www.varesenews.it\/2016\/11\/patto-per-la-lombardia-buone-notizie-per-varese\/572198\/ #lavori #lombardia #operepubbliche\";}","_wpt_status_message":"Tweet inviato con successo.","id_leggi_anche":"631954"},"photos":[{"original":"https:\/\/staging.varesenews.it\/photogallery_new\/images\/2016\/07\/la-giunta-galimberti-550056.jpg","full":"https:\/\/staging.varesenews.it\/photogallery_new\/images\/2016\/07\/la-giunta-galimberti-550056.1024x768.jpg","large":"https:\/\/staging.varesenews.it\/photogallery_new\/images\/2016\/07\/la-giunta-galimberti-550056.610x431.jpg"}],"_links":{"self":[{"href":"https:\/\/staging.varesenews.it\/swgapi\/v1\/wp\/v2\/posts\/572198"}],"collection":[{"href":"https:\/\/staging.varesenews.it\/swgapi\/v1\/wp\/v2\/posts"}],"about":[{"href":"https:\/\/staging.varesenews.it\/swgapi\/v1\/wp\/v2\/types\/post"}],"author":[{"embeddable":true,"href":"https:\/\/staging.varesenews.it\/swgapi\/v1\/wp\/v2\/users\/39"}],"replies":[{"embeddable":true,"href":"https:\/\/staging.varesenews.it\/swgapi\/v1\/wp\/v2\/comments?post=572198"}],"version-history":[{"count":0,"href":"https:\/\/staging.varesenews.it\/swgapi\/v1\/wp\/v2\/posts\/572198\/revisions"}],"wp:attachment":[{"href":"https:\/\/staging.varesenews.it\/swgapi\/v1\/wp\/v2\/media?parent=572198"}],"wp:term":[{"taxonomy":"category","embeddable":true,"href":"https:\/\/staging.varesenews.it\/swgapi\/v1\/wp\/v2\/categories?post=572198"},{"taxonomy":"post_tag","embeddable":true,"href":"https:\/\/staging.varesenews.it\/swgapi\/v1\/wp\/v2\/tags?post=572198"}],"curies":[{"name":"wp","href":"https:\/\/api.w.org\/{rel}","templated":true}]}}