{"id":572739,"date":"2016-11-28T09:54:11","date_gmt":"2016-11-28T08:54:11","guid":{"rendered":"http:\/\/www.varesenews.it\/?p=572739"},"modified":"2016-11-28T09:54:11","modified_gmt":"2016-11-28T08:54:11","slug":"lex-sindaco-gioia-lascia-il-consiglio-comunale","status":"publish","type":"post","link":"https:\/\/staging.varesenews.it\/2016\/11\/lex-sindaco-gioia-lascia-il-consiglio-comunale\/572739\/","title":{"rendered":"L&#8217;ex sindaco Gioia lascia il consiglio comunale"},"content":{"rendered":"<p>&#8220;Con questa lettera <strong>ho rassegnato le mie dimissioni dal Consiglio Comunale<\/strong>. \u00c8 stata una decisione molto sofferta ma &#8230;. ineludibile. In questi 6 mesi sono camb<span class=\"text_exposed_show\">iate molte cose nella mia vita. Alcuni problemi di salute hanno contribuito inevitabilmente a riconsiderare i miei impegni e le mie priorit\u00e0. Ritengo pertanto di non riuscire pi\u00f9 ad assolvere il ruolo di consigliere con la dedizione e la passione che richiede. Ecco perch\u00e8 scelgo di ritirarmi&#8221;.\u00a0<\/span><\/p>\n<p><span class=\"text_exposed_show\">Con queste parole l&#8217;ex sindaco di Brebbia, Domenico Gioia, ha annunciato su Facebook il ritiro dal suo incarico in consiglio comunale e, almeno per il momento, dalla politica del Paese.<br \/>\n<\/span><\/p>\n<p>Di seguito la lettera indirizzata al sindaco di Brebbia, <strong>Alessandro Magni<\/strong>, ai consiglieri e al segretario con la quale comunica la decisione e spiega le ragioni alla base della sua scelta.<\/p>\n<p>&#8220;Lascio l&#8217;incarico &#8211; scrive l&#8217;ex sindaco &#8211; con<strong> la soddisfazione per tutto quanto sono riuscito a dare e fare in questi dieci anni<\/strong>&#8220;.<\/p>\n<p>&nbsp;<\/p>\n<p><a href=\"http:\/\/www.varesenews.it\/wp-content\/uploads\/2016\/11\/Lettera_gioia.jpg\"><img loading=\"lazy\" decoding=\"async\" class=\"alignnone size-full wp-image-572746\" src=\"http:\/\/www.varesenews.it\/wp-content\/uploads\/2016\/11\/Lettera_gioia.jpg\" alt=\"\" width=\"669\" height=\"960\" srcset=\"https:\/\/staging.varesenews.it\/wp-content\/uploads\/2016\/11\/Lettera_gioia.jpg 669w, https:\/\/staging.varesenews.it\/wp-content\/uploads\/2016\/11\/Lettera_gioia-209x300.jpg 209w\" sizes=\"(max-width: 669px) 100vw, 669px\" \/><\/a><\/p>\n","protected":false},"excerpt":{"rendered":"<p>&#8220;Alcuni problemi di salute hanno contribuito a riconsiderare i miei impegni. Ritengo pertanto di non riuscire pi\u00f9 ad assolvere questo ruolo con la dedizione e la passione che richiede&#8221;<\/p>\n","protected":false},"author":43,"featured_media":0,"comment_status":"open","ping_status":"open","sticky":false,"template":"","format":"standard","meta":{"footnotes":""},"categories":[16,2],"tags":[41303,1065,8265],"acf":[],"yoast_head":"<!-- This site is optimized with the Yoast SEO plugin v20.1 - https:\/\/yoast.com\/wordpress\/plugins\/seo\/ -->\n<title>L&#039;ex sindaco Gioia lascia il consiglio comunale<\/title>\n<meta name=\"description\" content=\"&quot;Alcuni problemi di salute hanno contribuito a riconsiderare i miei impegni. Ritengo pertanto di non riuscire pi\u00f9 ad assolvere questo ruolo con la dedizione e la passione che richiede&quot;\" \/>\n<meta name=\"robots\" content=\"noindex, follow, max-snippet:-1, max-image-preview:large, max-video-preview:-1\" \/>\n<meta property=\"og:locale\" content=\"it_IT\" \/>\n<meta property=\"og:type\" content=\"article\" \/>\n<meta property=\"og:title\" content=\"L&#039;ex sindaco Gioia lascia il consiglio comunale\" \/>\n<meta property=\"og:description\" content=\"&quot;Alcuni problemi di salute hanno contribuito a riconsiderare i miei impegni. Ritengo pertanto di non riuscire pi\u00f9 ad assolvere questo ruolo con la dedizione e la passione che richiede&quot;\" \/>\n<meta property=\"og:url\" content=\"https:\/\/staging.varesenews.it\/2016\/11\/lex-sindaco-gioia-lascia-il-consiglio-comunale\/572739\/\" \/>\n<meta property=\"og:site_name\" content=\"VareseNews\" \/>\n<meta property=\"article:publisher\" content=\"https:\/\/www.facebook.com\/varesenews\" \/>\n<meta property=\"article:author\" content=\"https:\/\/www.facebook.com\/mariacarla.cebrelli\" \/>\n<meta property=\"article:published_time\" content=\"2016-11-28T08:54:11+00:00\" \/>\n<meta property=\"og:image\" content=\"http:\/\/www.varesenews.it\/wp-content\/uploads\/2016\/11\/Lettera_gioia.jpg\" \/>\n<meta name=\"author\" content=\"Maria Carla Cebrelli\" \/>\n<meta name=\"twitter:card\" content=\"summary_large_image\" \/>\n<meta name=\"twitter:creator\" content=\"@pikapiketti\" \/>\n<meta name=\"twitter:site\" content=\"@varesenews\" \/>\n<meta name=\"twitter:label1\" content=\"Scritto da\" \/>\n\t<meta name=\"twitter:data1\" content=\"Maria Carla Cebrelli\" \/>\n\t<meta name=\"twitter:label2\" content=\"Tempo di lettura stimato\" \/>\n\t<meta name=\"twitter:data2\" content=\"1 minuto\" \/>\n<script type=\"application\/ld+json\" class=\"yoast-schema-graph\">{\"@context\":\"https:\/\/schema.org\",\"@graph\":[{\"@type\":\"WebPage\",\"@id\":\"https:\/\/staging.varesenews.it\/2016\/11\/lex-sindaco-gioia-lascia-il-consiglio-comunale\/572739\/\",\"url\":\"https:\/\/staging.varesenews.it\/2016\/11\/lex-sindaco-gioia-lascia-il-consiglio-comunale\/572739\/\",\"name\":\"L'ex sindaco Gioia lascia il consiglio comunale\",\"isPartOf\":{\"@id\":\"https:\/\/staging.varesenews.it\/#website\"},\"datePublished\":\"2016-11-28T08:54:11+00:00\",\"dateModified\":\"2016-11-28T08:54:11+00:00\",\"author\":{\"@id\":\"https:\/\/staging.varesenews.it\/#\/schema\/person\/5bf790e99d7ec50061119cc825c454de\"},\"description\":\"\\\"Alcuni problemi di salute hanno contribuito a riconsiderare i miei impegni. Ritengo pertanto di non riuscire pi\u00f9 ad assolvere questo ruolo con la dedizione e la passione che richiede\\\"\",\"breadcrumb\":{\"@id\":\"https:\/\/staging.varesenews.it\/2016\/11\/lex-sindaco-gioia-lascia-il-consiglio-comunale\/572739\/#breadcrumb\"},\"inLanguage\":\"it-IT\",\"potentialAction\":[{\"@type\":\"ReadAction\",\"target\":[\"https:\/\/staging.varesenews.it\/2016\/11\/lex-sindaco-gioia-lascia-il-consiglio-comunale\/572739\/\"]}]},{\"@type\":\"BreadcrumbList\",\"@id\":\"https:\/\/staging.varesenews.it\/2016\/11\/lex-sindaco-gioia-lascia-il-consiglio-comunale\/572739\/#breadcrumb\",\"itemListElement\":[{\"@type\":\"ListItem\",\"position\":1,\"name\":\"Home\",\"item\":\"https:\/\/www.varesenews.it\/\"},{\"@type\":\"ListItem\",\"position\":2,\"name\":\"L&#8217;ex sindaco Gioia lascia il consiglio comunale\"}]},{\"@type\":\"WebSite\",\"@id\":\"https:\/\/staging.varesenews.it\/#website\",\"url\":\"https:\/\/staging.varesenews.it\/\",\"name\":\"VareseNews\",\"description\":\"\",\"potentialAction\":[{\"@type\":\"SearchAction\",\"target\":{\"@type\":\"EntryPoint\",\"urlTemplate\":\"https:\/\/staging.varesenews.it\/?s={search_term_string}\"},\"query-input\":\"required name=search_term_string\"}],\"inLanguage\":\"it-IT\"},{\"@type\":\"Person\",\"@id\":\"https:\/\/staging.varesenews.it\/#\/schema\/person\/5bf790e99d7ec50061119cc825c454de\",\"name\":\"Maria Carla Cebrelli\",\"image\":{\"@type\":\"ImageObject\",\"inLanguage\":\"it-IT\",\"@id\":\"https:\/\/staging.varesenews.it\/#\/schema\/person\/image\/\",\"url\":\"https:\/\/staging.varesenews.it\/wp-content\/uploads\/2020\/12\/mariacarla_cebrelli_colori_500-1.jpg\",\"contentUrl\":\"https:\/\/staging.varesenews.it\/wp-content\/uploads\/2020\/12\/mariacarla_cebrelli_colori_500-1.jpg\",\"caption\":\"Maria Carla Cebrelli\"},\"description\":\"Economista di formazione, giornalista per passione. A VareseNews dal 2005, mi sono occupata negli anni di universit&agrave;, tematiche di confine, news locali e comunicazione nel settore sociale. Attualmente sono responsabile di VerbanoNews, del canale di VareseNews dedicato al Turismo e seguo i social dell'area business.\",\"sameAs\":[\"https:\/\/www.facebook.com\/mariacarla.cebrelli\",\"pikapiketti\",\"https:\/\/twitter.com\/pikapiketti\"],\"url\":\"https:\/\/staging.varesenews.it\/persona\/mariacarla-cebrelli1\/\"}]}<\/script>\n<!-- \/ Yoast SEO plugin. -->","yoast_head_json":{"title":"L'ex sindaco Gioia lascia il consiglio comunale","description":"\"Alcuni problemi di salute hanno contribuito a riconsiderare i miei impegni. Ritengo pertanto di non riuscire pi\u00f9 ad assolvere questo ruolo con la dedizione e la passione che richiede\"","robots":{"index":"noindex","follow":"follow","max-snippet":"max-snippet:-1","max-image-preview":"max-image-preview:large","max-video-preview":"max-video-preview:-1"},"og_locale":"it_IT","og_type":"article","og_title":"L'ex sindaco Gioia lascia il consiglio comunale","og_description":"\"Alcuni problemi di salute hanno contribuito a riconsiderare i miei impegni. Ritengo pertanto di non riuscire pi\u00f9 ad assolvere questo ruolo con la dedizione e la passione che richiede\"","og_url":"https:\/\/staging.varesenews.it\/2016\/11\/lex-sindaco-gioia-lascia-il-consiglio-comunale\/572739\/","og_site_name":"VareseNews","article_publisher":"https:\/\/www.facebook.com\/varesenews","article_author":"https:\/\/www.facebook.com\/mariacarla.cebrelli","article_published_time":"2016-11-28T08:54:11+00:00","og_image":[{"url":"http:\/\/www.varesenews.it\/wp-content\/uploads\/2016\/11\/Lettera_gioia.jpg"}],"author":"Maria Carla Cebrelli","twitter_card":"summary_large_image","twitter_creator":"@pikapiketti","twitter_site":"@varesenews","twitter_misc":{"Scritto da":"Maria Carla Cebrelli","Tempo di lettura stimato":"1 minuto"},"schema":{"@context":"https:\/\/schema.org","@graph":[{"@type":"WebPage","@id":"https:\/\/staging.varesenews.it\/2016\/11\/lex-sindaco-gioia-lascia-il-consiglio-comunale\/572739\/","url":"https:\/\/staging.varesenews.it\/2016\/11\/lex-sindaco-gioia-lascia-il-consiglio-comunale\/572739\/","name":"L'ex sindaco Gioia lascia il consiglio comunale","isPartOf":{"@id":"https:\/\/staging.varesenews.it\/#website"},"datePublished":"2016-11-28T08:54:11+00:00","dateModified":"2016-11-28T08:54:11+00:00","author":{"@id":"https:\/\/staging.varesenews.it\/#\/schema\/person\/5bf790e99d7ec50061119cc825c454de"},"description":"\"Alcuni problemi di salute hanno contribuito a riconsiderare i miei impegni. Ritengo pertanto di non riuscire pi\u00f9 ad assolvere questo ruolo con la dedizione e la passione che richiede\"","breadcrumb":{"@id":"https:\/\/staging.varesenews.it\/2016\/11\/lex-sindaco-gioia-lascia-il-consiglio-comunale\/572739\/#breadcrumb"},"inLanguage":"it-IT","potentialAction":[{"@type":"ReadAction","target":["https:\/\/staging.varesenews.it\/2016\/11\/lex-sindaco-gioia-lascia-il-consiglio-comunale\/572739\/"]}]},{"@type":"BreadcrumbList","@id":"https:\/\/staging.varesenews.it\/2016\/11\/lex-sindaco-gioia-lascia-il-consiglio-comunale\/572739\/#breadcrumb","itemListElement":[{"@type":"ListItem","position":1,"name":"Home","item":"https:\/\/www.varesenews.it\/"},{"@type":"ListItem","position":2,"name":"L&#8217;ex sindaco Gioia lascia il consiglio comunale"}]},{"@type":"WebSite","@id":"https:\/\/staging.varesenews.it\/#website","url":"https:\/\/staging.varesenews.it\/","name":"VareseNews","description":"","potentialAction":[{"@type":"SearchAction","target":{"@type":"EntryPoint","urlTemplate":"https:\/\/staging.varesenews.it\/?s={search_term_string}"},"query-input":"required name=search_term_string"}],"inLanguage":"it-IT"},{"@type":"Person","@id":"https:\/\/staging.varesenews.it\/#\/schema\/person\/5bf790e99d7ec50061119cc825c454de","name":"Maria Carla Cebrelli","image":{"@type":"ImageObject","inLanguage":"it-IT","@id":"https:\/\/staging.varesenews.it\/#\/schema\/person\/image\/","url":"https:\/\/staging.varesenews.it\/wp-content\/uploads\/2020\/12\/mariacarla_cebrelli_colori_500-1.jpg","contentUrl":"https:\/\/staging.varesenews.it\/wp-content\/uploads\/2020\/12\/mariacarla_cebrelli_colori_500-1.jpg","caption":"Maria Carla Cebrelli"},"description":"Economista di formazione, giornalista per passione. A VareseNews dal 2005, mi sono occupata negli anni di universit&agrave;, tematiche di confine, news locali e comunicazione nel settore sociale. Attualmente sono responsabile di VerbanoNews, del canale di VareseNews dedicato al Turismo e seguo i social dell'area business.","sameAs":["https:\/\/www.facebook.com\/mariacarla.cebrelli","pikapiketti","https:\/\/twitter.com\/pikapiketti"],"url":"https:\/\/staging.varesenews.it\/persona\/mariacarla-cebrelli1\/"}]}},"post_meta":{"_edit_lock":"1480323122:43","_edit_last":"43","ratings_users":"0","ratings_score":"0","ratings_average":"0","_category_permalink":"","wdfb_og_title":"","wdfb_og_type":"","wdfb_og_description":"","wdfb_og_images":"a:1:{i:0;s:0:\"\";}","wdfb_og_custom_name":"a:1:{i:0;s:0:\"\";}","wdfb_og_custom_value":"a:1:{i:0;s:0:\"\";}","foto":"529341","firma-personalizzata":"m.c.c.","argomento":"Brebbia","_jd_twitter":"","_jd_tweet_this":"yes","_wpt_short_url":"http:\/\/www.varesenews.it\/2016\/11\/lex-sindaco-gioia-lascia-il-consiglio-comunale\/572739\/","_wp_jd_target":"http:\/\/www.varesenews.it\/2016\/11\/lex-sindaco-gioia-lascia-il-consiglio-comunale\/572739\/","_jd_wp_twitter":"a:1:{i:0;s:159:\"L'ex sindaco Gioia lascia il consiglio comunale http:\/\/www.varesenews.it\/2016\/11\/lex-sindaco-gioia-lascia-il-consiglio-comunale\/572739\/ #brebbia #domenicogioia\";}","_wpt_status_message":"Tweet inviato con successo."},"photos":[{"original":"https:\/\/staging.varesenews.it\/photogallery_new\/images\/2016\/04\/basso-verbano-varie-529341.jpg","full":"https:\/\/staging.varesenews.it\/photogallery_new\/images\/2016\/04\/basso-verbano-varie-529341.1024x768.jpg","large":"https:\/\/staging.varesenews.it\/photogallery_new\/images\/2016\/04\/basso-verbano-varie-529341.610x431.jpg"}],"_links":{"self":[{"href":"https:\/\/staging.varesenews.it\/swgapi\/v1\/wp\/v2\/posts\/572739"}],"collection":[{"href":"https:\/\/staging.varesenews.it\/swgapi\/v1\/wp\/v2\/posts"}],"about":[{"href":"https:\/\/staging.varesenews.it\/swgapi\/v1\/wp\/v2\/types\/post"}],"author":[{"embeddable":true,"href":"https:\/\/staging.varesenews.it\/swgapi\/v1\/wp\/v2\/users\/43"}],"replies":[{"embeddable":true,"href":"https:\/\/staging.varesenews.it\/swgapi\/v1\/wp\/v2\/comments?post=572739"}],"version-history":[{"count":0,"href":"https:\/\/staging.varesenews.it\/swgapi\/v1\/wp\/v2\/posts\/572739\/revisions"}],"wp:attachment":[{"href":"https:\/\/staging.varesenews.it\/swgapi\/v1\/wp\/v2\/media?parent=572739"}],"wp:term":[{"taxonomy":"category","embeddable":true,"href":"https:\/\/staging.varesenews.it\/swgapi\/v1\/wp\/v2\/categories?post=572739"},{"taxonomy":"post_tag","embeddable":true,"href":"https:\/\/staging.varesenews.it\/swgapi\/v1\/wp\/v2\/tags?post=572739"}],"curies":[{"name":"wp","href":"https:\/\/api.w.org\/{rel}","templated":true}]}}