{"id":573004,"date":"2016-11-28T17:37:16","date_gmt":"2016-11-28T16:37:16","guid":{"rendered":"http:\/\/www.varesenews.it\/?p=573004"},"modified":"2016-11-28T17:56:09","modified_gmt":"2016-11-28T16:56:09","slug":"cyberbulli-spesso-giovani-e-inconsapevoli-vanno-fermati","status":"publish","type":"post","link":"https:\/\/staging.varesenews.it\/2016\/11\/cyberbulli-spesso-giovani-e-inconsapevoli-vanno-fermati\/573004\/","title":{"rendered":"Cyberbulli, spesso giovani e inconsapevoli, vanno fermati"},"content":{"rendered":"<p class=\"p1\"><span class=\"s1\">Foto compromettenti sul proprio social? Si commette reato di <strong>pedopornografia<\/strong>. La pubblicazione dell\u2019immagine di un amico? La <strong>violazione \u00e8 quella della privacy.<\/strong> Poi ci sono la <strong>denigrazione, la calunnia, la diffamazione sino all&#8217;istigazione al suicidio.\u00a0<\/strong><\/span><\/p>\n<p class=\"p1\"><span class=\"s1\">Gli adolescenti spesso ignorano la portata di quello che reputano uno scherzo banale. La realt\u00e0 virtuale, oggi, sta cambiando pesantemente i connotati di quel fenomeno sempre esistito che \u00e8 il bullismo. Quelli che erano un tempo &#8220;scherzi&#8221; pesanti dalle ripercussioni anche gravi ma che rimanevano circoscritte all&#8217;ambito del gruppo di amicizie, oggi con i social e internet possono diventare dirompenti provocando danni seri alla vita dei protagonisti, vittime e carnefici.<\/span><\/p>\n<p class=\"p1\"><span class=\"s1\"><strong>Rendere consapevoli i ragazzini, spesso dipendenti dallo smartphone e da quei mondo virtuali, diventa un imperativo nel mondo della scuola<\/strong>. I percorsi di &#8220;cittadinanza e legalit\u00e0&#8221; si stanno tarando su queste nuove frontiere, a volte sconosciute al mondo adulto che si deve velocemente alfabetizzare. <\/span><\/p>\n<p class=\"p1\"><span class=\"s1\"><strong>All&#8217;istituto superiore Ponti di Gallarate, la dirigente Anna Scaltritti<\/strong> ha invitato la <strong>senatrice Elena Ferrari<\/strong> che sta lavorando a <a href=\"http:\/\/www.elenaferrara.it\/category\/tema-cyberbullismo\/\" target=\"_blank\">un disegno di legge<\/a> per regolamentare l\u2019uso della tecnologia, indicando percorsi di prevenzione e formazione ai nativi digitali oggi spesso incoscienti attori di reati gravi.<\/span><\/p>\n<p class=\"p1\"><span class=\"s1\">\u00ab<strong>Il mio impegno lo devo a Carolina<\/strong> &#8211; ha spiegato la senatrice &#8211; era una mia alunna e io non sono stata capace di fornirle gli strumenti per proteggersi dagli attacchi di quei ragazzi\u00bb.<\/span><\/p>\n<p class=\"p1\"><span class=\"s1\"><strong>Carolina \u00e8 la ragazzina morta suicida nel 2013 a Novara<\/strong>, stremata dalle persecuzioni dell&#8217;ex fidanzatino e dei suoi amici : \u00ab Il suo \u00e8 stato il primo caso \u00a0di cyberbullismo acclarato perch\u00e9 <strong>\u00e8 stata lei stessa, nella lettera di addio, a fare i nomi dei suoi aguzzini.<\/strong>\u00a0Ragazzi poco pi\u00f9 che quattordicenni \u00a0che sono stati sottoposti a processo, condannati e oggi stanno pagando per ci\u00f2 che hanno fatto\u00bb.<\/span><\/p>\n<p class=\"p1\"><span class=\"s1\">Il contesto \u00e8 quello della provincia di Novara, la ragazzina viene presa di mira dal suo ex ragazzino che, arrabbiato per la fine della relazione, decide di fargliela pagare. Si utilizzano i social, per far girare un video spinto girato a una festa dove Carolina \u00e8 in stato di\u00a0semi incoscienza per una bibita che le avevano versato da bere. <\/span><\/p>\n<p class=\"p1\"><span class=\"s1\"><strong>Quel video<\/strong>, in poche ore viene condiviso centinaia di volte scatenando una valanga di insulti, <strong>distrugge Carolina, gi\u00e0 stremata da mesi di angheria reali e virtuali<\/strong>. Nella notte si getta dalla finestra della sua camera ma prima scrive una lettera e racconta tutto quel dramma vissuto in piena solitudine : \u00ab Io mi sono sentita responsabile &#8211; racconta ai ragazzini dell&#8217;Isis Ponti\u00a0la senatrice &#8211; io ero stata la sua docente e non ero stata capace di aiutarla a diventare forte.<strong> Ora ho questo compito perch\u00e9 nessuno in futuro debba subire ci\u00f2 che Carolina ha denunciato pubblicamente<\/strong> ma che molti altri ragazzi hanno vissuto o stanno vivendo con conseguenze pi\u00f9 o meno tragiche nella loro vita. Mi riferisco al caso di <strong>Andrea dai pantaloni rosa<\/strong>\u00a0citato a ogni concerto da Mengoni. Anche lui aveva 15 anni e si \u00e8 impiccato perch\u00e9 incapace di sopportare la grande malvagit\u00e0 che lo aveva circondato\u00bb.<\/span><\/p>\n<p class=\"p1\"><strong><a href=\"http:\/\/www.elenaferrara.it\/wp-content\/uploads\/2016\/11\/7_11_2016_Slide-cyberbullismo.pdf\" target=\"_blank\">I\u00a0DATI SUL CYBERBULLISMO<br \/>\n<\/a><\/strong>Oggi 6 ragazzini su 100 sono vittime di cyberbullismo ma il trend \u00e8 in crescita: la met\u00e0 delle vittime ha pensato al suicidio o adotta pratiche di autolesionismo. Oltre i due terzi si dichiara depresso. Dei 397 minori denunciati lo scorso anno, la maggior parte (37%) \u00e8 stato accusato di ingiurie, minacce o molestie, il 36% di furto di identit\u00e0, il 17% di diffamazione on line, il 9% di diffusione di materiale pedopornografico e il 3% di stalking. Quest\u2019anno, da gennaio a settembre, sono state raccolte 90 denunce: \u00ab I ragazzi oggi sono iperconnessi &#8211; conclude Elena Ferrara &#8211; dobbiamo rendere il web un luogo pi\u00f9 sicuro\u00bb.<\/p>\n<p class=\"p1\"><span class=\"s1\"><a href=\"http:\/\/www.elenaferrara.it\/category\/tema-cyberbullismo\/\" target=\"_blank\"><strong>Per seguire l&#8217;iter del DDL clicca qui\u00a0<\/strong><\/a><\/span><\/p>\n","protected":false},"excerpt":{"rendered":"<p>La senatrice Ferrara \u00e8 stata ospite dell&#8217;istituto Ponti. Ha incontrato gli alunni delle prime per parlare delle violenze in rete e del suo impegno per ricordare Carolina, sua ex alunna, morta suicida<\/p>\n","protected":false},"author":33,"featured_media":0,"comment_status":"open","ping_status":"open","sticky":false,"template":"","format":"standard","meta":{"footnotes":""},"categories":[3,90],"tags":[8258,2627],"acf":[],"yoast_head":"<!-- This site is optimized with the Yoast SEO plugin v20.1 - https:\/\/yoast.com\/wordpress\/plugins\/seo\/ -->\n<title>Cyberbulli, spesso giovani e inconsapevoli, vanno fermati<\/title>\n<meta name=\"description\" content=\"La senatrice Ferrara \u00e8 stata ospite dell&#039;istituto Ponti. Ha incontrato gli alunni delle prime per parlare delle violenze in rete e del suo impegno per ricordare Carolina, sua ex alunna, morta suicida\" \/>\n<meta name=\"robots\" content=\"noindex, follow, max-snippet:-1, max-image-preview:large, max-video-preview:-1\" \/>\n<meta property=\"og:locale\" content=\"it_IT\" \/>\n<meta property=\"og:type\" content=\"article\" \/>\n<meta property=\"og:title\" content=\"Cyberbulli, spesso giovani e inconsapevoli, vanno fermati\" \/>\n<meta property=\"og:description\" content=\"La senatrice Ferrara \u00e8 stata ospite dell&#039;istituto Ponti. Ha incontrato gli alunni delle prime per parlare delle violenze in rete e del suo impegno per ricordare Carolina, sua ex alunna, morta suicida\" \/>\n<meta property=\"og:url\" content=\"https:\/\/staging.varesenews.it\/2016\/11\/cyberbulli-spesso-giovani-e-inconsapevoli-vanno-fermati\/573004\/\" \/>\n<meta property=\"og:site_name\" content=\"VareseNews\" \/>\n<meta property=\"article:publisher\" content=\"https:\/\/www.facebook.com\/varesenews\" \/>\n<meta property=\"article:author\" content=\"alessandra.toni7\" \/>\n<meta property=\"article:published_time\" content=\"2016-11-28T16:37:16+00:00\" \/>\n<meta property=\"article:modified_time\" content=\"2016-11-28T16:56:09+00:00\" \/>\n<meta name=\"author\" content=\"Alessandra Toni\" \/>\n<meta name=\"twitter:card\" content=\"summary_large_image\" \/>\n<meta name=\"twitter:creator\" content=\"@alessandra_toni\" \/>\n<meta name=\"twitter:site\" content=\"@varesenews\" \/>\n<meta name=\"twitter:label1\" content=\"Scritto da\" \/>\n\t<meta name=\"twitter:data1\" content=\"Alessandra Toni\" \/>\n\t<meta name=\"twitter:label2\" content=\"Tempo di lettura stimato\" \/>\n\t<meta name=\"twitter:data2\" content=\"3 minuti\" \/>\n<script type=\"application\/ld+json\" class=\"yoast-schema-graph\">{\"@context\":\"https:\/\/schema.org\",\"@graph\":[{\"@type\":\"WebPage\",\"@id\":\"https:\/\/staging.varesenews.it\/2016\/11\/cyberbulli-spesso-giovani-e-inconsapevoli-vanno-fermati\/573004\/\",\"url\":\"https:\/\/staging.varesenews.it\/2016\/11\/cyberbulli-spesso-giovani-e-inconsapevoli-vanno-fermati\/573004\/\",\"name\":\"Cyberbulli, spesso giovani e inconsapevoli, vanno fermati\",\"isPartOf\":{\"@id\":\"https:\/\/staging.varesenews.it\/#website\"},\"datePublished\":\"2016-11-28T16:37:16+00:00\",\"dateModified\":\"2016-11-28T16:56:09+00:00\",\"author\":{\"@id\":\"https:\/\/staging.varesenews.it\/#\/schema\/person\/2643ce123d4a3c9511e015dc548779b8\"},\"description\":\"La senatrice Ferrara \u00e8 stata ospite dell'istituto Ponti. Ha incontrato gli alunni delle prime per parlare delle violenze in rete e del suo impegno per ricordare Carolina, sua ex alunna, morta suicida\",\"breadcrumb\":{\"@id\":\"https:\/\/staging.varesenews.it\/2016\/11\/cyberbulli-spesso-giovani-e-inconsapevoli-vanno-fermati\/573004\/#breadcrumb\"},\"inLanguage\":\"it-IT\",\"potentialAction\":[{\"@type\":\"ReadAction\",\"target\":[\"https:\/\/staging.varesenews.it\/2016\/11\/cyberbulli-spesso-giovani-e-inconsapevoli-vanno-fermati\/573004\/\"]}]},{\"@type\":\"BreadcrumbList\",\"@id\":\"https:\/\/staging.varesenews.it\/2016\/11\/cyberbulli-spesso-giovani-e-inconsapevoli-vanno-fermati\/573004\/#breadcrumb\",\"itemListElement\":[{\"@type\":\"ListItem\",\"position\":1,\"name\":\"Home\",\"item\":\"https:\/\/www.varesenews.it\/\"},{\"@type\":\"ListItem\",\"position\":2,\"name\":\"Cyberbulli, spesso giovani e inconsapevoli, vanno fermati\"}]},{\"@type\":\"WebSite\",\"@id\":\"https:\/\/staging.varesenews.it\/#website\",\"url\":\"https:\/\/staging.varesenews.it\/\",\"name\":\"VareseNews\",\"description\":\"\",\"potentialAction\":[{\"@type\":\"SearchAction\",\"target\":{\"@type\":\"EntryPoint\",\"urlTemplate\":\"https:\/\/staging.varesenews.it\/?s={search_term_string}\"},\"query-input\":\"required name=search_term_string\"}],\"inLanguage\":\"it-IT\"},{\"@type\":\"Person\",\"@id\":\"https:\/\/staging.varesenews.it\/#\/schema\/person\/2643ce123d4a3c9511e015dc548779b8\",\"name\":\"Alessandra Toni\",\"image\":{\"@type\":\"ImageObject\",\"inLanguage\":\"it-IT\",\"@id\":\"https:\/\/staging.varesenews.it\/#\/schema\/person\/image\/\",\"url\":\"https:\/\/staging.varesenews.it\/wp-content\/uploads\/2020\/12\/alessandra_toni_colori_500.jpg\",\"contentUrl\":\"https:\/\/staging.varesenews.it\/wp-content\/uploads\/2020\/12\/alessandra_toni_colori_500.jpg\",\"caption\":\"Alessandra Toni\"},\"description\":\"Sono entrata nella redazione di VareseNews nel lontano anno 2000. Ero reduce da una bellissima esperienza nella redazione giornalistica della TV Nuova Antennatre, sotto la direzione dell'indimenticabile direttore Adolfo Caldarini. Sono arrivata quando era ancora una piccola realt\u00e0 editoriale e insieme abbiamo fatto un lungo ed entusiasmante lavoro. Mi occupo prevalentemente di scuola e di sanit\u00e0, settori impegnativi di grande valore sociale.\u00a0\",\"sameAs\":[\"alessandra.toni7\",\"alessandra.toni\",\"https:\/\/twitter.com\/alessandra_toni\"],\"url\":\"https:\/\/staging.varesenews.it\/persona\/alessandra_toni1\/\"}]}<\/script>\n<!-- \/ Yoast SEO plugin. -->","yoast_head_json":{"title":"Cyberbulli, spesso giovani e inconsapevoli, vanno fermati","description":"La senatrice Ferrara \u00e8 stata ospite dell'istituto Ponti. Ha incontrato gli alunni delle prime per parlare delle violenze in rete e del suo impegno per ricordare Carolina, sua ex alunna, morta suicida","robots":{"index":"noindex","follow":"follow","max-snippet":"max-snippet:-1","max-image-preview":"max-image-preview:large","max-video-preview":"max-video-preview:-1"},"og_locale":"it_IT","og_type":"article","og_title":"Cyberbulli, spesso giovani e inconsapevoli, vanno fermati","og_description":"La senatrice Ferrara \u00e8 stata ospite dell'istituto Ponti. Ha incontrato gli alunni delle prime per parlare delle violenze in rete e del suo impegno per ricordare Carolina, sua ex alunna, morta suicida","og_url":"https:\/\/staging.varesenews.it\/2016\/11\/cyberbulli-spesso-giovani-e-inconsapevoli-vanno-fermati\/573004\/","og_site_name":"VareseNews","article_publisher":"https:\/\/www.facebook.com\/varesenews","article_author":"alessandra.toni7","article_published_time":"2016-11-28T16:37:16+00:00","article_modified_time":"2016-11-28T16:56:09+00:00","author":"Alessandra Toni","twitter_card":"summary_large_image","twitter_creator":"@alessandra_toni","twitter_site":"@varesenews","twitter_misc":{"Scritto da":"Alessandra Toni","Tempo di lettura stimato":"3 minuti"},"schema":{"@context":"https:\/\/schema.org","@graph":[{"@type":"WebPage","@id":"https:\/\/staging.varesenews.it\/2016\/11\/cyberbulli-spesso-giovani-e-inconsapevoli-vanno-fermati\/573004\/","url":"https:\/\/staging.varesenews.it\/2016\/11\/cyberbulli-spesso-giovani-e-inconsapevoli-vanno-fermati\/573004\/","name":"Cyberbulli, spesso giovani e inconsapevoli, vanno fermati","isPartOf":{"@id":"https:\/\/staging.varesenews.it\/#website"},"datePublished":"2016-11-28T16:37:16+00:00","dateModified":"2016-11-28T16:56:09+00:00","author":{"@id":"https:\/\/staging.varesenews.it\/#\/schema\/person\/2643ce123d4a3c9511e015dc548779b8"},"description":"La senatrice Ferrara \u00e8 stata ospite dell'istituto Ponti. Ha incontrato gli alunni delle prime per parlare delle violenze in rete e del suo impegno per ricordare Carolina, sua ex alunna, morta suicida","breadcrumb":{"@id":"https:\/\/staging.varesenews.it\/2016\/11\/cyberbulli-spesso-giovani-e-inconsapevoli-vanno-fermati\/573004\/#breadcrumb"},"inLanguage":"it-IT","potentialAction":[{"@type":"ReadAction","target":["https:\/\/staging.varesenews.it\/2016\/11\/cyberbulli-spesso-giovani-e-inconsapevoli-vanno-fermati\/573004\/"]}]},{"@type":"BreadcrumbList","@id":"https:\/\/staging.varesenews.it\/2016\/11\/cyberbulli-spesso-giovani-e-inconsapevoli-vanno-fermati\/573004\/#breadcrumb","itemListElement":[{"@type":"ListItem","position":1,"name":"Home","item":"https:\/\/www.varesenews.it\/"},{"@type":"ListItem","position":2,"name":"Cyberbulli, spesso giovani e inconsapevoli, vanno fermati"}]},{"@type":"WebSite","@id":"https:\/\/staging.varesenews.it\/#website","url":"https:\/\/staging.varesenews.it\/","name":"VareseNews","description":"","potentialAction":[{"@type":"SearchAction","target":{"@type":"EntryPoint","urlTemplate":"https:\/\/staging.varesenews.it\/?s={search_term_string}"},"query-input":"required name=search_term_string"}],"inLanguage":"it-IT"},{"@type":"Person","@id":"https:\/\/staging.varesenews.it\/#\/schema\/person\/2643ce123d4a3c9511e015dc548779b8","name":"Alessandra Toni","image":{"@type":"ImageObject","inLanguage":"it-IT","@id":"https:\/\/staging.varesenews.it\/#\/schema\/person\/image\/","url":"https:\/\/staging.varesenews.it\/wp-content\/uploads\/2020\/12\/alessandra_toni_colori_500.jpg","contentUrl":"https:\/\/staging.varesenews.it\/wp-content\/uploads\/2020\/12\/alessandra_toni_colori_500.jpg","caption":"Alessandra Toni"},"description":"Sono entrata nella redazione di VareseNews nel lontano anno 2000. Ero reduce da una bellissima esperienza nella redazione giornalistica della TV Nuova Antennatre, sotto la direzione dell'indimenticabile direttore Adolfo Caldarini. Sono arrivata quando era ancora una piccola realt\u00e0 editoriale e insieme abbiamo fatto un lungo ed entusiasmante lavoro. Mi occupo prevalentemente di scuola e di sanit\u00e0, settori impegnativi di grande valore sociale.\u00a0","sameAs":["alessandra.toni7","alessandra.toni","https:\/\/twitter.com\/alessandra_toni"],"url":"https:\/\/staging.varesenews.it\/persona\/alessandra_toni1\/"}]}},"post_meta":{"_edit_lock":"1480353139:33","_edit_last":"33","_category_permalink":"90","wdfb_og_title":"","wdfb_og_type":"","wdfb_og_description":"","wdfb_og_images":"a:1:{i:0;s:0:\"\";}","wdfb_og_custom_name":"a:1:{i:0;s:0:\"\";}","wdfb_og_custom_value":"a:1:{i:0;s:0:\"\";}","foto":"581576","id_video_vzaar":"8707159","argomento":"Gallarate","_yoast_wpseo_focuskw":"cyberbullismo","_jd_twitter":"","_jd_tweet_this":"yes","_yoast_wpseo_linkdex":"62","ratings_users":"0","ratings_score":"0","ratings_average":"0","_wpt_short_url":"http:\/\/www.varesenews.it\/2016\/11\/cyberbulli-spesso-giovani-e-inconsapevoli-vanno-fermati\/573004\/","_wp_jd_target":"http:\/\/www.varesenews.it\/2016\/11\/cyberbulli-spesso-giovani-e-inconsapevoli-vanno-fermati\/573004\/","_jd_wp_twitter":"a:1:{i:0;s:180:\"Cyberbulli, spesso giovani e inconsapevoli, vanno fermati http:\/\/www.varesenews.it\/2016\/11\/cyberbulli-spesso-giovani-e-inconsapevoli-vanno-fermati\/573004\/ #cyberbullismo #isisponti\";}","_wpt_status_message":"Tweet inviato con successo."},"photos":[{"original":"https:\/\/staging.varesenews.it\/photogallery_new\/images\/2016\/11\/senatrice-elena-ferrara-581576.jpg","full":"https:\/\/staging.varesenews.it\/photogallery_new\/images\/2016\/11\/senatrice-elena-ferrara-581576.1024x768.jpg","large":"https:\/\/staging.varesenews.it\/photogallery_new\/images\/2016\/11\/senatrice-elena-ferrara-581576.610x431.jpg"}],"_links":{"self":[{"href":"https:\/\/staging.varesenews.it\/swgapi\/v1\/wp\/v2\/posts\/573004"}],"collection":[{"href":"https:\/\/staging.varesenews.it\/swgapi\/v1\/wp\/v2\/posts"}],"about":[{"href":"https:\/\/staging.varesenews.it\/swgapi\/v1\/wp\/v2\/types\/post"}],"author":[{"embeddable":true,"href":"https:\/\/staging.varesenews.it\/swgapi\/v1\/wp\/v2\/users\/33"}],"replies":[{"embeddable":true,"href":"https:\/\/staging.varesenews.it\/swgapi\/v1\/wp\/v2\/comments?post=573004"}],"version-history":[{"count":0,"href":"https:\/\/staging.varesenews.it\/swgapi\/v1\/wp\/v2\/posts\/573004\/revisions"}],"wp:attachment":[{"href":"https:\/\/staging.varesenews.it\/swgapi\/v1\/wp\/v2\/media?parent=573004"}],"wp:term":[{"taxonomy":"category","embeddable":true,"href":"https:\/\/staging.varesenews.it\/swgapi\/v1\/wp\/v2\/categories?post=573004"},{"taxonomy":"post_tag","embeddable":true,"href":"https:\/\/staging.varesenews.it\/swgapi\/v1\/wp\/v2\/tags?post=573004"}],"curies":[{"name":"wp","href":"https:\/\/api.w.org\/{rel}","templated":true}]}}