{"id":573013,"date":"2016-11-28T18:01:19","date_gmt":"2016-11-28T17:01:19","guid":{"rendered":"http:\/\/www.varesenews.it\/?p=573013"},"modified":"2016-11-28T18:01:19","modified_gmt":"2016-11-28T17:01:19","slug":"la-sorella-intercettata-riconobbe-la-grafia-di-binda","status":"publish","type":"post","link":"https:\/\/staging.varesenews.it\/2016\/11\/la-sorella-intercettata-riconobbe-la-grafia-di-binda\/573013\/","title":{"rendered":"La sorella intercettata riconobbe la grafia di Binda"},"content":{"rendered":"<p>Nelle carte di di indagine <strong>sulla morte di Lidia Macchi<\/strong>, emerge anche una intercettazione in cui lo sorella dell&#8217;indagato, Stefano Binda, riconobbe la grafia del fratello. L&#8217;episodio \u00e8 contento in una intercettazione telefonica ora a disposizione degli avvocati, in cui la donna commenta in casa e parlando con la madre<strong> un servizio televisivo<\/strong> sulla vicenda nel quale viene mostrata la lettera &#8220;In morte di un&#8217;amica&#8221;. Vedendo il testo sullo schermo avrebbe affermato che quella \u00e8 la grafia di Stefano.<\/p>\n<p><strong>La notizia<\/strong> va ovviamente calata nel processo e va presa con cautela ma potrebbe essere interessante per la tesi dell&#8217;accusa, secondo la quale chi scrisse quella lettera ai genitori di Lidia sapeva qualcosa di quanto accadde quella notte. E dovrebbe essere<strong> l&#8217;assassino.\u00a0<\/strong><\/p>\n<p><div class=\"photo-inside-post\"><img decoding=\"async\" loading=\"lazy\" fetchpriority=\"low\" width=\"610\" height=\"431\" src=\"https:\/\/staging.varesenews.it\/photogallery_new\/images\/2016\/07\/lidia-macchi-550994.610x431.jpg\" alt=\"Lidia macchi\"><\/div><br \/>\n(l&#8217;avvocato Sergio Martelli difende Stefano Binda)<\/p>\n<p>Intanto la Procura generale di Milano ha chiesto <strong>il rinvio a giudizio<\/strong> per Stefano Binda, l&#8217;udienza preliminare potrebbe essere fissata prima di natale. Il processo si terr\u00e0 a Varese. Pu\u00f2 darsi che non sar\u00e0 Carmen Manfredda a condurlo. La procuratrice \u00e8 prossima alla pensione.<\/p>\n","protected":false},"excerpt":{"rendered":"<p>Delitto Lidia Macchi, un particolare emerge dalle intercettazioni telefoniche<\/p>\n","protected":false},"author":50,"featured_media":0,"comment_status":"open","ping_status":"open","sticky":false,"template":"","format":"standard","meta":{"footnotes":""},"categories":[2],"tags":[3527],"acf":[],"yoast_head":"<!-- This site is optimized with the Yoast SEO plugin v20.1 - https:\/\/yoast.com\/wordpress\/plugins\/seo\/ -->\n<title>La sorella intercettata riconobbe la grafia di Binda<\/title>\n<meta name=\"description\" content=\"Delitto Lidia Macchi, un particolare emerge dalle intercettazioni telefoniche\" \/>\n<meta name=\"robots\" content=\"noindex, follow, max-snippet:-1, max-image-preview:large, max-video-preview:-1\" \/>\n<meta property=\"og:locale\" content=\"it_IT\" \/>\n<meta property=\"og:type\" content=\"article\" \/>\n<meta property=\"og:title\" content=\"La sorella intercettata riconobbe la grafia di Binda\" \/>\n<meta property=\"og:description\" content=\"Delitto Lidia Macchi, un particolare emerge dalle intercettazioni telefoniche\" \/>\n<meta property=\"og:url\" content=\"https:\/\/www.varesenews.it\/2016\/11\/la-sorella-intercettata-riconobbe-la-grafia-di-binda\/573013\/\" \/>\n<meta property=\"og:site_name\" content=\"VareseNews\" \/>\n<meta property=\"article:publisher\" content=\"https:\/\/www.facebook.com\/varesenews\" \/>\n<meta property=\"article:published_time\" content=\"2016-11-28T17:01:19+00:00\" \/>\n<meta name=\"author\" content=\"Roberto Rotondo\" \/>\n<meta name=\"twitter:card\" content=\"summary_large_image\" \/>\n<meta name=\"twitter:creator\" content=\"@robertorotondo\" \/>\n<meta name=\"twitter:site\" content=\"@varesenews\" \/>\n<meta name=\"twitter:label1\" content=\"Scritto da\" \/>\n\t<meta name=\"twitter:data1\" content=\"Roberto Rotondo\" \/>\n\t<meta name=\"twitter:label2\" content=\"Tempo di lettura stimato\" \/>\n\t<meta name=\"twitter:data2\" content=\"1 minuto\" \/>\n<script type=\"application\/ld+json\" class=\"yoast-schema-graph\">{\"@context\":\"https:\/\/schema.org\",\"@graph\":[{\"@type\":\"WebPage\",\"@id\":\"https:\/\/www.varesenews.it\/2016\/11\/la-sorella-intercettata-riconobbe-la-grafia-di-binda\/573013\/\",\"url\":\"https:\/\/www.varesenews.it\/2016\/11\/la-sorella-intercettata-riconobbe-la-grafia-di-binda\/573013\/\",\"name\":\"La sorella intercettata riconobbe la grafia di Binda\",\"isPartOf\":{\"@id\":\"https:\/\/staging.varesenews.it\/#website\"},\"datePublished\":\"2016-11-28T17:01:19+00:00\",\"dateModified\":\"2016-11-28T17:01:19+00:00\",\"author\":{\"@id\":\"https:\/\/staging.varesenews.it\/#\/schema\/person\/bace96b9ce1b4905df659e51a83c17fe\"},\"description\":\"Delitto Lidia Macchi, un particolare emerge dalle intercettazioni telefoniche\",\"breadcrumb\":{\"@id\":\"https:\/\/www.varesenews.it\/2016\/11\/la-sorella-intercettata-riconobbe-la-grafia-di-binda\/573013\/#breadcrumb\"},\"inLanguage\":\"it-IT\",\"potentialAction\":[{\"@type\":\"ReadAction\",\"target\":[\"https:\/\/www.varesenews.it\/2016\/11\/la-sorella-intercettata-riconobbe-la-grafia-di-binda\/573013\/\"]}]},{\"@type\":\"BreadcrumbList\",\"@id\":\"https:\/\/www.varesenews.it\/2016\/11\/la-sorella-intercettata-riconobbe-la-grafia-di-binda\/573013\/#breadcrumb\",\"itemListElement\":[{\"@type\":\"ListItem\",\"position\":1,\"name\":\"Home\",\"item\":\"https:\/\/www.varesenews.it\/\"},{\"@type\":\"ListItem\",\"position\":2,\"name\":\"La sorella intercettata riconobbe la grafia di Binda\"}]},{\"@type\":\"WebSite\",\"@id\":\"https:\/\/staging.varesenews.it\/#website\",\"url\":\"https:\/\/staging.varesenews.it\/\",\"name\":\"VareseNews\",\"description\":\"\",\"potentialAction\":[{\"@type\":\"SearchAction\",\"target\":{\"@type\":\"EntryPoint\",\"urlTemplate\":\"https:\/\/staging.varesenews.it\/?s={search_term_string}\"},\"query-input\":\"required name=search_term_string\"}],\"inLanguage\":\"it-IT\"},{\"@type\":\"Person\",\"@id\":\"https:\/\/staging.varesenews.it\/#\/schema\/person\/bace96b9ce1b4905df659e51a83c17fe\",\"name\":\"Roberto Rotondo\",\"image\":{\"@type\":\"ImageObject\",\"inLanguage\":\"it-IT\",\"@id\":\"https:\/\/staging.varesenews.it\/#\/schema\/person\/image\/\",\"url\":\"https:\/\/staging.varesenews.it\/wp-content\/uploads\/2015\/03\/10888676_10204734543537926_609787919772941341_n.jpg\",\"contentUrl\":\"https:\/\/staging.varesenews.it\/wp-content\/uploads\/2015\/03\/10888676_10204734543537926_609787919772941341_n.jpg\",\"caption\":\"Roberto Rotondo\"},\"description\":\"Nato a Varese nel 1972. Laureato in Storia alla Statale di Milano. A Varese News dal 1998. Ho iniziato a scrivere su riviste locali, poi sono entrato nel progetto di Varese News quando ancora era agli inizi. Nel frattempo mi sono occupato di ricerca storica e ho collaborato con un settimanale e un quotidiano della Svizzera italiana scrivendo di cronaca e politica. Mi sono preso una pausa da Varese nel 2004. Ho lavorato per alcuni anni a Milano all'agenzia di stampa Adnkronos, con qualche stage a Roma nei palazzi della politica. Lanci di agenzia e servizi tv multimediali erano tra i miei compiti. In quegli anni ho lavorato per alcune radio anche nazionali, Radio Capital su tutte, come corrispondente locale. Ho scritto anche per un settimanale di gossip, ma sempre cronaca nera. Ed eccomi qui. Dal 2007 lavoro anche per il Corriere della sera, di cui sono corrispondente. A Varesenews sono ormai uno dei senatori. Mi occupo di cronaca nera, giudiziaria e di politica e della cronaca cittadina di Varese.\",\"sameAs\":[\"robertorotondo\",\"https:\/\/twitter.com\/robertorotondo\"],\"url\":\"https:\/\/staging.varesenews.it\/persona\/roberto-rotondo\/\"}]}<\/script>\n<!-- \/ Yoast SEO plugin. -->","yoast_head_json":{"title":"La sorella intercettata riconobbe la grafia di Binda","description":"Delitto Lidia Macchi, un particolare emerge dalle intercettazioni telefoniche","robots":{"index":"noindex","follow":"follow","max-snippet":"max-snippet:-1","max-image-preview":"max-image-preview:large","max-video-preview":"max-video-preview:-1"},"og_locale":"it_IT","og_type":"article","og_title":"La sorella intercettata riconobbe la grafia di Binda","og_description":"Delitto Lidia Macchi, un particolare emerge dalle intercettazioni telefoniche","og_url":"https:\/\/www.varesenews.it\/2016\/11\/la-sorella-intercettata-riconobbe-la-grafia-di-binda\/573013\/","og_site_name":"VareseNews","article_publisher":"https:\/\/www.facebook.com\/varesenews","article_published_time":"2016-11-28T17:01:19+00:00","author":"Roberto Rotondo","twitter_card":"summary_large_image","twitter_creator":"@robertorotondo","twitter_site":"@varesenews","twitter_misc":{"Scritto da":"Roberto Rotondo","Tempo di lettura stimato":"1 minuto"},"schema":{"@context":"https:\/\/schema.org","@graph":[{"@type":"WebPage","@id":"https:\/\/www.varesenews.it\/2016\/11\/la-sorella-intercettata-riconobbe-la-grafia-di-binda\/573013\/","url":"https:\/\/www.varesenews.it\/2016\/11\/la-sorella-intercettata-riconobbe-la-grafia-di-binda\/573013\/","name":"La sorella intercettata riconobbe la grafia di Binda","isPartOf":{"@id":"https:\/\/staging.varesenews.it\/#website"},"datePublished":"2016-11-28T17:01:19+00:00","dateModified":"2016-11-28T17:01:19+00:00","author":{"@id":"https:\/\/staging.varesenews.it\/#\/schema\/person\/bace96b9ce1b4905df659e51a83c17fe"},"description":"Delitto Lidia Macchi, un particolare emerge dalle intercettazioni telefoniche","breadcrumb":{"@id":"https:\/\/www.varesenews.it\/2016\/11\/la-sorella-intercettata-riconobbe-la-grafia-di-binda\/573013\/#breadcrumb"},"inLanguage":"it-IT","potentialAction":[{"@type":"ReadAction","target":["https:\/\/www.varesenews.it\/2016\/11\/la-sorella-intercettata-riconobbe-la-grafia-di-binda\/573013\/"]}]},{"@type":"BreadcrumbList","@id":"https:\/\/www.varesenews.it\/2016\/11\/la-sorella-intercettata-riconobbe-la-grafia-di-binda\/573013\/#breadcrumb","itemListElement":[{"@type":"ListItem","position":1,"name":"Home","item":"https:\/\/www.varesenews.it\/"},{"@type":"ListItem","position":2,"name":"La sorella intercettata riconobbe la grafia di Binda"}]},{"@type":"WebSite","@id":"https:\/\/staging.varesenews.it\/#website","url":"https:\/\/staging.varesenews.it\/","name":"VareseNews","description":"","potentialAction":[{"@type":"SearchAction","target":{"@type":"EntryPoint","urlTemplate":"https:\/\/staging.varesenews.it\/?s={search_term_string}"},"query-input":"required name=search_term_string"}],"inLanguage":"it-IT"},{"@type":"Person","@id":"https:\/\/staging.varesenews.it\/#\/schema\/person\/bace96b9ce1b4905df659e51a83c17fe","name":"Roberto Rotondo","image":{"@type":"ImageObject","inLanguage":"it-IT","@id":"https:\/\/staging.varesenews.it\/#\/schema\/person\/image\/","url":"https:\/\/staging.varesenews.it\/wp-content\/uploads\/2015\/03\/10888676_10204734543537926_609787919772941341_n.jpg","contentUrl":"https:\/\/staging.varesenews.it\/wp-content\/uploads\/2015\/03\/10888676_10204734543537926_609787919772941341_n.jpg","caption":"Roberto Rotondo"},"description":"Nato a Varese nel 1972. Laureato in Storia alla Statale di Milano. A Varese News dal 1998. Ho iniziato a scrivere su riviste locali, poi sono entrato nel progetto di Varese News quando ancora era agli inizi. Nel frattempo mi sono occupato di ricerca storica e ho collaborato con un settimanale e un quotidiano della Svizzera italiana scrivendo di cronaca e politica. Mi sono preso una pausa da Varese nel 2004. Ho lavorato per alcuni anni a Milano all'agenzia di stampa Adnkronos, con qualche stage a Roma nei palazzi della politica. Lanci di agenzia e servizi tv multimediali erano tra i miei compiti. In quegli anni ho lavorato per alcune radio anche nazionali, Radio Capital su tutte, come corrispondente locale. Ho scritto anche per un settimanale di gossip, ma sempre cronaca nera. Ed eccomi qui. Dal 2007 lavoro anche per il Corriere della sera, di cui sono corrispondente. A Varesenews sono ormai uno dei senatori. Mi occupo di cronaca nera, giudiziaria e di politica e della cronaca cittadina di Varese.","sameAs":["robertorotondo","https:\/\/twitter.com\/robertorotondo"],"url":"https:\/\/staging.varesenews.it\/persona\/roberto-rotondo\/"}]}},"post_meta":{"_edit_lock":"1480352829:50","_edit_last":"50","_category_permalink":"2","ratings_users":"0","ratings_score":"0","ratings_average":"0","wdfb_og_title":"","wdfb_og_type":"","wdfb_og_description":"","wdfb_og_images":"a:1:{i:0;s:0:\"\";}","wdfb_og_custom_name":"a:1:{i:0;s:0:\"\";}","wdfb_og_custom_value":"a:1:{i:0;s:0:\"\";}","id_leggi_anche":"572505,566856,535225,651996","foto":"550995","argomento":"Varese","_jd_twitter":"","_jd_tweet_this":"yes","_wpt_short_url":"http:\/\/www.varesenews.it\/2016\/11\/la-sorella-intercettata-riconobbe-la-grafia-di-binda\/573013\/","_wp_jd_target":"http:\/\/www.varesenews.it\/2016\/11\/la-sorella-intercettata-riconobbe-la-grafia-di-binda\/573013\/","_jd_wp_twitter":"a:1:{i:0;s:159:\"La sorella intercettata riconobbe la grafia di Binda http:\/\/www.varesenews.it\/2016\/11\/la-sorella-intercettata-riconobbe-la-grafia-di-binda\/573013\/ #lidiamacchi\";}","_wpt_status_message":"Tweet inviato con successo."},"photos":[{"original":"https:\/\/staging.varesenews.it\/photogallery_new\/images\/2016\/07\/lidia-macchi-550995.jpg","full":"https:\/\/staging.varesenews.it\/photogallery_new\/images\/2016\/07\/lidia-macchi-550995.1024x768.jpg","large":"https:\/\/staging.varesenews.it\/photogallery_new\/images\/2016\/07\/lidia-macchi-550995.610x431.jpg"}],"_links":{"self":[{"href":"https:\/\/staging.varesenews.it\/swgapi\/v1\/wp\/v2\/posts\/573013"}],"collection":[{"href":"https:\/\/staging.varesenews.it\/swgapi\/v1\/wp\/v2\/posts"}],"about":[{"href":"https:\/\/staging.varesenews.it\/swgapi\/v1\/wp\/v2\/types\/post"}],"author":[{"embeddable":true,"href":"https:\/\/staging.varesenews.it\/swgapi\/v1\/wp\/v2\/users\/50"}],"replies":[{"embeddable":true,"href":"https:\/\/staging.varesenews.it\/swgapi\/v1\/wp\/v2\/comments?post=573013"}],"version-history":[{"count":0,"href":"https:\/\/staging.varesenews.it\/swgapi\/v1\/wp\/v2\/posts\/573013\/revisions"}],"wp:attachment":[{"href":"https:\/\/staging.varesenews.it\/swgapi\/v1\/wp\/v2\/media?parent=573013"}],"wp:term":[{"taxonomy":"category","embeddable":true,"href":"https:\/\/staging.varesenews.it\/swgapi\/v1\/wp\/v2\/categories?post=573013"},{"taxonomy":"post_tag","embeddable":true,"href":"https:\/\/staging.varesenews.it\/swgapi\/v1\/wp\/v2\/tags?post=573013"}],"curies":[{"name":"wp","href":"https:\/\/api.w.org\/{rel}","templated":true}]}}