{"id":573238,"date":"2016-11-29T12:39:00","date_gmt":"2016-11-29T11:39:00","guid":{"rendered":"http:\/\/www.varesenews.it\/?p=573238"},"modified":"2016-11-29T12:39:00","modified_gmt":"2016-11-29T11:39:00","slug":"a-casbeno-apre-le-porte-il-laboratorio-di-babbo-natale","status":"publish","type":"post","link":"https:\/\/staging.varesenews.it\/2016\/11\/a-casbeno-apre-le-porte-il-laboratorio-di-babbo-natale\/573238\/","title":{"rendered":"A Casbeno apre le porte il laboratorio di Babbo Natale"},"content":{"rendered":"<p class=\"p1\"><strong>La scuola dell&#8217;Infanzia Divina Provvidenza<span class=\"Apple-converted-space\">\u00a0<\/span><\/strong>ospiter\u00e0, durante il <strong>tradizionale mercatino di Natale \u201cLuci, profumi e colori del Natale a Casbeno\u201d<\/strong> (3 e 4 dicembre), il laboratorio per bambini, dove verranno proposti lavoretti natalizi.<\/p>\n<p class=\"p1\">In un ambiente allestito ad hoc con alberi di natale, luci, pacchi regalo, un angolo di lettura con tanto di caminetto acceso, trover\u00e0 posto anche una <strong>cassetta della posta per imbucare le letterine,<\/strong> e tanto altro!<\/p>\n<p class=\"p1\">La<strong> Piccola Fabbrica di Babbo Natale<\/strong> \u00e8 alla sua seconda edizione, e mantiene la particolarit\u00e0 di non essere un laboratorio creativo fine a se stesso ma di inserirsi in un progetto pi\u00f9 ampio che inizia con una richiesta di aiuto da parte di Babbo Natale.<\/p>\n<p class=\"p1\">Se l\u2019anno scorso i bambini, diventati apprendisti folletti, hanno realizzato piccoli manufatti che sono stati spediti al quartier generale di Babbo Natale al Polo Nord nei giorni successivi all\u2019evento, <strong>quest\u2019anno il suo desiderio si rivolge ai bambini della Comunit\u00e0 Villa Giuditta di via Campigli<\/strong>: Babbo Natale ha chiesto ai bambini della Scuola dell&#8217;Infanzia Divina Provvidenza (e non solo! La Fabbrica \u00e8 aperta a tutti!) di realizzare decorazioni da donare ai bambini della Comunit\u00e0, per allestire e decorare i loro ambienti.<\/p>\n<p class=\"p1\">L&#8217;intento rimane quello di dare la possibilit\u00e0 ai bambini di attendere il Natale non solo ricevendo ma anche donando, e facendo quindi un gesto gentile nei confronti di altri bambini.<\/p>\n<p class=\"p1\">Il ricavato sar\u00e0 utilizzato dall\u2019Associazione Amici dell\u2019Asilo Divina Provvidenza per supportare la Scuola dell\u2019Infanzia nelle sue necessit\u00e0.<\/p>\n","protected":false},"excerpt":{"rendered":"<p>In occasione del mercatino i prossimi 3 e 4 dicembre, la scuola dell&#8217;infanzia Divina Provvidenza offrir\u00e0 laboratori creativi a tema. I lavoretti abbelliranno la  Comunit\u00e0 Villa Giuditta di via Campigli<\/p>\n","protected":false},"author":33,"featured_media":0,"comment_status":"open","ping_status":"open","sticky":false,"template":"","format":"standard","meta":{"footnotes":""},"categories":[23,21,2],"tags":[2003,64100],"acf":[],"yoast_head":"<!-- This site is optimized with the Yoast SEO plugin v20.1 - https:\/\/yoast.com\/wordpress\/plugins\/seo\/ -->\n<title>A Casbeno apre le porte il laboratorio di Babbo Natale<\/title>\n<meta name=\"description\" content=\"In occasione del mercatino i prossimi 3 e 4 dicembre, la scuola dell&#039;infanzia Divina Provvidenza offrir\u00e0 laboratori creativi a tema. I lavoretti abbelliranno la Comunit\u00e0 Villa Giuditta di via Campigli\" \/>\n<meta name=\"robots\" content=\"noindex, follow, max-snippet:-1, max-image-preview:large, max-video-preview:-1\" \/>\n<meta property=\"og:locale\" content=\"it_IT\" \/>\n<meta property=\"og:type\" content=\"article\" \/>\n<meta property=\"og:title\" content=\"A Casbeno apre le porte il laboratorio di Babbo Natale\" \/>\n<meta property=\"og:description\" content=\"In occasione del mercatino i prossimi 3 e 4 dicembre, la scuola dell&#039;infanzia Divina Provvidenza offrir\u00e0 laboratori creativi a tema. I lavoretti abbelliranno la Comunit\u00e0 Villa Giuditta di via Campigli\" \/>\n<meta property=\"og:url\" content=\"https:\/\/staging.varesenews.it\/2016\/11\/a-casbeno-apre-le-porte-il-laboratorio-di-babbo-natale\/573238\/\" \/>\n<meta property=\"og:site_name\" content=\"VareseNews\" \/>\n<meta property=\"article:publisher\" content=\"https:\/\/www.facebook.com\/varesenews\" \/>\n<meta property=\"article:author\" content=\"alessandra.toni7\" \/>\n<meta property=\"article:published_time\" content=\"2016-11-29T11:39:00+00:00\" \/>\n<meta name=\"author\" content=\"Alessandra Toni\" \/>\n<meta name=\"twitter:card\" content=\"summary_large_image\" \/>\n<meta name=\"twitter:creator\" content=\"@alessandra_toni\" \/>\n<meta name=\"twitter:site\" content=\"@varesenews\" \/>\n<meta name=\"twitter:label1\" content=\"Scritto da\" \/>\n\t<meta name=\"twitter:data1\" content=\"Alessandra Toni\" \/>\n\t<meta name=\"twitter:label2\" content=\"Tempo di lettura stimato\" \/>\n\t<meta name=\"twitter:data2\" content=\"1 minuto\" \/>\n<script type=\"application\/ld+json\" class=\"yoast-schema-graph\">{\"@context\":\"https:\/\/schema.org\",\"@graph\":[{\"@type\":\"WebPage\",\"@id\":\"https:\/\/staging.varesenews.it\/2016\/11\/a-casbeno-apre-le-porte-il-laboratorio-di-babbo-natale\/573238\/\",\"url\":\"https:\/\/staging.varesenews.it\/2016\/11\/a-casbeno-apre-le-porte-il-laboratorio-di-babbo-natale\/573238\/\",\"name\":\"A Casbeno apre le porte il laboratorio di Babbo Natale\",\"isPartOf\":{\"@id\":\"https:\/\/staging.varesenews.it\/#website\"},\"datePublished\":\"2016-11-29T11:39:00+00:00\",\"dateModified\":\"2016-11-29T11:39:00+00:00\",\"author\":{\"@id\":\"https:\/\/staging.varesenews.it\/#\/schema\/person\/2643ce123d4a3c9511e015dc548779b8\"},\"description\":\"In occasione del mercatino i prossimi 3 e 4 dicembre, la scuola dell'infanzia Divina Provvidenza offrir\u00e0 laboratori creativi a tema. I lavoretti abbelliranno la Comunit\u00e0 Villa Giuditta di via Campigli\",\"breadcrumb\":{\"@id\":\"https:\/\/staging.varesenews.it\/2016\/11\/a-casbeno-apre-le-porte-il-laboratorio-di-babbo-natale\/573238\/#breadcrumb\"},\"inLanguage\":\"it-IT\",\"potentialAction\":[{\"@type\":\"ReadAction\",\"target\":[\"https:\/\/staging.varesenews.it\/2016\/11\/a-casbeno-apre-le-porte-il-laboratorio-di-babbo-natale\/573238\/\"]}]},{\"@type\":\"BreadcrumbList\",\"@id\":\"https:\/\/staging.varesenews.it\/2016\/11\/a-casbeno-apre-le-porte-il-laboratorio-di-babbo-natale\/573238\/#breadcrumb\",\"itemListElement\":[{\"@type\":\"ListItem\",\"position\":1,\"name\":\"Home\",\"item\":\"https:\/\/www.varesenews.it\/\"},{\"@type\":\"ListItem\",\"position\":2,\"name\":\"A Casbeno apre le porte il laboratorio di Babbo Natale\"}]},{\"@type\":\"WebSite\",\"@id\":\"https:\/\/staging.varesenews.it\/#website\",\"url\":\"https:\/\/staging.varesenews.it\/\",\"name\":\"VareseNews\",\"description\":\"\",\"potentialAction\":[{\"@type\":\"SearchAction\",\"target\":{\"@type\":\"EntryPoint\",\"urlTemplate\":\"https:\/\/staging.varesenews.it\/?s={search_term_string}\"},\"query-input\":\"required name=search_term_string\"}],\"inLanguage\":\"it-IT\"},{\"@type\":\"Person\",\"@id\":\"https:\/\/staging.varesenews.it\/#\/schema\/person\/2643ce123d4a3c9511e015dc548779b8\",\"name\":\"Alessandra Toni\",\"image\":{\"@type\":\"ImageObject\",\"inLanguage\":\"it-IT\",\"@id\":\"https:\/\/staging.varesenews.it\/#\/schema\/person\/image\/\",\"url\":\"https:\/\/staging.varesenews.it\/wp-content\/uploads\/2020\/12\/alessandra_toni_colori_500.jpg\",\"contentUrl\":\"https:\/\/staging.varesenews.it\/wp-content\/uploads\/2020\/12\/alessandra_toni_colori_500.jpg\",\"caption\":\"Alessandra Toni\"},\"description\":\"Sono entrata nella redazione di VareseNews nel lontano anno 2000. Ero reduce da una bellissima esperienza nella redazione giornalistica della TV Nuova Antennatre, sotto la direzione dell'indimenticabile direttore Adolfo Caldarini. Sono arrivata quando era ancora una piccola realt\u00e0 editoriale e insieme abbiamo fatto un lungo ed entusiasmante lavoro. Mi occupo prevalentemente di scuola e di sanit\u00e0, settori impegnativi di grande valore sociale.\u00a0\",\"sameAs\":[\"alessandra.toni7\",\"alessandra.toni\",\"https:\/\/twitter.com\/alessandra_toni\"],\"url\":\"https:\/\/staging.varesenews.it\/persona\/alessandra_toni1\/\"}]}<\/script>\n<!-- \/ Yoast SEO plugin. -->","yoast_head_json":{"title":"A Casbeno apre le porte il laboratorio di Babbo Natale","description":"In occasione del mercatino i prossimi 3 e 4 dicembre, la scuola dell'infanzia Divina Provvidenza offrir\u00e0 laboratori creativi a tema. I lavoretti abbelliranno la Comunit\u00e0 Villa Giuditta di via Campigli","robots":{"index":"noindex","follow":"follow","max-snippet":"max-snippet:-1","max-image-preview":"max-image-preview:large","max-video-preview":"max-video-preview:-1"},"og_locale":"it_IT","og_type":"article","og_title":"A Casbeno apre le porte il laboratorio di Babbo Natale","og_description":"In occasione del mercatino i prossimi 3 e 4 dicembre, la scuola dell'infanzia Divina Provvidenza offrir\u00e0 laboratori creativi a tema. I lavoretti abbelliranno la Comunit\u00e0 Villa Giuditta di via Campigli","og_url":"https:\/\/staging.varesenews.it\/2016\/11\/a-casbeno-apre-le-porte-il-laboratorio-di-babbo-natale\/573238\/","og_site_name":"VareseNews","article_publisher":"https:\/\/www.facebook.com\/varesenews","article_author":"alessandra.toni7","article_published_time":"2016-11-29T11:39:00+00:00","author":"Alessandra Toni","twitter_card":"summary_large_image","twitter_creator":"@alessandra_toni","twitter_site":"@varesenews","twitter_misc":{"Scritto da":"Alessandra Toni","Tempo di lettura stimato":"1 minuto"},"schema":{"@context":"https:\/\/schema.org","@graph":[{"@type":"WebPage","@id":"https:\/\/staging.varesenews.it\/2016\/11\/a-casbeno-apre-le-porte-il-laboratorio-di-babbo-natale\/573238\/","url":"https:\/\/staging.varesenews.it\/2016\/11\/a-casbeno-apre-le-porte-il-laboratorio-di-babbo-natale\/573238\/","name":"A Casbeno apre le porte il laboratorio di Babbo Natale","isPartOf":{"@id":"https:\/\/staging.varesenews.it\/#website"},"datePublished":"2016-11-29T11:39:00+00:00","dateModified":"2016-11-29T11:39:00+00:00","author":{"@id":"https:\/\/staging.varesenews.it\/#\/schema\/person\/2643ce123d4a3c9511e015dc548779b8"},"description":"In occasione del mercatino i prossimi 3 e 4 dicembre, la scuola dell'infanzia Divina Provvidenza offrir\u00e0 laboratori creativi a tema. I lavoretti abbelliranno la Comunit\u00e0 Villa Giuditta di via Campigli","breadcrumb":{"@id":"https:\/\/staging.varesenews.it\/2016\/11\/a-casbeno-apre-le-porte-il-laboratorio-di-babbo-natale\/573238\/#breadcrumb"},"inLanguage":"it-IT","potentialAction":[{"@type":"ReadAction","target":["https:\/\/staging.varesenews.it\/2016\/11\/a-casbeno-apre-le-porte-il-laboratorio-di-babbo-natale\/573238\/"]}]},{"@type":"BreadcrumbList","@id":"https:\/\/staging.varesenews.it\/2016\/11\/a-casbeno-apre-le-porte-il-laboratorio-di-babbo-natale\/573238\/#breadcrumb","itemListElement":[{"@type":"ListItem","position":1,"name":"Home","item":"https:\/\/www.varesenews.it\/"},{"@type":"ListItem","position":2,"name":"A Casbeno apre le porte il laboratorio di Babbo Natale"}]},{"@type":"WebSite","@id":"https:\/\/staging.varesenews.it\/#website","url":"https:\/\/staging.varesenews.it\/","name":"VareseNews","description":"","potentialAction":[{"@type":"SearchAction","target":{"@type":"EntryPoint","urlTemplate":"https:\/\/staging.varesenews.it\/?s={search_term_string}"},"query-input":"required name=search_term_string"}],"inLanguage":"it-IT"},{"@type":"Person","@id":"https:\/\/staging.varesenews.it\/#\/schema\/person\/2643ce123d4a3c9511e015dc548779b8","name":"Alessandra Toni","image":{"@type":"ImageObject","inLanguage":"it-IT","@id":"https:\/\/staging.varesenews.it\/#\/schema\/person\/image\/","url":"https:\/\/staging.varesenews.it\/wp-content\/uploads\/2020\/12\/alessandra_toni_colori_500.jpg","contentUrl":"https:\/\/staging.varesenews.it\/wp-content\/uploads\/2020\/12\/alessandra_toni_colori_500.jpg","caption":"Alessandra Toni"},"description":"Sono entrata nella redazione di VareseNews nel lontano anno 2000. Ero reduce da una bellissima esperienza nella redazione giornalistica della TV Nuova Antennatre, sotto la direzione dell'indimenticabile direttore Adolfo Caldarini. Sono arrivata quando era ancora una piccola realt\u00e0 editoriale e insieme abbiamo fatto un lungo ed entusiasmante lavoro. Mi occupo prevalentemente di scuola e di sanit\u00e0, settori impegnativi di grande valore sociale.\u00a0","sameAs":["alessandra.toni7","alessandra.toni","https:\/\/twitter.com\/alessandra_toni"],"url":"https:\/\/staging.varesenews.it\/persona\/alessandra_toni1\/"}]}},"post_meta":{"_edit_lock":"1480419426:33","_edit_last":"33","_category_permalink":"23","wdfb_og_title":"","wdfb_og_type":"","wdfb_og_description":"","wdfb_og_images":"a:1:{i:0;s:0:\"\";}","wdfb_og_custom_name":"a:1:{i:0;s:0:\"\";}","wdfb_og_custom_value":"a:1:{i:0;s:0:\"\";}","foto":"581709","firma_come_redazione":"1","argomento":"Varese","_yoast_wpseo_focuskw":"natale","_jd_twitter":"","_jd_tweet_this":"yes","ratings_users":"0","ratings_score":"0","ratings_average":"0","_wpt_short_url":"http:\/\/www.varesenews.it\/2016\/11\/a-casbeno-apre-le-porte-il-laboratorio-di-babbo-natale\/573238\/","_wp_jd_target":"http:\/\/www.varesenews.it\/2016\/11\/a-casbeno-apre-le-porte-il-laboratorio-di-babbo-natale\/573238\/","_jd_wp_twitter":"a:1:{i:0;s:171:\"A Casbeno apre le porte il laboratorio di Babbo Natale http:\/\/www.varesenews.it\/2016\/11\/a-casbeno-apre-le-porte-il-laboratorio-di-babbo-natale\/573238\/ #casbeno #natale2016\";}","_wpt_status_message":"Tweet inviato con successo.","_yoast_wpseo_linkdex":"62"},"photos":[{"original":"https:\/\/staging.varesenews.it\/photogallery_new\/images\/2016\/11\/laboratorio-asilo-provvidenza-581709.jpg","full":"https:\/\/staging.varesenews.it\/photogallery_new\/images\/2016\/11\/laboratorio-asilo-provvidenza-581709.1024x768.jpg","large":"https:\/\/staging.varesenews.it\/photogallery_new\/images\/2016\/11\/laboratorio-asilo-provvidenza-581709.610x431.jpg"}],"_links":{"self":[{"href":"https:\/\/staging.varesenews.it\/swgapi\/v1\/wp\/v2\/posts\/573238"}],"collection":[{"href":"https:\/\/staging.varesenews.it\/swgapi\/v1\/wp\/v2\/posts"}],"about":[{"href":"https:\/\/staging.varesenews.it\/swgapi\/v1\/wp\/v2\/types\/post"}],"author":[{"embeddable":true,"href":"https:\/\/staging.varesenews.it\/swgapi\/v1\/wp\/v2\/users\/33"}],"replies":[{"embeddable":true,"href":"https:\/\/staging.varesenews.it\/swgapi\/v1\/wp\/v2\/comments?post=573238"}],"version-history":[{"count":0,"href":"https:\/\/staging.varesenews.it\/swgapi\/v1\/wp\/v2\/posts\/573238\/revisions"}],"wp:attachment":[{"href":"https:\/\/staging.varesenews.it\/swgapi\/v1\/wp\/v2\/media?parent=573238"}],"wp:term":[{"taxonomy":"category","embeddable":true,"href":"https:\/\/staging.varesenews.it\/swgapi\/v1\/wp\/v2\/categories?post=573238"},{"taxonomy":"post_tag","embeddable":true,"href":"https:\/\/staging.varesenews.it\/swgapi\/v1\/wp\/v2\/tags?post=573238"}],"curies":[{"name":"wp","href":"https:\/\/api.w.org\/{rel}","templated":true}]}}