{"id":573372,"date":"2016-12-08T07:00:22","date_gmt":"2016-12-08T06:00:22","guid":{"rendered":"http:\/\/www.varesenews.it\/?p=573372"},"modified":"2016-12-08T08:44:40","modified_gmt":"2016-12-08T07:44:40","slug":"lucino-dolcifeste-va-in-tournee","status":"publish","type":"post","link":"https:\/\/staging.varesenews.it\/2016\/12\/lucino-dolcifeste-va-in-tournee\/573372\/","title":{"rendered":"Lucino Dolcifeste va in tourn\u00e9e"},"content":{"rendered":"<p><strong>Lucino<\/strong> guarda la strada: sembra non finire mai e si perde, laggi\u00f9, proprio dove la discesa si fa pi\u00f9 faticosa. <strong>Babbo Natale<\/strong> avr\u00e0 di che sudare quest\u2019anno, ma le renne sono animali tenaci e i loro zoccoli non toccano terra.<br \/>\nDicembre \u00e8 arrivato e <strong>Ciuffodivolpe, Passostanco, Mordimordi e Monopoli<\/strong> suonano alla\u00a0 porta. Gli amici di Lucino hanno gli occhi scintillanti come se fossero di brina e una riserva di eccitazione da portare un razzo sulla Luna. E invece di scambiarsi figurine, si mettono a capannello e si regalano i sogni della notte. Una novit\u00e0 grossa da raccontare, Lucino ce l\u2019ha: \u00abSapete ragazzi, hanno scritto un libro su di me. Si intitola \u201c<a title=\"Alla Feltrinelli parler\u00e0 Lucino Dolcifeste\" href=\"http:\/\/www.varesenews.it\/2016\/09\/alla-feltrinelli-parlera-lucino-dolcifeste\/551139\/\"><strong>Il Natale strabilievole di Lucino Dolcifeste<\/strong><\/a>\u201d. Non so a chi sia venuta questa idea fantamitica, ma mi piace. E mi hanno detto che ne parleranno. Ne parleranno davanti a tutti. Non so che fare\u00bb.<\/p>\n<p>\u00ab<strong>Ma dove, quando, come ne parleranno<\/strong>?\u00bb, dice <strong>Passostanco<\/strong> che gi\u00e0 si preoccupa di quanta strada dovr\u00e0 fare per seguire l\u2019amico Lucino.<br \/>\n\u00abIn due occasioni diverse \u2013 incalza Lucino-.<strong> L\u20198 dicembre a Biandronno<\/strong>, a <strong>Villa Borghi<\/strong>, alle\u00a0<strong> 15.30 i<\/strong>n occasione dei mercatini di Natale. Tanta gente si \u00e8 data da fare: la Pro Loco, l\u2019associazione Teatrale \u201cViaggiatorinsogno\u201d, il circolo culturale \u201cDe Biandronn\u201d. Poi il <strong>10 dicembre alla biblioteca comunale di Vergiate<\/strong>, alle <strong>16<\/strong> in un pomeriggio tutto dedicato ai bambini. Qui, addirittura, l\u2019assessore alla cultura <strong>Antonella Paccini<\/strong> ha coinvolto l\u2019assessore all\u2019istruzione <strong>Stefania Gentile<\/strong> per leggere qualche passaggio del libro. Non vi nascondo che sono un po\u2019 spaventato!\u00bb.<\/p>\n<p>\u00abWow, ma non sai che <strong>potresti diventare famoso<\/strong>?\u00bb, interviene Monopoli che in fatto di successo se ne intende. Suo padre \u00e8 il proprietario di mezza Biumino, la frazione alle porte di Voltalatta dove Lucino vive con la sua famiglia, e sa quanto conti la simpatia del pubblico.<\/p>\n<p>\u00abIl pubblico \u00e8 sempre un problema\u00bb sottolinea buffoscamente <strong>Mordimordi<\/strong> con una rotella di liquimenta in bocca. \u00abNon sai mai come potrebbe finire: ma tu ci sarai?\u00bb.<\/p>\n<p>\u00abNon so ancora: queste cose mi mettono un\u2019ansia addosso. Sapete, il mio Natale \u00e8 sempre stato speciale e cos\u00ec vorrei che fosse per tutti i ragazzini della nostra et\u00e0\u00bb, dice Lucino.<\/p>\n<p>\u00abMa noi non abbiamo et\u00e0\u00bb, sbotta gentilmente <strong>Ciuffodivolpe<\/strong> con quella cotonatura ai capelli a met\u00e0 strada tra Elvis Presley e le attrici degli anni Sessanta.<\/p>\n<p>\u00ab\u00c8\u00a0proprio cos\u00ec \u2013 rimarca Monopoli. Non abbiamo et\u00e0, quindi suppongo che \u201cIl Natale strabilievole di Lucino Dolcifeste\u201d sia adatto a tutti. Pensa che bello: tutti intorno ad un tavolo, o davanti al camino, a leggere insieme: pap\u00e0 e mamma con i loro figlioletti, i nonni con i nipoti, gli zii e i cugini. Ma \u00e8 semplicemente meravigliante, non credi Lucino?\u00bb.<\/p>\n<p>\u00ab<strong>Meravigliante<\/strong> mi mancava: aspetta che me lo segno Monopoli. Ma veniamo al dunque: se gli amici si vedono nel momento del bisogno, qui dovete darmi una mano. Come solo voi potete fare. Dobbiamo dirlo a tutti. Ma proprio a tutti. E non dobbiamo dimenticare nessuno. Questa dev\u2019essere la nostra missione natalizia: l\u20198 a Biandronno e il 10 a Vergiate, mi raccomando!\u00bb.<br \/>\n\u00abIo un\u2019idea ce l\u2019ho \u2013 sintetizza Mordimordi -. Organizziamo un autobus: vedrai quanta gente Lucino!\u00bb.<\/p>\n<p>Beh, a questo punto \u00e8 meglio salutare i nostri lettori: non vorremmo che la fantasia di questi nostri amici ci causi qualche imbarazzo di troppo. Vi basti sapere che siete tutti invitati e, volentierissimamente, vi saluteremo di buon grado sia a Biandronno che a Vergiate.<\/p>\n","protected":false},"excerpt":{"rendered":"<p>Il protagonista del racconto scritto da Davide Ielmini e pubblicato da Macchione \u00e8 atteso a l\u20198 dicembre a Biandronno, a Villa Borghi, e il 10 dicembre alla biblioteca comunale di Vergiate <\/p>\n","protected":false},"author":10,"featured_media":0,"comment_status":"open","ping_status":"open","sticky":false,"template":"","format":"standard","meta":{"footnotes":""},"categories":[23,18,2],"tags":[767,63847,64100,51242],"acf":[],"yoast_head":"<!-- This site is optimized with the Yoast SEO plugin v20.1 - https:\/\/yoast.com\/wordpress\/plugins\/seo\/ -->\n<title>Lucino Dolcifeste va in tourn\u00e9e<\/title>\n<meta name=\"description\" content=\"Il protagonista del racconto scritto da Davide Ielmini e pubblicato da Macchione \u00e8 atteso a l\u20198 dicembre a Biandronno, a Villa Borghi, e il 10 dicembre alla biblioteca comunale di Vergiate\" \/>\n<meta name=\"robots\" content=\"noindex, follow, max-snippet:-1, max-image-preview:large, max-video-preview:-1\" \/>\n<meta property=\"og:locale\" content=\"it_IT\" \/>\n<meta property=\"og:type\" content=\"article\" \/>\n<meta property=\"og:title\" content=\"Lucino Dolcifeste va in tourn\u00e9e\" \/>\n<meta property=\"og:description\" content=\"Il protagonista del racconto scritto da Davide Ielmini e pubblicato da Macchione \u00e8 atteso a l\u20198 dicembre a Biandronno, a Villa Borghi, e il 10 dicembre alla biblioteca comunale di Vergiate\" \/>\n<meta property=\"og:url\" content=\"https:\/\/staging.varesenews.it\/2016\/12\/lucino-dolcifeste-va-in-tournee\/573372\/\" \/>\n<meta property=\"og:site_name\" content=\"VareseNews\" \/>\n<meta property=\"article:publisher\" content=\"https:\/\/www.facebook.com\/varesenews\" \/>\n<meta property=\"article:published_time\" content=\"2016-12-08T06:00:22+00:00\" \/>\n<meta property=\"article:modified_time\" content=\"2016-12-08T07:44:40+00:00\" \/>\n<meta name=\"author\" content=\"Redazione VareseNews\" \/>\n<meta name=\"twitter:card\" content=\"summary_large_image\" \/>\n<meta name=\"twitter:creator\" content=\"@varesenews\" \/>\n<meta name=\"twitter:site\" content=\"@varesenews\" \/>\n<meta name=\"twitter:label1\" content=\"Scritto da\" \/>\n\t<meta name=\"twitter:data1\" content=\"Redazione VareseNews\" \/>\n\t<meta name=\"twitter:label2\" content=\"Tempo di lettura stimato\" \/>\n\t<meta name=\"twitter:data2\" content=\"3 minuti\" \/>\n<script type=\"application\/ld+json\" class=\"yoast-schema-graph\">{\"@context\":\"https:\/\/schema.org\",\"@graph\":[{\"@type\":\"WebPage\",\"@id\":\"https:\/\/staging.varesenews.it\/2016\/12\/lucino-dolcifeste-va-in-tournee\/573372\/\",\"url\":\"https:\/\/staging.varesenews.it\/2016\/12\/lucino-dolcifeste-va-in-tournee\/573372\/\",\"name\":\"Lucino Dolcifeste va in tourn\u00e9e\",\"isPartOf\":{\"@id\":\"https:\/\/staging.varesenews.it\/#website\"},\"datePublished\":\"2016-12-08T06:00:22+00:00\",\"dateModified\":\"2016-12-08T07:44:40+00:00\",\"author\":{\"@id\":\"https:\/\/staging.varesenews.it\/#\/schema\/person\/fb20c4da0b7b16c291707a20db73e169\"},\"description\":\"Il protagonista del racconto scritto da Davide Ielmini e pubblicato da Macchione \u00e8 atteso a l\u20198 dicembre a Biandronno, a Villa Borghi, e il 10 dicembre alla biblioteca comunale di Vergiate\",\"breadcrumb\":{\"@id\":\"https:\/\/staging.varesenews.it\/2016\/12\/lucino-dolcifeste-va-in-tournee\/573372\/#breadcrumb\"},\"inLanguage\":\"it-IT\",\"potentialAction\":[{\"@type\":\"ReadAction\",\"target\":[\"https:\/\/staging.varesenews.it\/2016\/12\/lucino-dolcifeste-va-in-tournee\/573372\/\"]}]},{\"@type\":\"BreadcrumbList\",\"@id\":\"https:\/\/staging.varesenews.it\/2016\/12\/lucino-dolcifeste-va-in-tournee\/573372\/#breadcrumb\",\"itemListElement\":[{\"@type\":\"ListItem\",\"position\":1,\"name\":\"Home\",\"item\":\"https:\/\/www.varesenews.it\/\"},{\"@type\":\"ListItem\",\"position\":2,\"name\":\"Lucino Dolcifeste va in tourn\u00e9e\"}]},{\"@type\":\"WebSite\",\"@id\":\"https:\/\/staging.varesenews.it\/#website\",\"url\":\"https:\/\/staging.varesenews.it\/\",\"name\":\"VareseNews\",\"description\":\"\",\"potentialAction\":[{\"@type\":\"SearchAction\",\"target\":{\"@type\":\"EntryPoint\",\"urlTemplate\":\"https:\/\/staging.varesenews.it\/?s={search_term_string}\"},\"query-input\":\"required name=search_term_string\"}],\"inLanguage\":\"it-IT\"},{\"@type\":\"Person\",\"@id\":\"https:\/\/staging.varesenews.it\/#\/schema\/person\/fb20c4da0b7b16c291707a20db73e169\",\"name\":\"Redazione VareseNews\",\"image\":{\"@type\":\"ImageObject\",\"inLanguage\":\"it-IT\",\"@id\":\"https:\/\/staging.varesenews.it\/#\/schema\/person\/image\/\",\"url\":\"https:\/\/staging.varesenews.it\/wp-content\/uploads\/2020\/12\/logo_VN_colori_500.png\",\"contentUrl\":\"https:\/\/staging.varesenews.it\/wp-content\/uploads\/2020\/12\/logo_VN_colori_500.png\",\"caption\":\"Redazione VareseNews\"},\"url\":\"https:\/\/staging.varesenews.it\/persona\/redazione1\/\"}]}<\/script>\n<!-- \/ Yoast SEO plugin. -->","yoast_head_json":{"title":"Lucino Dolcifeste va in tourn\u00e9e","description":"Il protagonista del racconto scritto da Davide Ielmini e pubblicato da Macchione \u00e8 atteso a l\u20198 dicembre a Biandronno, a Villa Borghi, e il 10 dicembre alla biblioteca comunale di Vergiate","robots":{"index":"noindex","follow":"follow","max-snippet":"max-snippet:-1","max-image-preview":"max-image-preview:large","max-video-preview":"max-video-preview:-1"},"og_locale":"it_IT","og_type":"article","og_title":"Lucino Dolcifeste va in tourn\u00e9e","og_description":"Il protagonista del racconto scritto da Davide Ielmini e pubblicato da Macchione \u00e8 atteso a l\u20198 dicembre a Biandronno, a Villa Borghi, e il 10 dicembre alla biblioteca comunale di Vergiate","og_url":"https:\/\/staging.varesenews.it\/2016\/12\/lucino-dolcifeste-va-in-tournee\/573372\/","og_site_name":"VareseNews","article_publisher":"https:\/\/www.facebook.com\/varesenews","article_published_time":"2016-12-08T06:00:22+00:00","article_modified_time":"2016-12-08T07:44:40+00:00","author":"Redazione VareseNews","twitter_card":"summary_large_image","twitter_creator":"@varesenews","twitter_site":"@varesenews","twitter_misc":{"Scritto da":"Redazione VareseNews","Tempo di lettura stimato":"3 minuti"},"schema":{"@context":"https:\/\/schema.org","@graph":[{"@type":"WebPage","@id":"https:\/\/staging.varesenews.it\/2016\/12\/lucino-dolcifeste-va-in-tournee\/573372\/","url":"https:\/\/staging.varesenews.it\/2016\/12\/lucino-dolcifeste-va-in-tournee\/573372\/","name":"Lucino Dolcifeste va in tourn\u00e9e","isPartOf":{"@id":"https:\/\/staging.varesenews.it\/#website"},"datePublished":"2016-12-08T06:00:22+00:00","dateModified":"2016-12-08T07:44:40+00:00","author":{"@id":"https:\/\/staging.varesenews.it\/#\/schema\/person\/fb20c4da0b7b16c291707a20db73e169"},"description":"Il protagonista del racconto scritto da Davide Ielmini e pubblicato da Macchione \u00e8 atteso a l\u20198 dicembre a Biandronno, a Villa Borghi, e il 10 dicembre alla biblioteca comunale di Vergiate","breadcrumb":{"@id":"https:\/\/staging.varesenews.it\/2016\/12\/lucino-dolcifeste-va-in-tournee\/573372\/#breadcrumb"},"inLanguage":"it-IT","potentialAction":[{"@type":"ReadAction","target":["https:\/\/staging.varesenews.it\/2016\/12\/lucino-dolcifeste-va-in-tournee\/573372\/"]}]},{"@type":"BreadcrumbList","@id":"https:\/\/staging.varesenews.it\/2016\/12\/lucino-dolcifeste-va-in-tournee\/573372\/#breadcrumb","itemListElement":[{"@type":"ListItem","position":1,"name":"Home","item":"https:\/\/www.varesenews.it\/"},{"@type":"ListItem","position":2,"name":"Lucino Dolcifeste va in tourn\u00e9e"}]},{"@type":"WebSite","@id":"https:\/\/staging.varesenews.it\/#website","url":"https:\/\/staging.varesenews.it\/","name":"VareseNews","description":"","potentialAction":[{"@type":"SearchAction","target":{"@type":"EntryPoint","urlTemplate":"https:\/\/staging.varesenews.it\/?s={search_term_string}"},"query-input":"required name=search_term_string"}],"inLanguage":"it-IT"},{"@type":"Person","@id":"https:\/\/staging.varesenews.it\/#\/schema\/person\/fb20c4da0b7b16c291707a20db73e169","name":"Redazione VareseNews","image":{"@type":"ImageObject","inLanguage":"it-IT","@id":"https:\/\/staging.varesenews.it\/#\/schema\/person\/image\/","url":"https:\/\/staging.varesenews.it\/wp-content\/uploads\/2020\/12\/logo_VN_colori_500.png","contentUrl":"https:\/\/staging.varesenews.it\/wp-content\/uploads\/2020\/12\/logo_VN_colori_500.png","caption":"Redazione VareseNews"},"url":"https:\/\/staging.varesenews.it\/persona\/redazione1\/"}]}},"post_meta":{"_edit_lock":"1481206658:45","_edit_last":"45","ratings_users":"0","ratings_score":"0","ratings_average":"0","_category_permalink":"","wdfb_og_title":"","wdfb_og_type":"","wdfb_og_description":"","wdfb_og_images":"a:1:{i:0;s:0:\"\";}","wdfb_og_custom_name":"a:1:{i:0;s:0:\"\";}","wdfb_og_custom_value":"a:1:{i:0;s:0:\"\";}","foto":"581776","firma_come_redazione":"1","argomento":"Libri","_jd_twitter":"","_jd_tweet_this":"yes","_wpt_short_url":"http:\/\/www.varesenews.it\/2016\/11\/lucino-dolcifeste-va-in-tournee\/573372\/","_wp_jd_target":"http:\/\/www.varesenews.it\/2016\/11\/lucino-dolcifeste-va-in-tournee\/573372\/","_jd_wp_twitter":"a:1:{i:0;s:112:\"Lucino Dolcifeste va in tourn\u00e9e http:\/\/www.varesenews.it\/2016\/11\/lucino-dolcifeste-va-in-tournee\/573372\/ #libri\";}","_wpt_status_message":"Tweet inviato con successo."},"photos":[{"original":"https:\/\/staging.varesenews.it\/photogallery_new\/images\/2016\/11\/lucino-dolcifeste-581776.jpg","full":"https:\/\/staging.varesenews.it\/photogallery_new\/images\/2016\/11\/lucino-dolcifeste-581776.1024x768.jpg","large":"https:\/\/staging.varesenews.it\/photogallery_new\/images\/2016\/11\/lucino-dolcifeste-581776.610x431.jpg"}],"_links":{"self":[{"href":"https:\/\/staging.varesenews.it\/swgapi\/v1\/wp\/v2\/posts\/573372"}],"collection":[{"href":"https:\/\/staging.varesenews.it\/swgapi\/v1\/wp\/v2\/posts"}],"about":[{"href":"https:\/\/staging.varesenews.it\/swgapi\/v1\/wp\/v2\/types\/post"}],"author":[{"embeddable":true,"href":"https:\/\/staging.varesenews.it\/swgapi\/v1\/wp\/v2\/users\/10"}],"replies":[{"embeddable":true,"href":"https:\/\/staging.varesenews.it\/swgapi\/v1\/wp\/v2\/comments?post=573372"}],"version-history":[{"count":0,"href":"https:\/\/staging.varesenews.it\/swgapi\/v1\/wp\/v2\/posts\/573372\/revisions"}],"wp:attachment":[{"href":"https:\/\/staging.varesenews.it\/swgapi\/v1\/wp\/v2\/media?parent=573372"}],"wp:term":[{"taxonomy":"category","embeddable":true,"href":"https:\/\/staging.varesenews.it\/swgapi\/v1\/wp\/v2\/categories?post=573372"},{"taxonomy":"post_tag","embeddable":true,"href":"https:\/\/staging.varesenews.it\/swgapi\/v1\/wp\/v2\/tags?post=573372"}],"curies":[{"name":"wp","href":"https:\/\/api.w.org\/{rel}","templated":true}]}}