{"id":574263,"date":"2016-12-01T18:00:21","date_gmt":"2016-12-01T17:00:21","guid":{"rendered":"http:\/\/www.varesenews.it\/?p=574263"},"modified":"2016-12-01T18:00:21","modified_gmt":"2016-12-01T17:00:21","slug":"seggiolini-auto-novita-per-il-2017","status":"publish","type":"post","link":"https:\/\/staging.varesenews.it\/2016\/12\/seggiolini-auto-novita-per-il-2017\/574263\/","title":{"rendered":"Seggiolini auto, novit\u00e0 per il 2017"},"content":{"rendered":"<p>Novit\u00e0 per chi ha bambini e deve trasportarli in auto.<\/p>\n<p><strong>Dal 2017 infatti sono previste novit\u00e0 per la normativa sui seggiolini auto.<\/strong> Basta rialzi, utilizzati spesso per i bambini vicini ai 150 cm di altezza.<\/p>\n<p><strong>Dall\u2019anno prossimo, infatti, per aumentare la sicurezza dei bambini quando si viaggia, si dovranno utilizzare in base alla normativa R129, rialzi con schienale<\/strong>.<\/p>\n<p><strong>Fino a 1,25 metri di altezza dovranno essere obbligatoriamente trasportati con un rialzo dotato di schienale<\/strong>, cos\u00ec da avere una migliore protezione con la cintura di sicurezza. Successivamente, dall\u2019estate 2017, la norma riguarder\u00e0 molti pi\u00f9 bambini, a partire da 1 metro d\u2019altezza fino a un metro e mezzo. <strong>In pratica tutti i rialzi dovranno avere obbligatoriamente lo schienale<\/strong>. Inoltre, sempre nei mesi estivi del 2017 il sistema Isofix per i bambini da 1 metro a 1 metro e mezzo di altezza non saranno pi\u00f9 obbligatori.<\/p>\n<p><em><strong>Le multe per chi sgarra<\/strong><\/em><\/p>\n<p>Chi non usa il seggiolino incorre in una multa che pu\u00f2 variare da 70 a 285 euro e prevede il taglio di 5 punti sulla patente. La sanzione \u00e8 prevista anche nel caso in cui il seggiolino ci sia ma non rispetti le norme e le omologazioni citate sopra.<\/p>\n<p><strong>Rimangono sempre valide alcune regole di sicurezza generali<\/strong>: come riporta l&#8217;Aci quando si viaggia in auto il bambino \u00e8 pi\u00f9 sicuro sul seggiolino: se non \u00e8 ben assicurato, anche un urto a 15 km\/h pu\u00f2 essere fatale per il piccolo. Da ricordare, poi, che il 40% degli incidenti mortali si verifica su percorsi inferiori ai 3 km, soprattutto in citt\u00e0.<\/p>\n<p>Nel caso di impatto a 56 Km\/h un bambino del peso di 15 kg produce una forza d\u2019urto pari a 225 kg, impossibile trattenerlo con le braccia. <strong>Con cinture e seggiolini si riduce del 90% il rischio di lesioni gravi o mortali.<\/strong><\/p>\n<p>L&#8217;Aci raccomanda diverse accortezze per il trasporto di un bambino in automobile. Innanzitutto, ecco le cose da evitare:<\/p>\n<p>Tenere il piccolo tra le braccia in automobile<br \/>\nUtilizzare un seggiolino danneggiato in un incidente<br \/>\nDare da mangiare lecca-lecca o cibi con il bastoncino: in caso di frenata potrebbero ferire il piccolo<\/p>\n<p>Cosa bisogna invece fare:<\/p>\n<p>Leggere le istruzioni rilasciate dalla casa costruttrice del veicolo sui \u00absistemi di sicurezza\u00bb<br \/>\nLeggere le istruzioni d\u2019uso del seggiolino<br \/>\nDisattivare l\u2019airbag se si monta il seggiolino sul sedile anteriore<br \/>\nAllacciare correttamente le cinture del seggiolino<br \/>\nUsare il seggiolino anche per brevi percorsi<\/p>\n","protected":false},"excerpt":{"rendered":"<p>Dal 2017 infatti sono previste novit\u00e0 per la normativa sui seggiolini auto. Basta rialzi, utilizzati spesso per i bambini vicini ai 150 cm di altezza<\/p>\n","protected":false},"author":39,"featured_media":0,"comment_status":"open","ping_status":"open","sticky":false,"template":"","format":"standard","meta":{"footnotes":""},"categories":[23,9,25],"tags":[66081,66082,66080],"acf":[],"yoast_head":"<!-- This site is optimized with the Yoast SEO plugin v20.1 - https:\/\/yoast.com\/wordpress\/plugins\/seo\/ -->\n<title>Seggiolini auto, novit\u00e0 per il 2017<\/title>\n<meta name=\"description\" content=\"Dal 2017 infatti sono previste novit\u00e0 per la normativa sui seggiolini auto. Basta rialzi, utilizzati spesso per i bambini vicini ai 150 cm di altezza\" \/>\n<meta name=\"robots\" content=\"noindex, follow, max-snippet:-1, max-image-preview:large, max-video-preview:-1\" \/>\n<meta property=\"og:locale\" content=\"it_IT\" \/>\n<meta property=\"og:type\" content=\"article\" \/>\n<meta property=\"og:title\" content=\"Seggiolini auto, novit\u00e0 per il 2017\" \/>\n<meta property=\"og:description\" content=\"Dal 2017 infatti sono previste novit\u00e0 per la normativa sui seggiolini auto. Basta rialzi, utilizzati spesso per i bambini vicini ai 150 cm di altezza\" \/>\n<meta property=\"og:url\" content=\"https:\/\/staging.varesenews.it\/2016\/12\/seggiolini-auto-novita-per-il-2017\/574263\/\" \/>\n<meta property=\"og:site_name\" content=\"VareseNews\" \/>\n<meta property=\"article:publisher\" content=\"https:\/\/www.facebook.com\/varesenews\" \/>\n<meta property=\"article:author\" content=\"https:\/\/www.facebook.com\/tommaso.guidotti.7\" \/>\n<meta property=\"article:published_time\" content=\"2016-12-01T17:00:21+00:00\" \/>\n<meta name=\"author\" content=\"Tommaso Guidotti\" \/>\n<meta name=\"twitter:card\" content=\"summary_large_image\" \/>\n<meta name=\"twitter:creator\" content=\"@tomguidoz\" \/>\n<meta name=\"twitter:site\" content=\"@varesenews\" \/>\n<meta name=\"twitter:label1\" content=\"Scritto da\" \/>\n\t<meta name=\"twitter:data1\" content=\"Tommaso Guidotti\" \/>\n\t<meta name=\"twitter:label2\" content=\"Tempo di lettura stimato\" \/>\n\t<meta name=\"twitter:data2\" content=\"2 minuti\" \/>\n<script type=\"application\/ld+json\" class=\"yoast-schema-graph\">{\"@context\":\"https:\/\/schema.org\",\"@graph\":[{\"@type\":\"WebPage\",\"@id\":\"https:\/\/staging.varesenews.it\/2016\/12\/seggiolini-auto-novita-per-il-2017\/574263\/\",\"url\":\"https:\/\/staging.varesenews.it\/2016\/12\/seggiolini-auto-novita-per-il-2017\/574263\/\",\"name\":\"Seggiolini auto, novit\u00e0 per il 2017\",\"isPartOf\":{\"@id\":\"https:\/\/staging.varesenews.it\/#website\"},\"datePublished\":\"2016-12-01T17:00:21+00:00\",\"dateModified\":\"2016-12-01T17:00:21+00:00\",\"author\":{\"@id\":\"https:\/\/staging.varesenews.it\/#\/schema\/person\/5ae9c65889c40fea73a6c40733b93f8a\"},\"description\":\"Dal 2017 infatti sono previste novit\u00e0 per la normativa sui seggiolini auto. Basta rialzi, utilizzati spesso per i bambini vicini ai 150 cm di altezza\",\"breadcrumb\":{\"@id\":\"https:\/\/staging.varesenews.it\/2016\/12\/seggiolini-auto-novita-per-il-2017\/574263\/#breadcrumb\"},\"inLanguage\":\"it-IT\",\"potentialAction\":[{\"@type\":\"ReadAction\",\"target\":[\"https:\/\/staging.varesenews.it\/2016\/12\/seggiolini-auto-novita-per-il-2017\/574263\/\"]}]},{\"@type\":\"BreadcrumbList\",\"@id\":\"https:\/\/staging.varesenews.it\/2016\/12\/seggiolini-auto-novita-per-il-2017\/574263\/#breadcrumb\",\"itemListElement\":[{\"@type\":\"ListItem\",\"position\":1,\"name\":\"Home\",\"item\":\"https:\/\/www.varesenews.it\/\"},{\"@type\":\"ListItem\",\"position\":2,\"name\":\"Seggiolini auto, novit\u00e0 per il 2017\"}]},{\"@type\":\"WebSite\",\"@id\":\"https:\/\/staging.varesenews.it\/#website\",\"url\":\"https:\/\/staging.varesenews.it\/\",\"name\":\"VareseNews\",\"description\":\"\",\"potentialAction\":[{\"@type\":\"SearchAction\",\"target\":{\"@type\":\"EntryPoint\",\"urlTemplate\":\"https:\/\/staging.varesenews.it\/?s={search_term_string}\"},\"query-input\":\"required name=search_term_string\"}],\"inLanguage\":\"it-IT\"},{\"@type\":\"Person\",\"@id\":\"https:\/\/staging.varesenews.it\/#\/schema\/person\/5ae9c65889c40fea73a6c40733b93f8a\",\"name\":\"Tommaso Guidotti\",\"image\":{\"@type\":\"ImageObject\",\"inLanguage\":\"it-IT\",\"@id\":\"https:\/\/staging.varesenews.it\/#\/schema\/person\/image\/\",\"url\":\"https:\/\/staging.varesenews.it\/wp-content\/uploads\/2020\/12\/tommaso_guidotti_colori_500.jpg\",\"contentUrl\":\"https:\/\/staging.varesenews.it\/wp-content\/uploads\/2020\/12\/tommaso_guidotti_colori_500.jpg\",\"caption\":\"Tommaso Guidotti\"},\"description\":\"Nato a Milano e trasferito nel Varesotto in tenera et&agrave;, sposato con Chiara dal 2012 e padre di due figli, Lorenzo e Alice. Sono laureato in Scienze Politiche e ho nel mio bagaglio lontani studi classici al Liceo Cairoli di Varese. Amo leggere, le serie tv, i viaggi e mi piace sperimentare e conoscere. La passione pi&ugrave; grande? Il calcio, giocato, simulato e guardato: occupo parte del mio tempo libero con quella che &egrave; pi&ugrave; di una squadra di calcio, i Bidone, una vera e propria seconda famiglia con cui ho portato avanti tanti progetti sportivi e benefici. Faccio parte dal 2004 della squadra di VareseNews e sono giornalista professionista dal 2009: per dieci anni ho ricoperto il ruolo di caporedattore. Dal 2019 coordino insieme ad una redazione di giovani collaboratori il nuovo progetto del gruppo nella zona del Saronnese, il giornale SaronnoNews, spin-off di VareseNews, restando comunque radicato al territorio di Casciago, paese che mi ha adottato e che amo moltissimo come il lago di Varese e Cazzago Brabbia, il paese dove ho vissuto da giovane.\",\"sameAs\":[\"https:\/\/www.facebook.com\/tommaso.guidotti.7\",\"tomguidoz80\",\"https:\/\/www.linkedin.com\/profile\/view?id=36891883&authType=name&authToken=9pNm&locale=en_US&goback=npv_36891883_*1_*1_name_9pNm_*1_*1_*1_*1_*1_*1_*1_*1_*1_*1_*1_*1_*1_*1_*1_*1_*1_*1_*1_*1_*1_*1_*1_*1_*1_*1_*1_*1_*1_*1_*1_*1_*1\",\"https:\/\/twitter.com\/tomguidoz\"],\"url\":\"https:\/\/staging.varesenews.it\/persona\/tommaso_guidotti\/\"}]}<\/script>\n<!-- \/ Yoast SEO plugin. -->","yoast_head_json":{"title":"Seggiolini auto, novit\u00e0 per il 2017","description":"Dal 2017 infatti sono previste novit\u00e0 per la normativa sui seggiolini auto. Basta rialzi, utilizzati spesso per i bambini vicini ai 150 cm di altezza","robots":{"index":"noindex","follow":"follow","max-snippet":"max-snippet:-1","max-image-preview":"max-image-preview:large","max-video-preview":"max-video-preview:-1"},"og_locale":"it_IT","og_type":"article","og_title":"Seggiolini auto, novit\u00e0 per il 2017","og_description":"Dal 2017 infatti sono previste novit\u00e0 per la normativa sui seggiolini auto. Basta rialzi, utilizzati spesso per i bambini vicini ai 150 cm di altezza","og_url":"https:\/\/staging.varesenews.it\/2016\/12\/seggiolini-auto-novita-per-il-2017\/574263\/","og_site_name":"VareseNews","article_publisher":"https:\/\/www.facebook.com\/varesenews","article_author":"https:\/\/www.facebook.com\/tommaso.guidotti.7","article_published_time":"2016-12-01T17:00:21+00:00","author":"Tommaso Guidotti","twitter_card":"summary_large_image","twitter_creator":"@tomguidoz","twitter_site":"@varesenews","twitter_misc":{"Scritto da":"Tommaso Guidotti","Tempo di lettura stimato":"2 minuti"},"schema":{"@context":"https:\/\/schema.org","@graph":[{"@type":"WebPage","@id":"https:\/\/staging.varesenews.it\/2016\/12\/seggiolini-auto-novita-per-il-2017\/574263\/","url":"https:\/\/staging.varesenews.it\/2016\/12\/seggiolini-auto-novita-per-il-2017\/574263\/","name":"Seggiolini auto, novit\u00e0 per il 2017","isPartOf":{"@id":"https:\/\/staging.varesenews.it\/#website"},"datePublished":"2016-12-01T17:00:21+00:00","dateModified":"2016-12-01T17:00:21+00:00","author":{"@id":"https:\/\/staging.varesenews.it\/#\/schema\/person\/5ae9c65889c40fea73a6c40733b93f8a"},"description":"Dal 2017 infatti sono previste novit\u00e0 per la normativa sui seggiolini auto. Basta rialzi, utilizzati spesso per i bambini vicini ai 150 cm di altezza","breadcrumb":{"@id":"https:\/\/staging.varesenews.it\/2016\/12\/seggiolini-auto-novita-per-il-2017\/574263\/#breadcrumb"},"inLanguage":"it-IT","potentialAction":[{"@type":"ReadAction","target":["https:\/\/staging.varesenews.it\/2016\/12\/seggiolini-auto-novita-per-il-2017\/574263\/"]}]},{"@type":"BreadcrumbList","@id":"https:\/\/staging.varesenews.it\/2016\/12\/seggiolini-auto-novita-per-il-2017\/574263\/#breadcrumb","itemListElement":[{"@type":"ListItem","position":1,"name":"Home","item":"https:\/\/www.varesenews.it\/"},{"@type":"ListItem","position":2,"name":"Seggiolini auto, novit\u00e0 per il 2017"}]},{"@type":"WebSite","@id":"https:\/\/staging.varesenews.it\/#website","url":"https:\/\/staging.varesenews.it\/","name":"VareseNews","description":"","potentialAction":[{"@type":"SearchAction","target":{"@type":"EntryPoint","urlTemplate":"https:\/\/staging.varesenews.it\/?s={search_term_string}"},"query-input":"required name=search_term_string"}],"inLanguage":"it-IT"},{"@type":"Person","@id":"https:\/\/staging.varesenews.it\/#\/schema\/person\/5ae9c65889c40fea73a6c40733b93f8a","name":"Tommaso Guidotti","image":{"@type":"ImageObject","inLanguage":"it-IT","@id":"https:\/\/staging.varesenews.it\/#\/schema\/person\/image\/","url":"https:\/\/staging.varesenews.it\/wp-content\/uploads\/2020\/12\/tommaso_guidotti_colori_500.jpg","contentUrl":"https:\/\/staging.varesenews.it\/wp-content\/uploads\/2020\/12\/tommaso_guidotti_colori_500.jpg","caption":"Tommaso Guidotti"},"description":"Nato a Milano e trasferito nel Varesotto in tenera et&agrave;, sposato con Chiara dal 2012 e padre di due figli, Lorenzo e Alice. Sono laureato in Scienze Politiche e ho nel mio bagaglio lontani studi classici al Liceo Cairoli di Varese. Amo leggere, le serie tv, i viaggi e mi piace sperimentare e conoscere. La passione pi&ugrave; grande? Il calcio, giocato, simulato e guardato: occupo parte del mio tempo libero con quella che &egrave; pi&ugrave; di una squadra di calcio, i Bidone, una vera e propria seconda famiglia con cui ho portato avanti tanti progetti sportivi e benefici. Faccio parte dal 2004 della squadra di VareseNews e sono giornalista professionista dal 2009: per dieci anni ho ricoperto il ruolo di caporedattore. Dal 2019 coordino insieme ad una redazione di giovani collaboratori il nuovo progetto del gruppo nella zona del Saronnese, il giornale SaronnoNews, spin-off di VareseNews, restando comunque radicato al territorio di Casciago, paese che mi ha adottato e che amo moltissimo come il lago di Varese e Cazzago Brabbia, il paese dove ho vissuto da giovane.","sameAs":["https:\/\/www.facebook.com\/tommaso.guidotti.7","tomguidoz80","https:\/\/www.linkedin.com\/profile\/view?id=36891883&authType=name&authToken=9pNm&locale=en_US&goback=npv_36891883_*1_*1_name_9pNm_*1_*1_*1_*1_*1_*1_*1_*1_*1_*1_*1_*1_*1_*1_*1_*1_*1_*1_*1_*1_*1_*1_*1_*1_*1_*1_*1_*1_*1_*1_*1_*1_*1","https:\/\/twitter.com\/tomguidoz"],"url":"https:\/\/staging.varesenews.it\/persona\/tommaso_guidotti\/"}]}},"post_meta":{"_edit_lock":"1480611489:39","_edit_last":"39","ratings_users":"0","ratings_score":"0","ratings_average":"0","_category_permalink":"","wdfb_og_title":"","wdfb_og_type":"","wdfb_og_description":"","wdfb_og_images":"a:1:{i:0;s:0:\"\";}","wdfb_og_custom_name":"a:1:{i:0;s:0:\"\";}","wdfb_og_custom_value":"a:1:{i:0;s:0:\"\";}","foto":"289106","firma_come_redazione":"1","argomento":"Norme","_jd_twitter":"","_jd_tweet_this":"yes","_wpt_short_url":"http:\/\/www.varesenews.it\/2016\/12\/seggiolini-auto-novita-per-il-2017\/574263\/","_wp_jd_target":"http:\/\/www.varesenews.it\/2016\/12\/seggiolini-auto-novita-per-il-2017\/574263\/","_jd_wp_twitter":"a:1:{i:0;s:142:\"Seggiolini auto, novit\u00e0 per il 2017 http:\/\/www.varesenews.it\/2016\/12\/seggiolini-auto-novita-per-il-2017\/574263\/ #leggi #norme #seggioliniauto\";}","_wpt_status_message":"Tweet inviato con successo."},"photos":[{"original":"https:\/\/staging.varesenews.it\/photogallery_new\/images\/2006\/04\/seggiolini-auto-sicurezza-289106.jpg","full":"https:\/\/staging.varesenews.it\/photogallery_new\/images\/2006\/04\/seggiolini-auto-sicurezza-289106.1024x768.jpg","large":"https:\/\/staging.varesenews.it\/photogallery_new\/images\/2006\/04\/seggiolini-auto-sicurezza-289106.610x431.jpg"}],"_links":{"self":[{"href":"https:\/\/staging.varesenews.it\/swgapi\/v1\/wp\/v2\/posts\/574263"}],"collection":[{"href":"https:\/\/staging.varesenews.it\/swgapi\/v1\/wp\/v2\/posts"}],"about":[{"href":"https:\/\/staging.varesenews.it\/swgapi\/v1\/wp\/v2\/types\/post"}],"author":[{"embeddable":true,"href":"https:\/\/staging.varesenews.it\/swgapi\/v1\/wp\/v2\/users\/39"}],"replies":[{"embeddable":true,"href":"https:\/\/staging.varesenews.it\/swgapi\/v1\/wp\/v2\/comments?post=574263"}],"version-history":[{"count":0,"href":"https:\/\/staging.varesenews.it\/swgapi\/v1\/wp\/v2\/posts\/574263\/revisions"}],"wp:attachment":[{"href":"https:\/\/staging.varesenews.it\/swgapi\/v1\/wp\/v2\/media?parent=574263"}],"wp:term":[{"taxonomy":"category","embeddable":true,"href":"https:\/\/staging.varesenews.it\/swgapi\/v1\/wp\/v2\/categories?post=574263"},{"taxonomy":"post_tag","embeddable":true,"href":"https:\/\/staging.varesenews.it\/swgapi\/v1\/wp\/v2\/tags?post=574263"}],"curies":[{"name":"wp","href":"https:\/\/api.w.org\/{rel}","templated":true}]}}