{"id":574750,"date":"2016-12-02T23:35:38","date_gmt":"2016-12-02T22:35:38","guid":{"rendered":"http:\/\/www.varesenews.it\/?p=574750"},"modified":"2016-12-02T23:35:38","modified_gmt":"2016-12-02T22:35:38","slug":"notte-di-musica-per-santelia","status":"publish","type":"post","link":"https:\/\/staging.varesenews.it\/2016\/12\/notte-di-musica-per-santelia\/574750\/","title":{"rendered":"Notte di musica per Sant&#8217;Elia"},"content":{"rendered":"<p>Raduno di bande e corali per il concerto in progamma <strong>sabato 3 dicembre alle 20.45<\/strong> nella chiesa di Santo Stefano a Viggi\u00f9.<\/p>\n<p><strong>&#8220;Sant&#8217;Elia in musica&#8221;<\/strong>, organizzato dalla Comunit\u00e0 pastorale con il patrocinio del Comune di Viggi\u00f9, vedr\u00e0 impegnati \u00a0la corale San Giorgio di Saltrio, il Coro Stella Alpina Valceresio, la Corale Regina Pacis di Baraggia, la Filarmonica Giacomo Puccini di Viggi\u00f9 e la Corale Santa Cecilia di Viggi\u00f9.<\/p>\n<p>Kristopher Gjoni al pianoforte e Davide Tad\u00e8 al violino saranno ospiti dell&#8217;evento.\u00a0Presenta la serata Marta Ziggiotti.<\/p>\n<p><strong>Ingresso libero.<\/strong><\/p>\n","protected":false},"excerpt":{"rendered":"<p>Raduno di bande e corali per il concerto in progamma sabato 3 dicembre alle 20.45 nella chiesa di Santo Stefano a Viggi\u00f9<\/p>\n","protected":false},"author":44,"featured_media":0,"comment_status":"open","ping_status":"open","sticky":false,"template":"","format":"standard","meta":{"footnotes":""},"categories":[20,21,2],"tags":[2457,64100,3632,158],"acf":[],"yoast_head":"<!-- This site is optimized with the Yoast SEO plugin v20.1 - https:\/\/yoast.com\/wordpress\/plugins\/seo\/ -->\n<title>Notte di musica per Sant&#039;Elia<\/title>\n<meta name=\"description\" content=\"Raduno di bande e corali per il concerto in progamma sabato 3 dicembre alle 20.45 nella chiesa di Santo Stefano a Viggi\u00f9\" \/>\n<meta name=\"robots\" content=\"noindex, follow, max-snippet:-1, max-image-preview:large, max-video-preview:-1\" \/>\n<meta property=\"og:locale\" content=\"it_IT\" \/>\n<meta property=\"og:type\" content=\"article\" \/>\n<meta property=\"og:title\" content=\"Notte di musica per Sant&#039;Elia\" \/>\n<meta property=\"og:description\" content=\"Raduno di bande e corali per il concerto in progamma sabato 3 dicembre alle 20.45 nella chiesa di Santo Stefano a Viggi\u00f9\" \/>\n<meta property=\"og:url\" content=\"https:\/\/staging.varesenews.it\/2016\/12\/notte-di-musica-per-santelia\/574750\/\" \/>\n<meta property=\"og:site_name\" content=\"VareseNews\" \/>\n<meta property=\"article:publisher\" content=\"https:\/\/www.facebook.com\/varesenews\" \/>\n<meta property=\"article:author\" content=\"https:\/\/www.facebook.com\/mariangela.gerletti\" \/>\n<meta property=\"article:published_time\" content=\"2016-12-02T22:35:38+00:00\" \/>\n<meta name=\"author\" content=\"Mariangela Gerletti\" \/>\n<meta name=\"twitter:card\" content=\"summary_large_image\" \/>\n<meta name=\"twitter:creator\" content=\"@MariGerletti\" \/>\n<meta name=\"twitter:site\" content=\"@varesenews\" \/>\n<meta name=\"twitter:label1\" content=\"Scritto da\" \/>\n\t<meta name=\"twitter:data1\" content=\"Mariangela Gerletti\" \/>\n<script type=\"application\/ld+json\" class=\"yoast-schema-graph\">{\"@context\":\"https:\/\/schema.org\",\"@graph\":[{\"@type\":\"WebPage\",\"@id\":\"https:\/\/staging.varesenews.it\/2016\/12\/notte-di-musica-per-santelia\/574750\/\",\"url\":\"https:\/\/staging.varesenews.it\/2016\/12\/notte-di-musica-per-santelia\/574750\/\",\"name\":\"Notte di musica per Sant'Elia\",\"isPartOf\":{\"@id\":\"https:\/\/staging.varesenews.it\/#website\"},\"datePublished\":\"2016-12-02T22:35:38+00:00\",\"dateModified\":\"2016-12-02T22:35:38+00:00\",\"author\":{\"@id\":\"https:\/\/staging.varesenews.it\/#\/schema\/person\/14f52876ea19bc10d0d2717b6e8f9b89\"},\"description\":\"Raduno di bande e corali per il concerto in progamma sabato 3 dicembre alle 20.45 nella chiesa di Santo Stefano a Viggi\u00f9\",\"breadcrumb\":{\"@id\":\"https:\/\/staging.varesenews.it\/2016\/12\/notte-di-musica-per-santelia\/574750\/#breadcrumb\"},\"inLanguage\":\"it-IT\",\"potentialAction\":[{\"@type\":\"ReadAction\",\"target\":[\"https:\/\/staging.varesenews.it\/2016\/12\/notte-di-musica-per-santelia\/574750\/\"]}]},{\"@type\":\"BreadcrumbList\",\"@id\":\"https:\/\/staging.varesenews.it\/2016\/12\/notte-di-musica-per-santelia\/574750\/#breadcrumb\",\"itemListElement\":[{\"@type\":\"ListItem\",\"position\":1,\"name\":\"Home\",\"item\":\"https:\/\/www.varesenews.it\/\"},{\"@type\":\"ListItem\",\"position\":2,\"name\":\"Notte di musica per Sant&#8217;Elia\"}]},{\"@type\":\"WebSite\",\"@id\":\"https:\/\/staging.varesenews.it\/#website\",\"url\":\"https:\/\/staging.varesenews.it\/\",\"name\":\"VareseNews\",\"description\":\"\",\"potentialAction\":[{\"@type\":\"SearchAction\",\"target\":{\"@type\":\"EntryPoint\",\"urlTemplate\":\"https:\/\/staging.varesenews.it\/?s={search_term_string}\"},\"query-input\":\"required name=search_term_string\"}],\"inLanguage\":\"it-IT\"},{\"@type\":\"Person\",\"@id\":\"https:\/\/staging.varesenews.it\/#\/schema\/person\/14f52876ea19bc10d0d2717b6e8f9b89\",\"name\":\"Mariangela Gerletti\",\"image\":{\"@type\":\"ImageObject\",\"inLanguage\":\"it-IT\",\"@id\":\"https:\/\/staging.varesenews.it\/#\/schema\/person\/image\/\",\"url\":\"https:\/\/staging.varesenews.it\/wp-content\/uploads\/2020\/12\/mariangela.jpeg\",\"contentUrl\":\"https:\/\/staging.varesenews.it\/wp-content\/uploads\/2020\/12\/mariangela.jpeg\",\"caption\":\"Mariangela Gerletti\"},\"description\":\"Da pi&ugrave; di trent'anni mi occupo di giornalismo e comunicazione Varesenews &egrave; il luogo dove ho trovato la passione, l'attenzione e le persone che ogni giorno mi fanno amare un po' di pi&ugrave; questo lavoro di cui non mi stanco mai. Far parte della redazione di Varesenews &egrave; un onore, sostenere il progetto della membership &egrave; un piacere perch&eacute; mi fa sentire ancora pi&ugrave; vicina alla grande comunit&agrave; dei nostri lettori.\",\"sameAs\":[\"https:\/\/www.facebook.com\/mariangela.gerletti\",\"marigerletti\",\"https:\/\/twitter.com\/MariGerletti\"],\"url\":\"https:\/\/staging.varesenews.it\/persona\/mariangela-gerletti1\/\"}]}<\/script>\n<!-- \/ Yoast SEO plugin. -->","yoast_head_json":{"title":"Notte di musica per Sant'Elia","description":"Raduno di bande e corali per il concerto in progamma sabato 3 dicembre alle 20.45 nella chiesa di Santo Stefano a Viggi\u00f9","robots":{"index":"noindex","follow":"follow","max-snippet":"max-snippet:-1","max-image-preview":"max-image-preview:large","max-video-preview":"max-video-preview:-1"},"og_locale":"it_IT","og_type":"article","og_title":"Notte di musica per Sant'Elia","og_description":"Raduno di bande e corali per il concerto in progamma sabato 3 dicembre alle 20.45 nella chiesa di Santo Stefano a Viggi\u00f9","og_url":"https:\/\/staging.varesenews.it\/2016\/12\/notte-di-musica-per-santelia\/574750\/","og_site_name":"VareseNews","article_publisher":"https:\/\/www.facebook.com\/varesenews","article_author":"https:\/\/www.facebook.com\/mariangela.gerletti","article_published_time":"2016-12-02T22:35:38+00:00","author":"Mariangela Gerletti","twitter_card":"summary_large_image","twitter_creator":"@MariGerletti","twitter_site":"@varesenews","twitter_misc":{"Scritto da":"Mariangela Gerletti"},"schema":{"@context":"https:\/\/schema.org","@graph":[{"@type":"WebPage","@id":"https:\/\/staging.varesenews.it\/2016\/12\/notte-di-musica-per-santelia\/574750\/","url":"https:\/\/staging.varesenews.it\/2016\/12\/notte-di-musica-per-santelia\/574750\/","name":"Notte di musica per Sant'Elia","isPartOf":{"@id":"https:\/\/staging.varesenews.it\/#website"},"datePublished":"2016-12-02T22:35:38+00:00","dateModified":"2016-12-02T22:35:38+00:00","author":{"@id":"https:\/\/staging.varesenews.it\/#\/schema\/person\/14f52876ea19bc10d0d2717b6e8f9b89"},"description":"Raduno di bande e corali per il concerto in progamma sabato 3 dicembre alle 20.45 nella chiesa di Santo Stefano a Viggi\u00f9","breadcrumb":{"@id":"https:\/\/staging.varesenews.it\/2016\/12\/notte-di-musica-per-santelia\/574750\/#breadcrumb"},"inLanguage":"it-IT","potentialAction":[{"@type":"ReadAction","target":["https:\/\/staging.varesenews.it\/2016\/12\/notte-di-musica-per-santelia\/574750\/"]}]},{"@type":"BreadcrumbList","@id":"https:\/\/staging.varesenews.it\/2016\/12\/notte-di-musica-per-santelia\/574750\/#breadcrumb","itemListElement":[{"@type":"ListItem","position":1,"name":"Home","item":"https:\/\/www.varesenews.it\/"},{"@type":"ListItem","position":2,"name":"Notte di musica per Sant&#8217;Elia"}]},{"@type":"WebSite","@id":"https:\/\/staging.varesenews.it\/#website","url":"https:\/\/staging.varesenews.it\/","name":"VareseNews","description":"","potentialAction":[{"@type":"SearchAction","target":{"@type":"EntryPoint","urlTemplate":"https:\/\/staging.varesenews.it\/?s={search_term_string}"},"query-input":"required name=search_term_string"}],"inLanguage":"it-IT"},{"@type":"Person","@id":"https:\/\/staging.varesenews.it\/#\/schema\/person\/14f52876ea19bc10d0d2717b6e8f9b89","name":"Mariangela Gerletti","image":{"@type":"ImageObject","inLanguage":"it-IT","@id":"https:\/\/staging.varesenews.it\/#\/schema\/person\/image\/","url":"https:\/\/staging.varesenews.it\/wp-content\/uploads\/2020\/12\/mariangela.jpeg","contentUrl":"https:\/\/staging.varesenews.it\/wp-content\/uploads\/2020\/12\/mariangela.jpeg","caption":"Mariangela Gerletti"},"description":"Da pi&ugrave; di trent'anni mi occupo di giornalismo e comunicazione Varesenews &egrave; il luogo dove ho trovato la passione, l'attenzione e le persone che ogni giorno mi fanno amare un po' di pi&ugrave; questo lavoro di cui non mi stanco mai. Far parte della redazione di Varesenews &egrave; un onore, sostenere il progetto della membership &egrave; un piacere perch&eacute; mi fa sentire ancora pi&ugrave; vicina alla grande comunit&agrave; dei nostri lettori.","sameAs":["https:\/\/www.facebook.com\/mariangela.gerletti","marigerletti","https:\/\/twitter.com\/MariGerletti"],"url":"https:\/\/staging.varesenews.it\/persona\/mariangela-gerletti1\/"}]}},"post_meta":{"_edit_lock":"1480718012:44","_edit_last":"44","_category_permalink":"","wdfb_og_title":"","wdfb_og_type":"","wdfb_og_description":"","wdfb_og_images":"a:1:{i:0;s:0:\"\";}","wdfb_og_custom_name":"a:1:{i:0;s:0:\"\";}","wdfb_og_custom_value":"a:1:{i:0;s:0:\"\";}","_jd_twitter":"","_jd_tweet_this":"yes","firma-personalizzata":"Ma.Ge.","argomento":"Viggi\u00f9","_yoast_wpseo_focuskw":"musica","_yoast_wpseo_metadesc":"Raduno di bande e corali per il concerto in progamma sabato 3 dicembre alle 20.45 nella chiesa di Santo Stefano a Viggi\u00f9","_yoast_wpseo_linkdex":"42","foto":"582552","ratings_users":"0","ratings_score":"0","ratings_average":"0","_wpt_short_url":"http:\/\/www.varesenews.it\/2016\/12\/notte-di-musica-per-santelia\/574750\/","_wp_jd_target":"http:\/\/www.varesenews.it\/2016\/12\/notte-di-musica-per-santelia\/574750\/","_jd_wp_twitter":"a:1:{i:0;s:139:\"Notte di musica per Sant'Elia http:\/\/www.varesenews.it\/2016\/12\/notte-di-musica-per-santelia\/574750\/ #musicaclassica #natale2016 #valceresio\";}","_wpt_status_message":"Tweet inviato con successo."},"photos":[{"original":"https:\/\/staging.varesenews.it\/photogallery_new\/images\/2016\/12\/viggi-chiesa-santo-stefano-582552.jpg","full":"https:\/\/staging.varesenews.it\/photogallery_new\/images\/2016\/12\/viggi-chiesa-santo-stefano-582552.1024x768.jpg","large":"https:\/\/staging.varesenews.it\/photogallery_new\/images\/2016\/12\/viggi-chiesa-santo-stefano-582552.610x431.jpg"}],"_links":{"self":[{"href":"https:\/\/staging.varesenews.it\/swgapi\/v1\/wp\/v2\/posts\/574750"}],"collection":[{"href":"https:\/\/staging.varesenews.it\/swgapi\/v1\/wp\/v2\/posts"}],"about":[{"href":"https:\/\/staging.varesenews.it\/swgapi\/v1\/wp\/v2\/types\/post"}],"author":[{"embeddable":true,"href":"https:\/\/staging.varesenews.it\/swgapi\/v1\/wp\/v2\/users\/44"}],"replies":[{"embeddable":true,"href":"https:\/\/staging.varesenews.it\/swgapi\/v1\/wp\/v2\/comments?post=574750"}],"version-history":[{"count":0,"href":"https:\/\/staging.varesenews.it\/swgapi\/v1\/wp\/v2\/posts\/574750\/revisions"}],"wp:attachment":[{"href":"https:\/\/staging.varesenews.it\/swgapi\/v1\/wp\/v2\/media?parent=574750"}],"wp:term":[{"taxonomy":"category","embeddable":true,"href":"https:\/\/staging.varesenews.it\/swgapi\/v1\/wp\/v2\/categories?post=574750"},{"taxonomy":"post_tag","embeddable":true,"href":"https:\/\/staging.varesenews.it\/swgapi\/v1\/wp\/v2\/tags?post=574750"}],"curies":[{"name":"wp","href":"https:\/\/api.w.org\/{rel}","templated":true}]}}