{"id":57579,"date":"2013-06-22T00:00:00","date_gmt":"2013-06-22T00:00:00","guid":{"rendered":""},"modified":"2013-06-22T00:00:00","modified_gmt":"2013-06-22T00:00:00","slug":"oggi-siamo-a-viggiu","status":"publish","type":"post","link":"https:\/\/staging.varesenews.it\/2013\/06\/oggi-siamo-a-viggiu\/57579\/","title":{"rendered":"Oggi siamo a Viggi\u00f9"},"content":{"rendered":"<p><!--[if gte mso 9]><xml>\n<w:WordDocument>\n<w:View>Normal<\/w:View>\n<w:Zoom>0<\/w:Zoom>\n<w:HyphenationZone>14<\/w:HyphenationZone>\n<w:PunctuationKerning \/>\n<w:ValidateAgainstSchemas \/>\n<w:SaveIfXMLInvalid>false<\/w:SaveIfXMLInvalid>\n<w:IgnoreMixedContent>false<\/w:IgnoreMixedContent>\n<w:AlwaysShowPlaceholderText>false<\/w:AlwaysShowPlaceholderText>\n<w:Compatibility>\n<w:BreakWrappedTables \/>\n<w:SnapToGridInCell \/>\n<w:WrapTextWithPunct \/>\n<w:UseAsianBreakRules \/>\n<w:DontGrowAutofit \/>\n<\/w:Compatibility>\n<w:BrowserLevel>MicrosoftInternetExplorer4<\/w:BrowserLevel>\n<\/w:WordDocument>\n<\/xml><![endif]--><\/p>\n<p class=\"MsoNormal\">Un motivetto che conoscono proprio tutti, tre musei, una lunghissima schiera di artisti della pietra e alcuni personaggi molto famosi che sono nati qui, da Aldo Nove al musicista Fausto Papetti. Viggi&ugrave; con i suoi 5400 abitanti &egrave; un paese che riserva davvero molte sorprese. Scopritele insieme a noi con il 141Tour di Varesenews.<\/p>\n<p>Prosegue qui il lungo tour per i 141 comuni della provincia (qui&nbsp;<strong><a href=\"http:\/\/www3.varesenews.it\/comuni\/tour\/\" target=\"_blank\">il calendario di tutte le tappe<\/a><\/strong>).<br \/>\nSeguiteci, scriveteci, cercateci, segnalateci qualsiasi cosa vi passa          per la testa. In una logica tutta &quot;glocal&quot;, cerchiamo anche storie    di       persone che non vivono pi&ugrave; nel loro paese di origine. <br \/>\nPotete inviare le vostre segnalazioni a&nbsp;<strong><a href=\"mailto:141@varesenews.it?subject=141tour\">141@varesenews.it&nbsp;<\/a><\/p>\n<p><\/strong>Per vedere questa tappa&nbsp;<a href=\"http:\/\/live.varesenews.it\/Event\/Viggiu\"> <strong>cliccate qui &nbsp;<\/strong><\/a><\/p>\n<p><!--[if gte mso 9]><xml>\n<w:LatentStyles DefLockedState=\"false\" LatentStyleCount=\"156\">\n<\/w:LatentStyles>\n<\/xml><![endif]--><!--[if gte mso 10]>\n\n\n<style>\n\/* Style Definitions *\/\ntable.MsoNormalTable\n{mso-style-name:\"Tabella normale\";\nmso-tstyle-rowband-size:0;\nmso-tstyle-colband-size:0;\nmso-style-noshow:yes;\nmso-style-parent:\"\";\nmso-padding-alt:0cm 5.4pt 0cm 5.4pt;\nmso-para-margin:0cm;\nmso-para-margin-bottom:.0001pt;\nmso-pagination:widow-orphan;\nfont-size:10.0pt;\nfont-family:\"Times New Roman\";\nmso-ansi-language:#0400;\nmso-fareast-language:#0400;\nmso-bidi-language:#0400;}\n<\/style>\n\n\n<![endif]--><\/p>\n","protected":false},"excerpt":{"rendered":"<p>Il 141Tour di Varesenews, vi porta alla scoperta di Viggi\u00f9, 5400 abitanti, un paese davvero ricco di cultura e di curiosit\u00e0. Lo sapevate che qui sono nati lo scrittore Aldo Nove e il sassofonista Fausto Papetti?<\/p>\n","protected":false},"author":10,"featured_media":0,"comment_status":"open","ping_status":"open","sticky":false,"template":"","format":"standard","meta":{"footnotes":""},"categories":[2],"tags":[2683],"acf":[],"yoast_head":"<!-- This site is optimized with the Yoast SEO plugin v20.1 - https:\/\/yoast.com\/wordpress\/plugins\/seo\/ -->\n<title>Oggi siamo a Viggi\u00f9<\/title>\n<meta name=\"description\" content=\"Il 141Tour di Varesenews, vi porta alla scoperta di Viggi\u00f9, 5400 abitanti, un paese davvero ricco di cultura e di curiosit\u00e0. Lo sapevate che qui sono nati lo scrittore Aldo Nove e il sassofonista Fausto Papetti?\" \/>\n<meta name=\"robots\" content=\"noindex, follow, max-snippet:-1, max-image-preview:large, max-video-preview:-1\" \/>\n<meta property=\"og:locale\" content=\"it_IT\" \/>\n<meta property=\"og:type\" content=\"article\" \/>\n<meta property=\"og:title\" content=\"Oggi siamo a Viggi\u00f9\" \/>\n<meta property=\"og:description\" content=\"Il 141Tour di Varesenews, vi porta alla scoperta di Viggi\u00f9, 5400 abitanti, un paese davvero ricco di cultura e di curiosit\u00e0. Lo sapevate che qui sono nati lo scrittore Aldo Nove e il sassofonista Fausto Papetti?\" \/>\n<meta property=\"og:url\" content=\"https:\/\/www.varesenews.it\/2013\/06\/oggi-siamo-a-viggiu\/57579\/\" \/>\n<meta property=\"og:site_name\" content=\"VareseNews\" \/>\n<meta property=\"article:publisher\" content=\"https:\/\/www.facebook.com\/varesenews\" \/>\n<meta property=\"article:published_time\" content=\"2013-06-22T00:00:00+00:00\" \/>\n<meta name=\"author\" content=\"Redazione VareseNews\" \/>\n<meta name=\"twitter:card\" content=\"summary_large_image\" \/>\n<meta name=\"twitter:creator\" content=\"@varesenews\" \/>\n<meta name=\"twitter:site\" content=\"@varesenews\" \/>\n<meta name=\"twitter:label1\" content=\"Scritto da\" \/>\n\t<meta name=\"twitter:data1\" content=\"Redazione VareseNews\" \/>\n\t<meta name=\"twitter:label2\" content=\"Tempo di lettura stimato\" \/>\n\t<meta name=\"twitter:data2\" content=\"1 minuto\" \/>\n<script type=\"application\/ld+json\" class=\"yoast-schema-graph\">{\"@context\":\"https:\/\/schema.org\",\"@graph\":[{\"@type\":\"WebPage\",\"@id\":\"https:\/\/www.varesenews.it\/2013\/06\/oggi-siamo-a-viggiu\/57579\/\",\"url\":\"https:\/\/www.varesenews.it\/2013\/06\/oggi-siamo-a-viggiu\/57579\/\",\"name\":\"Oggi siamo a Viggi\u00f9\",\"isPartOf\":{\"@id\":\"https:\/\/staging.varesenews.it\/#website\"},\"datePublished\":\"2013-06-22T00:00:00+00:00\",\"dateModified\":\"2013-06-22T00:00:00+00:00\",\"author\":{\"@id\":\"https:\/\/staging.varesenews.it\/#\/schema\/person\/fb20c4da0b7b16c291707a20db73e169\"},\"description\":\"Il 141Tour di Varesenews, vi porta alla scoperta di Viggi\u00f9, 5400 abitanti, un paese davvero ricco di cultura e di curiosit\u00e0. Lo sapevate che qui sono nati lo scrittore Aldo Nove e il sassofonista Fausto Papetti?\",\"breadcrumb\":{\"@id\":\"https:\/\/www.varesenews.it\/2013\/06\/oggi-siamo-a-viggiu\/57579\/#breadcrumb\"},\"inLanguage\":\"it-IT\",\"potentialAction\":[{\"@type\":\"ReadAction\",\"target\":[\"https:\/\/www.varesenews.it\/2013\/06\/oggi-siamo-a-viggiu\/57579\/\"]}]},{\"@type\":\"BreadcrumbList\",\"@id\":\"https:\/\/www.varesenews.it\/2013\/06\/oggi-siamo-a-viggiu\/57579\/#breadcrumb\",\"itemListElement\":[{\"@type\":\"ListItem\",\"position\":1,\"name\":\"Home\",\"item\":\"https:\/\/www.varesenews.it\/\"},{\"@type\":\"ListItem\",\"position\":2,\"name\":\"Oggi siamo a Viggi\u00f9\"}]},{\"@type\":\"WebSite\",\"@id\":\"https:\/\/staging.varesenews.it\/#website\",\"url\":\"https:\/\/staging.varesenews.it\/\",\"name\":\"VareseNews\",\"description\":\"\",\"potentialAction\":[{\"@type\":\"SearchAction\",\"target\":{\"@type\":\"EntryPoint\",\"urlTemplate\":\"https:\/\/staging.varesenews.it\/?s={search_term_string}\"},\"query-input\":\"required name=search_term_string\"}],\"inLanguage\":\"it-IT\"},{\"@type\":\"Person\",\"@id\":\"https:\/\/staging.varesenews.it\/#\/schema\/person\/fb20c4da0b7b16c291707a20db73e169\",\"name\":\"Redazione VareseNews\",\"image\":{\"@type\":\"ImageObject\",\"inLanguage\":\"it-IT\",\"@id\":\"https:\/\/staging.varesenews.it\/#\/schema\/person\/image\/\",\"url\":\"https:\/\/staging.varesenews.it\/wp-content\/uploads\/2020\/12\/logo_VN_colori_500.png\",\"contentUrl\":\"https:\/\/staging.varesenews.it\/wp-content\/uploads\/2020\/12\/logo_VN_colori_500.png\",\"caption\":\"Redazione VareseNews\"},\"url\":\"https:\/\/staging.varesenews.it\/persona\/redazione1\/\"}]}<\/script>\n<!-- \/ Yoast SEO plugin. -->","yoast_head_json":{"title":"Oggi siamo a Viggi\u00f9","description":"Il 141Tour di Varesenews, vi porta alla scoperta di Viggi\u00f9, 5400 abitanti, un paese davvero ricco di cultura e di curiosit\u00e0. Lo sapevate che qui sono nati lo scrittore Aldo Nove e il sassofonista Fausto Papetti?","robots":{"index":"noindex","follow":"follow","max-snippet":"max-snippet:-1","max-image-preview":"max-image-preview:large","max-video-preview":"max-video-preview:-1"},"og_locale":"it_IT","og_type":"article","og_title":"Oggi siamo a Viggi\u00f9","og_description":"Il 141Tour di Varesenews, vi porta alla scoperta di Viggi\u00f9, 5400 abitanti, un paese davvero ricco di cultura e di curiosit\u00e0. Lo sapevate che qui sono nati lo scrittore Aldo Nove e il sassofonista Fausto Papetti?","og_url":"https:\/\/www.varesenews.it\/2013\/06\/oggi-siamo-a-viggiu\/57579\/","og_site_name":"VareseNews","article_publisher":"https:\/\/www.facebook.com\/varesenews","article_published_time":"2013-06-22T00:00:00+00:00","author":"Redazione VareseNews","twitter_card":"summary_large_image","twitter_creator":"@varesenews","twitter_site":"@varesenews","twitter_misc":{"Scritto da":"Redazione VareseNews","Tempo di lettura stimato":"1 minuto"},"schema":{"@context":"https:\/\/schema.org","@graph":[{"@type":"WebPage","@id":"https:\/\/www.varesenews.it\/2013\/06\/oggi-siamo-a-viggiu\/57579\/","url":"https:\/\/www.varesenews.it\/2013\/06\/oggi-siamo-a-viggiu\/57579\/","name":"Oggi siamo a Viggi\u00f9","isPartOf":{"@id":"https:\/\/staging.varesenews.it\/#website"},"datePublished":"2013-06-22T00:00:00+00:00","dateModified":"2013-06-22T00:00:00+00:00","author":{"@id":"https:\/\/staging.varesenews.it\/#\/schema\/person\/fb20c4da0b7b16c291707a20db73e169"},"description":"Il 141Tour di Varesenews, vi porta alla scoperta di Viggi\u00f9, 5400 abitanti, un paese davvero ricco di cultura e di curiosit\u00e0. Lo sapevate che qui sono nati lo scrittore Aldo Nove e il sassofonista Fausto Papetti?","breadcrumb":{"@id":"https:\/\/www.varesenews.it\/2013\/06\/oggi-siamo-a-viggiu\/57579\/#breadcrumb"},"inLanguage":"it-IT","potentialAction":[{"@type":"ReadAction","target":["https:\/\/www.varesenews.it\/2013\/06\/oggi-siamo-a-viggiu\/57579\/"]}]},{"@type":"BreadcrumbList","@id":"https:\/\/www.varesenews.it\/2013\/06\/oggi-siamo-a-viggiu\/57579\/#breadcrumb","itemListElement":[{"@type":"ListItem","position":1,"name":"Home","item":"https:\/\/www.varesenews.it\/"},{"@type":"ListItem","position":2,"name":"Oggi siamo a Viggi\u00f9"}]},{"@type":"WebSite","@id":"https:\/\/staging.varesenews.it\/#website","url":"https:\/\/staging.varesenews.it\/","name":"VareseNews","description":"","potentialAction":[{"@type":"SearchAction","target":{"@type":"EntryPoint","urlTemplate":"https:\/\/staging.varesenews.it\/?s={search_term_string}"},"query-input":"required name=search_term_string"}],"inLanguage":"it-IT"},{"@type":"Person","@id":"https:\/\/staging.varesenews.it\/#\/schema\/person\/fb20c4da0b7b16c291707a20db73e169","name":"Redazione VareseNews","image":{"@type":"ImageObject","inLanguage":"it-IT","@id":"https:\/\/staging.varesenews.it\/#\/schema\/person\/image\/","url":"https:\/\/staging.varesenews.it\/wp-content\/uploads\/2020\/12\/logo_VN_colori_500.png","contentUrl":"https:\/\/staging.varesenews.it\/wp-content\/uploads\/2020\/12\/logo_VN_colori_500.png","caption":"Redazione VareseNews"},"url":"https:\/\/staging.varesenews.it\/persona\/redazione1\/"}]}},"post_meta":{"id_old":"265791","argomento":"141Tour","id_link_fotogallery":"299523,299524","video":"316346,316348"},"photos":[],"_links":{"self":[{"href":"https:\/\/staging.varesenews.it\/swgapi\/v1\/wp\/v2\/posts\/57579"}],"collection":[{"href":"https:\/\/staging.varesenews.it\/swgapi\/v1\/wp\/v2\/posts"}],"about":[{"href":"https:\/\/staging.varesenews.it\/swgapi\/v1\/wp\/v2\/types\/post"}],"author":[{"embeddable":true,"href":"https:\/\/staging.varesenews.it\/swgapi\/v1\/wp\/v2\/users\/10"}],"replies":[{"embeddable":true,"href":"https:\/\/staging.varesenews.it\/swgapi\/v1\/wp\/v2\/comments?post=57579"}],"version-history":[{"count":0,"href":"https:\/\/staging.varesenews.it\/swgapi\/v1\/wp\/v2\/posts\/57579\/revisions"}],"wp:attachment":[{"href":"https:\/\/staging.varesenews.it\/swgapi\/v1\/wp\/v2\/media?parent=57579"}],"wp:term":[{"taxonomy":"category","embeddable":true,"href":"https:\/\/staging.varesenews.it\/swgapi\/v1\/wp\/v2\/categories?post=57579"},{"taxonomy":"post_tag","embeddable":true,"href":"https:\/\/staging.varesenews.it\/swgapi\/v1\/wp\/v2\/tags?post=57579"}],"curies":[{"name":"wp","href":"https:\/\/api.w.org\/{rel}","templated":true}]}}